{"id":2161,"date":"2020-06-04T12:44:10","date_gmt":"2020-06-04T10:44:10","guid":{"rendered":"https:\/\/terredeshommes.it\/?p=2161"},"modified":"2022-07-27T12:46:38","modified_gmt":"2022-07-27T10:46:38","slug":"con-designcircus-per-far-ripartire-il-design-e-assicurare-la-scuola-ai-bambini","status":"publish","type":"post","link":"https:\/\/terredeshommes.it\/eng\/comunicati\/con-designcircus-per-far-ripartire-il-design-e-assicurare-la-scuola-ai-bambini\/","title":{"rendered":"Con DesignCircus per far ripartire il design e assicurare la scuola ai bambini"},"content":{"rendered":"<p>[et_pb_section fb_built=&#8221;1&#8243; _builder_version=&#8221;4.16&#8243; global_colors_info=&#8221;{}&#8221;][et_pb_row column_structure=&#8221;1_5,3_5,1_5&#8243; _builder_version=&#8221;4.16&#8243; background_size=&#8221;initial&#8221; background_position=&#8221;top_left&#8221; background_repeat=&#8221;repeat&#8221; global_colors_info=&#8221;{}&#8221;][et_pb_column type=&#8221;1_5&#8243; _builder_version=&#8221;4.16&#8243; custom_padding=&#8221;|||&#8221; global_colors_info=&#8221;{}&#8221; custom_padding__hover=&#8221;|||&#8221;][\/et_pb_column][et_pb_column type=&#8221;3_5&#8243; _builder_version=&#8221;4.16&#8243; custom_padding=&#8221;|||&#8221; global_colors_info=&#8221;{}&#8221; custom_padding__hover=&#8221;|||&#8221;][et_pb_text admin_label=&#8221;Testo&#8221; _builder_version=&#8221;4.17.6&#8243; background_size=&#8221;initial&#8221; background_position=&#8221;top_left&#8221; background_repeat=&#8221;repeat&#8221; hover_enabled=&#8221;0&#8243; global_colors_info=&#8221;{}&#8221; sticky_enabled=&#8221;0&#8243;]<\/p>\n<p><strong>Quello che sta accadendo oggi sar\u00e0 probabilmente il momento pi\u00f9 difficile della nostra vita<\/strong> e dell&#8217;intero pianeta. Non sappiamo ancora quando le cose torneranno in piena normalit\u00e0. Il nostro paese \u00e8 una grande officina di professionisti indipendenti, che hanno perso durante il blocco di questi mesi parte dei loro guadagni e del loro lavoro e questo ha generato una drammatica incertezza economica, anche nell\u2019affrontare le piccole spese quotidiane.<\/p>\n<p>Proprio per questo, <a href=\"http:\/\/www.designcircus.eu\/\" target=\"_blank\" rel=\"noopener\">DesignCircus<\/a> in collaborazione con <strong>Terre des Hommes<\/strong> e <strong>CharityStars Italia<\/strong>, <strong>dal 15 al 29 giugno<\/strong> partir\u00e0 con una nuova <a href=\"http:\/\/www.charitystars.com\/designcircuspeople\" target=\"_blank\" rel=\"noopener\">asta online<\/a>. Il 50% dell&#8217;importo raccolto dalla vendita delle opere servir\u00e0 a sostenere proprio loro, i liberi professionisti indipendenti, che creano arte e design. Un\u2019altra <strong>parte del ricavato sar\u00e0 destinata al progetto<\/strong> \u201c<a href=\"https:\/\/emergenzabambini.terredeshommes.it\/\" target=\"_blank\" rel=\"noopener\">Una spesa per i Bambini<\/a>\u201d di Terre des Hommes, che doner\u00e0 tablet per lo studio e prodotti di prima necessit\u00e0 alle famiglie in difficolt\u00e0 con bambini.<\/p>\n<p>Oggi, anche noi possiamo essere parte attiva attraverso la nuova asta di DesignCircus, aiutandoli, acquistando, qualcosa dei loro bellissimi lavori. Sar\u00e0 un bel <strong>messaggio di solidariet\u00e0<\/strong> e di stima al lavoro di chi ci mette, tanta passione, amore e positivit\u00e0.<\/p>\n<p><strong>Dal 15 al 29 giugno 2020<\/strong> si pu\u00f2 fare la propria puntata cliccando <a href=\"http:\/\/www.charitystars.com\/designcircuspeople\" target=\"_blank\" rel=\"noopener\">qui<\/a><\/p>\n<p><strong>I nomi dei 25 designer autori delle opere in vendita<\/strong>:<br \/>Adriana Lohmann, Alberto Ghirardello, Alessandra Savio, Andrea Chiabai, Carmelo Zocco, Cristina Meucci, Chiara Carrarini, Darya Ershad, Giovanni Dal Cin, Gaia Roma, Johnny Hermann Maluversudesign, Martina Binosi, Manuela Bucci, Mirei Monticelli, Monica Gorini, Paola Speranza, Roberta Mantelli, Roberta Boggi, Rossella Ferro, Sara Digiovanni, Sara Alavi, Stefano Epis, Slide Design, Veronica Mazzucchi.<\/p>\n<p>All\u2019emergenza sociale causata dal Covid-19\u00a0<strong>Terre des Hommes<\/strong>,\u00a0organizzazione da 60 anni impegnata nella difesa dei diritti dell\u2019infanzia,\u00a0ha risposto col progetto \u201c<a href=\"https:\/\/emergenzabambini.terredeshommes.it\/\" target=\"_blank\" rel=\"noopener\">Una spesa per i bambini<\/a>\u201d\u00a0per <strong>contrastare la povert\u00e0 infantile e delle famiglie nelle periferie urbane di Milano<\/strong>. Nata in collaborazione con gli uffici decentrati del\u00a0<a href=\"https:\/\/www.comune.milano.it\/\" target=\"_blank\" rel=\"noopener\">Comune di Milano<\/a>, le reti di organizzazioni non profit aderenti al progetto\u00a0<a href=\"https:\/\/ricettaqubi.it\/\" target=\"_blank\" rel=\"noopener\">QuB\u00ec<\/a>\u00a0e volontari, l\u2019iniziativa\u00a0fornisce <strong>supporto immediato a famiglie con bambini che si trovano in situazioni di difficolt\u00e0 economica grave ed educativa<\/strong> &#8211; certificata dal Comune di Milano &#8211; <strong>e ulteriormente danneggiate dalla pandemia<\/strong>. Sono genitori soli o che hanno perso il lavoro e con esso la capacit\u00e0 di sostentamento dei propri figli, che sono impossibilitati a seguire la didattica on-line. Per questo, oltre a\u00a0<strong>pacchetti alimentari<\/strong> e <strong>buoni spesa<\/strong>, Terre des Hommes sta distribuendo\u00a0<strong>tablet<\/strong>\u00a0al fine di garantire ai bambini la necessaria continuit\u00e0 educativa.<\/p>\n<p><strong>Si pu\u00f2 contribuire al progetto<\/strong> donando <a href=\"https:\/\/emergenzabambini.terredeshommes.it\/\" target=\"_blank\" rel=\"noopener\">qui<\/a> oppure tramite bonifico c\/c IBAN IT37E0103001633000063232384 intestato a Fondazione Terre des Hommes Italia Onlus.<\/p>\n<p>[\/et_pb_text][\/et_pb_column][et_pb_column type=&#8221;1_5&#8243; _builder_version=&#8221;4.16&#8243; custom_padding=&#8221;|||&#8221; global_colors_info=&#8221;{}&#8221; custom_padding__hover=&#8221;|||&#8221;][\/et_pb_column][\/et_pb_row][\/et_pb_section]<\/p>\n","protected":false},"excerpt":{"rendered":"<p>Quello che sta accadendo oggi sar\u00e0 probabilmente il momento pi\u00f9 difficile della nostra vita e dell&#8217;intero pianeta. Non sappiamo ancora quando le cose torneranno in piena normalit\u00e0. Il nostro paese \u00e8 una grande officina di professionisti indipendenti, che hanno perso durante il blocco di questi mesi parte dei loro guadagni e del loro lavoro e [&hellip;]<\/p>\n","protected":false},"author":1,"featured_media":2163,"comment_status":"open","ping_status":"open","sticky":false,"template":"","format":"standard","meta":{"_et_pb_use_builder":"on","_et_pb_old_content":"Cras mattis consectetur purus sit amet fermentum. Aenean lacinia bibendum nulla sed consectetur. Donec ullamcorper nulla non metus auctor fringilla. Donec ullamcorper nulla non metus auctor fringilla.","_et_gb_content_width":"","footnotes":""},"categories":[16],"tags":[],"class_list":["post-2161","post","type-post","status-publish","format-standard","has-post-thumbnail","hentry","category-comunicati"],"yoast_head":"<!-- This site is optimized with the Yoast SEO plugin v21.1 - https:\/\/yoast.com\/wordpress\/plugins\/seo\/ -->\n<title>Con DesignCircus per far ripartire il design e assicurare la scuola ai bambini - Terre des Hommes Italia<\/title>\n<meta name=\"robots\" content=\"index, follow, max-snippet:-1, max-image-preview:large, max-video-preview:-1\" \/>\n<link rel=\"canonical\" href=\"https:\/\/terredeshommes.it\/eng\/comunicati\/con-designcircus-per-far-ripartire-il-design-e-assicurare-la-scuola-ai-bambini\/\" \/>\n<meta property=\"og:locale\" content=\"en_US\" \/>\n<meta property=\"og:type\" content=\"article\" \/>\n<meta property=\"og:title\" content=\"Con DesignCircus per far ripartire il design e assicurare la scuola ai bambini - Terre des Hommes Italia\" \/>\n<meta property=\"og:description\" content=\"Quello che sta accadendo oggi sar\u00e0 probabilmente il momento pi\u00f9 difficile della nostra vita e dell&#039;intero pianeta. Non sappiamo ancora quando le cose torneranno in piena normalit\u00e0. Il nostro paese \u00e8 una grande officina di professionisti indipendenti, che hanno perso durante il blocco di questi mesi parte dei loro guadagni e del loro lavoro e [&hellip;]\" \/>\n<meta property=\"og:url\" content=\"https:\/\/terredeshommes.it\/eng\/comunicati\/con-designcircus-per-far-ripartire-il-design-e-assicurare-la-scuola-ai-bambini\/\" \/>\n<meta property=\"og:site_name\" content=\"Terre des Hommes Italia\" \/>\n<meta property=\"article:published_time\" content=\"2020-06-04T10:44:10+00:00\" \/>\n<meta property=\"article:modified_time\" content=\"2022-07-27T10:46:38+00:00\" \/>\n<meta property=\"og:image\" content=\"https:\/\/terredeshommes.it\/eng\/wp-content\/uploads\/image001.jpeg\" \/>\n\t<meta property=\"og:image:width\" content=\"940\" \/>\n\t<meta property=\"og:image:height\" content=\"450\" \/>\n\t<meta property=\"og:image:type\" content=\"image\/jpeg\" \/>\n<meta name=\"author\" content=\"superTDH\" \/>\n<meta name=\"twitter:card\" content=\"summary_large_image\" \/>\n<meta name=\"twitter:label1\" content=\"Written by\" \/>\n\t<meta name=\"twitter:data1\" content=\"superTDH\" \/>\n\t<meta name=\"twitter:label2\" content=\"Est. reading time\" \/>\n\t<meta name=\"twitter:data2\" content=\"4 minutes\" \/>\n<script type=\"application\/ld+json\" class=\"yoast-schema-graph\">{\"@context\":\"https:\/\/schema.org\",\"@graph\":[{\"@type\":\"WebPage\",\"@id\":\"https:\/\/terredeshommes.it\/eng\/comunicati\/con-designcircus-per-far-ripartire-il-design-e-assicurare-la-scuola-ai-bambini\/\",\"url\":\"https:\/\/terredeshommes.it\/eng\/comunicati\/con-designcircus-per-far-ripartire-il-design-e-assicurare-la-scuola-ai-bambini\/\",\"name\":\"Con DesignCircus per far ripartire il design e assicurare la scuola ai bambini - Terre des Hommes Italia\",\"isPartOf\":{\"@id\":\"https:\/\/terredeshommes.it\/eng\/#website\"},\"datePublished\":\"2020-06-04T10:44:10+00:00\",\"dateModified\":\"2022-07-27T10:46:38+00:00\",\"author\":{\"@id\":\"https:\/\/terredeshommes.it\/eng\/#\/schema\/person\/adf40aab21514bbdc483bd807a69efed\"},\"breadcrumb\":{\"@id\":\"https:\/\/terredeshommes.it\/eng\/comunicati\/con-designcircus-per-far-ripartire-il-design-e-assicurare-la-scuola-ai-bambini\/#breadcrumb\"},\"inLanguage\":\"en-US\",\"potentialAction\":[{\"@type\":\"ReadAction\",\"target\":[\"https:\/\/terredeshommes.it\/eng\/comunicati\/con-designcircus-per-far-ripartire-il-design-e-assicurare-la-scuola-ai-bambini\/\"]}]},{\"@type\":\"BreadcrumbList\",\"@id\":\"https:\/\/terredeshommes.it\/eng\/comunicati\/con-designcircus-per-far-ripartire-il-design-e-assicurare-la-scuola-ai-bambini\/#breadcrumb\",\"itemListElement\":[{\"@type\":\"ListItem\",\"position\":1,\"name\":\"Home\",\"item\":\"https:\/\/terredeshommes.it\/eng\/\"},{\"@type\":\"ListItem\",\"position\":2,\"name\":\"Con DesignCircus per far ripartire il design e assicurare la scuola ai bambini\"}]},{\"@type\":\"WebSite\",\"@id\":\"https:\/\/terredeshommes.it\/eng\/#website\",\"url\":\"https:\/\/terredeshommes.it\/eng\/\",\"name\":\"Terre des Hommes Italia\",\"description\":\"Proteggiamo i bambini insieme\",\"potentialAction\":[{\"@type\":\"SearchAction\",\"target\":{\"@type\":\"EntryPoint\",\"urlTemplate\":\"https:\/\/terredeshommes.it\/eng\/?s={search_term_string}\"},\"query-input\":\"required name=search_term_string\"}],\"inLanguage\":\"en-US\"},{\"@type\":\"Person\",\"@id\":\"https:\/\/terredeshommes.it\/eng\/#\/schema\/person\/adf40aab21514bbdc483bd807a69efed\",\"name\":\"superTDH\",\"url\":\"https:\/\/terredeshommes.it\/eng\/author\/supertdh\/\"}]}<\/script>\n<!-- \/ Yoast SEO plugin. -->","yoast_head_json":{"title":"Con DesignCircus per far ripartire il design e assicurare la scuola ai bambini - Terre des Hommes Italia","robots":{"index":"index","follow":"follow","max-snippet":"max-snippet:-1","max-image-preview":"max-image-preview:large","max-video-preview":"max-video-preview:-1"},"canonical":"https:\/\/terredeshommes.it\/eng\/comunicati\/con-designcircus-per-far-ripartire-il-design-e-assicurare-la-scuola-ai-bambini\/","og_locale":"en_US","og_type":"article","og_title":"Con DesignCircus per far ripartire il design e assicurare la scuola ai bambini - Terre des Hommes Italia","og_description":"Quello che sta accadendo oggi sar\u00e0 probabilmente il momento pi\u00f9 difficile della nostra vita e dell'intero pianeta. Non sappiamo ancora quando le cose torneranno in piena normalit\u00e0. Il nostro paese \u00e8 una grande officina di professionisti indipendenti, che hanno perso durante il blocco di questi mesi parte dei loro guadagni e del loro lavoro e [&hellip;]","og_url":"https:\/\/terredeshommes.it\/eng\/comunicati\/con-designcircus-per-far-ripartire-il-design-e-assicurare-la-scuola-ai-bambini\/","og_site_name":"Terre des Hommes Italia","article_published_time":"2020-06-04T10:44:10+00:00","article_modified_time":"2022-07-27T10:46:38+00:00","og_image":[{"width":940,"height":450,"url":"https:\/\/terredeshommes.it\/eng\/wp-content\/uploads\/image001.jpeg","type":"image\/jpeg"}],"author":"superTDH","twitter_card":"summary_large_image","twitter_misc":{"Written by":"superTDH","Est. reading time":"4 minutes"},"schema":{"@context":"https:\/\/schema.org","@graph":[{"@type":"WebPage","@id":"https:\/\/terredeshommes.it\/eng\/comunicati\/con-designcircus-per-far-ripartire-il-design-e-assicurare-la-scuola-ai-bambini\/","url":"https:\/\/terredeshommes.it\/eng\/comunicati\/con-designcircus-per-far-ripartire-il-design-e-assicurare-la-scuola-ai-bambini\/","name":"Con DesignCircus per far ripartire il design e assicurare la scuola ai bambini - Terre des Hommes Italia","isPartOf":{"@id":"https:\/\/terredeshommes.it\/eng\/#website"},"datePublished":"2020-06-04T10:44:10+00:00","dateModified":"2022-07-27T10:46:38+00:00","author":{"@id":"https:\/\/terredeshommes.it\/eng\/#\/schema\/person\/adf40aab21514bbdc483bd807a69efed"},"breadcrumb":{"@id":"https:\/\/terredeshommes.it\/eng\/comunicati\/con-designcircus-per-far-ripartire-il-design-e-assicurare-la-scuola-ai-bambini\/#breadcrumb"},"inLanguage":"en-US","potentialAction":[{"@type":"ReadAction","target":["https:\/\/terredeshommes.it\/eng\/comunicati\/con-designcircus-per-far-ripartire-il-design-e-assicurare-la-scuola-ai-bambini\/"]}]},{"@type":"BreadcrumbList","@id":"https:\/\/terredeshommes.it\/eng\/comunicati\/con-designcircus-per-far-ripartire-il-design-e-assicurare-la-scuola-ai-bambini\/#breadcrumb","itemListElement":[{"@type":"ListItem","position":1,"name":"Home","item":"https:\/\/terredeshommes.it\/eng\/"},{"@type":"ListItem","position":2,"name":"Con DesignCircus per far ripartire il design e assicurare la scuola ai bambini"}]},{"@type":"WebSite","@id":"https:\/\/terredeshommes.it\/eng\/#website","url":"https:\/\/terredeshommes.it\/eng\/","name":"Terre des Hommes Italia","description":"Proteggiamo i bambini insieme","potentialAction":[{"@type":"SearchAction","target":{"@type":"EntryPoint","urlTemplate":"https:\/\/terredeshommes.it\/eng\/?s={search_term_string}"},"query-input":"required name=search_term_string"}],"inLanguage":"en-US"},{"@type":"Person","@id":"https:\/\/terredeshommes.it\/eng\/#\/schema\/person\/adf40aab21514bbdc483bd807a69efed","name":"superTDH","url":"https:\/\/terredeshommes.it\/eng\/author\/supertdh\/"}]}},"_links":{"self":[{"href":"https:\/\/terredeshommes.it\/eng\/wp-json\/wp\/v2\/posts\/2161","targetHints":{"allow":["GET"]}}],"collection":[{"href":"https:\/\/terredeshommes.it\/eng\/wp-json\/wp\/v2\/posts"}],"about":[{"href":"https:\/\/terredeshommes.it\/eng\/wp-json\/wp\/v2\/types\/post"}],"author":[{"embeddable":true,"href":"https:\/\/terredeshommes.it\/eng\/wp-json\/wp\/v2\/users\/1"}],"replies":[{"embeddable":true,"href":"https:\/\/terredeshommes.it\/eng\/wp-json\/wp\/v2\/comments?post=2161"}],"version-history":[{"count":0,"href":"https:\/\/terredeshommes.it\/eng\/wp-json\/wp\/v2\/posts\/2161\/revisions"}],"wp:featuredmedia":[{"embeddable":true,"href":"https:\/\/terredeshommes.it\/eng\/wp-json\/wp\/v2\/media\/2163"}],"wp:attachment":[{"href":"https:\/\/terredeshommes.it\/eng\/wp-json\/wp\/v2\/media?parent=2161"}],"wp:term":[{"taxonomy":"category","embeddable":true,"href":"https:\/\/terredeshommes.it\/eng\/wp-json\/wp\/v2\/categories?post=2161"},{"taxonomy":"post_tag","embeddable":true,"href":"https:\/\/terredeshommes.it\/eng\/wp-json\/wp\/v2\/tags?post=2161"}],"curies":[{"name":"wp","href":"https:\/\/api.w.org\/{rel}","templated":true}]}}