{"id":2165,"date":"2020-06-11T14:14:27","date_gmt":"2020-06-11T12:14:27","guid":{"rendered":"https:\/\/terredeshommes.it\/?p=2165"},"modified":"2022-07-27T14:30:30","modified_gmt":"2022-07-27T12:30:30","slug":"lavoro-minorile-in-aumento-a-causa-della-pandemia","status":"publish","type":"post","link":"https:\/\/terredeshommes.it\/eng\/comunicati\/lavoro-minorile-in-aumento-a-causa-della-pandemia\/","title":{"rendered":"Lavoro minorile in aumento a causa della pandemia"},"content":{"rendered":"<p>[et_pb_section fb_built=&#8221;1&#8243; _builder_version=&#8221;4.16&#8243; global_colors_info=&#8221;{}&#8221;][et_pb_row column_structure=&#8221;1_5,3_5,1_5&#8243; _builder_version=&#8221;4.16&#8243; background_size=&#8221;initial&#8221; background_position=&#8221;top_left&#8221; background_repeat=&#8221;repeat&#8221; global_colors_info=&#8221;{}&#8221;][et_pb_column type=&#8221;1_5&#8243; _builder_version=&#8221;4.16&#8243; custom_padding=&#8221;|||&#8221; global_colors_info=&#8221;{}&#8221; custom_padding__hover=&#8221;|||&#8221;][\/et_pb_column][et_pb_column type=&#8221;3_5&#8243; _builder_version=&#8221;4.16&#8243; custom_padding=&#8221;|||&#8221; global_colors_info=&#8221;{}&#8221; custom_padding__hover=&#8221;|||&#8221;][et_pb_text admin_label=&#8221;Testo&#8221; _builder_version=&#8221;4.17.6&#8243; background_size=&#8221;initial&#8221; background_position=&#8221;top_left&#8221; background_repeat=&#8221;repeat&#8221; hover_enabled=&#8221;0&#8243; global_colors_info=&#8221;{}&#8221; sticky_enabled=&#8221;0&#8243;]<\/p>\n<p>In occasione della <strong>Giornata mondiale contro lo sfruttamento del lavoro minorile, 12 giugno<\/strong>, Terre des Hommes lancia l\u2019allarme per il <strong>drammatico aumento del lavoro minorile in seguito alla pandemia<\/strong>. Gi\u00e0 prima della pandemia <strong>152 milioni di minori dovevano lavorare e 386 milioni di bambini in tutto il mondo vivevano in condizioni di povert\u00e0 estrema<\/strong>. A questi, a causa del Covid-19, <strong>si aggiungeranno altri 66 milioni di minori caduti nel baratro della povert\u00e0 se non verranno prese adeguate misure<\/strong>. \u201c<em>Per milioni di bambini la crisi causata dal Covid-19 ha il volto della fame, dello sfruttamento e della fine di ogni speranza di opportunit\u00e0 educative. E\u2019 fondamentale che i governi nazionali e la comunit\u00e0 internazionale diano priorit\u00e0 ai bisogni dei bambini delle fasce di popolazione pi\u00f9 svantaggiate nei loro programmi di aiuto per la pandemia di Covid-19<\/em>\u201d, dichiara <strong>Paolo Ferrara<\/strong>, Direttore generale di Terre des Hommes. \u201c<em>Oltre agli aiuti alle famiglie si pensi anche a <strong>sostenere attivamente l\u2019istruzione<\/strong>. La riapertura delle scuole deve essere accompagnata da programmi di recupero scolastico per evitare che i bambini abbandonino la scuola e finiscano per lavorare<\/em>\u201d.<\/p>\n<p>Questo, purtroppo, in molti casi \u00e8 gi\u00e0 accaduto.<\/p>\n<p><strong>Ritu, 12 anni, lavora come domestica dall&#8217;inizio del lockdown<\/strong>. Fino ad allora, lei e i suoi due fratelli andavano alla scuola pubblica in una baraccopoli della citt\u00e0 di Davanagere, nello stato indiano del Karnataka. Anche se suo padre lavorava come spazzino, il cibo in casa \u00e8 sempre stato scarso. Dopo il lockdown decretato dall\u2019India dal 23 marzo le scuole sono state chiuse e il padre non ha potuto pi\u00f9 lavorare. Gi\u00e0 due giorni dopo la famiglia non aveva n\u00e9 soldi n\u00e9 provviste. Per andare avanti il padre di Ritu ha trovato un lavoro per sua figlia come domestica di una famiglia della classe media. Adesso la bambina lavora tutta la settimana e guadagna 1.000 rupie al mese, l&#8217;equivalente di circa 12 euro. Questo lavoro \u00e8 illegale, sia a causa del coprifuoco, sia perch\u00e9 in India non si pu\u00f2 lavorare fino all&#8217;et\u00e0 di 14 anni.<\/p>\n<p><strong>Ritu \u00e8 una dei milioni di bambine e bambini nel mondo che la crisi economica conseguente l\u2019emergenza Covid sta strappando dalla scuola e costringe a lavorare in condizioni di sfruttamento<\/strong>.<\/p>\n<p>Se prima della pandemia i bambini erano colpiti in modo sproporzionato dalla povert\u00e0 e oltre 152 milioni di loro lavoravano, 73 dei quali occupati in una delle peggiori forme di lavoro minorile (schiavit\u00f9, prostituzione, lavori forzati, pericolosi, attivit\u00e0 illegali), si stima che altri 66 milioni di bambini siano a rischio di povert\u00e0 estrema a causa del Covid-19.<\/p>\n<p><strong>Particolarmente colpiti sono i bambini i cui genitori lavorano nel settore informale<\/strong> come venditori ambulanti, domestiche, spazzini, lavoratori edili o agricoli (nei paesi in via di sviluppo questo settore pu\u00f2 arrivare al 95% degli occupati). Secondo le stime dell&#8217;Organizzazione Internazionale del Lavoro, a maggio 2020 1,6 miliardi di persone impiegate nel settore informale hanno visto azzerarsi il loro reddito a causa della chiusura totale. <strong>Ci\u00f2 si tradurr\u00e0 inevitabilmente in un forte incremento del lavoro minorile. <\/strong> A rischio anche i minori gi\u00e0 svantaggiati, come bambini di strada, orfani o abbandonati, minori rifugiati, migranti, bambini che vivono in zone di conflitto.<\/p>\n<p><strong>Le organizzazioni partner di Terre des Hommes stanno osservando un aumento ben visibile del lavoro minorile in molti Paesi dell&#8217;Africa, dell&#8217;Asia e dell&#8217;America Latina<\/strong>. Nelle grandi citt\u00e0 ci sono pi\u00f9 bambini che chiedono l&#8217;elemosina, o vendono merce per strada. Nelle piantagioni i bambini in et\u00e0 scolare lavorano con i genitori. Nelle Filippine, con la perdita dei proventi dal turismo e la chiusura delle scuole, sono sempre di pi\u00f9 i minori che si prostituiscono davanti alla webcam. L\u2019Europol ha dichiarato che globalmente la domanda di pornografia infantile in rete \u00e8 aumentata con l&#8217;inizio del lockdown.<\/p>\n<p>Secondo l&#8217;UNESCO, a maggio 1,5 miliardi di studenti in 186 paesi non hanno potuto frequentare la scuola per il lockdown. La chiusura delle scuole ha significato la perdita del pi\u00f9 importante pasto per 365 milioni di bambini4, spesso l\u2019unico pasto del giorno. L\u2019alternativa \u00e8 la fame.<br \/><strong>Nei Paesi pi\u00f9 poveri milioni di ragazze e ragazzi stanno perdendo completamente il loro legame con la scuola ed \u00e8 altamente probabile che non tornino pi\u00f9 a scuola<\/strong>, perch\u00e9 devono contribuire al reddito familiare. I bambini provenienti da famiglie povere che vivono in zone senza elettricit\u00e0 o che non possono permettersi computer e connessioni internet non hanno la possibilit\u00e0 di seguire la didattica a distanza. Questo significa che il loro rendimento scolastico, spesso gi\u00e0 scarso, alla riapertura sar\u00e0 talmente basso che sar\u00e0 impossibile recuperare il tempo perduto.<br \/>Inoltre, <strong>la chiusura delle scuole e dei centri giovanili ha azzerato un sistema informale ma efficace di allarme contro la violenza domestica, i matrimoni precoci e lo sfruttamento dei bambini<\/strong>. \u00c8 indispensabile che vengano messe in atto tutte le misure possibili perch\u00e9 la loro riapertura avvenga nel pi\u00f9 breve tempo possibile.<\/p>\n<p>[\/et_pb_text][\/et_pb_column][et_pb_column type=&#8221;1_5&#8243; _builder_version=&#8221;4.16&#8243; custom_padding=&#8221;|||&#8221; global_colors_info=&#8221;{}&#8221; custom_padding__hover=&#8221;|||&#8221;][\/et_pb_column][\/et_pb_row][\/et_pb_section]<\/p>\n","protected":false},"excerpt":{"rendered":"<p>In occasione della Giornata mondiale contro lo sfruttamento del lavoro minorile, 12 giugno, Terre des Hommes lancia l\u2019allarme per il drammatico aumento del lavoro minorile in seguito alla pandemia. Gi\u00e0 prima della pandemia 152 milioni di minori dovevano lavorare e 386 milioni di bambini in tutto il mondo vivevano in condizioni di povert\u00e0 estrema. A [&hellip;]<\/p>\n","protected":false},"author":1,"featured_media":2167,"comment_status":"open","ping_status":"open","sticky":false,"template":"","format":"standard","meta":{"_et_pb_use_builder":"on","_et_pb_old_content":"Cras mattis consectetur purus sit amet fermentum. Aenean lacinia bibendum nulla sed consectetur. Donec ullamcorper nulla non metus auctor fringilla. Donec ullamcorper nulla non metus auctor fringilla.","_et_gb_content_width":"","footnotes":""},"categories":[16],"tags":[],"class_list":["post-2165","post","type-post","status-publish","format-standard","has-post-thumbnail","hentry","category-comunicati"],"yoast_head":"<!-- This site is optimized with the Yoast SEO plugin v21.1 - https:\/\/yoast.com\/wordpress\/plugins\/seo\/ -->\n<title>Lavoro minorile in aumento a causa della pandemia - Terre des Hommes Italia<\/title>\n<meta name=\"robots\" content=\"index, follow, max-snippet:-1, max-image-preview:large, max-video-preview:-1\" \/>\n<link rel=\"canonical\" href=\"https:\/\/terredeshommes.it\/eng\/comunicati\/lavoro-minorile-in-aumento-a-causa-della-pandemia\/\" \/>\n<meta property=\"og:locale\" content=\"en_US\" \/>\n<meta property=\"og:type\" content=\"article\" \/>\n<meta property=\"og:title\" content=\"Lavoro minorile in aumento a causa della pandemia - Terre des Hommes Italia\" \/>\n<meta property=\"og:description\" content=\"In occasione della Giornata mondiale contro lo sfruttamento del lavoro minorile, 12 giugno, Terre des Hommes lancia l\u2019allarme per il drammatico aumento del lavoro minorile in seguito alla pandemia. Gi\u00e0 prima della pandemia 152 milioni di minori dovevano lavorare e 386 milioni di bambini in tutto il mondo vivevano in condizioni di povert\u00e0 estrema. A [&hellip;]\" \/>\n<meta property=\"og:url\" content=\"https:\/\/terredeshommes.it\/eng\/comunicati\/lavoro-minorile-in-aumento-a-causa-della-pandemia\/\" \/>\n<meta property=\"og:site_name\" content=\"Terre des Hommes Italia\" \/>\n<meta property=\"article:published_time\" content=\"2020-06-11T12:14:27+00:00\" \/>\n<meta property=\"article:modified_time\" content=\"2022-07-27T12:30:30+00:00\" \/>\n<meta property=\"og:image\" content=\"https:\/\/terredeshommes.it\/eng\/wp-content\/uploads\/Ritu-Child-Labour.jpeg\" \/>\n\t<meta property=\"og:image:width\" content=\"1152\" \/>\n\t<meta property=\"og:image:height\" content=\"532\" \/>\n\t<meta property=\"og:image:type\" content=\"image\/jpeg\" \/>\n<meta name=\"author\" content=\"superTDH\" \/>\n<meta name=\"twitter:card\" content=\"summary_large_image\" \/>\n<meta name=\"twitter:label1\" content=\"Written by\" \/>\n\t<meta name=\"twitter:data1\" content=\"superTDH\" \/>\n\t<meta name=\"twitter:label2\" content=\"Est. reading time\" \/>\n\t<meta name=\"twitter:data2\" content=\"3 minutes\" \/>\n<script type=\"application\/ld+json\" class=\"yoast-schema-graph\">{\"@context\":\"https:\/\/schema.org\",\"@graph\":[{\"@type\":\"WebPage\",\"@id\":\"https:\/\/terredeshommes.it\/eng\/comunicati\/lavoro-minorile-in-aumento-a-causa-della-pandemia\/\",\"url\":\"https:\/\/terredeshommes.it\/eng\/comunicati\/lavoro-minorile-in-aumento-a-causa-della-pandemia\/\",\"name\":\"Lavoro minorile in aumento a causa della pandemia - Terre des Hommes Italia\",\"isPartOf\":{\"@id\":\"https:\/\/terredeshommes.it\/eng\/#website\"},\"datePublished\":\"2020-06-11T12:14:27+00:00\",\"dateModified\":\"2022-07-27T12:30:30+00:00\",\"author\":{\"@id\":\"https:\/\/terredeshommes.it\/eng\/#\/schema\/person\/adf40aab21514bbdc483bd807a69efed\"},\"breadcrumb\":{\"@id\":\"https:\/\/terredeshommes.it\/eng\/comunicati\/lavoro-minorile-in-aumento-a-causa-della-pandemia\/#breadcrumb\"},\"inLanguage\":\"en-US\",\"potentialAction\":[{\"@type\":\"ReadAction\",\"target\":[\"https:\/\/terredeshommes.it\/eng\/comunicati\/lavoro-minorile-in-aumento-a-causa-della-pandemia\/\"]}]},{\"@type\":\"BreadcrumbList\",\"@id\":\"https:\/\/terredeshommes.it\/eng\/comunicati\/lavoro-minorile-in-aumento-a-causa-della-pandemia\/#breadcrumb\",\"itemListElement\":[{\"@type\":\"ListItem\",\"position\":1,\"name\":\"Home\",\"item\":\"https:\/\/terredeshommes.it\/eng\/\"},{\"@type\":\"ListItem\",\"position\":2,\"name\":\"Lavoro minorile in aumento a causa della pandemia\"}]},{\"@type\":\"WebSite\",\"@id\":\"https:\/\/terredeshommes.it\/eng\/#website\",\"url\":\"https:\/\/terredeshommes.it\/eng\/\",\"name\":\"Terre des Hommes Italia\",\"description\":\"Proteggiamo i bambini insieme\",\"potentialAction\":[{\"@type\":\"SearchAction\",\"target\":{\"@type\":\"EntryPoint\",\"urlTemplate\":\"https:\/\/terredeshommes.it\/eng\/?s={search_term_string}\"},\"query-input\":\"required name=search_term_string\"}],\"inLanguage\":\"en-US\"},{\"@type\":\"Person\",\"@id\":\"https:\/\/terredeshommes.it\/eng\/#\/schema\/person\/adf40aab21514bbdc483bd807a69efed\",\"name\":\"superTDH\",\"url\":\"https:\/\/terredeshommes.it\/eng\/author\/supertdh\/\"}]}<\/script>\n<!-- \/ Yoast SEO plugin. -->","yoast_head_json":{"title":"Lavoro minorile in aumento a causa della pandemia - Terre des Hommes Italia","robots":{"index":"index","follow":"follow","max-snippet":"max-snippet:-1","max-image-preview":"max-image-preview:large","max-video-preview":"max-video-preview:-1"},"canonical":"https:\/\/terredeshommes.it\/eng\/comunicati\/lavoro-minorile-in-aumento-a-causa-della-pandemia\/","og_locale":"en_US","og_type":"article","og_title":"Lavoro minorile in aumento a causa della pandemia - Terre des Hommes Italia","og_description":"In occasione della Giornata mondiale contro lo sfruttamento del lavoro minorile, 12 giugno, Terre des Hommes lancia l\u2019allarme per il drammatico aumento del lavoro minorile in seguito alla pandemia. Gi\u00e0 prima della pandemia 152 milioni di minori dovevano lavorare e 386 milioni di bambini in tutto il mondo vivevano in condizioni di povert\u00e0 estrema. A [&hellip;]","og_url":"https:\/\/terredeshommes.it\/eng\/comunicati\/lavoro-minorile-in-aumento-a-causa-della-pandemia\/","og_site_name":"Terre des Hommes Italia","article_published_time":"2020-06-11T12:14:27+00:00","article_modified_time":"2022-07-27T12:30:30+00:00","og_image":[{"width":1152,"height":532,"url":"https:\/\/terredeshommes.it\/eng\/wp-content\/uploads\/Ritu-Child-Labour.jpeg","type":"image\/jpeg"}],"author":"superTDH","twitter_card":"summary_large_image","twitter_misc":{"Written by":"superTDH","Est. reading time":"3 minutes"},"schema":{"@context":"https:\/\/schema.org","@graph":[{"@type":"WebPage","@id":"https:\/\/terredeshommes.it\/eng\/comunicati\/lavoro-minorile-in-aumento-a-causa-della-pandemia\/","url":"https:\/\/terredeshommes.it\/eng\/comunicati\/lavoro-minorile-in-aumento-a-causa-della-pandemia\/","name":"Lavoro minorile in aumento a causa della pandemia - Terre des Hommes Italia","isPartOf":{"@id":"https:\/\/terredeshommes.it\/eng\/#website"},"datePublished":"2020-06-11T12:14:27+00:00","dateModified":"2022-07-27T12:30:30+00:00","author":{"@id":"https:\/\/terredeshommes.it\/eng\/#\/schema\/person\/adf40aab21514bbdc483bd807a69efed"},"breadcrumb":{"@id":"https:\/\/terredeshommes.it\/eng\/comunicati\/lavoro-minorile-in-aumento-a-causa-della-pandemia\/#breadcrumb"},"inLanguage":"en-US","potentialAction":[{"@type":"ReadAction","target":["https:\/\/terredeshommes.it\/eng\/comunicati\/lavoro-minorile-in-aumento-a-causa-della-pandemia\/"]}]},{"@type":"BreadcrumbList","@id":"https:\/\/terredeshommes.it\/eng\/comunicati\/lavoro-minorile-in-aumento-a-causa-della-pandemia\/#breadcrumb","itemListElement":[{"@type":"ListItem","position":1,"name":"Home","item":"https:\/\/terredeshommes.it\/eng\/"},{"@type":"ListItem","position":2,"name":"Lavoro minorile in aumento a causa della pandemia"}]},{"@type":"WebSite","@id":"https:\/\/terredeshommes.it\/eng\/#website","url":"https:\/\/terredeshommes.it\/eng\/","name":"Terre des Hommes Italia","description":"Proteggiamo i bambini insieme","potentialAction":[{"@type":"SearchAction","target":{"@type":"EntryPoint","urlTemplate":"https:\/\/terredeshommes.it\/eng\/?s={search_term_string}"},"query-input":"required name=search_term_string"}],"inLanguage":"en-US"},{"@type":"Person","@id":"https:\/\/terredeshommes.it\/eng\/#\/schema\/person\/adf40aab21514bbdc483bd807a69efed","name":"superTDH","url":"https:\/\/terredeshommes.it\/eng\/author\/supertdh\/"}]}},"_links":{"self":[{"href":"https:\/\/terredeshommes.it\/eng\/wp-json\/wp\/v2\/posts\/2165","targetHints":{"allow":["GET"]}}],"collection":[{"href":"https:\/\/terredeshommes.it\/eng\/wp-json\/wp\/v2\/posts"}],"about":[{"href":"https:\/\/terredeshommes.it\/eng\/wp-json\/wp\/v2\/types\/post"}],"author":[{"embeddable":true,"href":"https:\/\/terredeshommes.it\/eng\/wp-json\/wp\/v2\/users\/1"}],"replies":[{"embeddable":true,"href":"https:\/\/terredeshommes.it\/eng\/wp-json\/wp\/v2\/comments?post=2165"}],"version-history":[{"count":0,"href":"https:\/\/terredeshommes.it\/eng\/wp-json\/wp\/v2\/posts\/2165\/revisions"}],"wp:featuredmedia":[{"embeddable":true,"href":"https:\/\/terredeshommes.it\/eng\/wp-json\/wp\/v2\/media\/2167"}],"wp:attachment":[{"href":"https:\/\/terredeshommes.it\/eng\/wp-json\/wp\/v2\/media?parent=2165"}],"wp:term":[{"taxonomy":"category","embeddable":true,"href":"https:\/\/terredeshommes.it\/eng\/wp-json\/wp\/v2\/categories?post=2165"},{"taxonomy":"post_tag","embeddable":true,"href":"https:\/\/terredeshommes.it\/eng\/wp-json\/wp\/v2\/tags?post=2165"}],"curies":[{"name":"wp","href":"https:\/\/api.w.org\/{rel}","templated":true}]}}