{"id":2171,"date":"2020-07-21T14:35:09","date_gmt":"2020-07-21T12:35:09","guid":{"rendered":"https:\/\/terredeshommes.it\/?p=2171"},"modified":"2022-07-28T12:03:36","modified_gmt":"2022-07-28T10:03:36","slug":"unastatuaperlebambine-la-mobilitazione-si-allarga","status":"publish","type":"post","link":"https:\/\/terredeshommes.it\/eng\/comunicati\/unastatuaperlebambine-la-mobilitazione-si-allarga\/","title":{"rendered":"#UnaStatuaPerLeBambine, la mobilitazione si allarga"},"content":{"rendered":"<p>[et_pb_section fb_built=&#8221;1&#8243; _builder_version=&#8221;4.16&#8243; global_colors_info=&#8221;{}&#8221;][et_pb_row column_structure=&#8221;1_5,3_5,1_5&#8243; _builder_version=&#8221;4.16&#8243; background_size=&#8221;initial&#8221; background_position=&#8221;top_left&#8221; background_repeat=&#8221;repeat&#8221; global_colors_info=&#8221;{}&#8221;][et_pb_column type=&#8221;1_5&#8243; _builder_version=&#8221;4.16&#8243; custom_padding=&#8221;|||&#8221; global_colors_info=&#8221;{}&#8221; custom_padding__hover=&#8221;|||&#8221;][\/et_pb_column][et_pb_column type=&#8221;3_5&#8243; _builder_version=&#8221;4.16&#8243; custom_padding=&#8221;|||&#8221; global_colors_info=&#8221;{}&#8221; custom_padding__hover=&#8221;|||&#8221;][et_pb_text admin_label=&#8221;Testo&#8221; _builder_version=&#8221;4.17.6&#8243; background_size=&#8221;initial&#8221; background_position=&#8221;top_left&#8221; background_repeat=&#8221;repeat&#8221; hover_enabled=&#8221;0&#8243; global_colors_info=&#8221;{}&#8221; sticky_enabled=&#8221;0&#8243;]<\/p>\n<p>Il mondo della politica, della cultura e dello spettacolo si \u00e8 mobilitato a supporto della <a href=\"https:\/\/petizioni.terredeshommes.it\/petitions\/dedichiamo-una-statua-alle-bambine-vittime-di-violenza\/\" target=\"_blank\" rel=\"noopener\">petizione<\/a> lanciata da Terre des Hommes per chiedere al Sindaco di Milano <strong>Beppe Sala<\/strong> di <strong>dedicare una statua a tutte le bambine e ragazze vittime di abusi e violenze<\/strong>. A meno di un mese dal lancio dell\u2019iniziativa, sono tanti i personaggi pubblici che hanno sottoscritto l\u2019appello, ribadendo il loro impegno nella <strong>lotta alla violenza di genere<\/strong>, che nel mondo miete ancora milioni di vittime tra bambine e ragazze.<\/p>\n<p><strong>Dal 24 giugno ad oggi le firme raccolte sono oltre 2.800<\/strong> e tra coloro che hanno sottoscritto la petizione ci sono: Sonia Bergamasco, Maria Grazia Calandrone, Piero Colaprico, Daria Colombo, Beppe Convertini, Simonetta D\u2019Amico, Diana De Marchi, Alessandra De Tommasi, Gianluca Foglia, Chiara Gamberale, Maura Gancitano, Pierfrancesco Majorino, Maril\u00f9 Martelli, Francesca Montemagno, Roberta Osculati, Stella Pende, Flavia Piccinni, Mariangela Pira, Stella Pulpo, Sumaya Abdel Qader, Lia Quartapelle Procopio, Simone Rugiati, Carla Signoris, Beatrice Uguccioni, Angelica Vasile, Nina Zilli. La petizione ha inoltre ottenuto l\u2019adesione del Consiglio per le Pari Opportunit\u00e0 della Regione Lombardia con la firma della Presidente Letizia Caccavale.<\/p>\n<h2>Una statua, un simbolo, un monito<\/h2>\n<p>I numeri di questo silenzioso dramma quotidiano sono impressionanti: <strong>ogni minuto, 23 bambine e adolescenti in tutto il mondo sono costrette a sposare uomini spesso molto pi\u00f9 grandi di loro<\/strong> e a subirne le violenze; <strong>3 milioni di bambine ogni anno sono sottoposte alle mutilazioni genitali<\/strong>, che ne comprometteranno per sempre la salute sessuale e riproduttiva, ma anche, molto spesso, il benessere psicofisico; <strong>oltre 900 ragazzine sono state vittime di violenze sessuali in Italia nell\u2019ultimo anno<\/strong>. E per richiamare ogni giorno al rispetto dei diritti calpestati di bambine e ragazze, una statua serve non solo come tributo e come simbolo, ma anche come monito per l\u2019intero Paese.<\/p>\n<h2>Anche la politica si mobilita<\/h2>\n<p>L\u2019iniziativa \u2013 il cui obiettivo \u00e8 lanciare un messaggio forte rivolto non solo a livello locale, ma all\u2019intero Paese &#8211; ha ricevuto un\u2019importante risposta dal mondo della politica, in particolare dagli esponenti del <strong>Consiglio per le Pari Opportunit\u00e0 di Regione Lombardia<\/strong> e del <strong>Comune di Milano<\/strong>, ma non solo. \u201c<em>Come Consiglio Pari Opportunit\u00e0 di Regione Lombardia ribadiamo con forza il nostro impegno contro la violenza sulle donne e sulle bambine, aderendo a questa autorevole iniziativa di sensibilizzazione delle istituzioni e dell\u2019opinione pubblica tutta.\u00a0Crediamo fermamente nell\u2019importanza di un\u2019educazione alla bellezza e alla non violenza, educazione che deve partire fin dalla pi\u00f9 tenera et\u00e0 per costruire la cultura del rispetto<\/em>\u201d &#8211; sostiene <strong>Letizia Caccavale<\/strong>, Presidente del CPO. Per <strong>Daria Colombo<\/strong>, Delegata del Sindaco Sala alle Pari opportunit\u00e0 di genere: \u201c<em>Il cammino di crescita di una societ\u00e0 si legge e si legger\u00e0 anche dai suoi riconoscimenti e nei suoi simboli. Una statua dedicata alle bambine vittima di violenza rappresenterebbe la tappa di una consapevolezza dalla quale non si pu\u00f2 pi\u00f9 tornare indietro<\/em>&#8220;. Con lei, a farsi portavoce della petizione di Terre des Hommes tra le mura di Palazzo Marino sono anche <strong>Diana De Marchi<\/strong>, Presidente della Commissione Pari Opportunit\u00e0 e Diritti Civili del Comune di Milano: \u201c<em>Non ci sono scuse per la violenza sulle bambine, \u00e8 una sconfitta per la civilt\u00e0<\/em>\u201d e <strong>Sumaya Abdel Qader<\/strong>, membro della Commissione: \u201c<em>Il diritto di essere bambine e ragazze libere che possano vivere in sicurezza e spensieratezza la loro vita \u00e8 sacrosanto. Non possiamo accettare n\u00e9 permettere che sia diversamente. Per questo aderisco alla petizione di Terre des Hommes per una statua dedicata a tutte le bambine e ragazze vittime di abusi e oppressioni, una statua fiera e sfidante che ci ricordi il dovere di contrastare ogni forma di violenza contro di loro<\/em>.&#8221; Dello stesso avviso sono <strong>Angelica Vasile<\/strong>, Presidente della Commissione Politiche Sociali e Servizi per la Salute Volontariato del Comune di Milano: \u201c<em>Come consigliera comunale continuer\u00f2 ad impegnarmi affinch\u00e9 quanti pi\u00f9 progetti di questo genere vengano portati a termine. Sia per ricordare le donne vittime di violenza e discriminazione nella storia, sia per valorizzare il\u00a0ruolo delle donne nella societ\u00e0, nella cultura e nel lavoro<\/em>\u201d e <strong>Roberta Osculati<\/strong>, Presidente delle Commissioni Periferie e Studio per un Piano integrato di Politiche familiari: \u201c<em>Sostengo la proposta di Terre des Hommes di dedicare #UnaStatuaPerLeBambine nello spazio pubblico, come forma di solidariet\u00e0 e di giustizia per tutte le vittime di violenza domestica e familiare, punizioni corporali e psicologiche, abuso sessuale e di genere, bullismo e cyber-bullismo, lavoro minorile, schiavit\u00f9 e violenza sul posto di lavoro. Ma soprattutto per ricordarci che l\u2019infanzia \u00e8 inviolabile e va protetta con ogni sforzo sociale e culturale.<\/em>\u201d Non da meno il sostegno di <strong>Beatrice Uguccioni<\/strong>, Vice Presidente del Consiglio del Comune di Milano: \u201c<em>Lo spirito di una citt\u00e0 si riconosce anche dai propri simboli: dedicare una statua alle bambine vittime di violenza sar\u00e0 un monito visibile che ci richiamer\u00e0 alla necessit\u00e0 di aumentare l\u2019impegno per una societ\u00e0 pi\u00f9 rispettosa, pi\u00f9 giusta, fondata sulla parit\u00e0 e in prima linea contro le discriminazioni<\/em>\u201d. Alla petizione ha aderito anche l\u2019onorevole <strong>Lia Quartapelle<\/strong>: \u201c<em>La protezione delle bambine e delle ragazze dalla violenza deve essere al centro delle nostre preoccupazioni come societ\u00e0. Per questo sostengo la petizione lanciata da Terre des Hommes per una statua a tutte le bambine e ragazze vittime di abusi: ricordiamo, nelle nostre citt\u00e0, cosa ci impegniamo a fare ogni giorno<\/em>.\u201d Infine, ad appoggiare l\u2019iniziativa \u00e8 anche il deputato europeo <strong>Pierfrancesco Majorino<\/strong>: \u201c<em>Mi piace molto l&#8217;iniziativa di Terre des Hommes. Ancora una volta stiamo dalla stessa parte. Quella di chi lotta contro la violenza e gli abusi sulle bambine e le ragazze. E per lottare si deve, anche, ricordare<\/em>\u201d.<\/p>\n<h2>Tante le voci della cultura e spettacolo<\/h2>\n<p>Per richiamare ogni giorno al rispetto dei diritti calpestati di bambine e ragazze, una statua serve non solo come tributo ma anche come monito. &#8220;<em>Una societ\u00e0 feroce e distratta ha bisogno anche di simboli per rigenerarsi, per tentare di farlo. Una statua \u00e8 un\u2019azione concreta e un invito alla cura. Uno spazio e uno sguardo bambino che ci obbliga a sostare e ci chiede un cambiamento<\/em>&#8220;, sottolinea l\u2019attrice e regista teatrale <strong>Sonia Bergamasco<\/strong>. \u201c<em>Una statua per tutte quelle bambine che non sono riuscite a diventare donne<\/em> \u2013 chiede la scrittrice <strong>Chiara Gamberale<\/strong> &#8211; <em>perch\u00e9, che si sopravviva o no a un abuso, la violenza, quando arriva, falcia il fiore della persona che sarebbe sbocciata. Una statua per tutti quei fiori. Per permettere loro, comunque, di aprirsi. Obbligando noi a non dimenticare<\/em>\u201d. Dello stesso avviso <strong>Piero Colaprico<\/strong>, giornalista e scrittore: \u201c<em>Un monumento per le vittime di ieri pu\u00f2 servire alle vittime di oggi e di domani anche come incoraggiamento a farlo sapere, denunciare, ribellarsi<\/em>\u201d. Carla Signoris, attrice e scrittrice, non ha esitazioni: \u201c<em>La nostra vita distratta ha bisogno di simboli che ci aiutino a riflettere e a operare perch\u00e9 questo orrore non sia pi\u00f9!<\/em>\u201d. \u201c<em>In un mondo in cui la violenza sulle bambine \u00e8 ancora terribilmente presente ovunque, \u00e8 importante dare segnali belli e decisi per sottolineare come non si debba assolutamente abbassare l\u2019attenzione su questi temi<\/em> &#8211; dice <strong>Maril\u00f9 Martelli<\/strong>, Fondatrice di 5&#215;15 Italia e Consulente strategico de LaFil-Filarmonica di Milano \u2013 <em>Terre des Hommes fa da sempre un grandissimo lavoro per la tutela delle bambine in moltissimi paesi, attraverso la campagna Indifesa, e anche in questa occasione si adopera per creare un messaggio importante che spero la citt\u00e0 di Milano e il suo sindaco vogliano accogliere<\/em>\u201d. Un messaggio che ha bisogno del sostegno di tutti, donne e uomini. \u201c<em>Una bambina non \u00e8 pi\u00f9 debole in quanto femmina, \u00e8 pi\u00f9 vittima in quanto strumento di una cultura del possesso e della propriet\u00e0<\/em> \u2013 afferma il disegnatore <strong>Gianluca Foglia<\/strong> \u2018Fogliazza\u2019- <em>Difendere una bambina significa proteggerla prima che subisca ogni violenza e aiutare molti uomini a prendere atto della propria debolezza<\/em>\u201d. \u201c<em>La violenza \u00e8 l\u2019ultimo rifugio degli incapaci<\/em> \u2013 ricorda <strong>Simone Rugiati<\/strong>, chef globetrotter e conduttore tv &#8211; <em>Diciamo basta a qualsiasi tipo di violenza di genere contro le bambine di ogni cultura o religione, che vedono i loro diritti calpestati<\/em>\u201d. <strong>Beppe Convertini<\/strong>, attore e conduttore Rai, rilancia: &#8220;<em>Ogni bambina porta in s\u00e9 il miracolo della vita. E&#8217; compito di noi adulti custodirla, assicurarci che tutti i suoi talenti possano fiorire. Una statua pu\u00f2 ricordare questo impegno ogni giorno<\/em>&#8220;.&#8221;<em>Essere una bambina significa avere diritto a maturare, come matura un frutto nell\u2019armonia della natura<\/em>&#8220;, spiega la poetessa <strong>Maria Grazia Calandrone<\/strong>. &#8220;<em>In Italia e nel mondo, troppi fiori vengono strappati dal vento crudele della violenza e degli abusi, spesso domestici, prima che possano sviluppare in frutti. Ognuna di queste vite, lasciate vivere, pu\u00f2 essere un dono per l\u2019umanit\u00e0 intera, come testimoniano i rari casi di bambine che hanno avuto forza per ribellarsi e sono diventate grandi donne. Non dobbiamo perdere nessuna occasione di lasciar maturare la bellezza che la Vita ha pensato per il mondo&#8221;<\/em>.<\/p>\n<p>Le firme raccolte saranno consegnate al Sindaco di Milano e al Consiglio Comunale milanese. <strong>Il primo obiettivo \u00e8 quello di ricevere la concessione di un\u2019area destinata alla posa della statua<\/strong>, ma poi il progetto andr\u00e0 avanti con il coinvolgimento sempre pi\u00f9 ampio dell\u2019opinione pubblica. \u201c<em>Vogliamo che il monumento nasca come il frutto di un processo aperto,<\/em> &#8211; dichiara <strong>Paolo Ferrara<\/strong>, direttore generale di Terre des Hommes \u2013 <em>se avremo il via libera del Comune \u00e8 nostra intenzione aprire una call for ideas per immaginare l\u2019opera e una campagna di crowdfunding pubblico per realizzarla. Perch\u00e9 sia l\u2019inizio di un rinnovato impegno collettivo, la statua dovr\u00e0 essere il frutto di un impegno comune, sentito, partecipato e condiviso<\/em>\u201d.<\/p>\n<p>Tutti possono continuare ad aderire alla petizione su <a href=\"https:\/\/petizioni.terredeshommes.it\/petitions\/dedichiamo-una-statua-alle-bambine-vittime-di-violenza\/\" target=\"_blank\" rel=\"noopener\">https:\/\/bit.ly\/PetizioneStatua<\/a> e aiutare a diffonderla attraverso i propri canali social: hashtag ufficiale #UnaStatuaPerLeBambine, tag ufficiali @terredeshommesitalia per Facebook e Instagram, @tdhitaly per Twitter.<\/p>\n<p>[\/et_pb_text][\/et_pb_column][et_pb_column type=&#8221;1_5&#8243; _builder_version=&#8221;4.16&#8243; custom_padding=&#8221;|||&#8221; global_colors_info=&#8221;{}&#8221; custom_padding__hover=&#8221;|||&#8221;][\/et_pb_column][\/et_pb_row][\/et_pb_section]<\/p>\n","protected":false},"excerpt":{"rendered":"<p>Il mondo della politica, della cultura e dello spettacolo si \u00e8 mobilitato a supporto della petizione lanciata da Terre des Hommes per chiedere al Sindaco di Milano Beppe Sala di dedicare una statua a tutte le bambine e ragazze vittime di abusi e violenze. A meno di un mese dal lancio dell\u2019iniziativa, sono tanti i [&hellip;]<\/p>\n","protected":false},"author":1,"featured_media":2173,"comment_status":"open","ping_status":"open","sticky":false,"template":"","format":"standard","meta":{"_et_pb_use_builder":"on","_et_pb_old_content":"Cras mattis consectetur purus sit amet fermentum. Aenean lacinia bibendum nulla sed consectetur. Donec ullamcorper nulla non metus auctor fringilla. Donec ullamcorper nulla non metus auctor fringilla.","_et_gb_content_width":"","footnotes":""},"categories":[16],"tags":[],"class_list":["post-2171","post","type-post","status-publish","format-standard","has-post-thumbnail","hentry","category-comunicati"],"yoast_head":"<!-- This site is optimized with the Yoast SEO plugin v21.1 - https:\/\/yoast.com\/wordpress\/plugins\/seo\/ -->\n<title>#UnaStatuaPerLeBambine, la mobilitazione si allarga - Terre des Hommes Italia<\/title>\n<meta name=\"robots\" content=\"index, follow, max-snippet:-1, max-image-preview:large, max-video-preview:-1\" \/>\n<link rel=\"canonical\" href=\"https:\/\/terredeshommes.it\/eng\/comunicati\/unastatuaperlebambine-la-mobilitazione-si-allarga\/\" \/>\n<meta property=\"og:locale\" content=\"en_US\" \/>\n<meta property=\"og:type\" content=\"article\" \/>\n<meta property=\"og:title\" content=\"#UnaStatuaPerLeBambine, la mobilitazione si allarga - Terre des Hommes Italia\" \/>\n<meta property=\"og:description\" content=\"Il mondo della politica, della cultura e dello spettacolo si \u00e8 mobilitato a supporto della petizione lanciata da Terre des Hommes per chiedere al Sindaco di Milano Beppe Sala di dedicare una statua a tutte le bambine e ragazze vittime di abusi e violenze. A meno di un mese dal lancio dell\u2019iniziativa, sono tanti i [&hellip;]\" \/>\n<meta property=\"og:url\" content=\"https:\/\/terredeshommes.it\/eng\/comunicati\/unastatuaperlebambine-la-mobilitazione-si-allarga\/\" \/>\n<meta property=\"og:site_name\" content=\"Terre des Hommes Italia\" \/>\n<meta property=\"article:published_time\" content=\"2020-07-21T12:35:09+00:00\" \/>\n<meta property=\"article:modified_time\" content=\"2022-07-28T10:03:36+00:00\" \/>\n<meta property=\"og:image\" content=\"https:\/\/terredeshommes.it\/eng\/wp-content\/uploads\/slide-statua.jpeg\" \/>\n\t<meta property=\"og:image:width\" content=\"940\" \/>\n\t<meta property=\"og:image:height\" content=\"450\" \/>\n\t<meta property=\"og:image:type\" content=\"image\/jpeg\" \/>\n<meta name=\"author\" content=\"superTDH\" \/>\n<meta name=\"twitter:card\" content=\"summary_large_image\" \/>\n<meta name=\"twitter:label1\" content=\"Written by\" \/>\n\t<meta name=\"twitter:data1\" content=\"superTDH\" \/>\n\t<meta name=\"twitter:label2\" content=\"Est. reading time\" \/>\n\t<meta name=\"twitter:data2\" content=\"9 minutes\" \/>\n<script type=\"application\/ld+json\" class=\"yoast-schema-graph\">{\"@context\":\"https:\/\/schema.org\",\"@graph\":[{\"@type\":\"WebPage\",\"@id\":\"https:\/\/terredeshommes.it\/eng\/comunicati\/unastatuaperlebambine-la-mobilitazione-si-allarga\/\",\"url\":\"https:\/\/terredeshommes.it\/eng\/comunicati\/unastatuaperlebambine-la-mobilitazione-si-allarga\/\",\"name\":\"#UnaStatuaPerLeBambine, la mobilitazione si allarga - Terre des Hommes Italia\",\"isPartOf\":{\"@id\":\"https:\/\/terredeshommes.it\/eng\/#website\"},\"datePublished\":\"2020-07-21T12:35:09+00:00\",\"dateModified\":\"2022-07-28T10:03:36+00:00\",\"author\":{\"@id\":\"https:\/\/terredeshommes.it\/eng\/#\/schema\/person\/adf40aab21514bbdc483bd807a69efed\"},\"breadcrumb\":{\"@id\":\"https:\/\/terredeshommes.it\/eng\/comunicati\/unastatuaperlebambine-la-mobilitazione-si-allarga\/#breadcrumb\"},\"inLanguage\":\"en-US\",\"potentialAction\":[{\"@type\":\"ReadAction\",\"target\":[\"https:\/\/terredeshommes.it\/eng\/comunicati\/unastatuaperlebambine-la-mobilitazione-si-allarga\/\"]}]},{\"@type\":\"BreadcrumbList\",\"@id\":\"https:\/\/terredeshommes.it\/eng\/comunicati\/unastatuaperlebambine-la-mobilitazione-si-allarga\/#breadcrumb\",\"itemListElement\":[{\"@type\":\"ListItem\",\"position\":1,\"name\":\"Home\",\"item\":\"https:\/\/terredeshommes.it\/eng\/\"},{\"@type\":\"ListItem\",\"position\":2,\"name\":\"#UnaStatuaPerLeBambine, la mobilitazione si allarga\"}]},{\"@type\":\"WebSite\",\"@id\":\"https:\/\/terredeshommes.it\/eng\/#website\",\"url\":\"https:\/\/terredeshommes.it\/eng\/\",\"name\":\"Terre des Hommes Italia\",\"description\":\"Proteggiamo i bambini insieme\",\"potentialAction\":[{\"@type\":\"SearchAction\",\"target\":{\"@type\":\"EntryPoint\",\"urlTemplate\":\"https:\/\/terredeshommes.it\/eng\/?s={search_term_string}\"},\"query-input\":\"required name=search_term_string\"}],\"inLanguage\":\"en-US\"},{\"@type\":\"Person\",\"@id\":\"https:\/\/terredeshommes.it\/eng\/#\/schema\/person\/adf40aab21514bbdc483bd807a69efed\",\"name\":\"superTDH\",\"url\":\"https:\/\/terredeshommes.it\/eng\/author\/supertdh\/\"}]}<\/script>\n<!-- \/ Yoast SEO plugin. -->","yoast_head_json":{"title":"#UnaStatuaPerLeBambine, la mobilitazione si allarga - Terre des Hommes Italia","robots":{"index":"index","follow":"follow","max-snippet":"max-snippet:-1","max-image-preview":"max-image-preview:large","max-video-preview":"max-video-preview:-1"},"canonical":"https:\/\/terredeshommes.it\/eng\/comunicati\/unastatuaperlebambine-la-mobilitazione-si-allarga\/","og_locale":"en_US","og_type":"article","og_title":"#UnaStatuaPerLeBambine, la mobilitazione si allarga - Terre des Hommes Italia","og_description":"Il mondo della politica, della cultura e dello spettacolo si \u00e8 mobilitato a supporto della petizione lanciata da Terre des Hommes per chiedere al Sindaco di Milano Beppe Sala di dedicare una statua a tutte le bambine e ragazze vittime di abusi e violenze. A meno di un mese dal lancio dell\u2019iniziativa, sono tanti i [&hellip;]","og_url":"https:\/\/terredeshommes.it\/eng\/comunicati\/unastatuaperlebambine-la-mobilitazione-si-allarga\/","og_site_name":"Terre des Hommes Italia","article_published_time":"2020-07-21T12:35:09+00:00","article_modified_time":"2022-07-28T10:03:36+00:00","og_image":[{"width":940,"height":450,"url":"https:\/\/terredeshommes.it\/eng\/wp-content\/uploads\/slide-statua.jpeg","type":"image\/jpeg"}],"author":"superTDH","twitter_card":"summary_large_image","twitter_misc":{"Written by":"superTDH","Est. reading time":"9 minutes"},"schema":{"@context":"https:\/\/schema.org","@graph":[{"@type":"WebPage","@id":"https:\/\/terredeshommes.it\/eng\/comunicati\/unastatuaperlebambine-la-mobilitazione-si-allarga\/","url":"https:\/\/terredeshommes.it\/eng\/comunicati\/unastatuaperlebambine-la-mobilitazione-si-allarga\/","name":"#UnaStatuaPerLeBambine, la mobilitazione si allarga - Terre des Hommes Italia","isPartOf":{"@id":"https:\/\/terredeshommes.it\/eng\/#website"},"datePublished":"2020-07-21T12:35:09+00:00","dateModified":"2022-07-28T10:03:36+00:00","author":{"@id":"https:\/\/terredeshommes.it\/eng\/#\/schema\/person\/adf40aab21514bbdc483bd807a69efed"},"breadcrumb":{"@id":"https:\/\/terredeshommes.it\/eng\/comunicati\/unastatuaperlebambine-la-mobilitazione-si-allarga\/#breadcrumb"},"inLanguage":"en-US","potentialAction":[{"@type":"ReadAction","target":["https:\/\/terredeshommes.it\/eng\/comunicati\/unastatuaperlebambine-la-mobilitazione-si-allarga\/"]}]},{"@type":"BreadcrumbList","@id":"https:\/\/terredeshommes.it\/eng\/comunicati\/unastatuaperlebambine-la-mobilitazione-si-allarga\/#breadcrumb","itemListElement":[{"@type":"ListItem","position":1,"name":"Home","item":"https:\/\/terredeshommes.it\/eng\/"},{"@type":"ListItem","position":2,"name":"#UnaStatuaPerLeBambine, la mobilitazione si allarga"}]},{"@type":"WebSite","@id":"https:\/\/terredeshommes.it\/eng\/#website","url":"https:\/\/terredeshommes.it\/eng\/","name":"Terre des Hommes Italia","description":"Proteggiamo i bambini insieme","potentialAction":[{"@type":"SearchAction","target":{"@type":"EntryPoint","urlTemplate":"https:\/\/terredeshommes.it\/eng\/?s={search_term_string}"},"query-input":"required name=search_term_string"}],"inLanguage":"en-US"},{"@type":"Person","@id":"https:\/\/terredeshommes.it\/eng\/#\/schema\/person\/adf40aab21514bbdc483bd807a69efed","name":"superTDH","url":"https:\/\/terredeshommes.it\/eng\/author\/supertdh\/"}]}},"_links":{"self":[{"href":"https:\/\/terredeshommes.it\/eng\/wp-json\/wp\/v2\/posts\/2171","targetHints":{"allow":["GET"]}}],"collection":[{"href":"https:\/\/terredeshommes.it\/eng\/wp-json\/wp\/v2\/posts"}],"about":[{"href":"https:\/\/terredeshommes.it\/eng\/wp-json\/wp\/v2\/types\/post"}],"author":[{"embeddable":true,"href":"https:\/\/terredeshommes.it\/eng\/wp-json\/wp\/v2\/users\/1"}],"replies":[{"embeddable":true,"href":"https:\/\/terredeshommes.it\/eng\/wp-json\/wp\/v2\/comments?post=2171"}],"version-history":[{"count":0,"href":"https:\/\/terredeshommes.it\/eng\/wp-json\/wp\/v2\/posts\/2171\/revisions"}],"wp:featuredmedia":[{"embeddable":true,"href":"https:\/\/terredeshommes.it\/eng\/wp-json\/wp\/v2\/media\/2173"}],"wp:attachment":[{"href":"https:\/\/terredeshommes.it\/eng\/wp-json\/wp\/v2\/media?parent=2171"}],"wp:term":[{"taxonomy":"category","embeddable":true,"href":"https:\/\/terredeshommes.it\/eng\/wp-json\/wp\/v2\/categories?post=2171"},{"taxonomy":"post_tag","embeddable":true,"href":"https:\/\/terredeshommes.it\/eng\/wp-json\/wp\/v2\/tags?post=2171"}],"curies":[{"name":"wp","href":"https:\/\/api.w.org\/{rel}","templated":true}]}}