{"id":2175,"date":"2020-07-23T14:44:32","date_gmt":"2020-07-23T12:44:32","guid":{"rendered":"https:\/\/terredeshommes.it\/?p=2175"},"modified":"2022-07-27T14:47:36","modified_gmt":"2022-07-27T12:47:36","slug":"nasce-nidoinsieme-per-il-benessere-dei-bambini-da-0-a-3-anni","status":"publish","type":"post","link":"https:\/\/terredeshommes.it\/eng\/comunicati\/nasce-nidoinsieme-per-il-benessere-dei-bambini-da-0-a-3-anni\/","title":{"rendered":"Nasce NidoInsieme, per il benessere dei bambini da 0 a 3 anni"},"content":{"rendered":"<p>[et_pb_section fb_built=&#8221;1&#8243; _builder_version=&#8221;4.16&#8243; global_colors_info=&#8221;{}&#8221;][et_pb_row column_structure=&#8221;1_5,3_5,1_5&#8243; _builder_version=&#8221;4.16&#8243; background_size=&#8221;initial&#8221; background_position=&#8221;top_left&#8221; background_repeat=&#8221;repeat&#8221; global_colors_info=&#8221;{}&#8221;][et_pb_column type=&#8221;1_5&#8243; _builder_version=&#8221;4.16&#8243; custom_padding=&#8221;|||&#8221; global_colors_info=&#8221;{}&#8221; custom_padding__hover=&#8221;|||&#8221;][\/et_pb_column][et_pb_column type=&#8221;3_5&#8243; _builder_version=&#8221;4.16&#8243; custom_padding=&#8221;|||&#8221; global_colors_info=&#8221;{}&#8221; custom_padding__hover=&#8221;|||&#8221;][et_pb_text admin_label=&#8221;Testo&#8221; _builder_version=&#8221;4.17.6&#8243; background_size=&#8221;initial&#8221; background_position=&#8221;top_left&#8221; background_repeat=&#8221;repeat&#8221; hover_enabled=&#8221;0&#8243; global_colors_info=&#8221;{}&#8221; sticky_enabled=&#8221;0&#8243;]<\/p>\n<p><strong>Una nuova rete territoriale interdisciplinare a supporto degli asili nido e dei micro-nidi<\/strong> e nuove formule per <strong>sostenere la genitorialit\u00e0<\/strong> nelle famiglie con <strong>bambini da 0 a 3 anni<\/strong>, con un\u2019ottica di prevenzione della violenza sui minori. Dall\u2019impegno di <a href=\"https:\/\/www.ats-milano.it\/portale\" target=\"_blank\" rel=\"noopener\">ATS Citt\u00e0 Metropolitana di Milano<\/a> e <strong>Terre des Hommes<\/strong> nasce <a href=\"https:\/\/www.nidoinsieme.it\/\" target=\"_blank\" rel=\"noopener\">NidoInsieme.it<\/a>, un portale d\u2019<strong>informazione per genitori<\/strong> e di <strong>formazione per gli operatori<\/strong> dei servizi alla famiglia che intende <strong>promuovere il benessere e la cura dei bambini pi\u00f9 piccoli<\/strong>, finanziato da <strong>Regione Lombardia<\/strong>. I contenuti saranno continuamente arricchiti dagli esperti della nuova rete, costituita anche da cinque ASST del territorio metropolitano, due Comuni (Milano e Magenta) e Azienda Futura del Comune di Pioltello. I primi video disponibili su <a href=\"https:\/\/www.nidoinsieme.it\/\" target=\"_blank\" rel=\"noopener\">NidoInsieme.it<\/a> si focalizzano sull\u2019<strong>emergenza Covid<\/strong>, per offrire delle risposte autorevoli ai pi\u00f9 comuni dubbi e insicurezze legati alla salute e il benessere dei bambini.<\/p>\n<h2>L&#8217;impegno dei partner<\/h2>\n<p>&#8220;<strong>La tutela della salute dei bambini e dei loro genitori \u00e8 tra gli obiettivi primari di ATS Citt\u00e0 Metropolitana di Milano<\/strong>\u201d, spiega la dottoressa <strong>Rossana Giove<\/strong>, Direttore Socio Sanitario dell\u2019<strong>Agenzia di Tutela della Salute della Citt\u00e0 Metropolitana di Milano<\/strong>. \u201c<em>Questo progetto si inserisce nell\u2019impegno continuo che l\u2019Agenzia esercita di promozione del benessere dei pi\u00f9 piccoli attraverso interventi a sostegno della genitorialit\u00e0 e per la formazione degli educatori delle scuole per l\u2019infanzia. Il progetto si colloca nel quadro pi\u00f9 ampio delle Politiche per la Famiglia e si configura come un\u2019iniziativa per la promozione del benessere, la prevenzione delle situazioni di disagio infantile e la protezione dei bambini che frequentano gli asili nido e i micro nidi del territorio di ATS Citt\u00e0 Metropolitana di Milano, in attuazione della Legge Regionale n. 18 del 2018 \u2018Iniziative a favore dei minori che frequentano i nidi e i micronidi<\/em>\u201d.<\/p>\n<p>\u201c<a href=\"https:\/\/www.nidoinsieme.it\/\" target=\"_blank\" rel=\"noopener\">NidoInsieme<\/a> <strong>avvia un lavoro di rete favorendo un\u2019attiva collaborazione e partecipazione al partenariato da parte di Comuni, Enti del terzo settore, ASST, autorit\u00e0 competenti<\/strong>\u201d, aggiunge il dottor <strong>Aurelio Mosca<\/strong>, psicologo, <strong>Direttore del Dipartimento Programmazione per l\u2019Integrazione delle Prestazioni Sociosanitarie con quelle Sociali (PIPSS) di ATS<\/strong> Citt\u00e0 Metropolitana di Milano. \u201c<em>Il progetto \u00e8 volto a dare coerenza ai diversi interventi a favore della prima infanzia che verranno proposti e realizzati dalle molteplici realt\u00e0 che operano nel territorio metropolitano al fianco delle famiglie e dei bambini. Si svilupper\u00e0 sul piano della prevenzione, individuando i segnali di disagio, potenziando e realizzando azioni informative e formative rivolti ad operatori e famiglie. In quest&#8217;ottica favorir\u00e0 lo scambio di informazioni e di buone prassi, come pure garantir\u00e0 la diffusione di campagne informative e forme di assistenza ai minori vittime e alle loro famiglie. Sosterr\u00e0 la diffusione di interventi di protezione e tutela nei casi di violenza, con caratteristiche di qualit\u00e0 e innovative. Ci\u00f2 anche attraverso l&#8217;adozione di protocolli che impegneranno le Istituzioni a lavorare in rete e con un approccio multidisciplinare<\/em>&#8220;.<\/p>\n<p>\u201c<strong>Il sostegno alla genitorialit\u00e0 \u00e8 fondamentale perch\u00e9 \u00e8 proprio all\u2019interno delle famiglie che si possono manifestare comportamenti disfunzionali<\/strong> nei confronti del bambino che, se non debitamente contenuti e guidati, possono sfociare in violenza e maltrattamenti\u201d, sostiene la dottoressa <strong>Federica Giannotta<\/strong>, Responsabile Progetti Italia di <strong>Terre des Hommes<\/strong>. \u201c<em>Nel sito <a href=\"https:\/\/www.nidoinsieme.it\/\" target=\"_blank\" rel=\"noopener\">NidoInsieme.it<\/a> esperti pediatri e psicologi parleranno dei rischi di patologie poco conosciute come la discuria, l\u2019ipercura o della <a href=\"https:\/\/nonscuoterlo.terredeshommes.it\/\" target=\"_blank\" rel=\"noopener\">Shaken Baby Syndrome<\/a> e saranno presentati alcuni servizi innovativi presenti sul territorio a sostegno delle neomamme o nel riconoscimento e prevenzione dei casi di abusi o violenza che abbiamo contribuito a far nascere, come lo sportello <strong>Timmi<\/strong> all\u2019interno dell\u2019ospedale Buzzi<\/em>\u201d.<\/p>\n<p>Al progetto, finanziato da <strong>Regione Lombardia<\/strong>, <strong>collaborano ATS Citt\u00e0 Metropolitana di Milano, Terre des Hommes, Comune di Milano, Comune di Magenta, Azienda Speciale Servizi alla Persona e alla Famiglia Futura<\/strong> del Comune di Pioltello, <strong>ASST Fatebenefratelli Sacco, ASST Melegnano Martesana, ASST Ovest Milano, ASST Nord Milano, ASST Rhodense<\/strong>.<\/p>\n<h2>Informare e formare<\/h2>\n<p>Lo scopo del portale <a href=\"https:\/\/www.nidoinsieme.it\/\" target=\"_blank\" rel=\"noopener\">NidoInsieme.it<\/a> \u00e8 informare i genitori con figli da zero a 3 anni d\u2019et\u00e0 su argomenti come l\u2019alimentazione pi\u00f9 corretta per i bambini di quella fascia d\u2019et\u00e0, le regole da dare, come interpretare correttamente i comportamenti dei bambini, la gestione delle emozioni, la scelta del nido e rispondere ai frequenti dubbi come ad esempio l\u2019opportunit\u00e0 o meno di fare uso di device elettronici. Una sezione del sito sar\u00e0 dedicata alla formazione a distanza degli operatori dei nidi e micro nidi e alla promozione delle buone prassi.<\/p>\n<p>[\/et_pb_text][\/et_pb_column][et_pb_column type=&#8221;1_5&#8243; _builder_version=&#8221;4.16&#8243; custom_padding=&#8221;|||&#8221; global_colors_info=&#8221;{}&#8221; custom_padding__hover=&#8221;|||&#8221;][\/et_pb_column][\/et_pb_row][\/et_pb_section]<\/p>\n","protected":false},"excerpt":{"rendered":"<p>Una nuova rete territoriale interdisciplinare a supporto degli asili nido e dei micro-nidi e nuove formule per sostenere la genitorialit\u00e0 nelle famiglie con bambini da 0 a 3 anni, con un\u2019ottica di prevenzione della violenza sui minori. Dall\u2019impegno di ATS Citt\u00e0 Metropolitana di Milano e Terre des Hommes nasce NidoInsieme.it, un portale d\u2019informazione per genitori [&hellip;]<\/p>\n","protected":false},"author":1,"featured_media":2177,"comment_status":"open","ping_status":"open","sticky":false,"template":"","format":"standard","meta":{"_et_pb_use_builder":"on","_et_pb_old_content":"Cras mattis consectetur purus sit amet fermentum. Aenean lacinia bibendum nulla sed consectetur. Donec ullamcorper nulla non metus auctor fringilla. Donec ullamcorper nulla non metus auctor fringilla.","_et_gb_content_width":"","footnotes":""},"categories":[16],"tags":[],"class_list":["post-2175","post","type-post","status-publish","format-standard","has-post-thumbnail","hentry","category-comunicati"],"yoast_head":"<!-- This site is optimized with the Yoast SEO plugin v21.1 - https:\/\/yoast.com\/wordpress\/plugins\/seo\/ -->\n<title>Nasce NidoInsieme, per il benessere dei bambini da 0 a 3 anni - Terre des Hommes Italia<\/title>\n<meta name=\"robots\" content=\"index, follow, max-snippet:-1, max-image-preview:large, max-video-preview:-1\" \/>\n<link rel=\"canonical\" href=\"https:\/\/terredeshommes.it\/eng\/comunicati\/nasce-nidoinsieme-per-il-benessere-dei-bambini-da-0-a-3-anni\/\" \/>\n<meta property=\"og:locale\" content=\"en_US\" \/>\n<meta property=\"og:type\" content=\"article\" \/>\n<meta property=\"og:title\" content=\"Nasce NidoInsieme, per il benessere dei bambini da 0 a 3 anni - Terre des Hommes Italia\" \/>\n<meta property=\"og:description\" content=\"Una nuova rete territoriale interdisciplinare a supporto degli asili nido e dei micro-nidi e nuove formule per sostenere la genitorialit\u00e0 nelle famiglie con bambini da 0 a 3 anni, con un\u2019ottica di prevenzione della violenza sui minori. Dall\u2019impegno di ATS Citt\u00e0 Metropolitana di Milano e Terre des Hommes nasce NidoInsieme.it, un portale d\u2019informazione per genitori [&hellip;]\" \/>\n<meta property=\"og:url\" content=\"https:\/\/terredeshommes.it\/eng\/comunicati\/nasce-nidoinsieme-per-il-benessere-dei-bambini-da-0-a-3-anni\/\" \/>\n<meta property=\"og:site_name\" content=\"Terre des Hommes Italia\" \/>\n<meta property=\"article:published_time\" content=\"2020-07-23T12:44:32+00:00\" \/>\n<meta property=\"article:modified_time\" content=\"2022-07-27T12:47:36+00:00\" \/>\n<meta property=\"og:image\" content=\"https:\/\/terredeshommes.it\/eng\/wp-content\/uploads\/slide-home.jpeg\" \/>\n\t<meta property=\"og:image:width\" content=\"940\" \/>\n\t<meta property=\"og:image:height\" content=\"450\" \/>\n\t<meta property=\"og:image:type\" content=\"image\/jpeg\" \/>\n<meta name=\"author\" content=\"superTDH\" \/>\n<meta name=\"twitter:card\" content=\"summary_large_image\" \/>\n<meta name=\"twitter:label1\" content=\"Written by\" \/>\n\t<meta name=\"twitter:data1\" content=\"superTDH\" \/>\n\t<meta name=\"twitter:label2\" content=\"Est. reading time\" \/>\n\t<meta name=\"twitter:data2\" content=\"9 minutes\" \/>\n<script type=\"application\/ld+json\" class=\"yoast-schema-graph\">{\"@context\":\"https:\/\/schema.org\",\"@graph\":[{\"@type\":\"WebPage\",\"@id\":\"https:\/\/terredeshommes.it\/eng\/comunicati\/nasce-nidoinsieme-per-il-benessere-dei-bambini-da-0-a-3-anni\/\",\"url\":\"https:\/\/terredeshommes.it\/eng\/comunicati\/nasce-nidoinsieme-per-il-benessere-dei-bambini-da-0-a-3-anni\/\",\"name\":\"Nasce NidoInsieme, per il benessere dei bambini da 0 a 3 anni - Terre des Hommes Italia\",\"isPartOf\":{\"@id\":\"https:\/\/terredeshommes.it\/eng\/#website\"},\"datePublished\":\"2020-07-23T12:44:32+00:00\",\"dateModified\":\"2022-07-27T12:47:36+00:00\",\"author\":{\"@id\":\"https:\/\/terredeshommes.it\/eng\/#\/schema\/person\/adf40aab21514bbdc483bd807a69efed\"},\"breadcrumb\":{\"@id\":\"https:\/\/terredeshommes.it\/eng\/comunicati\/nasce-nidoinsieme-per-il-benessere-dei-bambini-da-0-a-3-anni\/#breadcrumb\"},\"inLanguage\":\"en-US\",\"potentialAction\":[{\"@type\":\"ReadAction\",\"target\":[\"https:\/\/terredeshommes.it\/eng\/comunicati\/nasce-nidoinsieme-per-il-benessere-dei-bambini-da-0-a-3-anni\/\"]}]},{\"@type\":\"BreadcrumbList\",\"@id\":\"https:\/\/terredeshommes.it\/eng\/comunicati\/nasce-nidoinsieme-per-il-benessere-dei-bambini-da-0-a-3-anni\/#breadcrumb\",\"itemListElement\":[{\"@type\":\"ListItem\",\"position\":1,\"name\":\"Home\",\"item\":\"https:\/\/terredeshommes.it\/eng\/\"},{\"@type\":\"ListItem\",\"position\":2,\"name\":\"Nasce NidoInsieme, per il benessere dei bambini da 0 a 3 anni\"}]},{\"@type\":\"WebSite\",\"@id\":\"https:\/\/terredeshommes.it\/eng\/#website\",\"url\":\"https:\/\/terredeshommes.it\/eng\/\",\"name\":\"Terre des Hommes Italia\",\"description\":\"Proteggiamo i bambini insieme\",\"potentialAction\":[{\"@type\":\"SearchAction\",\"target\":{\"@type\":\"EntryPoint\",\"urlTemplate\":\"https:\/\/terredeshommes.it\/eng\/?s={search_term_string}\"},\"query-input\":\"required name=search_term_string\"}],\"inLanguage\":\"en-US\"},{\"@type\":\"Person\",\"@id\":\"https:\/\/terredeshommes.it\/eng\/#\/schema\/person\/adf40aab21514bbdc483bd807a69efed\",\"name\":\"superTDH\",\"url\":\"https:\/\/terredeshommes.it\/eng\/author\/supertdh\/\"}]}<\/script>\n<!-- \/ Yoast SEO plugin. -->","yoast_head_json":{"title":"Nasce NidoInsieme, per il benessere dei bambini da 0 a 3 anni - Terre des Hommes Italia","robots":{"index":"index","follow":"follow","max-snippet":"max-snippet:-1","max-image-preview":"max-image-preview:large","max-video-preview":"max-video-preview:-1"},"canonical":"https:\/\/terredeshommes.it\/eng\/comunicati\/nasce-nidoinsieme-per-il-benessere-dei-bambini-da-0-a-3-anni\/","og_locale":"en_US","og_type":"article","og_title":"Nasce NidoInsieme, per il benessere dei bambini da 0 a 3 anni - Terre des Hommes Italia","og_description":"Una nuova rete territoriale interdisciplinare a supporto degli asili nido e dei micro-nidi e nuove formule per sostenere la genitorialit\u00e0 nelle famiglie con bambini da 0 a 3 anni, con un\u2019ottica di prevenzione della violenza sui minori. Dall\u2019impegno di ATS Citt\u00e0 Metropolitana di Milano e Terre des Hommes nasce NidoInsieme.it, un portale d\u2019informazione per genitori [&hellip;]","og_url":"https:\/\/terredeshommes.it\/eng\/comunicati\/nasce-nidoinsieme-per-il-benessere-dei-bambini-da-0-a-3-anni\/","og_site_name":"Terre des Hommes Italia","article_published_time":"2020-07-23T12:44:32+00:00","article_modified_time":"2022-07-27T12:47:36+00:00","og_image":[{"width":940,"height":450,"url":"https:\/\/terredeshommes.it\/eng\/wp-content\/uploads\/slide-home.jpeg","type":"image\/jpeg"}],"author":"superTDH","twitter_card":"summary_large_image","twitter_misc":{"Written by":"superTDH","Est. reading time":"9 minutes"},"schema":{"@context":"https:\/\/schema.org","@graph":[{"@type":"WebPage","@id":"https:\/\/terredeshommes.it\/eng\/comunicati\/nasce-nidoinsieme-per-il-benessere-dei-bambini-da-0-a-3-anni\/","url":"https:\/\/terredeshommes.it\/eng\/comunicati\/nasce-nidoinsieme-per-il-benessere-dei-bambini-da-0-a-3-anni\/","name":"Nasce NidoInsieme, per il benessere dei bambini da 0 a 3 anni - Terre des Hommes Italia","isPartOf":{"@id":"https:\/\/terredeshommes.it\/eng\/#website"},"datePublished":"2020-07-23T12:44:32+00:00","dateModified":"2022-07-27T12:47:36+00:00","author":{"@id":"https:\/\/terredeshommes.it\/eng\/#\/schema\/person\/adf40aab21514bbdc483bd807a69efed"},"breadcrumb":{"@id":"https:\/\/terredeshommes.it\/eng\/comunicati\/nasce-nidoinsieme-per-il-benessere-dei-bambini-da-0-a-3-anni\/#breadcrumb"},"inLanguage":"en-US","potentialAction":[{"@type":"ReadAction","target":["https:\/\/terredeshommes.it\/eng\/comunicati\/nasce-nidoinsieme-per-il-benessere-dei-bambini-da-0-a-3-anni\/"]}]},{"@type":"BreadcrumbList","@id":"https:\/\/terredeshommes.it\/eng\/comunicati\/nasce-nidoinsieme-per-il-benessere-dei-bambini-da-0-a-3-anni\/#breadcrumb","itemListElement":[{"@type":"ListItem","position":1,"name":"Home","item":"https:\/\/terredeshommes.it\/eng\/"},{"@type":"ListItem","position":2,"name":"Nasce NidoInsieme, per il benessere dei bambini da 0 a 3 anni"}]},{"@type":"WebSite","@id":"https:\/\/terredeshommes.it\/eng\/#website","url":"https:\/\/terredeshommes.it\/eng\/","name":"Terre des Hommes Italia","description":"Proteggiamo i bambini insieme","potentialAction":[{"@type":"SearchAction","target":{"@type":"EntryPoint","urlTemplate":"https:\/\/terredeshommes.it\/eng\/?s={search_term_string}"},"query-input":"required name=search_term_string"}],"inLanguage":"en-US"},{"@type":"Person","@id":"https:\/\/terredeshommes.it\/eng\/#\/schema\/person\/adf40aab21514bbdc483bd807a69efed","name":"superTDH","url":"https:\/\/terredeshommes.it\/eng\/author\/supertdh\/"}]}},"_links":{"self":[{"href":"https:\/\/terredeshommes.it\/eng\/wp-json\/wp\/v2\/posts\/2175","targetHints":{"allow":["GET"]}}],"collection":[{"href":"https:\/\/terredeshommes.it\/eng\/wp-json\/wp\/v2\/posts"}],"about":[{"href":"https:\/\/terredeshommes.it\/eng\/wp-json\/wp\/v2\/types\/post"}],"author":[{"embeddable":true,"href":"https:\/\/terredeshommes.it\/eng\/wp-json\/wp\/v2\/users\/1"}],"replies":[{"embeddable":true,"href":"https:\/\/terredeshommes.it\/eng\/wp-json\/wp\/v2\/comments?post=2175"}],"version-history":[{"count":0,"href":"https:\/\/terredeshommes.it\/eng\/wp-json\/wp\/v2\/posts\/2175\/revisions"}],"wp:featuredmedia":[{"embeddable":true,"href":"https:\/\/terredeshommes.it\/eng\/wp-json\/wp\/v2\/media\/2177"}],"wp:attachment":[{"href":"https:\/\/terredeshommes.it\/eng\/wp-json\/wp\/v2\/media?parent=2175"}],"wp:term":[{"taxonomy":"category","embeddable":true,"href":"https:\/\/terredeshommes.it\/eng\/wp-json\/wp\/v2\/categories?post=2175"},{"taxonomy":"post_tag","embeddable":true,"href":"https:\/\/terredeshommes.it\/eng\/wp-json\/wp\/v2\/tags?post=2175"}],"curies":[{"name":"wp","href":"https:\/\/api.w.org\/{rel}","templated":true}]}}