{"id":2178,"date":"2020-08-06T14:48:03","date_gmt":"2020-08-06T12:48:03","guid":{"rendered":"https:\/\/terredeshommes.it\/?p=2178"},"modified":"2022-07-28T11:43:21","modified_gmt":"2022-07-28T09:43:21","slug":"emergenza-beirut-partono-i-primi-aiuti-ai-bambini-traumatizzati","status":"publish","type":"post","link":"https:\/\/terredeshommes.it\/eng\/comunicati\/emergenza-beirut-partono-i-primi-aiuti-ai-bambini-traumatizzati\/","title":{"rendered":"Emergenza Beirut, partono i primi aiuti ai bambini traumatizzati"},"content":{"rendered":"<p>[et_pb_section fb_built=&#8221;1&#8243; _builder_version=&#8221;4.16&#8243; global_colors_info=&#8221;{}&#8221;][et_pb_row column_structure=&#8221;1_5,3_5,1_5&#8243; _builder_version=&#8221;4.16&#8243; background_size=&#8221;initial&#8221; background_position=&#8221;top_left&#8221; background_repeat=&#8221;repeat&#8221; global_colors_info=&#8221;{}&#8221;][et_pb_column type=&#8221;1_5&#8243; _builder_version=&#8221;4.16&#8243; custom_padding=&#8221;|||&#8221; global_colors_info=&#8221;{}&#8221; custom_padding__hover=&#8221;|||&#8221;][\/et_pb_column][et_pb_column type=&#8221;3_5&#8243; _builder_version=&#8221;4.16&#8243; custom_padding=&#8221;|||&#8221; global_colors_info=&#8221;{}&#8221; custom_padding__hover=&#8221;|||&#8221;][et_pb_text admin_label=&#8221;Testo&#8221; _builder_version=&#8221;4.17.6&#8243; background_size=&#8221;initial&#8221; background_position=&#8221;top_left&#8221; background_repeat=&#8221;repeat&#8221; hover_enabled=&#8221;0&#8243; global_colors_info=&#8221;{}&#8221; sticky_enabled=&#8221;0&#8243;]<\/p>\n<p>Nella Beirut dilaniata dall\u2019esplosione di marted\u00ec i bambini sono ancora la volta le vittime pi\u00f9 vulnerabili. <strong>Traumatizzati da questa catastrofe, sfollati da casa, moltissimi bambini rischiano di non riprendere gli studi e ingrossare le fila dei bambini lavoratori e delle spose bambine<\/strong>, anche a causa della pesantissima crisi economica in cui si trovava gi\u00e0 prima il Paese per il default e la pandemia da Covid-19. <strong>Non \u00e8 ancora chiaro quante strutture scolastiche risultino inutilizzabili a causa dell\u2019esplosione<\/strong>, avvenuta a poche settimane dall\u2019inizio dell\u2019anno scolastico. Il settore scolastico pubblico peraltro risultava gi\u00e0 fragilissimo a causa della mancanza di risorse e dell\u2019afflusso, negli ultimi anni, di oltre 600.000 bambini siriani in fuga dalla guerra. <strong>Tre ospedali di Beirut sono completamente distrutti<\/strong>, altri due hanno subito ingenti danni, il Porto \u00e8 stato spazzato via e anche l\u2019aeroporto \u00e8 danneggiato. Tra le centinaia, forse migliaia di edifici polverizzati dall\u2019esplosione ci sono anche i depositi di medicinali e le riserve di grano di tutto il Libano, che adesso giacciono sulla banchina come una grande spiaggia artificiale.<\/p>\n<p>\u201c<strong>Le conseguenze sui bambini sono incalcolabili<\/strong>\u201d, spiega <strong>Ilaria Masieri<\/strong>, responsabile dei progetti in Libano. \u201c<em>Stiamo studiando modalit\u00e0 efficaci per portare soccorso psicologico, assistenza materiale e beni di prima necessit\u00e0 alle famiglie con bambini nelle zone pi\u00f9 colpite. <strong>Gi\u00e0 oggi il nostro team di Child Protection sta organizzando attivit\u00e0 di assistenza psicosociale con i bambini e le famiglie a Gemmayzeh, Mar Mikhail e Sassine, 3 dei quartieri pi\u00f9 colpiti della capitale<\/strong>. \u00c8 fondamentale stare accanto ai pi\u00f9 piccoli nei momenti di crisi, sostenerli nella elaborazione dei traumi ed offrire loro opportunit\u00e0 di studio e di gioco, spazi sicuri, una vita il pi\u00f9 possibile normale<\/em>\u201d.<\/p>\n<p>Lo staff di Terre des Hommes Italia si sta mobilitando per garantire attivit\u00e0 di supporto psicosociale alle bambine e ai bambini colpiti dall\u2019emergenza. <strong>Saranno creati spazi protetti per i bambini<\/strong> al lato delle tende che in questo momento stanno distribuendo cibo e materiali di prima necessit\u00e0 alle persone sfollate. Qui gli operatori realizzeranno attivit\u00e0 strutturate di <strong>supporto psicosociale per garantire ai bambini e alle bambine uno spazio sicuro dove poter esprimere e elaborare l\u2019evento traumatico<\/strong> di cui sono stati vittime e testimoni. Inoltre Terre des Hommes Italia sta monitorando i bisogni all\u2019interno delle scuole e degli alberghi, nei dintorni di Beirut, che stanno iniziando ad accogliere le famiglie rimaste senza casa.<\/p>\n<p><strong>Terre des Hommes \u00e8 presente in Libano da 15 anni<\/strong> con decine di interventi di sostegno all\u2019educazione e protezione dei bambini vulnerabili libanesi e dei bambini rifugiati siriani, siriopalestinesi e palestinesi. Con il solo progetto Back to the Future, finanziato con il fondo Madad dell\u2019Unione Europea, ha ristrutturato 8 scuole e riportato a scuola oltre 25.000 bambini.<br \/><strong>Ma per questa congiuntura cos\u00ec negativa serve l\u2019aiuto di tutti<\/strong>. \u201c<em>Chiediamo che il nostro governo, la comunit\u00e0 internazionale e la societ\u00e0 civile si adoperino al pi\u00f9 presto per permettere agli operatori sul campo non solo di rispondere ai bisogni immediati della popolazione, in particolare dei bambini<\/em>,\u201d spiega Masieri, \u201c<em>ma di costruire sul terreno le condizioni perch\u00e9 i loro diritti non siano brutalmente violati<\/em>\u201d.<\/p>\n<p><strong>Per contribuire ai progetti d\u2019emergenza di Terre des Hommes a Beirut<\/strong>:<br \/><strong>Bonifico bancario<\/strong> conto intestato a Terre des Hommes<br \/>IBAN:\u00a0IT37E0103001633000063232384<br \/><strong>Bollettino postale<\/strong> c\/c postale 321208<br \/><strong>Online con carta di credito<\/strong> a questo <a href=\"https:\/\/terredeshommes.it\/eng\/cosa-facciamo\/\" target=\"_blank\" rel=\"noopener\">link<\/a><\/p>\n<p>[\/et_pb_text][\/et_pb_column][et_pb_column type=&#8221;1_5&#8243; _builder_version=&#8221;4.16&#8243; custom_padding=&#8221;|||&#8221; global_colors_info=&#8221;{}&#8221; custom_padding__hover=&#8221;|||&#8221;][\/et_pb_column][\/et_pb_row][\/et_pb_section]<\/p>\n","protected":false},"excerpt":{"rendered":"<p>Nella Beirut dilaniata dall\u2019esplosione di marted\u00ec i bambini sono ancora la volta le vittime pi\u00f9 vulnerabili. Traumatizzati da questa catastrofe, sfollati da casa, moltissimi bambini rischiano di non riprendere gli studi e ingrossare le fila dei bambini lavoratori e delle spose bambine, anche a causa della pesantissima crisi economica in cui si trovava gi\u00e0 prima [&hellip;]<\/p>\n","protected":false},"author":1,"featured_media":2180,"comment_status":"open","ping_status":"open","sticky":false,"template":"","format":"standard","meta":{"_et_pb_use_builder":"on","_et_pb_old_content":"Cras mattis consectetur purus sit amet fermentum. Aenean lacinia bibendum nulla sed consectetur. Donec ullamcorper nulla non metus auctor fringilla. Donec ullamcorper nulla non metus auctor fringilla.","_et_gb_content_width":"","footnotes":""},"categories":[16],"tags":[],"class_list":["post-2178","post","type-post","status-publish","format-standard","has-post-thumbnail","hentry","category-comunicati"],"yoast_head":"<!-- This site is optimized with the Yoast SEO plugin v21.1 - https:\/\/yoast.com\/wordpress\/plugins\/seo\/ -->\n<title>Emergenza Beirut, partono i primi aiuti ai bambini traumatizzati - Terre des Hommes Italia<\/title>\n<meta name=\"robots\" content=\"index, follow, max-snippet:-1, max-image-preview:large, max-video-preview:-1\" \/>\n<link rel=\"canonical\" href=\"https:\/\/terredeshommes.it\/eng\/comunicati\/emergenza-beirut-partono-i-primi-aiuti-ai-bambini-traumatizzati\/\" \/>\n<meta property=\"og:locale\" content=\"en_US\" \/>\n<meta property=\"og:type\" content=\"article\" \/>\n<meta property=\"og:title\" content=\"Emergenza Beirut, partono i primi aiuti ai bambini traumatizzati - Terre des Hommes Italia\" \/>\n<meta property=\"og:description\" content=\"Nella Beirut dilaniata dall\u2019esplosione di marted\u00ec i bambini sono ancora la volta le vittime pi\u00f9 vulnerabili. Traumatizzati da questa catastrofe, sfollati da casa, moltissimi bambini rischiano di non riprendere gli studi e ingrossare le fila dei bambini lavoratori e delle spose bambine, anche a causa della pesantissima crisi economica in cui si trovava gi\u00e0 prima [&hellip;]\" \/>\n<meta property=\"og:url\" content=\"https:\/\/terredeshommes.it\/eng\/comunicati\/emergenza-beirut-partono-i-primi-aiuti-ai-bambini-traumatizzati\/\" \/>\n<meta property=\"og:site_name\" content=\"Terre des Hommes Italia\" \/>\n<meta property=\"article:published_time\" content=\"2020-08-06T12:48:03+00:00\" \/>\n<meta property=\"article:modified_time\" content=\"2022-07-28T09:43:21+00:00\" \/>\n<meta property=\"og:image\" content=\"https:\/\/terredeshommes.it\/eng\/wp-content\/uploads\/bambini-beirut.jpeg\" \/>\n\t<meta property=\"og:image:width\" content=\"940\" \/>\n\t<meta property=\"og:image:height\" content=\"450\" \/>\n\t<meta property=\"og:image:type\" content=\"image\/jpeg\" \/>\n<meta name=\"author\" content=\"superTDH\" \/>\n<meta name=\"twitter:card\" content=\"summary_large_image\" \/>\n<meta name=\"twitter:label1\" content=\"Written by\" \/>\n\t<meta name=\"twitter:data1\" content=\"superTDH\" \/>\n\t<meta name=\"twitter:label2\" content=\"Est. reading time\" \/>\n\t<meta name=\"twitter:data2\" content=\"4 minutes\" \/>\n<script type=\"application\/ld+json\" class=\"yoast-schema-graph\">{\"@context\":\"https:\/\/schema.org\",\"@graph\":[{\"@type\":\"WebPage\",\"@id\":\"https:\/\/terredeshommes.it\/eng\/comunicati\/emergenza-beirut-partono-i-primi-aiuti-ai-bambini-traumatizzati\/\",\"url\":\"https:\/\/terredeshommes.it\/eng\/comunicati\/emergenza-beirut-partono-i-primi-aiuti-ai-bambini-traumatizzati\/\",\"name\":\"Emergenza Beirut, partono i primi aiuti ai bambini traumatizzati - Terre des Hommes Italia\",\"isPartOf\":{\"@id\":\"https:\/\/terredeshommes.it\/eng\/#website\"},\"datePublished\":\"2020-08-06T12:48:03+00:00\",\"dateModified\":\"2022-07-28T09:43:21+00:00\",\"author\":{\"@id\":\"https:\/\/terredeshommes.it\/eng\/#\/schema\/person\/adf40aab21514bbdc483bd807a69efed\"},\"breadcrumb\":{\"@id\":\"https:\/\/terredeshommes.it\/eng\/comunicati\/emergenza-beirut-partono-i-primi-aiuti-ai-bambini-traumatizzati\/#breadcrumb\"},\"inLanguage\":\"en-US\",\"potentialAction\":[{\"@type\":\"ReadAction\",\"target\":[\"https:\/\/terredeshommes.it\/eng\/comunicati\/emergenza-beirut-partono-i-primi-aiuti-ai-bambini-traumatizzati\/\"]}]},{\"@type\":\"BreadcrumbList\",\"@id\":\"https:\/\/terredeshommes.it\/eng\/comunicati\/emergenza-beirut-partono-i-primi-aiuti-ai-bambini-traumatizzati\/#breadcrumb\",\"itemListElement\":[{\"@type\":\"ListItem\",\"position\":1,\"name\":\"Home\",\"item\":\"https:\/\/terredeshommes.it\/eng\/\"},{\"@type\":\"ListItem\",\"position\":2,\"name\":\"Emergenza Beirut, partono i primi aiuti ai bambini traumatizzati\"}]},{\"@type\":\"WebSite\",\"@id\":\"https:\/\/terredeshommes.it\/eng\/#website\",\"url\":\"https:\/\/terredeshommes.it\/eng\/\",\"name\":\"Terre des Hommes Italia\",\"description\":\"Proteggiamo i bambini insieme\",\"potentialAction\":[{\"@type\":\"SearchAction\",\"target\":{\"@type\":\"EntryPoint\",\"urlTemplate\":\"https:\/\/terredeshommes.it\/eng\/?s={search_term_string}\"},\"query-input\":\"required name=search_term_string\"}],\"inLanguage\":\"en-US\"},{\"@type\":\"Person\",\"@id\":\"https:\/\/terredeshommes.it\/eng\/#\/schema\/person\/adf40aab21514bbdc483bd807a69efed\",\"name\":\"superTDH\",\"url\":\"https:\/\/terredeshommes.it\/eng\/author\/supertdh\/\"}]}<\/script>\n<!-- \/ Yoast SEO plugin. -->","yoast_head_json":{"title":"Emergenza Beirut, partono i primi aiuti ai bambini traumatizzati - Terre des Hommes Italia","robots":{"index":"index","follow":"follow","max-snippet":"max-snippet:-1","max-image-preview":"max-image-preview:large","max-video-preview":"max-video-preview:-1"},"canonical":"https:\/\/terredeshommes.it\/eng\/comunicati\/emergenza-beirut-partono-i-primi-aiuti-ai-bambini-traumatizzati\/","og_locale":"en_US","og_type":"article","og_title":"Emergenza Beirut, partono i primi aiuti ai bambini traumatizzati - Terre des Hommes Italia","og_description":"Nella Beirut dilaniata dall\u2019esplosione di marted\u00ec i bambini sono ancora la volta le vittime pi\u00f9 vulnerabili. Traumatizzati da questa catastrofe, sfollati da casa, moltissimi bambini rischiano di non riprendere gli studi e ingrossare le fila dei bambini lavoratori e delle spose bambine, anche a causa della pesantissima crisi economica in cui si trovava gi\u00e0 prima [&hellip;]","og_url":"https:\/\/terredeshommes.it\/eng\/comunicati\/emergenza-beirut-partono-i-primi-aiuti-ai-bambini-traumatizzati\/","og_site_name":"Terre des Hommes Italia","article_published_time":"2020-08-06T12:48:03+00:00","article_modified_time":"2022-07-28T09:43:21+00:00","og_image":[{"width":940,"height":450,"url":"https:\/\/terredeshommes.it\/eng\/wp-content\/uploads\/bambini-beirut.jpeg","type":"image\/jpeg"}],"author":"superTDH","twitter_card":"summary_large_image","twitter_misc":{"Written by":"superTDH","Est. reading time":"4 minutes"},"schema":{"@context":"https:\/\/schema.org","@graph":[{"@type":"WebPage","@id":"https:\/\/terredeshommes.it\/eng\/comunicati\/emergenza-beirut-partono-i-primi-aiuti-ai-bambini-traumatizzati\/","url":"https:\/\/terredeshommes.it\/eng\/comunicati\/emergenza-beirut-partono-i-primi-aiuti-ai-bambini-traumatizzati\/","name":"Emergenza Beirut, partono i primi aiuti ai bambini traumatizzati - Terre des Hommes Italia","isPartOf":{"@id":"https:\/\/terredeshommes.it\/eng\/#website"},"datePublished":"2020-08-06T12:48:03+00:00","dateModified":"2022-07-28T09:43:21+00:00","author":{"@id":"https:\/\/terredeshommes.it\/eng\/#\/schema\/person\/adf40aab21514bbdc483bd807a69efed"},"breadcrumb":{"@id":"https:\/\/terredeshommes.it\/eng\/comunicati\/emergenza-beirut-partono-i-primi-aiuti-ai-bambini-traumatizzati\/#breadcrumb"},"inLanguage":"en-US","potentialAction":[{"@type":"ReadAction","target":["https:\/\/terredeshommes.it\/eng\/comunicati\/emergenza-beirut-partono-i-primi-aiuti-ai-bambini-traumatizzati\/"]}]},{"@type":"BreadcrumbList","@id":"https:\/\/terredeshommes.it\/eng\/comunicati\/emergenza-beirut-partono-i-primi-aiuti-ai-bambini-traumatizzati\/#breadcrumb","itemListElement":[{"@type":"ListItem","position":1,"name":"Home","item":"https:\/\/terredeshommes.it\/eng\/"},{"@type":"ListItem","position":2,"name":"Emergenza Beirut, partono i primi aiuti ai bambini traumatizzati"}]},{"@type":"WebSite","@id":"https:\/\/terredeshommes.it\/eng\/#website","url":"https:\/\/terredeshommes.it\/eng\/","name":"Terre des Hommes Italia","description":"Proteggiamo i bambini insieme","potentialAction":[{"@type":"SearchAction","target":{"@type":"EntryPoint","urlTemplate":"https:\/\/terredeshommes.it\/eng\/?s={search_term_string}"},"query-input":"required name=search_term_string"}],"inLanguage":"en-US"},{"@type":"Person","@id":"https:\/\/terredeshommes.it\/eng\/#\/schema\/person\/adf40aab21514bbdc483bd807a69efed","name":"superTDH","url":"https:\/\/terredeshommes.it\/eng\/author\/supertdh\/"}]}},"_links":{"self":[{"href":"https:\/\/terredeshommes.it\/eng\/wp-json\/wp\/v2\/posts\/2178","targetHints":{"allow":["GET"]}}],"collection":[{"href":"https:\/\/terredeshommes.it\/eng\/wp-json\/wp\/v2\/posts"}],"about":[{"href":"https:\/\/terredeshommes.it\/eng\/wp-json\/wp\/v2\/types\/post"}],"author":[{"embeddable":true,"href":"https:\/\/terredeshommes.it\/eng\/wp-json\/wp\/v2\/users\/1"}],"replies":[{"embeddable":true,"href":"https:\/\/terredeshommes.it\/eng\/wp-json\/wp\/v2\/comments?post=2178"}],"version-history":[{"count":0,"href":"https:\/\/terredeshommes.it\/eng\/wp-json\/wp\/v2\/posts\/2178\/revisions"}],"wp:featuredmedia":[{"embeddable":true,"href":"https:\/\/terredeshommes.it\/eng\/wp-json\/wp\/v2\/media\/2180"}],"wp:attachment":[{"href":"https:\/\/terredeshommes.it\/eng\/wp-json\/wp\/v2\/media?parent=2178"}],"wp:term":[{"taxonomy":"category","embeddable":true,"href":"https:\/\/terredeshommes.it\/eng\/wp-json\/wp\/v2\/categories?post=2178"},{"taxonomy":"post_tag","embeddable":true,"href":"https:\/\/terredeshommes.it\/eng\/wp-json\/wp\/v2\/tags?post=2178"}],"curies":[{"name":"wp","href":"https:\/\/api.w.org\/{rel}","templated":true}]}}