{"id":2181,"date":"2020-09-02T14:51:12","date_gmt":"2020-09-02T12:51:12","guid":{"rendered":"https:\/\/terredeshommes.it\/?p=2181"},"modified":"2022-07-27T14:53:19","modified_gmt":"2022-07-27T12:53:19","slug":"beirut-un-mese-lesplosione-migliaia-bambini-ancora-traumatizzati","status":"publish","type":"post","link":"https:\/\/terredeshommes.it\/eng\/comunicati\/beirut-un-mese-lesplosione-migliaia-bambini-ancora-traumatizzati\/","title":{"rendered":"Beirut,\u00a0un mese dopo l\u2019esplosione\u00a0migliaia di bambini ancora traumatizzati"},"content":{"rendered":"<p>[et_pb_section fb_built=&#8221;1&#8243; _builder_version=&#8221;4.16&#8243; global_colors_info=&#8221;{}&#8221;][et_pb_row column_structure=&#8221;1_5,3_5,1_5&#8243; _builder_version=&#8221;4.16&#8243; background_size=&#8221;initial&#8221; background_position=&#8221;top_left&#8221; background_repeat=&#8221;repeat&#8221; global_colors_info=&#8221;{}&#8221;][et_pb_column type=&#8221;1_5&#8243; _builder_version=&#8221;4.16&#8243; custom_padding=&#8221;|||&#8221; global_colors_info=&#8221;{}&#8221; custom_padding__hover=&#8221;|||&#8221;][\/et_pb_column][et_pb_column type=&#8221;3_5&#8243; _builder_version=&#8221;4.16&#8243; custom_padding=&#8221;|||&#8221; global_colors_info=&#8221;{}&#8221; custom_padding__hover=&#8221;|||&#8221;][et_pb_text admin_label=&#8221;Testo&#8221; _builder_version=&#8221;4.17.6&#8243; background_size=&#8221;initial&#8221; background_position=&#8221;top_left&#8221; background_repeat=&#8221;repeat&#8221; hover_enabled=&#8221;0&#8243; global_colors_info=&#8221;{}&#8221; sticky_enabled=&#8221;0&#8243;]<\/p>\n<p>Pur essendo passato un\u00a0mese dalla gigantesca esplosione nel porto di Beirut,\u00a0il trauma psicologico dei bambini dei quartieri pi\u00f9 colpiti\u00a0\u00e8 ancora molto vivo\u00a0e condiziona profondamente la loro quotidianit\u00e0.\u00a0<strong>Disturbi del sonno,\u00a0paura ad addormentarsi,\u00a0enuresi,\u00a0irritabilit\u00e0, tendenza all\u2019isolamento, perdita d\u2019appetito, apatia<\/strong>: sono solo alcuni dei disturbi\u00a0riferiti\u00a0dalle oltre 300 famiglie\u00a0che lo staff di Terre des Hommes\u00a0ha incontrato in questo periodo per\u00a0una valutazione dei bisogni della popolazione pi\u00f9 vulnerabile.\u00a0\u201c<em>\u00c8\u00a0emerso uno scenario devastante<\/em>\u201d, spiega\u00a0<strong>Ilaria Masieri<\/strong>, responsabile dei progetti in Libano \u201c<em>Quasi tutti i genitori ci hanno detto di aver riscontrato nei loro figli\u00a0<strong>reazioni che non avevano mai visto prima<\/strong>,\u00a0e\u00a0che nella larghissima maggioranza dei casi non sanno come affrontare. Pi\u00f9 dell\u201987% ha dichiarato di aver bisogno di supporto psicosociale e il 41% ci ha chiesto un\u00a0<strong>aiuto psicologico immediato,\u00a0a riprova della gravit\u00e0 della situazione, che rischia di marchiare per sempre queste giovani vite<\/strong>.\u00a0Pi\u00f9 della met\u00e0 di queste famiglie \u00e8 costituita da\u00a0<strong>rifugiati siriani<\/strong>, che gi\u00e0 hanno dovuto sopportare le privazioni della guerra e il dolore dell\u2019esilio.\u00a0\u00c8 quindi indispensabile che <strong>la comunit\u00e0 internazionale non dimentichi questa emergenza umanitaria<\/strong>,\u00a0che purtroppo si innesta su una crisi economica e politica, ma anche sanitaria, dato l\u2019aumento vigoroso dei contagi di Covid-19, di dimensioni immense.\u00a0Bisogna\u00a0trovare\u00a0urgentemente\u00a0le risorse necessarie per assicurare a questi bambini\u00a0diritti fondamentali come\u00a0protezione,\u00a0istruzione e cure<\/em>\u201d.\u00a0<\/p>\n<p>Terre des Hommes,\u00a0organizzazione non governativa impegnata da 60 anni nella protezione dei bambini, si \u00e8 attivata\u00a0nei giorni immediatamente successivi alla catastrofe\u00a0organizzando attivit\u00e0 ricreative psicosociali nelle zone pi\u00f9 colpite dall\u2019esplosione.\u00a0<strong>In questi giorni\u00a0stiamo rafforzando i nostri interventi di\u00a0protezione dei bambini\u00a0e delle bambine per fornire un adeguato supporto alle famiglie pi\u00f9 vulnerabili<\/strong>,\u00a0dove sono presenti bambini con bisogni speciali, disabili o a rischio di abbandono scolastico,\u00a0anche\u00a0per prevenire fenomeni come lavoro minorile e matrimoni precoci. Infatti, se in un primo periodo il <strong>supporto psicosociale si concentrer\u00e0 sull\u2019elaborazione del trauma<\/strong> e sullo sviluppo di meccanismi\u00a0efficaci\u00a0per far fronte ai vissuti d\u2019ansia nei bambini, <strong>il nostro intervento ha come obiettivo finale il miglioramento delle condizioni di vita<\/strong> delle famiglie, tramite l\u2019accesso a servizi sociali\u00a0ed\u00a0educativi di qualit\u00e0.\u00a0<\/p>\n<p><strong>Le modalit\u00e0 d\u2019intervento sono complicate dalla situazione sanitaria\u00a0in continua evoluzione<\/strong>, visto l\u2019aumento dei contagi\u00a0da Covid-19\u00a0che ha portato le autorit\u00e0 a istituire nuovi <em>lockdown<\/em>, ma gli operatori sono formati per fornire\u00a0<strong>assistenza sia da remoto che in incontri individuali o collettivi<\/strong>, a seconda delle necessit\u00e0, come hanno gi\u00e0 fatto a partire da marzo per gli altri progetti in corso nel Paese. \u201c<em>Abbiamo stilato un piano di risposta in due fasi, che tenga conto dei bisogni immediati ma anche del supporto necessario per il reinserimento delle famiglie sfollate all\u2019interno delle loro comunit\u00e0 di origine e per un graduale ritorno alla normalit\u00e0<\/em>\u201d,\u00a0precisa Masieri.\u00a0<\/p>\n<p>\u201cIl nostro intervento prevede\u00a0anche\u00a0il versamento\u00a0di contributi economici alle famiglie in difficolt\u00e0, per consentire di coprire le necessit\u00e0 pi\u00f9 urgenti, la\u00a0<strong>distribuzione\u00a0di\u00a0kit igienici per mamme e bambini<\/strong>\u00a0e\u00a0di\u00a0<strong>dispositivi di protezione individuale<\/strong>.\u00a0In tutto i beneficiari delle prime azioni che stiamo realizzando saranno quasi 3.500, ma\u00a0<strong>i bisogni della popolazione sono enormi<\/strong>, se pensiamo che oltre 300.000 persone sono temporaneamente sfollate a causa dell\u2019esplosione\u201d, sottolinea Masieri.\u00a0<\/p>\n<p>A\u00a0<strong>Karantina<\/strong>, uno dei quartieri pi\u00f9 devastati dall\u2019esplosione,\u00a0Terre des Hommes sta\u00a0lavorando per restituire alla comunit\u00e0 un\u00a0<strong>parco giochi<\/strong>\u00a0e una\u00a0<strong>biblioteca<\/strong>, gravemente danneggiati dall\u2019esplosione.\u00a0<\/p>\n<p>Per individuare pi\u00f9 precisamente i bisogni dei bambini Terre des Hommes ha condotto un\u00a0<strong>assessment su oltre 300 famiglie<\/strong> (tra cui 935 minori)\u00a0che al momento dell\u2019esplosione abitavano nei quartieri pi\u00f9 vicini al porto. <strong>Per leggere il documento integrale (in inglese) dell\u2019assessment<\/strong> &#8211;\u00a0il primo che indaga le conseguenze psicologiche e psicosociali dell\u2019esplosione sui bambini &#8211; clicca <a href=\"http:\/\/bit.ly\/BeirutChildProtection\" target=\"_blank\" rel=\"noopener\">qui<\/a>.\u00a0<\/p>\n<p><strong>Terre des Hommes\u00a0Italia\u00a0\u00e8 presente in <a href=\"https:\/\/terredeshommes.it\/eng\/progetti\/libano\/\" target=\"_blank\" rel=\"noopener\">Libano<\/a> da 15 anni<\/strong>\u00a0con decine di interventi di sostegno all\u2019educazione e protezione dei bambini vulnerabili libanesi e dei bambini rifugiati siriani, siriopalestinesi e palestinesi. Con il solo progetto\u00a0<a href=\"https:\/\/terredeshommes.it\/eng\/progetti\/ritorno-al-futuro-preparazione-inclusione-e-supporto-alla-frequenza-scolastica-delle-bambine-e-dei-bambini-vittime-della-crisi-siriana-in-libano\/\" target=\"_blank\" rel=\"noopener\">Back to the Future<\/a>, finanziato con il fondo Madad dell\u2019Unione Europea, ha ristrutturato 8 scuole e <strong>riportato a scuola oltre 25.000 bambini<\/strong>.<\/p>\n<p>[\/et_pb_text][\/et_pb_column][et_pb_column type=&#8221;1_5&#8243; _builder_version=&#8221;4.16&#8243; custom_padding=&#8221;|||&#8221; global_colors_info=&#8221;{}&#8221; custom_padding__hover=&#8221;|||&#8221;][\/et_pb_column][\/et_pb_row][\/et_pb_section]<\/p>\n","protected":false},"excerpt":{"rendered":"<p>Pur essendo passato un\u00a0mese dalla gigantesca esplosione nel porto di Beirut,\u00a0il trauma psicologico dei bambini dei quartieri pi\u00f9 colpiti\u00a0\u00e8 ancora molto vivo\u00a0e condiziona profondamente la loro quotidianit\u00e0.\u00a0Disturbi del sonno,\u00a0paura ad addormentarsi,\u00a0enuresi,\u00a0irritabilit\u00e0, tendenza all\u2019isolamento, perdita d\u2019appetito, apatia: sono solo alcuni dei disturbi\u00a0riferiti\u00a0dalle oltre 300 famiglie\u00a0che lo staff di Terre des Hommes\u00a0ha incontrato in questo periodo per\u00a0una [&hellip;]<\/p>\n","protected":false},"author":1,"featured_media":2183,"comment_status":"open","ping_status":"open","sticky":false,"template":"","format":"standard","meta":{"_et_pb_use_builder":"on","_et_pb_old_content":"Cras mattis consectetur purus sit amet fermentum. Aenean lacinia bibendum nulla sed consectetur. Donec ullamcorper nulla non metus auctor fringilla. Donec ullamcorper nulla non metus auctor fringilla.","_et_gb_content_width":"","footnotes":""},"categories":[16],"tags":[],"class_list":["post-2181","post","type-post","status-publish","format-standard","has-post-thumbnail","hentry","category-comunicati"],"yoast_head":"<!-- This site is optimized with the Yoast SEO plugin v21.1 - https:\/\/yoast.com\/wordpress\/plugins\/seo\/ -->\n<title>Beirut,\u00a0un mese dopo l\u2019esplosione\u00a0migliaia di bambini ancora traumatizzati - Terre des Hommes Italia<\/title>\n<meta name=\"robots\" content=\"index, follow, max-snippet:-1, max-image-preview:large, max-video-preview:-1\" \/>\n<link rel=\"canonical\" href=\"https:\/\/terredeshommes.it\/eng\/comunicati\/beirut-un-mese-lesplosione-migliaia-bambini-ancora-traumatizzati\/\" \/>\n<meta property=\"og:locale\" content=\"en_US\" \/>\n<meta property=\"og:type\" content=\"article\" \/>\n<meta property=\"og:title\" content=\"Beirut,\u00a0un mese dopo l\u2019esplosione\u00a0migliaia di bambini ancora traumatizzati - Terre des Hommes Italia\" \/>\n<meta property=\"og:description\" content=\"Pur essendo passato un\u00a0mese dalla gigantesca esplosione nel porto di Beirut,\u00a0il trauma psicologico dei bambini dei quartieri pi\u00f9 colpiti\u00a0\u00e8 ancora molto vivo\u00a0e condiziona profondamente la loro quotidianit\u00e0.\u00a0Disturbi del sonno,\u00a0paura ad addormentarsi,\u00a0enuresi,\u00a0irritabilit\u00e0, tendenza all\u2019isolamento, perdita d\u2019appetito, apatia: sono solo alcuni dei disturbi\u00a0riferiti\u00a0dalle oltre 300 famiglie\u00a0che lo staff di Terre des Hommes\u00a0ha incontrato in questo periodo per\u00a0una [&hellip;]\" \/>\n<meta property=\"og:url\" content=\"https:\/\/terredeshommes.it\/eng\/comunicati\/beirut-un-mese-lesplosione-migliaia-bambini-ancora-traumatizzati\/\" \/>\n<meta property=\"og:site_name\" content=\"Terre des Hommes Italia\" \/>\n<meta property=\"article:published_time\" content=\"2020-09-02T12:51:12+00:00\" \/>\n<meta property=\"article:modified_time\" content=\"2022-07-27T12:53:19+00:00\" \/>\n<meta property=\"og:image\" content=\"https:\/\/terredeshommes.it\/eng\/wp-content\/uploads\/Beirut-apertura.jpeg\" \/>\n\t<meta property=\"og:image:width\" content=\"940\" \/>\n\t<meta property=\"og:image:height\" content=\"603\" \/>\n\t<meta property=\"og:image:type\" content=\"image\/jpeg\" \/>\n<meta name=\"author\" content=\"superTDH\" \/>\n<meta name=\"twitter:card\" content=\"summary_large_image\" \/>\n<meta name=\"twitter:label1\" content=\"Written by\" \/>\n\t<meta name=\"twitter:data1\" content=\"superTDH\" \/>\n\t<meta name=\"twitter:label2\" content=\"Est. reading time\" \/>\n\t<meta name=\"twitter:data2\" content=\"4 minutes\" \/>\n<script type=\"application\/ld+json\" class=\"yoast-schema-graph\">{\"@context\":\"https:\/\/schema.org\",\"@graph\":[{\"@type\":\"WebPage\",\"@id\":\"https:\/\/terredeshommes.it\/eng\/comunicati\/beirut-un-mese-lesplosione-migliaia-bambini-ancora-traumatizzati\/\",\"url\":\"https:\/\/terredeshommes.it\/eng\/comunicati\/beirut-un-mese-lesplosione-migliaia-bambini-ancora-traumatizzati\/\",\"name\":\"Beirut,\u00a0un mese dopo l\u2019esplosione\u00a0migliaia di bambini ancora traumatizzati - Terre des Hommes Italia\",\"isPartOf\":{\"@id\":\"https:\/\/terredeshommes.it\/eng\/#website\"},\"datePublished\":\"2020-09-02T12:51:12+00:00\",\"dateModified\":\"2022-07-27T12:53:19+00:00\",\"author\":{\"@id\":\"https:\/\/terredeshommes.it\/eng\/#\/schema\/person\/adf40aab21514bbdc483bd807a69efed\"},\"breadcrumb\":{\"@id\":\"https:\/\/terredeshommes.it\/eng\/comunicati\/beirut-un-mese-lesplosione-migliaia-bambini-ancora-traumatizzati\/#breadcrumb\"},\"inLanguage\":\"en-US\",\"potentialAction\":[{\"@type\":\"ReadAction\",\"target\":[\"https:\/\/terredeshommes.it\/eng\/comunicati\/beirut-un-mese-lesplosione-migliaia-bambini-ancora-traumatizzati\/\"]}]},{\"@type\":\"BreadcrumbList\",\"@id\":\"https:\/\/terredeshommes.it\/eng\/comunicati\/beirut-un-mese-lesplosione-migliaia-bambini-ancora-traumatizzati\/#breadcrumb\",\"itemListElement\":[{\"@type\":\"ListItem\",\"position\":1,\"name\":\"Home\",\"item\":\"https:\/\/terredeshommes.it\/eng\/\"},{\"@type\":\"ListItem\",\"position\":2,\"name\":\"Beirut,\u00a0un mese dopo l\u2019esplosione\u00a0migliaia di bambini ancora traumatizzati\"}]},{\"@type\":\"WebSite\",\"@id\":\"https:\/\/terredeshommes.it\/eng\/#website\",\"url\":\"https:\/\/terredeshommes.it\/eng\/\",\"name\":\"Terre des Hommes Italia\",\"description\":\"Proteggiamo i bambini insieme\",\"potentialAction\":[{\"@type\":\"SearchAction\",\"target\":{\"@type\":\"EntryPoint\",\"urlTemplate\":\"https:\/\/terredeshommes.it\/eng\/?s={search_term_string}\"},\"query-input\":\"required name=search_term_string\"}],\"inLanguage\":\"en-US\"},{\"@type\":\"Person\",\"@id\":\"https:\/\/terredeshommes.it\/eng\/#\/schema\/person\/adf40aab21514bbdc483bd807a69efed\",\"name\":\"superTDH\",\"url\":\"https:\/\/terredeshommes.it\/eng\/author\/supertdh\/\"}]}<\/script>\n<!-- \/ Yoast SEO plugin. -->","yoast_head_json":{"title":"Beirut,\u00a0un mese dopo l\u2019esplosione\u00a0migliaia di bambini ancora traumatizzati - Terre des Hommes Italia","robots":{"index":"index","follow":"follow","max-snippet":"max-snippet:-1","max-image-preview":"max-image-preview:large","max-video-preview":"max-video-preview:-1"},"canonical":"https:\/\/terredeshommes.it\/eng\/comunicati\/beirut-un-mese-lesplosione-migliaia-bambini-ancora-traumatizzati\/","og_locale":"en_US","og_type":"article","og_title":"Beirut,\u00a0un mese dopo l\u2019esplosione\u00a0migliaia di bambini ancora traumatizzati - Terre des Hommes Italia","og_description":"Pur essendo passato un\u00a0mese dalla gigantesca esplosione nel porto di Beirut,\u00a0il trauma psicologico dei bambini dei quartieri pi\u00f9 colpiti\u00a0\u00e8 ancora molto vivo\u00a0e condiziona profondamente la loro quotidianit\u00e0.\u00a0Disturbi del sonno,\u00a0paura ad addormentarsi,\u00a0enuresi,\u00a0irritabilit\u00e0, tendenza all\u2019isolamento, perdita d\u2019appetito, apatia: sono solo alcuni dei disturbi\u00a0riferiti\u00a0dalle oltre 300 famiglie\u00a0che lo staff di Terre des Hommes\u00a0ha incontrato in questo periodo per\u00a0una [&hellip;]","og_url":"https:\/\/terredeshommes.it\/eng\/comunicati\/beirut-un-mese-lesplosione-migliaia-bambini-ancora-traumatizzati\/","og_site_name":"Terre des Hommes Italia","article_published_time":"2020-09-02T12:51:12+00:00","article_modified_time":"2022-07-27T12:53:19+00:00","og_image":[{"width":940,"height":603,"url":"https:\/\/terredeshommes.it\/eng\/wp-content\/uploads\/Beirut-apertura.jpeg","type":"image\/jpeg"}],"author":"superTDH","twitter_card":"summary_large_image","twitter_misc":{"Written by":"superTDH","Est. reading time":"4 minutes"},"schema":{"@context":"https:\/\/schema.org","@graph":[{"@type":"WebPage","@id":"https:\/\/terredeshommes.it\/eng\/comunicati\/beirut-un-mese-lesplosione-migliaia-bambini-ancora-traumatizzati\/","url":"https:\/\/terredeshommes.it\/eng\/comunicati\/beirut-un-mese-lesplosione-migliaia-bambini-ancora-traumatizzati\/","name":"Beirut,\u00a0un mese dopo l\u2019esplosione\u00a0migliaia di bambini ancora traumatizzati - Terre des Hommes Italia","isPartOf":{"@id":"https:\/\/terredeshommes.it\/eng\/#website"},"datePublished":"2020-09-02T12:51:12+00:00","dateModified":"2022-07-27T12:53:19+00:00","author":{"@id":"https:\/\/terredeshommes.it\/eng\/#\/schema\/person\/adf40aab21514bbdc483bd807a69efed"},"breadcrumb":{"@id":"https:\/\/terredeshommes.it\/eng\/comunicati\/beirut-un-mese-lesplosione-migliaia-bambini-ancora-traumatizzati\/#breadcrumb"},"inLanguage":"en-US","potentialAction":[{"@type":"ReadAction","target":["https:\/\/terredeshommes.it\/eng\/comunicati\/beirut-un-mese-lesplosione-migliaia-bambini-ancora-traumatizzati\/"]}]},{"@type":"BreadcrumbList","@id":"https:\/\/terredeshommes.it\/eng\/comunicati\/beirut-un-mese-lesplosione-migliaia-bambini-ancora-traumatizzati\/#breadcrumb","itemListElement":[{"@type":"ListItem","position":1,"name":"Home","item":"https:\/\/terredeshommes.it\/eng\/"},{"@type":"ListItem","position":2,"name":"Beirut,\u00a0un mese dopo l\u2019esplosione\u00a0migliaia di bambini ancora traumatizzati"}]},{"@type":"WebSite","@id":"https:\/\/terredeshommes.it\/eng\/#website","url":"https:\/\/terredeshommes.it\/eng\/","name":"Terre des Hommes Italia","description":"Proteggiamo i bambini insieme","potentialAction":[{"@type":"SearchAction","target":{"@type":"EntryPoint","urlTemplate":"https:\/\/terredeshommes.it\/eng\/?s={search_term_string}"},"query-input":"required name=search_term_string"}],"inLanguage":"en-US"},{"@type":"Person","@id":"https:\/\/terredeshommes.it\/eng\/#\/schema\/person\/adf40aab21514bbdc483bd807a69efed","name":"superTDH","url":"https:\/\/terredeshommes.it\/eng\/author\/supertdh\/"}]}},"_links":{"self":[{"href":"https:\/\/terredeshommes.it\/eng\/wp-json\/wp\/v2\/posts\/2181","targetHints":{"allow":["GET"]}}],"collection":[{"href":"https:\/\/terredeshommes.it\/eng\/wp-json\/wp\/v2\/posts"}],"about":[{"href":"https:\/\/terredeshommes.it\/eng\/wp-json\/wp\/v2\/types\/post"}],"author":[{"embeddable":true,"href":"https:\/\/terredeshommes.it\/eng\/wp-json\/wp\/v2\/users\/1"}],"replies":[{"embeddable":true,"href":"https:\/\/terredeshommes.it\/eng\/wp-json\/wp\/v2\/comments?post=2181"}],"version-history":[{"count":0,"href":"https:\/\/terredeshommes.it\/eng\/wp-json\/wp\/v2\/posts\/2181\/revisions"}],"wp:featuredmedia":[{"embeddable":true,"href":"https:\/\/terredeshommes.it\/eng\/wp-json\/wp\/v2\/media\/2183"}],"wp:attachment":[{"href":"https:\/\/terredeshommes.it\/eng\/wp-json\/wp\/v2\/media?parent=2181"}],"wp:term":[{"taxonomy":"category","embeddable":true,"href":"https:\/\/terredeshommes.it\/eng\/wp-json\/wp\/v2\/categories?post=2181"},{"taxonomy":"post_tag","embeddable":true,"href":"https:\/\/terredeshommes.it\/eng\/wp-json\/wp\/v2\/tags?post=2181"}],"curies":[{"name":"wp","href":"https:\/\/api.w.org\/{rel}","templated":true}]}}