{"id":2187,"date":"2020-09-24T14:56:19","date_gmt":"2020-09-24T12:56:19","guid":{"rendered":"https:\/\/terredeshommes.it\/?p=2187"},"modified":"2022-07-27T14:58:35","modified_gmt":"2022-07-27T12:58:35","slug":"arriva-a-milano-spesasospesa-contro-la-poverta-e-lo-spreco-alimentare","status":"publish","type":"post","link":"https:\/\/terredeshommes.it\/eng\/comunicati\/arriva-a-milano-spesasospesa-contro-la-poverta-e-lo-spreco-alimentare\/","title":{"rendered":"Arriva a Milano SpesaSospesa, contro la povert\u00e0 e lo spreco alimentare"},"content":{"rendered":"<p>[et_pb_section fb_built=&#8221;1&#8243; _builder_version=&#8221;4.16&#8243; global_colors_info=&#8221;{}&#8221;][et_pb_row column_structure=&#8221;1_5,3_5,1_5&#8243; _builder_version=&#8221;4.16&#8243; background_size=&#8221;initial&#8221; background_position=&#8221;top_left&#8221; background_repeat=&#8221;repeat&#8221; global_colors_info=&#8221;{}&#8221;][et_pb_column type=&#8221;1_5&#8243; _builder_version=&#8221;4.16&#8243; custom_padding=&#8221;|||&#8221; global_colors_info=&#8221;{}&#8221; custom_padding__hover=&#8221;|||&#8221;][\/et_pb_column][et_pb_column type=&#8221;3_5&#8243; _builder_version=&#8221;4.16&#8243; custom_padding=&#8221;|||&#8221; global_colors_info=&#8221;{}&#8221; custom_padding__hover=&#8221;|||&#8221;][et_pb_text admin_label=&#8221;Testo&#8221; _builder_version=&#8221;4.17.6&#8243; background_size=&#8221;initial&#8221; background_position=&#8221;top_left&#8221; background_repeat=&#8221;repeat&#8221; hover_enabled=&#8221;0&#8243; global_colors_info=&#8221;{}&#8221; sticky_enabled=&#8221;0&#8243;]<\/p>\n<p><a href=\"https:\/\/spesasospesa.org\/\" target=\"_blank\" rel=\"noopener\">SpesaSospesa.org<\/a>, il progetto di <strong>solidariet\u00e0 circolare<\/strong>, arriva a Milano grazie alla collaborazione con la <strong>Fondazione Terre des Hommes Italia<\/strong> e <a href=\"https:\/\/www.bancoalimentare.it\/it\/lombardia\" target=\"_blank\" rel=\"noopener\">Banco Alimentare della Lombardia<\/a>, gi\u00e0 attive sul territorio nel sostegno alimentare alle famiglie pi\u00f9 in difficolt\u00e0. Si replicher\u00e0 qui il modello di solidariet\u00e0 circolare gi\u00e0 avviato in altre citt\u00e0 italiane (Alessandria, Afragola, Catanzaro, Napoli e Perugia) che <strong>mette in rete aziende, Comuni e associazioni non Profit per la raccolta e la distribuzione di alimenti a chi ne ha bisogno, combattendo lo spreco alimentare e sostenendo le aziende del comparto alimentare<\/strong>. La missione di <strong>Spesa Sospesa<\/strong>, iniziativa ideata e promossa dal <a href=\"https:\/\/www.lab00.org\" target=\"_blank\" rel=\"noopener\">Comitato Lab00 Onlus<\/a>, \u00e8 fornire un aiuto concreto alle persone pi\u00f9 bisognose attraverso l\u2019<strong>ottimizzazione dei fondi raccolti e la riduzione dello spreco alimentare<\/strong>; grazie alla piattaforma di food sharing di <a href=\"http:\/\/www.regusto.eu\/\" target=\"_blank\" rel=\"noopener\">Regusto<\/a>, le imprese, le catene di distribuzione e i produttori locali possono sia <strong>donare i prodotti in eccedenza o in scadenza, sia vendere i propri prodotti a prezzi scontati<\/strong>. L&#8217;iniziativa ha ricevuto il patrocinio del <a href=\"https:\/\/www.comune.milano.it\/\" target=\"_blank\" rel=\"noopener\">Comune di Milano<\/a>.<\/p>\n<p>\u201c<em>Abbiamo accolto con entusiasmo la proposta di SpesaSospesa.org che ci permette di allargare il bacino delle famiglie beneficiarie dei nostri aiuti alimentari<\/em>\u201d, dichiara <strong>Paolo Ferrara<\/strong>,Direttore Generale di Terre des Hommes. \u201c<em>Dall\u2019inizio del lockdown ad oggi abbiamo distribuito a Milano, in collaborazione con la <a href=\"https:\/\/ricettaqubi.it\/\" target=\"_blank\" rel=\"noopener\">rete QuB\u00ec<\/a> e <a href=\"https:\/\/www.facebook.com\/pages\/category\/News---Media-Website\/Niguarda-Rinasce-111466640467591\/\" target=\"_blank\" rel=\"noopener\">Niguarda Rinasce<\/a>, <strong>oltre 1.000 spese a famiglie in difficolt\u00e0<\/strong>. Purtroppo la crisi economica \u00e8 destinata a durare e la povert\u00e0 si va estendendo, specie tra le famiglie con pi\u00f9 bambini a carico, anche in quello che una volta era il prospero Nord. Per questo abbiamo continuato a lavorare per fare rete sul nostro territorio e, coinvolgendo anche Banco Alimentare della Lombardia, abbiamo permesso che SpesaSospesa.org e il suo modello di solidariet\u00e0 che riteniamo particolarmente virtuoso arrivasse anche a Milano<\/em>\u201d.<\/p>\n<p>\u201c<em>Grazie a questo progetto<\/em> \u2013 afferma <strong>Marco Magnelli<\/strong>, Direttore di Banco Alimentare della Lombardia &#8211; <em>saremo in grado di donare tanti prodotti che difficilmente recupereremmo come eccedenze alimentari ma che sono estremamente importanti per una sana e corretta alimentazione. Siamo molto contenti di essere parte di questa filiera di solidariet\u00e0. Un modello innovativo che mostra come l\u2019unire le forze possa dare una risposta efficace al bisogno emergente. Condivisione, passione e aiuto concreto sono le parole chiave della partnership tra Profit, non Profit e Istituzioni Pubbliche in questo virtuoso progetto<\/em>\u201d.<\/p>\n<p>\u201c<em>La collaborazione tra Comune e Terzo settore<\/em> \u2013 dichiara l\u2019Assessore alle Politiche sociali e abitative <strong>Gabriele Rabaiotti<\/strong> &#8211; <em>\u00e8 ormai una prassi virtuosa e consolidata a Milano, dove esiste un ricco tessuto di associazioni che operano sul territorio. <strong>La Fondazione Terre des Hommes e Banco Alimentare della Lombardia realizzano un servizio ai servizi, andando a sostenere le reti volontarie di distribuzione di alimenti<\/strong> il cui contributo \u00e8 stato decisivo nel momento di maggiore difficolt\u00e0 della citt\u00e0. Oggi ritorna l\u2019importante iniziativa della spesa sospesa, a cui so che i milanesi aderiranno con entusiasmo anche nella nuova versione digitale<\/em>\u201d.<\/p>\n<p><strong>Il modello adottato a Milano prevede che le donazioni in denaro saranno destinate all\u2019acquisto di alimenti da parte di Terre des Hommes sulla base delle indicazioni che Banco Alimentare della Lombardia fornir\u00e0<\/strong>, a seconda dei bisogni delle strutture caritative che sul territorio milanese sono impegnate in prima persona nell\u2019aiuto alle famiglie in difficolt\u00e0.<\/p>\n<p>I flussi di donazioni sono registrati e gestiti attraverso l\u2019innovativa piattaforma di food sharing <a href=\"http:\/\/www.regusto.eu\/\" target=\"_blank\" rel=\"noopener\">Regusto<\/a>, da sempre impegnata nella lotta allo spreco alimentare che, <strong>grazie alla tecnologia blockchain integrata, tiene traccia di tutte le transazioni<\/strong>, i movimenti e le destinazioni degli alimenti in totale trasparenza.<\/p>\n<p>\u201c<em>Il momento che stiamo vivendo ha rivelato quanto sia utile e importante l\u2019innovazione digitale<\/em>\u201d, spiega <strong>Marco Raspati<\/strong>, CEO Regusto. \u201c<em>Anche noi di Regusto abbiamo sposato appieno l\u2019iniziativa mettendo a disposizione la tecnologia e tutta l\u2019esperienza maturata nella lotta allo spreco alimentare. La Piattaforma Regusto \u00e8 il cuore tecnologico di SpesaSospesa.org ed \u00e8 la prima ad impiegare la tecnologia blockchain nella lotta allo spreco alimentare<\/em>.\u201d<\/p>\n<p>Ad oggi, il progetto \u00e8 stato supportato da due importanti aziende: <a href=\"https:\/\/www.sorgenia.it\/noi\" target=\"_blank\" rel=\"noopener\">Sorgenia<\/a>, in qualit\u00e0 di main partner, ha coinvolto i dipendenti e la community dei propri clienti per trasformare l\u2019energia utilizzata in cibo, ed <a href=\"https:\/\/www.henkel.it\/\" target=\"_blank\" rel=\"noopener\">Henkel<\/a>, in qualit\u00e0 di sponsor, si \u00e8 impegnata a far crescere la visibilit\u00e0 e la notoriet\u00e0 di questo importante progetto nei punti di vendita della grande distribuzione.<\/p>\n<p>\u201c<em>Abbiamo creduto sin da subito in questo progetto inclusivo che porta beni essenziali a chi ne ha necessit\u00e0, utilizzando la velocit\u00e0 e la trasparenza del digitale, in un perfetto esempio di tecnologia al servizio delle persone<\/em>\u201d \u2013 ha commentato <strong>Marina Vecchio<\/strong>, Responsabile di Sorgenia per SpesaSospesa.org. \u201c<em>La grande partecipazione della nostra community ci ha consentito di donare sinora l\u2019equivalente di quanto spenderebbe in energia, in un mese, una citt\u00e0 di 35.000 abitanti. Molti nostri clienti del settore agroalimentare hanno colto la grande opportunit\u00e0 di mercato rappresentata da questa iniziativa, vendendo i propri prodotti attraverso la piattaforma Regusto. Siamo di fronte a un progetto circolare, capace di coinvolgere tutti per dare un aiuto concreto a chi \u00e8 in difficolt\u00e0, sia cittadini che piccole aziende<\/em>\u201d.<\/p>\n<p>\u201c<em>Fin da subito ci ha colpito l\u2019affinit\u00e0 di valori con SpesaSospesa e ci \u00e8 parso naturale integrare questa bellissima iniziativa tra quelle che articolano il nostro impegno sociale in Italia, sia con donazioni di prodotti sia con un supporto economico<\/em>\u201d, afferma <strong>Silvia Gallina<\/strong>, Trade Marketing Manager, Responsabile per il canale GD e DO di Henkel Beauty Care. \u201c<em>Inoltre, questo \u00e8 un progetto che vive grazie all\u2019impegno di una comunit\u00e0 che si \u00e8 ritrovata intorno ad un concetto molto importante di economia circolare e allora abbiamo deciso di sostenerlo anche sui punti di vendita della Grande Distribuzione creando visibilit\u00e0 affinch\u00e9 questa comunit\u00e0 si possa allargare e portare ancora pi\u00f9 valore<\/em>\u201d.<\/p>\n<p>L\u2019ambizione di rendere l\u2019iniziativa concreta \u00e8 stata inoltre alimentata dalla piattaforma <a href=\"http:\/\/www.charitystars.com\/SpesaSospesa\" target=\"_blank\" rel=\"noopener\">CharityStars<\/a> che ad oggi ha raccolto pi\u00f9 di 500.000 Euro per il progetto.<\/p>\n<p>\u201c<em>Si tratta di un sistema inclusivo e circolare nato durante l&#8217;emergenza che unisce Comuni, persone, aziende ed enti no-profit attraverso modelli e strumenti innovativi che fanno del digitale il fattore abilitante<\/em>.\u201d <strong>Davide Devenuto<\/strong>, Presidente Comitato Lab00 Onlus, ideatore e promotore di SpesaSospesa.org<\/p>\n<p>SpesaSospesa.org \u00e8 un\u2019iniziativa promossa dal <a href=\"https:\/\/www.lab00.org\/\" target=\"_blank\" rel=\"noopener\">Comitato Lab00 Onlus<\/a>, fondato da <strong>Francesco Lasaponara<\/strong>, consulente di startup a vocazione sociale, dagli attori <strong>Serena Rossi<\/strong> e <strong>Davide Devenuto<\/strong>, dall\u2019AD di Regusto <strong>Marco Raspati<\/strong>, da <strong>Flavio Barcaccia<\/strong> &#8211; CEO di Nexma e da Felice Di Luca, Business Developer di <strong>Synesthesia<\/strong>. <strong>SpesaSospesa.org<\/strong> \u00e8 nata e si \u00e8 sviluppata durante una serie di videoconferenze su zoom e ha coinvolto in breve tempo numerosi partner importanti, ricevendo adesioni da parte delle pubbliche amministrazioni.<br \/>Primi in Italia a sposare il progetto i Comuni di Napoli, Perugia, Alessandria, Catanzaro e Afragola che hanno gi\u00e0 dato il patrocinio all\u2019iniziativa. Hanno aderito successivamente all\u2019iniziativa: Citt\u00e0 di Castello e la Rete di Comuni Unione Montana Parma Est. \u00c8 stata inoltre inserita dal Comune di Torino nel portale Torino City Love tra le azioni di solidariet\u00e0 e innovazione per il territorio.<\/p>\n<p>L\u2019iniziativa sar\u00e0 raccontata sui social con l\u2019hashtag <strong>#SpesaSospesaItalia<\/strong>.<\/p>\n<p>SpesaSospesa.org \u00e8 un <strong>progetto corale<\/strong>, che unisce le esperienze e le competenze di molti partner. Tutti hanno aderito a titolo gratuito, rinunciando a compensi e commissioni. Di seguito l\u2019elenco dei partner:<\/p>\n<p><strong>Fondatori del progetto<\/strong>:<br \/>Comitato Lab00, Regusto (brand di Recuperiamo srl), Synesthesia srl, FoodChain Spa<\/p>\n<p>Partner ufficiali:<br \/><strong>Main partner<\/strong> \u2013 Sorgenia, Henkel<\/p>\n<p><strong>Charity Partner<\/strong> \u2013 Terre des Hommes e Banco Alimentare della Lombardia<\/p>\n<p><strong>Partner<\/strong> \u2013 C&amp;A, Serfin &#8211; Hexa Credit Care, La Lucente S.p.A<br \/>Technical Partner &#8211; Nexo Corporation, Nexma, Rekordata, Grafiche Paciotti, Quadrans Foundation, Colonni&amp;Partners, Abruzzo Distribuzione, CharityStars, CRIBIS societ\u00e0 del Gruppo CRIF, Impact Hub, Spacchetti Studio Legale (Supporto tecnologico e tecnico alla campagna), Efficert<\/p>\n<p><strong>Media Partner<\/strong> &#8211; BeMedia (ufficio stampa), Agata Produzioni (societ\u00e0 di produzione), Wunderman Thompson (comunicazione), MiglioriAmo (gestione social), Italian Marketing Foundation, Studio Segre, Consumerismo, Rivista Ambiente<\/p>\n<p><strong>Supporter<\/strong> \u2013 Legambiente, Italian Global Solution, Slow Food Italia, UGO, Unione Nazionale Consumatori, Associazione Legali Italiani, ALI Autonomie Locali Italiane, ANCI Umbria, Associazione Restiamo Assieme, Associazione Vitambiente, Cetri-Tires, VisItalyMaps. Igles Corelli, Ludovica Principato, Enrico Fontana, Luigi Gabriele, Ronnie Kessel &#8211; Gruppo Kessel<\/p>\n<p>[\/et_pb_text][\/et_pb_column][et_pb_column type=&#8221;1_5&#8243; _builder_version=&#8221;4.16&#8243; custom_padding=&#8221;|||&#8221; global_colors_info=&#8221;{}&#8221; custom_padding__hover=&#8221;|||&#8221;][\/et_pb_column][\/et_pb_row][\/et_pb_section]<\/p>\n","protected":false},"excerpt":{"rendered":"<p>SpesaSospesa.org, il progetto di solidariet\u00e0 circolare, arriva a Milano grazie alla collaborazione con la Fondazione Terre des Hommes Italia e Banco Alimentare della Lombardia, gi\u00e0 attive sul territorio nel sostegno alimentare alle famiglie pi\u00f9 in difficolt\u00e0. Si replicher\u00e0 qui il modello di solidariet\u00e0 circolare gi\u00e0 avviato in altre citt\u00e0 italiane (Alessandria, Afragola, Catanzaro, Napoli e [&hellip;]<\/p>\n","protected":false},"author":1,"featured_media":2189,"comment_status":"open","ping_status":"open","sticky":false,"template":"","format":"standard","meta":{"_et_pb_use_builder":"on","_et_pb_old_content":"Cras mattis consectetur purus sit amet fermentum. Aenean lacinia bibendum nulla sed consectetur. Donec ullamcorper nulla non metus auctor fringilla. Donec ullamcorper nulla non metus auctor fringilla.","_et_gb_content_width":"","footnotes":""},"categories":[16],"tags":[],"class_list":["post-2187","post","type-post","status-publish","format-standard","has-post-thumbnail","hentry","category-comunicati"],"yoast_head":"<!-- This site is optimized with the Yoast SEO plugin v21.1 - https:\/\/yoast.com\/wordpress\/plugins\/seo\/ -->\n<title>Arriva a Milano SpesaSospesa, contro la povert\u00e0 e lo spreco alimentare - Terre des Hommes Italia<\/title>\n<meta name=\"robots\" content=\"index, follow, max-snippet:-1, max-image-preview:large, max-video-preview:-1\" \/>\n<link rel=\"canonical\" href=\"https:\/\/terredeshommes.it\/eng\/comunicati\/arriva-a-milano-spesasospesa-contro-la-poverta-e-lo-spreco-alimentare\/\" \/>\n<meta property=\"og:locale\" content=\"en_US\" \/>\n<meta property=\"og:type\" content=\"article\" \/>\n<meta property=\"og:title\" content=\"Arriva a Milano SpesaSospesa, contro la povert\u00e0 e lo spreco alimentare - Terre des Hommes Italia\" \/>\n<meta property=\"og:description\" content=\"SpesaSospesa.org, il progetto di solidariet\u00e0 circolare, arriva a Milano grazie alla collaborazione con la Fondazione Terre des Hommes Italia e Banco Alimentare della Lombardia, gi\u00e0 attive sul territorio nel sostegno alimentare alle famiglie pi\u00f9 in difficolt\u00e0. Si replicher\u00e0 qui il modello di solidariet\u00e0 circolare gi\u00e0 avviato in altre citt\u00e0 italiane (Alessandria, Afragola, Catanzaro, Napoli e [&hellip;]\" \/>\n<meta property=\"og:url\" content=\"https:\/\/terredeshommes.it\/eng\/comunicati\/arriva-a-milano-spesasospesa-contro-la-poverta-e-lo-spreco-alimentare\/\" \/>\n<meta property=\"og:site_name\" content=\"Terre des Hommes Italia\" \/>\n<meta property=\"article:published_time\" content=\"2020-09-24T12:56:19+00:00\" \/>\n<meta property=\"article:modified_time\" content=\"2022-07-27T12:58:35+00:00\" \/>\n<meta property=\"og:image\" content=\"https:\/\/terredeshommes.it\/eng\/wp-content\/uploads\/SpesaSospesa-940x613-1.jpeg\" \/>\n\t<meta property=\"og:image:width\" content=\"940\" \/>\n\t<meta property=\"og:image:height\" content=\"613\" \/>\n\t<meta property=\"og:image:type\" content=\"image\/jpeg\" \/>\n<meta name=\"author\" content=\"superTDH\" \/>\n<meta name=\"twitter:card\" content=\"summary_large_image\" \/>\n<meta name=\"twitter:label1\" content=\"Written by\" \/>\n\t<meta name=\"twitter:data1\" content=\"superTDH\" \/>\n\t<meta name=\"twitter:label2\" content=\"Est. reading time\" \/>\n\t<meta name=\"twitter:data2\" content=\"2 minutes\" \/>\n<script type=\"application\/ld+json\" class=\"yoast-schema-graph\">{\"@context\":\"https:\/\/schema.org\",\"@graph\":[{\"@type\":\"WebPage\",\"@id\":\"https:\/\/terredeshommes.it\/eng\/comunicati\/arriva-a-milano-spesasospesa-contro-la-poverta-e-lo-spreco-alimentare\/\",\"url\":\"https:\/\/terredeshommes.it\/eng\/comunicati\/arriva-a-milano-spesasospesa-contro-la-poverta-e-lo-spreco-alimentare\/\",\"name\":\"Arriva a Milano SpesaSospesa, contro la povert\u00e0 e lo spreco alimentare - Terre des Hommes Italia\",\"isPartOf\":{\"@id\":\"https:\/\/terredeshommes.it\/eng\/#website\"},\"datePublished\":\"2020-09-24T12:56:19+00:00\",\"dateModified\":\"2022-07-27T12:58:35+00:00\",\"author\":{\"@id\":\"https:\/\/terredeshommes.it\/eng\/#\/schema\/person\/adf40aab21514bbdc483bd807a69efed\"},\"breadcrumb\":{\"@id\":\"https:\/\/terredeshommes.it\/eng\/comunicati\/arriva-a-milano-spesasospesa-contro-la-poverta-e-lo-spreco-alimentare\/#breadcrumb\"},\"inLanguage\":\"en-US\",\"potentialAction\":[{\"@type\":\"ReadAction\",\"target\":[\"https:\/\/terredeshommes.it\/eng\/comunicati\/arriva-a-milano-spesasospesa-contro-la-poverta-e-lo-spreco-alimentare\/\"]}]},{\"@type\":\"BreadcrumbList\",\"@id\":\"https:\/\/terredeshommes.it\/eng\/comunicati\/arriva-a-milano-spesasospesa-contro-la-poverta-e-lo-spreco-alimentare\/#breadcrumb\",\"itemListElement\":[{\"@type\":\"ListItem\",\"position\":1,\"name\":\"Home\",\"item\":\"https:\/\/terredeshommes.it\/eng\/\"},{\"@type\":\"ListItem\",\"position\":2,\"name\":\"Arriva a Milano SpesaSospesa, contro la povert\u00e0 e lo spreco alimentare\"}]},{\"@type\":\"WebSite\",\"@id\":\"https:\/\/terredeshommes.it\/eng\/#website\",\"url\":\"https:\/\/terredeshommes.it\/eng\/\",\"name\":\"Terre des Hommes Italia\",\"description\":\"Proteggiamo i bambini insieme\",\"potentialAction\":[{\"@type\":\"SearchAction\",\"target\":{\"@type\":\"EntryPoint\",\"urlTemplate\":\"https:\/\/terredeshommes.it\/eng\/?s={search_term_string}\"},\"query-input\":\"required name=search_term_string\"}],\"inLanguage\":\"en-US\"},{\"@type\":\"Person\",\"@id\":\"https:\/\/terredeshommes.it\/eng\/#\/schema\/person\/adf40aab21514bbdc483bd807a69efed\",\"name\":\"superTDH\",\"url\":\"https:\/\/terredeshommes.it\/eng\/author\/supertdh\/\"}]}<\/script>\n<!-- \/ Yoast SEO plugin. -->","yoast_head_json":{"title":"Arriva a Milano SpesaSospesa, contro la povert\u00e0 e lo spreco alimentare - Terre des Hommes Italia","robots":{"index":"index","follow":"follow","max-snippet":"max-snippet:-1","max-image-preview":"max-image-preview:large","max-video-preview":"max-video-preview:-1"},"canonical":"https:\/\/terredeshommes.it\/eng\/comunicati\/arriva-a-milano-spesasospesa-contro-la-poverta-e-lo-spreco-alimentare\/","og_locale":"en_US","og_type":"article","og_title":"Arriva a Milano SpesaSospesa, contro la povert\u00e0 e lo spreco alimentare - Terre des Hommes Italia","og_description":"SpesaSospesa.org, il progetto di solidariet\u00e0 circolare, arriva a Milano grazie alla collaborazione con la Fondazione Terre des Hommes Italia e Banco Alimentare della Lombardia, gi\u00e0 attive sul territorio nel sostegno alimentare alle famiglie pi\u00f9 in difficolt\u00e0. Si replicher\u00e0 qui il modello di solidariet\u00e0 circolare gi\u00e0 avviato in altre citt\u00e0 italiane (Alessandria, Afragola, Catanzaro, Napoli e [&hellip;]","og_url":"https:\/\/terredeshommes.it\/eng\/comunicati\/arriva-a-milano-spesasospesa-contro-la-poverta-e-lo-spreco-alimentare\/","og_site_name":"Terre des Hommes Italia","article_published_time":"2020-09-24T12:56:19+00:00","article_modified_time":"2022-07-27T12:58:35+00:00","og_image":[{"width":940,"height":613,"url":"https:\/\/terredeshommes.it\/eng\/wp-content\/uploads\/SpesaSospesa-940x613-1.jpeg","type":"image\/jpeg"}],"author":"superTDH","twitter_card":"summary_large_image","twitter_misc":{"Written by":"superTDH","Est. reading time":"2 minutes"},"schema":{"@context":"https:\/\/schema.org","@graph":[{"@type":"WebPage","@id":"https:\/\/terredeshommes.it\/eng\/comunicati\/arriva-a-milano-spesasospesa-contro-la-poverta-e-lo-spreco-alimentare\/","url":"https:\/\/terredeshommes.it\/eng\/comunicati\/arriva-a-milano-spesasospesa-contro-la-poverta-e-lo-spreco-alimentare\/","name":"Arriva a Milano SpesaSospesa, contro la povert\u00e0 e lo spreco alimentare - Terre des Hommes Italia","isPartOf":{"@id":"https:\/\/terredeshommes.it\/eng\/#website"},"datePublished":"2020-09-24T12:56:19+00:00","dateModified":"2022-07-27T12:58:35+00:00","author":{"@id":"https:\/\/terredeshommes.it\/eng\/#\/schema\/person\/adf40aab21514bbdc483bd807a69efed"},"breadcrumb":{"@id":"https:\/\/terredeshommes.it\/eng\/comunicati\/arriva-a-milano-spesasospesa-contro-la-poverta-e-lo-spreco-alimentare\/#breadcrumb"},"inLanguage":"en-US","potentialAction":[{"@type":"ReadAction","target":["https:\/\/terredeshommes.it\/eng\/comunicati\/arriva-a-milano-spesasospesa-contro-la-poverta-e-lo-spreco-alimentare\/"]}]},{"@type":"BreadcrumbList","@id":"https:\/\/terredeshommes.it\/eng\/comunicati\/arriva-a-milano-spesasospesa-contro-la-poverta-e-lo-spreco-alimentare\/#breadcrumb","itemListElement":[{"@type":"ListItem","position":1,"name":"Home","item":"https:\/\/terredeshommes.it\/eng\/"},{"@type":"ListItem","position":2,"name":"Arriva a Milano SpesaSospesa, contro la povert\u00e0 e lo spreco alimentare"}]},{"@type":"WebSite","@id":"https:\/\/terredeshommes.it\/eng\/#website","url":"https:\/\/terredeshommes.it\/eng\/","name":"Terre des Hommes Italia","description":"Proteggiamo i bambini insieme","potentialAction":[{"@type":"SearchAction","target":{"@type":"EntryPoint","urlTemplate":"https:\/\/terredeshommes.it\/eng\/?s={search_term_string}"},"query-input":"required name=search_term_string"}],"inLanguage":"en-US"},{"@type":"Person","@id":"https:\/\/terredeshommes.it\/eng\/#\/schema\/person\/adf40aab21514bbdc483bd807a69efed","name":"superTDH","url":"https:\/\/terredeshommes.it\/eng\/author\/supertdh\/"}]}},"_links":{"self":[{"href":"https:\/\/terredeshommes.it\/eng\/wp-json\/wp\/v2\/posts\/2187","targetHints":{"allow":["GET"]}}],"collection":[{"href":"https:\/\/terredeshommes.it\/eng\/wp-json\/wp\/v2\/posts"}],"about":[{"href":"https:\/\/terredeshommes.it\/eng\/wp-json\/wp\/v2\/types\/post"}],"author":[{"embeddable":true,"href":"https:\/\/terredeshommes.it\/eng\/wp-json\/wp\/v2\/users\/1"}],"replies":[{"embeddable":true,"href":"https:\/\/terredeshommes.it\/eng\/wp-json\/wp\/v2\/comments?post=2187"}],"version-history":[{"count":0,"href":"https:\/\/terredeshommes.it\/eng\/wp-json\/wp\/v2\/posts\/2187\/revisions"}],"wp:featuredmedia":[{"embeddable":true,"href":"https:\/\/terredeshommes.it\/eng\/wp-json\/wp\/v2\/media\/2189"}],"wp:attachment":[{"href":"https:\/\/terredeshommes.it\/eng\/wp-json\/wp\/v2\/media?parent=2187"}],"wp:term":[{"taxonomy":"category","embeddable":true,"href":"https:\/\/terredeshommes.it\/eng\/wp-json\/wp\/v2\/categories?post=2187"},{"taxonomy":"post_tag","embeddable":true,"href":"https:\/\/terredeshommes.it\/eng\/wp-json\/wp\/v2\/tags?post=2187"}],"curies":[{"name":"wp","href":"https:\/\/api.w.org\/{rel}","templated":true}]}}