{"id":2190,"date":"2020-09-29T14:59:25","date_gmt":"2020-09-29T12:59:25","guid":{"rendered":"https:\/\/terredeshommes.it\/?p=2190"},"modified":"2022-07-27T15:00:51","modified_gmt":"2022-07-27T13:00:51","slug":"contro-la-violenza-un-cerotto-non-basta","status":"publish","type":"post","link":"https:\/\/terredeshommes.it\/eng\/comunicati\/contro-la-violenza-un-cerotto-non-basta\/","title":{"rendered":"Contro la violenza un cerotto non basta"},"content":{"rendered":"<p>[et_pb_section fb_built=&#8221;1&#8243; _builder_version=&#8221;4.16&#8243; global_colors_info=&#8221;{}&#8221;][et_pb_row column_structure=&#8221;1_5,3_5,1_5&#8243; _builder_version=&#8221;4.16&#8243; background_size=&#8221;initial&#8221; background_position=&#8221;top_left&#8221; background_repeat=&#8221;repeat&#8221; global_colors_info=&#8221;{}&#8221;][et_pb_column type=&#8221;1_5&#8243; _builder_version=&#8221;4.16&#8243; custom_padding=&#8221;|||&#8221; global_colors_info=&#8221;{}&#8221; custom_padding__hover=&#8221;|||&#8221;][\/et_pb_column][et_pb_column type=&#8221;3_5&#8243; _builder_version=&#8221;4.16&#8243; custom_padding=&#8221;|||&#8221; global_colors_info=&#8221;{}&#8221; custom_padding__hover=&#8221;|||&#8221;][et_pb_text admin_label=&#8221;Testo&#8221; _builder_version=&#8221;4.17.6&#8243; background_size=&#8221;initial&#8221; background_position=&#8221;top_left&#8221; background_repeat=&#8221;repeat&#8221; hover_enabled=&#8221;0&#8243; global_colors_info=&#8221;{}&#8221; sticky_enabled=&#8221;0&#8243;]<\/p>\n<p>La sfida pi\u00f9 grande \u00e8 vincere la lotta contro la <strong>violenza di genere<\/strong>. Abusi, discriminazioni, schiavit\u00f9 minano il futuro di milioni di bambine e ragazze in tutto il mondo, anche in Paesi come il nostro. E compromettono lo sviluppo della nostra stessa societ\u00e0. Ma questa battaglia non la si pu\u00f2 combattere da sole, <strong>occorre l\u2019aiuto di tutti<\/strong>. Non bastano rimedi estemporanei, cos\u00ec come un cerotto non pu\u00f2 curare una ferita profonda. <strong>Il nuovo spot per la Campagna <a href=\"http:\/\/indifesa.org\" target=\"_blank\" rel=\"noopener\">Indifesa<\/a> di Terre des Hommes<\/strong> realizzato dal think tank <a href=\"http:\/\/www.moovieon.com\" target=\"_blank\" rel=\"noopener\">Moovie ON<\/a> lancia un potente messaggio di accusa per una societ\u00e0 che troppo spesso lascia sole le vittime di violenza. Per aiutarle Terre des Hommes lancia una raccolta fondi con il <strong>numero solidale 45591 dal 28 settembre al 18 ottobre 2020<\/strong> che permetter\u00e0 di aprire <strong>Consultami &#8211; Spazio indifesa<\/strong>, il suo primo spazio di ascolto e sostegno a ragazze e donne vittime di violenza fisica, psicologica o economica, situato a Parma. I fondi verranno destinati anche al progetto <strong>Network indifesa &#8211; Empowerment Ragazze<\/strong>, per la realizzazione di <strong>percorso di empowerment femminile e generazionale<\/strong> rivolto a 200 ragazze dai 14 ai 19 anni in tutta Italia attraverso webinar condotti da un dream team di esperte, role models e professioniste.<\/p>\n<p>\u201c<em>La Campagna indifesa \u00e8 nata nove anni fa per sensibilizzare il grande pubblico sulle innumerevoli violazioni dei diritti delle bambine, le pi\u00f9 soggette a maltrattamenti, discriminazioni, abusi e sfruttamento<\/em>\u201d, spiega <strong>Paolo Ferrara<\/strong>, Direttore Generale di Terre des Hommes. \u201c<em>Attraverso interventi concreti, in Italia e nel mondo, <strong>vogliamo costruire un mondo dove sia garantito a ognuna di loro protezione, istruzione, salute<\/strong>. Per dirla in termini sportivi, vogliamo che abbiano sempre il diritto di giocare alla pari, di esprimere il proprio talento e inseguire i propri sogni. Di questo ne beneficer\u00e0 l\u2019intera societ\u00e0, che potr\u00e0 avvalersi dell\u2019incredibile capacit\u00e0 delle ragazze di agire come potenti agenti di cambiamento<\/em>\u201d.<\/p>\n<p>\u201c<em>Quest\u2019anno la Campagna indifesa ha un focus sul mondo dello sport per veicolare il suo messaggio contro la discriminazione e la violenza di genere<\/em>\u201d, dichiara <strong>Stefano Girardi<\/strong>, regista dello spot. \u201c<em>Il claim scelto sottolineava che &#8220;<strong>per certe ferite un cerotto non basta<\/strong>\u201d. Avendo questi due elementi ben in mente l\u2019idea \u00e8 nata subito. Trasferire le ferite fisiche e interiori delle vittime della violenza sull\u2019oggetto simbolo della vittoria sportiva: la coppa. Nel video, infatti, vediamo tre atlete festeggiare una vittoria sollevando una coppa, ma questa, vista da vicino, presenta una grande cicatrice sulla sua superficie. Questo contrasto tra un&#8217;immagine di vittoria e un senso di precariet\u00e0 ci racconta che le battaglie quotidiane di molte ragazze possono essere vinte solo se non sono lasciate sole<\/em>\u201d.<\/p>\n<p>Lo spot \u201c<a href=\"https:\/\/www.youtube.com\/watch?v=WsPfBgMXVMg\" target=\"_blank\" rel=\"noopener\">Per certe ferite un cerotto non basta<\/a>\u201d \u00e8 stato realizzato dal think tank milanese Moovie ON in 2 formati: 15 e 30 secondi. La voce \u00e8 di <strong>Simona Biasetti<\/strong>.<\/p>\n<p>Lo spot sar\u00e0 trasmesso dal 28 settembre al 4 ottobre 2020 sugli schermi delle <strong>metropolitane di Milano, Roma, Brescia, Genova<\/strong>, e in <strong>15 aeroporti italiani<\/strong>. In tv sono previsti passaggi sui canali di <strong>Discovery Channel<\/strong> e <strong>Discovery Science<\/strong> (28 sett. &#8211; 3 ottobre), <strong>La7<\/strong> (4-17 ottobre) e <strong>Sky<\/strong> (4-18 ottobre). Inoltre dall\u20191 al 14 ottobre sar\u00e0 trasmesso sugli schermi di <strong>300 cinema<\/strong> del circuito <strong>MovieMedia<\/strong> e dal 28 settembre al 18 ottobre sar\u00e0 trasmesso sui 4 canali SI-Smart di <strong>CapitalAdv<\/strong>.<\/p>\n<p>L\u2019attrice <strong>Carla Signoris<\/strong> ha prestato la sua voce per realizzare <strong>due versioni radio dello spot<\/strong> da 30\u201d che verranno trasmesse su spazi gratuiti messi a disposizione da <strong>Radio Deejay<\/strong> e <strong>Radio Italia Anni 60<\/strong> di Teamradio.<\/p>\n<p>La <strong>Campagna indifesa<\/strong> \u00e8 composta anche da <strong>ADV<\/strong> che verranno pubblicati su testate stampa, online e offline grazie al supporto di <strong>Wave Maker Global<\/strong> e di <strong>Virginio Guastoni-VG Pubblicit\u00e0<\/strong> agli ingressi della Metropolitana e su 100 schermi streetbox della citt\u00e0 di Milano.<\/p>\n<p>[\/et_pb_text][\/et_pb_column][et_pb_column type=&#8221;1_5&#8243; _builder_version=&#8221;4.16&#8243; custom_padding=&#8221;|||&#8221; global_colors_info=&#8221;{}&#8221; custom_padding__hover=&#8221;|||&#8221;][\/et_pb_column][\/et_pb_row][\/et_pb_section]<\/p>\n","protected":false},"excerpt":{"rendered":"<p>La sfida pi\u00f9 grande \u00e8 vincere la lotta contro la violenza di genere. Abusi, discriminazioni, schiavit\u00f9 minano il futuro di milioni di bambine e ragazze in tutto il mondo, anche in Paesi come il nostro. E compromettono lo sviluppo della nostra stessa societ\u00e0. Ma questa battaglia non la si pu\u00f2 combattere da sole, occorre l\u2019aiuto [&hellip;]<\/p>\n","protected":false},"author":1,"featured_media":2192,"comment_status":"open","ping_status":"open","sticky":false,"template":"","format":"standard","meta":{"_et_pb_use_builder":"on","_et_pb_old_content":"Cras mattis consectetur purus sit amet fermentum. Aenean lacinia bibendum nulla sed consectetur. Donec ullamcorper nulla non metus auctor fringilla. Donec ullamcorper nulla non metus auctor fringilla.","_et_gb_content_width":"","footnotes":""},"categories":[16],"tags":[],"class_list":["post-2190","post","type-post","status-publish","format-standard","has-post-thumbnail","hentry","category-comunicati"],"yoast_head":"<!-- This site is optimized with the Yoast SEO plugin v21.1 - https:\/\/yoast.com\/wordpress\/plugins\/seo\/ -->\n<title>Contro la violenza un cerotto non basta - Terre des Hommes Italia<\/title>\n<meta name=\"robots\" content=\"index, follow, max-snippet:-1, max-image-preview:large, max-video-preview:-1\" \/>\n<link rel=\"canonical\" href=\"https:\/\/terredeshommes.it\/eng\/comunicati\/contro-la-violenza-un-cerotto-non-basta\/\" \/>\n<meta property=\"og:locale\" content=\"en_US\" \/>\n<meta property=\"og:type\" content=\"article\" \/>\n<meta property=\"og:title\" content=\"Contro la violenza un cerotto non basta - Terre des Hommes Italia\" \/>\n<meta property=\"og:description\" content=\"La sfida pi\u00f9 grande \u00e8 vincere la lotta contro la violenza di genere. Abusi, discriminazioni, schiavit\u00f9 minano il futuro di milioni di bambine e ragazze in tutto il mondo, anche in Paesi come il nostro. E compromettono lo sviluppo della nostra stessa societ\u00e0. Ma questa battaglia non la si pu\u00f2 combattere da sole, occorre l\u2019aiuto [&hellip;]\" \/>\n<meta property=\"og:url\" content=\"https:\/\/terredeshommes.it\/eng\/comunicati\/contro-la-violenza-un-cerotto-non-basta\/\" \/>\n<meta property=\"og:site_name\" content=\"Terre des Hommes Italia\" \/>\n<meta property=\"article:published_time\" content=\"2020-09-29T12:59:25+00:00\" \/>\n<meta property=\"article:modified_time\" content=\"2022-07-27T13:00:51+00:00\" \/>\n<meta property=\"og:image\" content=\"https:\/\/terredeshommes.it\/eng\/wp-content\/uploads\/indifesa_per-certe-ferite.jpeg\" \/>\n\t<meta property=\"og:image:width\" content=\"940\" \/>\n\t<meta property=\"og:image:height\" content=\"450\" \/>\n\t<meta property=\"og:image:type\" content=\"image\/jpeg\" \/>\n<meta name=\"author\" content=\"superTDH\" \/>\n<meta name=\"twitter:card\" content=\"summary_large_image\" \/>\n<meta name=\"twitter:label1\" content=\"Written by\" \/>\n\t<meta name=\"twitter:data1\" content=\"superTDH\" \/>\n\t<meta name=\"twitter:label2\" content=\"Est. reading time\" \/>\n\t<meta name=\"twitter:data2\" content=\"8 minutes\" \/>\n<script type=\"application\/ld+json\" class=\"yoast-schema-graph\">{\"@context\":\"https:\/\/schema.org\",\"@graph\":[{\"@type\":\"WebPage\",\"@id\":\"https:\/\/terredeshommes.it\/eng\/comunicati\/contro-la-violenza-un-cerotto-non-basta\/\",\"url\":\"https:\/\/terredeshommes.it\/eng\/comunicati\/contro-la-violenza-un-cerotto-non-basta\/\",\"name\":\"Contro la violenza un cerotto non basta - Terre des Hommes Italia\",\"isPartOf\":{\"@id\":\"https:\/\/terredeshommes.it\/eng\/#website\"},\"datePublished\":\"2020-09-29T12:59:25+00:00\",\"dateModified\":\"2022-07-27T13:00:51+00:00\",\"author\":{\"@id\":\"https:\/\/terredeshommes.it\/eng\/#\/schema\/person\/adf40aab21514bbdc483bd807a69efed\"},\"breadcrumb\":{\"@id\":\"https:\/\/terredeshommes.it\/eng\/comunicati\/contro-la-violenza-un-cerotto-non-basta\/#breadcrumb\"},\"inLanguage\":\"en-US\",\"potentialAction\":[{\"@type\":\"ReadAction\",\"target\":[\"https:\/\/terredeshommes.it\/eng\/comunicati\/contro-la-violenza-un-cerotto-non-basta\/\"]}]},{\"@type\":\"BreadcrumbList\",\"@id\":\"https:\/\/terredeshommes.it\/eng\/comunicati\/contro-la-violenza-un-cerotto-non-basta\/#breadcrumb\",\"itemListElement\":[{\"@type\":\"ListItem\",\"position\":1,\"name\":\"Home\",\"item\":\"https:\/\/terredeshommes.it\/eng\/\"},{\"@type\":\"ListItem\",\"position\":2,\"name\":\"Contro la violenza un cerotto non basta\"}]},{\"@type\":\"WebSite\",\"@id\":\"https:\/\/terredeshommes.it\/eng\/#website\",\"url\":\"https:\/\/terredeshommes.it\/eng\/\",\"name\":\"Terre des Hommes Italia\",\"description\":\"Proteggiamo i bambini insieme\",\"potentialAction\":[{\"@type\":\"SearchAction\",\"target\":{\"@type\":\"EntryPoint\",\"urlTemplate\":\"https:\/\/terredeshommes.it\/eng\/?s={search_term_string}\"},\"query-input\":\"required name=search_term_string\"}],\"inLanguage\":\"en-US\"},{\"@type\":\"Person\",\"@id\":\"https:\/\/terredeshommes.it\/eng\/#\/schema\/person\/adf40aab21514bbdc483bd807a69efed\",\"name\":\"superTDH\",\"url\":\"https:\/\/terredeshommes.it\/eng\/author\/supertdh\/\"}]}<\/script>\n<!-- \/ Yoast SEO plugin. -->","yoast_head_json":{"title":"Contro la violenza un cerotto non basta - Terre des Hommes Italia","robots":{"index":"index","follow":"follow","max-snippet":"max-snippet:-1","max-image-preview":"max-image-preview:large","max-video-preview":"max-video-preview:-1"},"canonical":"https:\/\/terredeshommes.it\/eng\/comunicati\/contro-la-violenza-un-cerotto-non-basta\/","og_locale":"en_US","og_type":"article","og_title":"Contro la violenza un cerotto non basta - Terre des Hommes Italia","og_description":"La sfida pi\u00f9 grande \u00e8 vincere la lotta contro la violenza di genere. Abusi, discriminazioni, schiavit\u00f9 minano il futuro di milioni di bambine e ragazze in tutto il mondo, anche in Paesi come il nostro. E compromettono lo sviluppo della nostra stessa societ\u00e0. Ma questa battaglia non la si pu\u00f2 combattere da sole, occorre l\u2019aiuto [&hellip;]","og_url":"https:\/\/terredeshommes.it\/eng\/comunicati\/contro-la-violenza-un-cerotto-non-basta\/","og_site_name":"Terre des Hommes Italia","article_published_time":"2020-09-29T12:59:25+00:00","article_modified_time":"2022-07-27T13:00:51+00:00","og_image":[{"width":940,"height":450,"url":"https:\/\/terredeshommes.it\/eng\/wp-content\/uploads\/indifesa_per-certe-ferite.jpeg","type":"image\/jpeg"}],"author":"superTDH","twitter_card":"summary_large_image","twitter_misc":{"Written by":"superTDH","Est. reading time":"8 minutes"},"schema":{"@context":"https:\/\/schema.org","@graph":[{"@type":"WebPage","@id":"https:\/\/terredeshommes.it\/eng\/comunicati\/contro-la-violenza-un-cerotto-non-basta\/","url":"https:\/\/terredeshommes.it\/eng\/comunicati\/contro-la-violenza-un-cerotto-non-basta\/","name":"Contro la violenza un cerotto non basta - Terre des Hommes Italia","isPartOf":{"@id":"https:\/\/terredeshommes.it\/eng\/#website"},"datePublished":"2020-09-29T12:59:25+00:00","dateModified":"2022-07-27T13:00:51+00:00","author":{"@id":"https:\/\/terredeshommes.it\/eng\/#\/schema\/person\/adf40aab21514bbdc483bd807a69efed"},"breadcrumb":{"@id":"https:\/\/terredeshommes.it\/eng\/comunicati\/contro-la-violenza-un-cerotto-non-basta\/#breadcrumb"},"inLanguage":"en-US","potentialAction":[{"@type":"ReadAction","target":["https:\/\/terredeshommes.it\/eng\/comunicati\/contro-la-violenza-un-cerotto-non-basta\/"]}]},{"@type":"BreadcrumbList","@id":"https:\/\/terredeshommes.it\/eng\/comunicati\/contro-la-violenza-un-cerotto-non-basta\/#breadcrumb","itemListElement":[{"@type":"ListItem","position":1,"name":"Home","item":"https:\/\/terredeshommes.it\/eng\/"},{"@type":"ListItem","position":2,"name":"Contro la violenza un cerotto non basta"}]},{"@type":"WebSite","@id":"https:\/\/terredeshommes.it\/eng\/#website","url":"https:\/\/terredeshommes.it\/eng\/","name":"Terre des Hommes Italia","description":"Proteggiamo i bambini insieme","potentialAction":[{"@type":"SearchAction","target":{"@type":"EntryPoint","urlTemplate":"https:\/\/terredeshommes.it\/eng\/?s={search_term_string}"},"query-input":"required name=search_term_string"}],"inLanguage":"en-US"},{"@type":"Person","@id":"https:\/\/terredeshommes.it\/eng\/#\/schema\/person\/adf40aab21514bbdc483bd807a69efed","name":"superTDH","url":"https:\/\/terredeshommes.it\/eng\/author\/supertdh\/"}]}},"_links":{"self":[{"href":"https:\/\/terredeshommes.it\/eng\/wp-json\/wp\/v2\/posts\/2190","targetHints":{"allow":["GET"]}}],"collection":[{"href":"https:\/\/terredeshommes.it\/eng\/wp-json\/wp\/v2\/posts"}],"about":[{"href":"https:\/\/terredeshommes.it\/eng\/wp-json\/wp\/v2\/types\/post"}],"author":[{"embeddable":true,"href":"https:\/\/terredeshommes.it\/eng\/wp-json\/wp\/v2\/users\/1"}],"replies":[{"embeddable":true,"href":"https:\/\/terredeshommes.it\/eng\/wp-json\/wp\/v2\/comments?post=2190"}],"version-history":[{"count":0,"href":"https:\/\/terredeshommes.it\/eng\/wp-json\/wp\/v2\/posts\/2190\/revisions"}],"wp:featuredmedia":[{"embeddable":true,"href":"https:\/\/terredeshommes.it\/eng\/wp-json\/wp\/v2\/media\/2192"}],"wp:attachment":[{"href":"https:\/\/terredeshommes.it\/eng\/wp-json\/wp\/v2\/media?parent=2190"}],"wp:term":[{"taxonomy":"category","embeddable":true,"href":"https:\/\/terredeshommes.it\/eng\/wp-json\/wp\/v2\/categories?post=2190"},{"taxonomy":"post_tag","embeddable":true,"href":"https:\/\/terredeshommes.it\/eng\/wp-json\/wp\/v2\/tags?post=2190"}],"curies":[{"name":"wp","href":"https:\/\/api.w.org\/{rel}","templated":true}]}}