{"id":2193,"date":"2020-09-30T15:01:14","date_gmt":"2020-09-30T13:01:14","guid":{"rendered":"https:\/\/terredeshommes.it\/?p=2193"},"modified":"2022-07-27T15:05:02","modified_gmt":"2022-07-27T13:05:02","slug":"pramerica-sostiene-la-casa-di-timmi","status":"publish","type":"post","link":"https:\/\/terredeshommes.it\/eng\/comunicati\/pramerica-sostiene-la-casa-di-timmi\/","title":{"rendered":"Pramerica sostiene la Casa di Timmi"},"content":{"rendered":"<p>[et_pb_section fb_built=&#8221;1&#8243; _builder_version=&#8221;4.16&#8243; global_colors_info=&#8221;{}&#8221;][et_pb_row column_structure=&#8221;1_5,3_5,1_5&#8243; _builder_version=&#8221;4.16&#8243; background_size=&#8221;initial&#8221; background_position=&#8221;top_left&#8221; background_repeat=&#8221;repeat&#8221; global_colors_info=&#8221;{}&#8221;][et_pb_column type=&#8221;1_5&#8243; _builder_version=&#8221;4.16&#8243; custom_padding=&#8221;|||&#8221; global_colors_info=&#8221;{}&#8221; custom_padding__hover=&#8221;|||&#8221;][\/et_pb_column][et_pb_column type=&#8221;3_5&#8243; _builder_version=&#8221;4.16&#8243; custom_padding=&#8221;|||&#8221; global_colors_info=&#8221;{}&#8221; custom_padding__hover=&#8221;|||&#8221;][et_pb_text admin_label=&#8221;Testo&#8221; _builder_version=&#8221;4.17.6&#8243; background_size=&#8221;initial&#8221; background_position=&#8221;top_left&#8221; background_repeat=&#8221;repeat&#8221; hover_enabled=&#8221;0&#8243; global_colors_info=&#8221;{}&#8221; sticky_enabled=&#8221;0&#8243;]<\/p>\n<p>\u201c<em>Costruire il futuro del nostro pianeta passa da scelte chiare e coraggiose: dalla difesa dell&#8217;ambiente alla cura dei bambini che lo erediteranno<\/em>\u201d. Questo \u00e8 uno dei principi che guidano l\u2019azione quotidiana di Terre des Hommes Italia che <a href=\"https:\/\/www.pramericasgr.it\/Homepage\" target=\"_blank\" rel=\"noopener\">Pramerica SGR<\/a> sposa e in base al quale ha deciso di sostenere il progetto \u201c<a href=\"https:\/\/casaditimmi.terredeshommes.it\/\" target=\"_blank\" rel=\"noopener\">La casa di Timmi<\/a>\u201d.<\/p>\n<p><strong>I bambini e i ragazzi devono poter crescere in ambienti salutari, sereni, privi di violenza<\/strong> e adatti a supportarne lo sviluppo psicofisico e in funzione della loro et\u00e0 devono poter vedere realizzati i propri sogni. Per questo, per poter dare una casa, intesa come un luogo di amore, di crescita, di sostegno e di divertimento, a 6 bambini che nei loro contesti domestici di provenienza non hanno potuto sperimentare la spensieratezza tipica della loro et\u00e0, \u00e8 stata costruita la <strong>Casa di Timmi<\/strong>.<\/p>\n<p>Cascina Sant\u2019Isidoro, questo il nome della struttura che sorge a Carugo, in provincia di Como, che 10 anni fa \u00e8 stata sottratta ai clan mafiosi e che adesso \u00e8 propriet\u00e0 del Comune. E come nelle migliori storie, da luogo di decadenza, diventer\u00e0 luogo di rinascita. <strong>Dal momento della sua inaugurazione, infatti, la Casa di Timmi accoglier\u00e0 6 bambini di et\u00e0 compresa tra 0 e 5 anni<\/strong> che potranno essere ospitati contemporaneamente nella struttura. I lavori di ristrutturazione in corso prevedono la creazione di tre camere da letto al piano terra per i ragazzi pi\u00f9 grandi e di altrettante camere al primo piano per i pi\u00f9 piccoli, dove dormir\u00e0 anche la famiglia pronta a occuparsi di tutti loro. <strong>Vi sar\u00e0 poi uno spazio dedicato al gioco e uno spazio funzionale al riavvicinamento delle famiglie d\u2019origine con i ragazzi, allo scopo di favorirne il rientro a casa un domani<\/strong>.<\/p>\n<p>\u201c<em>Da tempo volevamo costruire un rifugio dove i bambini vittime di maltrattamento o allontanati dalla famiglia con provvedimento dell\u2019autorit\u00e0 giudiziaria anche per altre ragioni, potessero intraprendere con serenit\u00e0 un percorso di recupero e guarire dalle ferite psicologiche, con il sostegno di operatori qualificati<\/em> \u2013 ha dichiarato <strong>Federica Giannotta<\/strong>, Responsabile Progetti Italia di Terre des Hommes. <em>Pramerica SGR ha contribuito a rendere realt\u00e0 questo sogno. Le attivit\u00e0 della Casa di Timmi verranno svolte in collaborazione con la cooperativa sociale di solidariet\u00e0 Comin e coinvolgeranno\u00a0educatori, psicologi, pediatri, famiglie e volontari in modo da poter fornire un\u2019assistenza completa ai bambini e alla loro famiglia. Tutto questo per arrivare a un rientro sicuro del bambino presso i genitori o al suo trasferimento presso una famiglia affidataria o adottiva<\/em>\u201d.<\/p>\n<p>\u201c<em>Non \u00e8 facile trovare realt\u00e0 che si occupino di realizzare progetti sociali di una valenza cos\u00ec concreta e tangibile, come \u00e8 appunto La Casa di Timmi. Siamo orgogliosi di dare il nostro contributo a Terre des Hommes Italia<\/em> &#8211; ha aggiunto <strong>Andrea Ghidoni<\/strong>, Amministratore Delegato e Direttore Generale di Pramerica SGR &#8211; <em>affinch\u00e9 questo progetto diventi il prima possibile realt\u00e0. Non baster\u00e0 una casa per permettere a questi bambini di superare il loro difficile vissuto, ma grazie a una casa potranno riscoprire il valore della famiglia. Non possiamo immaginare un futuro dove tutti i giovani non siano il perno focale, il centro di tutto, il motore del pianeta. Questi ragazzi hanno gli stessi diritti dei nostri figli<\/em>.\u201d<\/p>\n<p>I fondi destinati a questo progetto derivano dalla devoluzione diretta di parte dell\u2019utile aziendale di Pramerica SGR e di parte delle commissioni di gestione incassate nello scorso anno da alcune delle strategie socialmente responsabili presenti nella gamma d\u2019offerta della societ\u00e0. Queste strategie, infatti, che includono criteri di sostenibilit\u00e0 nelle scelte di portafoglio e, al contempo, sostengono <strong>progetti di elevata valenza sociale come quello di Terre des Hommes<\/strong>, rappresentano un punto fermo nel percorso di crescita dell\u2019azienda.<\/p>\n<p>In questa direzione, nel corso di quest\u2019anno, \u00e8 prevista la partenza di una nuova strategia di investimento, focalizzata sui bambini, che nelle scelte di portafoglio, oltre ai criteri tradizionali, considerer\u00e0 criteri di inclusione rivolti proprio alla tutela del benessere delle generazioni presenti e future e di esclusione per impedire ingiustizie nei confronti di minori.<\/p>\n<p>[\/et_pb_text][\/et_pb_column][et_pb_column type=&#8221;1_5&#8243; _builder_version=&#8221;4.16&#8243; custom_padding=&#8221;|||&#8221; global_colors_info=&#8221;{}&#8221; custom_padding__hover=&#8221;|||&#8221;][\/et_pb_column][\/et_pb_row][\/et_pb_section]<\/p>\n","protected":false},"excerpt":{"rendered":"<p>\u201cCostruire il futuro del nostro pianeta passa da scelte chiare e coraggiose: dalla difesa dell&#8217;ambiente alla cura dei bambini che lo erediteranno\u201d. Questo \u00e8 uno dei principi che guidano l\u2019azione quotidiana di Terre des Hommes Italia che Pramerica SGR sposa e in base al quale ha deciso di sostenere il progetto \u201cLa casa di Timmi\u201d. [&hellip;]<\/p>\n","protected":false},"author":1,"featured_media":2195,"comment_status":"open","ping_status":"open","sticky":false,"template":"","format":"standard","meta":{"_et_pb_use_builder":"on","_et_pb_old_content":"Cras mattis consectetur purus sit amet fermentum. Aenean lacinia bibendum nulla sed consectetur. Donec ullamcorper nulla non metus auctor fringilla. Donec ullamcorper nulla non metus auctor fringilla.","_et_gb_content_width":"","footnotes":""},"categories":[16],"tags":[],"class_list":["post-2193","post","type-post","status-publish","format-standard","has-post-thumbnail","hentry","category-comunicati"],"yoast_head":"<!-- This site is optimized with the Yoast SEO plugin v21.1 - https:\/\/yoast.com\/wordpress\/plugins\/seo\/ -->\n<title>Pramerica sostiene la Casa di Timmi - Terre des Hommes Italia<\/title>\n<meta name=\"robots\" content=\"index, follow, max-snippet:-1, max-image-preview:large, max-video-preview:-1\" \/>\n<link rel=\"canonical\" href=\"https:\/\/terredeshommes.it\/eng\/comunicati\/pramerica-sostiene-la-casa-di-timmi\/\" \/>\n<meta property=\"og:locale\" content=\"en_US\" \/>\n<meta property=\"og:type\" content=\"article\" \/>\n<meta property=\"og:title\" content=\"Pramerica sostiene la Casa di Timmi - Terre des Hommes Italia\" \/>\n<meta property=\"og:description\" content=\"\u201cCostruire il futuro del nostro pianeta passa da scelte chiare e coraggiose: dalla difesa dell&#039;ambiente alla cura dei bambini che lo erediteranno\u201d. Questo \u00e8 uno dei principi che guidano l\u2019azione quotidiana di Terre des Hommes Italia che Pramerica SGR sposa e in base al quale ha deciso di sostenere il progetto \u201cLa casa di Timmi\u201d. [&hellip;]\" \/>\n<meta property=\"og:url\" content=\"https:\/\/terredeshommes.it\/eng\/comunicati\/pramerica-sostiene-la-casa-di-timmi\/\" \/>\n<meta property=\"og:site_name\" content=\"Terre des Hommes Italia\" \/>\n<meta property=\"article:published_time\" content=\"2020-09-30T13:01:14+00:00\" \/>\n<meta property=\"article:modified_time\" content=\"2022-07-27T13:05:02+00:00\" \/>\n<meta property=\"og:image\" content=\"https:\/\/terredeshommes.it\/eng\/wp-content\/uploads\/CasaDiTimmi_foto-940x529-1.jpeg\" \/>\n\t<meta property=\"og:image:width\" content=\"940\" \/>\n\t<meta property=\"og:image:height\" content=\"529\" \/>\n\t<meta property=\"og:image:type\" content=\"image\/jpeg\" \/>\n<meta name=\"author\" content=\"superTDH\" \/>\n<meta name=\"twitter:card\" content=\"summary_large_image\" \/>\n<meta name=\"twitter:label1\" content=\"Written by\" \/>\n\t<meta name=\"twitter:data1\" content=\"superTDH\" \/>\n\t<meta name=\"twitter:label2\" content=\"Est. reading time\" \/>\n\t<meta name=\"twitter:data2\" content=\"4 minutes\" \/>\n<script type=\"application\/ld+json\" class=\"yoast-schema-graph\">{\"@context\":\"https:\/\/schema.org\",\"@graph\":[{\"@type\":\"WebPage\",\"@id\":\"https:\/\/terredeshommes.it\/eng\/comunicati\/pramerica-sostiene-la-casa-di-timmi\/\",\"url\":\"https:\/\/terredeshommes.it\/eng\/comunicati\/pramerica-sostiene-la-casa-di-timmi\/\",\"name\":\"Pramerica sostiene la Casa di Timmi - Terre des Hommes Italia\",\"isPartOf\":{\"@id\":\"https:\/\/terredeshommes.it\/eng\/#website\"},\"datePublished\":\"2020-09-30T13:01:14+00:00\",\"dateModified\":\"2022-07-27T13:05:02+00:00\",\"author\":{\"@id\":\"https:\/\/terredeshommes.it\/eng\/#\/schema\/person\/adf40aab21514bbdc483bd807a69efed\"},\"breadcrumb\":{\"@id\":\"https:\/\/terredeshommes.it\/eng\/comunicati\/pramerica-sostiene-la-casa-di-timmi\/#breadcrumb\"},\"inLanguage\":\"en-US\",\"potentialAction\":[{\"@type\":\"ReadAction\",\"target\":[\"https:\/\/terredeshommes.it\/eng\/comunicati\/pramerica-sostiene-la-casa-di-timmi\/\"]}]},{\"@type\":\"BreadcrumbList\",\"@id\":\"https:\/\/terredeshommes.it\/eng\/comunicati\/pramerica-sostiene-la-casa-di-timmi\/#breadcrumb\",\"itemListElement\":[{\"@type\":\"ListItem\",\"position\":1,\"name\":\"Home\",\"item\":\"https:\/\/terredeshommes.it\/eng\/\"},{\"@type\":\"ListItem\",\"position\":2,\"name\":\"Pramerica sostiene la Casa di Timmi\"}]},{\"@type\":\"WebSite\",\"@id\":\"https:\/\/terredeshommes.it\/eng\/#website\",\"url\":\"https:\/\/terredeshommes.it\/eng\/\",\"name\":\"Terre des Hommes Italia\",\"description\":\"Proteggiamo i bambini insieme\",\"potentialAction\":[{\"@type\":\"SearchAction\",\"target\":{\"@type\":\"EntryPoint\",\"urlTemplate\":\"https:\/\/terredeshommes.it\/eng\/?s={search_term_string}\"},\"query-input\":\"required name=search_term_string\"}],\"inLanguage\":\"en-US\"},{\"@type\":\"Person\",\"@id\":\"https:\/\/terredeshommes.it\/eng\/#\/schema\/person\/adf40aab21514bbdc483bd807a69efed\",\"name\":\"superTDH\",\"url\":\"https:\/\/terredeshommes.it\/eng\/author\/supertdh\/\"}]}<\/script>\n<!-- \/ Yoast SEO plugin. -->","yoast_head_json":{"title":"Pramerica sostiene la Casa di Timmi - Terre des Hommes Italia","robots":{"index":"index","follow":"follow","max-snippet":"max-snippet:-1","max-image-preview":"max-image-preview:large","max-video-preview":"max-video-preview:-1"},"canonical":"https:\/\/terredeshommes.it\/eng\/comunicati\/pramerica-sostiene-la-casa-di-timmi\/","og_locale":"en_US","og_type":"article","og_title":"Pramerica sostiene la Casa di Timmi - Terre des Hommes Italia","og_description":"\u201cCostruire il futuro del nostro pianeta passa da scelte chiare e coraggiose: dalla difesa dell'ambiente alla cura dei bambini che lo erediteranno\u201d. Questo \u00e8 uno dei principi che guidano l\u2019azione quotidiana di Terre des Hommes Italia che Pramerica SGR sposa e in base al quale ha deciso di sostenere il progetto \u201cLa casa di Timmi\u201d. [&hellip;]","og_url":"https:\/\/terredeshommes.it\/eng\/comunicati\/pramerica-sostiene-la-casa-di-timmi\/","og_site_name":"Terre des Hommes Italia","article_published_time":"2020-09-30T13:01:14+00:00","article_modified_time":"2022-07-27T13:05:02+00:00","og_image":[{"width":940,"height":529,"url":"https:\/\/terredeshommes.it\/eng\/wp-content\/uploads\/CasaDiTimmi_foto-940x529-1.jpeg","type":"image\/jpeg"}],"author":"superTDH","twitter_card":"summary_large_image","twitter_misc":{"Written by":"superTDH","Est. reading time":"4 minutes"},"schema":{"@context":"https:\/\/schema.org","@graph":[{"@type":"WebPage","@id":"https:\/\/terredeshommes.it\/eng\/comunicati\/pramerica-sostiene-la-casa-di-timmi\/","url":"https:\/\/terredeshommes.it\/eng\/comunicati\/pramerica-sostiene-la-casa-di-timmi\/","name":"Pramerica sostiene la Casa di Timmi - Terre des Hommes Italia","isPartOf":{"@id":"https:\/\/terredeshommes.it\/eng\/#website"},"datePublished":"2020-09-30T13:01:14+00:00","dateModified":"2022-07-27T13:05:02+00:00","author":{"@id":"https:\/\/terredeshommes.it\/eng\/#\/schema\/person\/adf40aab21514bbdc483bd807a69efed"},"breadcrumb":{"@id":"https:\/\/terredeshommes.it\/eng\/comunicati\/pramerica-sostiene-la-casa-di-timmi\/#breadcrumb"},"inLanguage":"en-US","potentialAction":[{"@type":"ReadAction","target":["https:\/\/terredeshommes.it\/eng\/comunicati\/pramerica-sostiene-la-casa-di-timmi\/"]}]},{"@type":"BreadcrumbList","@id":"https:\/\/terredeshommes.it\/eng\/comunicati\/pramerica-sostiene-la-casa-di-timmi\/#breadcrumb","itemListElement":[{"@type":"ListItem","position":1,"name":"Home","item":"https:\/\/terredeshommes.it\/eng\/"},{"@type":"ListItem","position":2,"name":"Pramerica sostiene la Casa di Timmi"}]},{"@type":"WebSite","@id":"https:\/\/terredeshommes.it\/eng\/#website","url":"https:\/\/terredeshommes.it\/eng\/","name":"Terre des Hommes Italia","description":"Proteggiamo i bambini insieme","potentialAction":[{"@type":"SearchAction","target":{"@type":"EntryPoint","urlTemplate":"https:\/\/terredeshommes.it\/eng\/?s={search_term_string}"},"query-input":"required name=search_term_string"}],"inLanguage":"en-US"},{"@type":"Person","@id":"https:\/\/terredeshommes.it\/eng\/#\/schema\/person\/adf40aab21514bbdc483bd807a69efed","name":"superTDH","url":"https:\/\/terredeshommes.it\/eng\/author\/supertdh\/"}]}},"_links":{"self":[{"href":"https:\/\/terredeshommes.it\/eng\/wp-json\/wp\/v2\/posts\/2193","targetHints":{"allow":["GET"]}}],"collection":[{"href":"https:\/\/terredeshommes.it\/eng\/wp-json\/wp\/v2\/posts"}],"about":[{"href":"https:\/\/terredeshommes.it\/eng\/wp-json\/wp\/v2\/types\/post"}],"author":[{"embeddable":true,"href":"https:\/\/terredeshommes.it\/eng\/wp-json\/wp\/v2\/users\/1"}],"replies":[{"embeddable":true,"href":"https:\/\/terredeshommes.it\/eng\/wp-json\/wp\/v2\/comments?post=2193"}],"version-history":[{"count":0,"href":"https:\/\/terredeshommes.it\/eng\/wp-json\/wp\/v2\/posts\/2193\/revisions"}],"wp:featuredmedia":[{"embeddable":true,"href":"https:\/\/terredeshommes.it\/eng\/wp-json\/wp\/v2\/media\/2195"}],"wp:attachment":[{"href":"https:\/\/terredeshommes.it\/eng\/wp-json\/wp\/v2\/media?parent=2193"}],"wp:term":[{"taxonomy":"category","embeddable":true,"href":"https:\/\/terredeshommes.it\/eng\/wp-json\/wp\/v2\/categories?post=2193"},{"taxonomy":"post_tag","embeddable":true,"href":"https:\/\/terredeshommes.it\/eng\/wp-json\/wp\/v2\/tags?post=2193"}],"curies":[{"name":"wp","href":"https:\/\/api.w.org\/{rel}","templated":true}]}}