{"id":2211,"date":"2020-10-21T15:22:05","date_gmt":"2020-10-21T13:22:05","guid":{"rendered":"https:\/\/terredeshommes.it\/?p=2211"},"modified":"2022-07-27T15:24:10","modified_gmt":"2022-07-27T13:24:10","slug":"apre-a-parma-il-primo-spazio-indifesa","status":"publish","type":"post","link":"https:\/\/terredeshommes.it\/eng\/comunicati\/apre-a-parma-il-primo-spazio-indifesa\/","title":{"rendered":"Apre a Parma il primo Spazio Indifesa"},"content":{"rendered":"<p>[et_pb_section fb_built=&#8221;1&#8243; _builder_version=&#8221;4.16&#8243; global_colors_info=&#8221;{}&#8221;][et_pb_row column_structure=&#8221;1_5,3_5,1_5&#8243; _builder_version=&#8221;4.16&#8243; background_size=&#8221;initial&#8221; background_position=&#8221;top_left&#8221; background_repeat=&#8221;repeat&#8221; global_colors_info=&#8221;{}&#8221;][et_pb_column type=&#8221;1_5&#8243; _builder_version=&#8221;4.16&#8243; custom_padding=&#8221;|||&#8221; global_colors_info=&#8221;{}&#8221; custom_padding__hover=&#8221;|||&#8221;][\/et_pb_column][et_pb_column type=&#8221;3_5&#8243; _builder_version=&#8221;4.16&#8243; custom_padding=&#8221;|||&#8221; global_colors_info=&#8221;{}&#8221; custom_padding__hover=&#8221;|||&#8221;][et_pb_text admin_label=&#8221;Testo&#8221; _builder_version=&#8221;4.17.6&#8243; background_size=&#8221;initial&#8221; background_position=&#8221;top_left&#8221; background_repeat=&#8221;repeat&#8221; hover_enabled=&#8221;0&#8243; global_colors_info=&#8221;{}&#8221; sticky_enabled=&#8221;0&#8243;]<\/p>\n<p>\u00c8 stato inaugurato ieri a Parma \u201c<strong>Consultami \u2013 Spazio Indifesa<\/strong>\u201d, il primo punto di <strong>ascolto e sostegno psicologico e legale<\/strong> rivolto a ragazze e donne vittime di violenza fisica, psicologica o economica, ma anche a famiglie e bambini, di Terre des Hommes. Il progetto, sostenuto anche dai fondi raccolti attraverso la nona edizione della <strong>Campagna Indifesa<\/strong>, \u00e8 stato realizzato grazie alla collaborazione dell\u2019associazione di promozione sociale <a href=\"https:\/\/www.intesasanmartino.it\/\" target=\"_blank\" rel=\"noopener\">Intesa San Martino<\/a>, il contributo di <a href=\"https:\/\/www.bata.it\/\" target=\"_blank\" rel=\"noopener\">Bata<\/a>, il patrocinio del <strong>Comune di Parma<\/strong> e la collaborazione di <a href=\"http:\/\/www.aigaparma.it\/\" target=\"_blank\" rel=\"noopener\">Aiga Parma<\/a> (Associazione italiana Giovani Avvocati), <a href=\"http:\/\/www.opp-psi.it\/\" target=\"_blank\" rel=\"noopener\">Opp<\/a> (Osservatorio psicologi parmensi), <a href=\"https:\/\/www.fondazionemunus.it\/\" target=\"_blank\" rel=\"noopener\">Fondazione Munus<\/a> Onlus e <strong>Biblioteca Sociale Roberta Venturini<\/strong>.<\/p>\n<p>Situato nel quartiere vivo e multiculturale <strong>San Leonardo<\/strong> di Parma, <strong>Consultami \u2013 Spazio Indifesa<\/strong> sar\u00e0 uno sportello dedicato alla <strong>consulenza psicologica e legale rivolta a bambine e bambini, adolescenti, donne e famiglie del territorio<\/strong> e si avvarr\u00e0 di un\u2019ampia rete di <strong>professionisti e volontari<\/strong>. Oltre all\u2019accoglienza e all\u2019orientamento, l\u2019offerta verr\u00e0 estesa attraverso eventi, attivit\u00e0 e laboratori per guidare l\u2019utente attraverso una presa di consapevolezza e valorizzazione delle proprie risorse.<\/p>\n<p>Secondo i dati elaborati dal Comando Interforze per la nona edizione del <a href=\"https:\/\/terredeshommes.it\/eng\/wp-content\/uploads\/Dossier_indifesa_2020.pdf\" target=\"_blank\" rel=\"noopener\">Dossier della Campagna \u201cindifesa\u201d<\/a>, in Italia segna un <strong>lieve calo (-1%) il numero globale di minori vittime di reato<\/strong> nel 2019 rispetto all\u2019anno precedente, passando da 5.990 a <strong>5.930, il 60,5% delle quali bambine e ragazze<\/strong>. Se per\u00f2 si prendono in considerazione gli ultimi 10 anni (dal 2009 al 2019) che mostrano un aumento del 41% di questi reati, il fenomeno della violenza sui bambini rivela tutta la sua cruda realt\u00e0 con una crescita in quasi tutte le fattispecie di reato. Record drammatico per l\u2019<strong>Emilia Romagna, terza tra le regioni d\u2019Italia dopo Lombardia e Sicilia, che nel 2019 ha registrato 644 casi di reati contro i minori<\/strong>, di cui il 59% costituito da bambine e ragazze. Il reato di maltrattamento in famiglia ha coinvolto 252 minori (+21%), di cui pi\u00f9 della met\u00e0 di sesso femminile. I reati di violenza sessuale aggravata hanno visto una crescita del + 61%, ai danni del 75% di bambine e ragazze. In aumento anche le vittime di pornografia minorile, 21, di cui l\u201986% di sesso femminile. Pure l\u2019abuso di mezzi di correzione o disciplina segna un +79% nel confronto con l\u2019anno precedente.<\/p>\n<p>\u201c<em>Questo nuovo sportello rappresenta un <strong>presidio fondamentale per il supporto delle ragazze<\/strong> e delle donne vittime di abusi fisici, psicologici ed economici, per questo l\u2019abbiamo voluto chiamare \u201c<strong>Spazio Indifesa<\/strong>\u201d, dal nome della campagna che ormai da nove anni portiamo avanti per la protezione delle bambine e le ragazze<\/em>\u201d, dichiara <strong>Paolo Ferrara<\/strong>, Direttore Generale di Terre des Hommes. \u201c<em>Mi auguro che sia solo il primo di tanti altri dislocati in tutta Italia<\/em>\u201d.<\/p>\n<p>\u201c<em>Come <strong>Punto Parma Terre des Hommes<\/strong> siamo onorati di poter far parte del primo ingranaggio di una macchina di aiuti molto pi\u00f9 grande a supporto dei soggetti pi\u00f9 vulnerabili<\/em>\u201d, afferma <strong>Antonella Darcante<\/strong>, coordinatrice del Punto Parma Terre des Hommes. \u201c<em>Grazie anche alla sinergia con le altre associazioni presenti sul territorio di Parma, il progetto Consultami \u2013 Spazio Indifesa si prefigge l&#8217;obiettivo di diventare uno sportello di ascolto per famiglie, donne, bambini e adolescenti tra eventi, laboratori e consulenze psicologiche e legali al servizio della comunit\u00e0<\/em>\u201d.<\/p>\n<p>\u201c<em>Bata \u00e8 da sempre molto attenta alla solidariet\u00e0 e in questo difficile periodo abbiamo cercato di fare la nostra parte, contribuendo alla realizzazione di questo importante progetto<\/em>\u201d, ha dichiarato <strong>Claudio Alessi, Bata Europe President<\/strong>. \u201c<em>Crediamo fermamente nei valori della nostra Azienda, in particolare in \u201cCount On Me\u201d e \u201cImproving Lives\u201d: oggi pi\u00f9 che mai ci mettono di fronte alle nostre responsabilit\u00e0 verso la comunit\u00e0. <strong>Siamo orgogliosi di essere parte di questo progetto<\/strong> e aver supportato la nascita di questo primo centro in Italia.<\/em>\u201d<\/p>\n<p>[\/et_pb_text][\/et_pb_column][et_pb_column type=&#8221;1_5&#8243; _builder_version=&#8221;4.16&#8243; custom_padding=&#8221;|||&#8221; global_colors_info=&#8221;{}&#8221; custom_padding__hover=&#8221;|||&#8221;][\/et_pb_column][\/et_pb_row][\/et_pb_section]<\/p>\n","protected":false},"excerpt":{"rendered":"<p>\u00c8 stato inaugurato ieri a Parma \u201cConsultami \u2013 Spazio Indifesa\u201d, il primo punto di ascolto e sostegno psicologico e legale rivolto a ragazze e donne vittime di violenza fisica, psicologica o economica, ma anche a famiglie e bambini, di Terre des Hommes. Il progetto, sostenuto anche dai fondi raccolti attraverso la nona edizione della Campagna [&hellip;]<\/p>\n","protected":false},"author":1,"featured_media":2213,"comment_status":"open","ping_status":"open","sticky":false,"template":"","format":"standard","meta":{"_et_pb_use_builder":"on","_et_pb_old_content":"Cras mattis consectetur purus sit amet fermentum. Aenean lacinia bibendum nulla sed consectetur. Donec ullamcorper nulla non metus auctor fringilla. Donec ullamcorper nulla non metus auctor fringilla.","_et_gb_content_width":"","footnotes":""},"categories":[16],"tags":[],"class_list":["post-2211","post","type-post","status-publish","format-standard","has-post-thumbnail","hentry","category-comunicati"],"yoast_head":"<!-- This site is optimized with the Yoast SEO plugin v21.1 - https:\/\/yoast.com\/wordpress\/plugins\/seo\/ -->\n<title>Apre a Parma il primo Spazio Indifesa - Terre des Hommes Italia<\/title>\n<meta name=\"robots\" content=\"index, follow, max-snippet:-1, max-image-preview:large, max-video-preview:-1\" \/>\n<link rel=\"canonical\" href=\"https:\/\/terredeshommes.it\/eng\/comunicati\/apre-a-parma-il-primo-spazio-indifesa\/\" \/>\n<meta property=\"og:locale\" content=\"en_US\" \/>\n<meta property=\"og:type\" content=\"article\" \/>\n<meta property=\"og:title\" content=\"Apre a Parma il primo Spazio Indifesa - Terre des Hommes Italia\" \/>\n<meta property=\"og:description\" content=\"\u00c8 stato inaugurato ieri a Parma \u201cConsultami \u2013 Spazio Indifesa\u201d, il primo punto di ascolto e sostegno psicologico e legale rivolto a ragazze e donne vittime di violenza fisica, psicologica o economica, ma anche a famiglie e bambini, di Terre des Hommes. Il progetto, sostenuto anche dai fondi raccolti attraverso la nona edizione della Campagna [&hellip;]\" \/>\n<meta property=\"og:url\" content=\"https:\/\/terredeshommes.it\/eng\/comunicati\/apre-a-parma-il-primo-spazio-indifesa\/\" \/>\n<meta property=\"og:site_name\" content=\"Terre des Hommes Italia\" \/>\n<meta property=\"article:published_time\" content=\"2020-10-21T13:22:05+00:00\" \/>\n<meta property=\"article:modified_time\" content=\"2022-07-27T13:24:10+00:00\" \/>\n<meta property=\"og:image\" content=\"https:\/\/terredeshommes.it\/eng\/wp-content\/uploads\/Consultami-Spazio-Indifesa.jpeg\" \/>\n\t<meta property=\"og:image:width\" content=\"940\" \/>\n\t<meta property=\"og:image:height\" content=\"551\" \/>\n\t<meta property=\"og:image:type\" content=\"image\/jpeg\" \/>\n<meta name=\"author\" content=\"superTDH\" \/>\n<meta name=\"twitter:card\" content=\"summary_large_image\" \/>\n<meta name=\"twitter:label1\" content=\"Written by\" \/>\n\t<meta name=\"twitter:data1\" content=\"superTDH\" \/>\n\t<meta name=\"twitter:label2\" content=\"Est. reading time\" \/>\n\t<meta name=\"twitter:data2\" content=\"4 minutes\" \/>\n<script type=\"application\/ld+json\" class=\"yoast-schema-graph\">{\"@context\":\"https:\/\/schema.org\",\"@graph\":[{\"@type\":\"WebPage\",\"@id\":\"https:\/\/terredeshommes.it\/eng\/comunicati\/apre-a-parma-il-primo-spazio-indifesa\/\",\"url\":\"https:\/\/terredeshommes.it\/eng\/comunicati\/apre-a-parma-il-primo-spazio-indifesa\/\",\"name\":\"Apre a Parma il primo Spazio Indifesa - Terre des Hommes Italia\",\"isPartOf\":{\"@id\":\"https:\/\/terredeshommes.it\/eng\/#website\"},\"datePublished\":\"2020-10-21T13:22:05+00:00\",\"dateModified\":\"2022-07-27T13:24:10+00:00\",\"author\":{\"@id\":\"https:\/\/terredeshommes.it\/eng\/#\/schema\/person\/adf40aab21514bbdc483bd807a69efed\"},\"breadcrumb\":{\"@id\":\"https:\/\/terredeshommes.it\/eng\/comunicati\/apre-a-parma-il-primo-spazio-indifesa\/#breadcrumb\"},\"inLanguage\":\"en-US\",\"potentialAction\":[{\"@type\":\"ReadAction\",\"target\":[\"https:\/\/terredeshommes.it\/eng\/comunicati\/apre-a-parma-il-primo-spazio-indifesa\/\"]}]},{\"@type\":\"BreadcrumbList\",\"@id\":\"https:\/\/terredeshommes.it\/eng\/comunicati\/apre-a-parma-il-primo-spazio-indifesa\/#breadcrumb\",\"itemListElement\":[{\"@type\":\"ListItem\",\"position\":1,\"name\":\"Home\",\"item\":\"https:\/\/terredeshommes.it\/eng\/\"},{\"@type\":\"ListItem\",\"position\":2,\"name\":\"Apre a Parma il primo Spazio Indifesa\"}]},{\"@type\":\"WebSite\",\"@id\":\"https:\/\/terredeshommes.it\/eng\/#website\",\"url\":\"https:\/\/terredeshommes.it\/eng\/\",\"name\":\"Terre des Hommes Italia\",\"description\":\"Proteggiamo i bambini insieme\",\"potentialAction\":[{\"@type\":\"SearchAction\",\"target\":{\"@type\":\"EntryPoint\",\"urlTemplate\":\"https:\/\/terredeshommes.it\/eng\/?s={search_term_string}\"},\"query-input\":\"required name=search_term_string\"}],\"inLanguage\":\"en-US\"},{\"@type\":\"Person\",\"@id\":\"https:\/\/terredeshommes.it\/eng\/#\/schema\/person\/adf40aab21514bbdc483bd807a69efed\",\"name\":\"superTDH\",\"url\":\"https:\/\/terredeshommes.it\/eng\/author\/supertdh\/\"}]}<\/script>\n<!-- \/ Yoast SEO plugin. -->","yoast_head_json":{"title":"Apre a Parma il primo Spazio Indifesa - Terre des Hommes Italia","robots":{"index":"index","follow":"follow","max-snippet":"max-snippet:-1","max-image-preview":"max-image-preview:large","max-video-preview":"max-video-preview:-1"},"canonical":"https:\/\/terredeshommes.it\/eng\/comunicati\/apre-a-parma-il-primo-spazio-indifesa\/","og_locale":"en_US","og_type":"article","og_title":"Apre a Parma il primo Spazio Indifesa - Terre des Hommes Italia","og_description":"\u00c8 stato inaugurato ieri a Parma \u201cConsultami \u2013 Spazio Indifesa\u201d, il primo punto di ascolto e sostegno psicologico e legale rivolto a ragazze e donne vittime di violenza fisica, psicologica o economica, ma anche a famiglie e bambini, di Terre des Hommes. Il progetto, sostenuto anche dai fondi raccolti attraverso la nona edizione della Campagna [&hellip;]","og_url":"https:\/\/terredeshommes.it\/eng\/comunicati\/apre-a-parma-il-primo-spazio-indifesa\/","og_site_name":"Terre des Hommes Italia","article_published_time":"2020-10-21T13:22:05+00:00","article_modified_time":"2022-07-27T13:24:10+00:00","og_image":[{"width":940,"height":551,"url":"https:\/\/terredeshommes.it\/eng\/wp-content\/uploads\/Consultami-Spazio-Indifesa.jpeg","type":"image\/jpeg"}],"author":"superTDH","twitter_card":"summary_large_image","twitter_misc":{"Written by":"superTDH","Est. reading time":"4 minutes"},"schema":{"@context":"https:\/\/schema.org","@graph":[{"@type":"WebPage","@id":"https:\/\/terredeshommes.it\/eng\/comunicati\/apre-a-parma-il-primo-spazio-indifesa\/","url":"https:\/\/terredeshommes.it\/eng\/comunicati\/apre-a-parma-il-primo-spazio-indifesa\/","name":"Apre a Parma il primo Spazio Indifesa - Terre des Hommes Italia","isPartOf":{"@id":"https:\/\/terredeshommes.it\/eng\/#website"},"datePublished":"2020-10-21T13:22:05+00:00","dateModified":"2022-07-27T13:24:10+00:00","author":{"@id":"https:\/\/terredeshommes.it\/eng\/#\/schema\/person\/adf40aab21514bbdc483bd807a69efed"},"breadcrumb":{"@id":"https:\/\/terredeshommes.it\/eng\/comunicati\/apre-a-parma-il-primo-spazio-indifesa\/#breadcrumb"},"inLanguage":"en-US","potentialAction":[{"@type":"ReadAction","target":["https:\/\/terredeshommes.it\/eng\/comunicati\/apre-a-parma-il-primo-spazio-indifesa\/"]}]},{"@type":"BreadcrumbList","@id":"https:\/\/terredeshommes.it\/eng\/comunicati\/apre-a-parma-il-primo-spazio-indifesa\/#breadcrumb","itemListElement":[{"@type":"ListItem","position":1,"name":"Home","item":"https:\/\/terredeshommes.it\/eng\/"},{"@type":"ListItem","position":2,"name":"Apre a Parma il primo Spazio Indifesa"}]},{"@type":"WebSite","@id":"https:\/\/terredeshommes.it\/eng\/#website","url":"https:\/\/terredeshommes.it\/eng\/","name":"Terre des Hommes Italia","description":"Proteggiamo i bambini insieme","potentialAction":[{"@type":"SearchAction","target":{"@type":"EntryPoint","urlTemplate":"https:\/\/terredeshommes.it\/eng\/?s={search_term_string}"},"query-input":"required name=search_term_string"}],"inLanguage":"en-US"},{"@type":"Person","@id":"https:\/\/terredeshommes.it\/eng\/#\/schema\/person\/adf40aab21514bbdc483bd807a69efed","name":"superTDH","url":"https:\/\/terredeshommes.it\/eng\/author\/supertdh\/"}]}},"_links":{"self":[{"href":"https:\/\/terredeshommes.it\/eng\/wp-json\/wp\/v2\/posts\/2211","targetHints":{"allow":["GET"]}}],"collection":[{"href":"https:\/\/terredeshommes.it\/eng\/wp-json\/wp\/v2\/posts"}],"about":[{"href":"https:\/\/terredeshommes.it\/eng\/wp-json\/wp\/v2\/types\/post"}],"author":[{"embeddable":true,"href":"https:\/\/terredeshommes.it\/eng\/wp-json\/wp\/v2\/users\/1"}],"replies":[{"embeddable":true,"href":"https:\/\/terredeshommes.it\/eng\/wp-json\/wp\/v2\/comments?post=2211"}],"version-history":[{"count":0,"href":"https:\/\/terredeshommes.it\/eng\/wp-json\/wp\/v2\/posts\/2211\/revisions"}],"wp:featuredmedia":[{"embeddable":true,"href":"https:\/\/terredeshommes.it\/eng\/wp-json\/wp\/v2\/media\/2213"}],"wp:attachment":[{"href":"https:\/\/terredeshommes.it\/eng\/wp-json\/wp\/v2\/media?parent=2211"}],"wp:term":[{"taxonomy":"category","embeddable":true,"href":"https:\/\/terredeshommes.it\/eng\/wp-json\/wp\/v2\/categories?post=2211"},{"taxonomy":"post_tag","embeddable":true,"href":"https:\/\/terredeshommes.it\/eng\/wp-json\/wp\/v2\/tags?post=2211"}],"curies":[{"name":"wp","href":"https:\/\/api.w.org\/{rel}","templated":true}]}}