{"id":2219,"date":"2020-11-19T15:28:06","date_gmt":"2020-11-19T14:28:06","guid":{"rendered":"https:\/\/terredeshommes.it\/?p=2219"},"modified":"2022-07-27T15:29:43","modified_gmt":"2022-07-27T13:29:43","slug":"fuori-dal-carcere-i-bambini","status":"publish","type":"post","link":"https:\/\/terredeshommes.it\/eng\/comunicati\/fuori-dal-carcere-i-bambini\/","title":{"rendered":"Fuori dal carcere i bambini!"},"content":{"rendered":"<p>[et_pb_section fb_built=&#8221;1&#8243; _builder_version=&#8221;4.16&#8243; global_colors_info=&#8221;{}&#8221;][et_pb_row column_structure=&#8221;1_5,3_5,1_5&#8243; _builder_version=&#8221;4.16&#8243; background_size=&#8221;initial&#8221; background_position=&#8221;top_left&#8221; background_repeat=&#8221;repeat&#8221; global_colors_info=&#8221;{}&#8221;][et_pb_column type=&#8221;1_5&#8243; _builder_version=&#8221;4.16&#8243; custom_padding=&#8221;|||&#8221; global_colors_info=&#8221;{}&#8221; custom_padding__hover=&#8221;|||&#8221;][\/et_pb_column][et_pb_column type=&#8221;3_5&#8243; _builder_version=&#8221;4.16&#8243; custom_padding=&#8221;|||&#8221; global_colors_info=&#8221;{}&#8221; custom_padding__hover=&#8221;|||&#8221;][et_pb_text admin_label=&#8221;Testo&#8221; _builder_version=&#8221;4.17.6&#8243; background_size=&#8221;initial&#8221; background_position=&#8221;top_left&#8221; background_repeat=&#8221;repeat&#8221; hover_enabled=&#8221;0&#8243; global_colors_info=&#8221;{}&#8221; sticky_enabled=&#8221;0&#8243;]<\/p>\n<p>Bambini detenuti nelle carceri italiane: \u00e8 <strong>una realt\u00e0 che non pu\u00f2 essere pi\u00f9 accettata<\/strong>. Se ne contavano <strong>33 nel mese di ottobre<\/strong>, qualcuno in compagnia di un fratellino \/ sorellina, essendo 31 le mamme, secondo le statistiche del Ministero della Giustizia. Possono sembrare numeri piccoli, ma se si pensa alle conseguenze che la detenzione ha sul piano psicologico, emotivo e fisico di un bambino piccolo, la <strong>portata del fenomeno \u00e8 devastante e inaccettabile<\/strong>.<\/p>\n<p>Per questo <a href=\"https:\/\/www.aromainsieme.it\/\" target=\"_blank\" rel=\"noopener\">A Roma, insieme<\/a>, <a href=\"http:\/\/www.lagabbianella.org\/\" target=\"_blank\" rel=\"noopener\">La Gabbianella<\/a> e <strong>Terre des Hommes<\/strong> <strong>chiedono con urgenza che venga riformata<\/strong>, con interventi non pi\u00f9 procrastinabili, <strong>la legge 62\/2011<\/strong> che, oggi, permette questo.<\/p>\n<p>L\u2019Italia deve disporre di una legislazione in materia di infanzia in grado di assicurare sempre il <strong>rispetto del superiore interesse del minore<\/strong> e questo, a maggior ragione, se i bambini destinatari delle sue disposizioni vivono una condizione di estrema vulnerabilit\u00e0, quale quella causata dalla detenzione con la propria mamma.<\/p>\n<p>Pur animata da nobili finalit\u00e0, <strong>quella legge fu un tentativo non riuscito di migliorare la condizione dei bambini a rischio di detenzione<\/strong>, come dimostra il corso dei dieci anni di applicazione della legge. Infatti, <strong>a causa di storture e limiti di applicazione della legge, paradossalmente l\u2019hanno per taluni versi aggravata.<\/strong><\/p>\n<p>Oggi ad esempio <strong>\u00e8 previsto che un bambino possa rimanere nel carcere (o in una struttura di detenzione attenuata quali sono gli ICAM) sino ai 6 anni, quando prima il limite era 3<\/strong>.<\/p>\n<p>Inoltre la legge, pur introducendo, finalmente l\u2019istituto delle <strong>Case Famiglia Protette<\/strong>, alternativa concreta alla detenzione, nei fatti non le rende facilmente accessibili, <strong>prevedendo, tra le altre cose, che non vi siano oneri a carico dello Stato<\/strong> per il loro sostentamento.<\/p>\n<p>Questi e molti altri sono gli elementi che fanno richiedere una <strong>tempestiva riforma dell\u2019attuale disciplina, che permetta finalmente di rispondere ai bisogni di protezione, cura, assistenza e promozione del diritto del bambino di vivere e crescere davvero in un ambiente adatto<\/strong> alle sue necessit\u00e0.<\/p>\n<h2>Cosa chiediamo:<\/h2>\n<p>\u2022 <strong>Che il numero di bambini che ancora oggi varcano la soglia del carcere con la madre detenuta<\/strong> (in misura cautelare o in esecuzione pena) <strong>sia il pi\u00f9 basso possibile<\/strong> considerando la carcerazione, anche attenuata nelle ICAM, l\u2019estrema ratio;<\/p>\n<p>\u2022 <strong>Che al 3\u00b0 anno di et\u00e0 i bambini siano obbligatoriamente fatti uscire<\/strong> dal carcere e\/o dagli ICAM e <strong>la madre sia sempre coinvolta nel percorso di uscita<\/strong> del figlio, permettendole di svolgere quel naturale ruolo \u2018ponte\u2019 con l\u2019esterno, che eviterebbe al bambino un trauma all\u2019atto della separazione;<\/p>\n<p>\u2022 Che <strong>dal 9\u00b0 mese di vita i bambini<\/strong> presenti in carcere o ICAM <strong>siano inseriti in strutture per l\u2019infanzia, esterne<\/strong> al sistema penitenziario;<\/p>\n<p>\u2022 Che nell\u2019ottica di ridurre al massimo la frequentazione dei luoghi carcerari da parte del bambino, <strong>siano favorite attivit\u00e0 ulteriori rispetto al nido e alla scuola dell\u2019infanzia<\/strong>: laboratori, iniziative di svago e gioco etc. In quest\u2019ottica sia quindi promosso e favorito l\u2019istituto dell\u2019<strong>affidamento diurno<\/strong> (affidamento ad una famiglia e\/o singola persona individuata dal Comune che accoglie il bambino durante il giorno, mentre la sera e in caso di malattia il bambino resta con la madre). Solo ed esclusivamente per le residue ore in cui il bambino \u00e8 costretto a frequentare il carcere si chiede che tali attivit\u00e0 siano previste anche al suo interno.<\/p>\n<p><strong>Una proposta di riforma della legge, quella a firma dell\u2019On. Siani, riprende gran parte di queste richieste<\/strong>, ma non \u00e8 stata ancora calendarizzata la sua discussione in aula della Commissione Giustizia alla Camera.<\/p>\n<p><strong>Le tre organizzazioni invitano dunque il Parlamento a riattivare urgentemente il dibattito sul tema<\/strong>, per permettere l\u2019approvazione di alcune modifiche all\u2019attuale impianto normativo, non pi\u00f9 rimandabili.<\/p>\n<p>\u201c<em>Non si pu\u00f2 crescere bene tra mura intrise di dolore\u201d \u00e8 la frase guida del mio libro \u201cUscire di carcere a 6 anni (Franco Angeli Editore)<\/em>\u201d, dichiara <strong>Carla Forcolin<\/strong>, presidente dell\u2019Associazione La Gabbianella. \u201c<em>I bambini devono stare in carcere il minor tempo possibile. Se proprio devono seguire la madre in istituti di pena, dagli stessi devono uscire presto e, finch\u00e9 la madre \u00e8 l\u00ec, devono comunque frequentare l\u2019asilo nido e la scuola materna. Io sono da sempre contraria all\u2019istituzionalizzazione. La Gabbianella \u00e8 un\u2019associazione che nasce sulle tematiche dell\u2019affidamento. Credo che se i Comuni in cui ci sono istituti di pena dessero a persone \u201csolidali\u201d il compito di accompagnare i bambini fuori per molte ore, diciamo fino a sera, e poi queste persone (educatori o persone appositamente formate e seguite) li riportassero dalla mamma, i bambini non subirebbero quella deprivazione di stimoli, rapporti, esperienze, conoscenze, linguaggi, che il carcere porta purtroppo con s\u00e9<\/em>\u201d.<\/p>\n<p>\u201c<em>La legge 62\/11 ha introdotto finalmente l\u2019istituto delle Case Famiglia Protette, ma troppo esiguo \u00e8 il ricorso a questa soluzione. Si sceglie ancora troppo il carcere o, in alternativa l\u2019ICAM \u2013 Istituto a Custodia Attenuata per Madri, come fosse la soluzione e dimenticando invece che anche questa \u00e8 una struttura fondamentalmente carceraria, non adeguata a rispondere al bisogno di un bambino di poter crescere i primi anni della vita con la mamma<\/em>\u201d, afferma <strong>Federica Giannotta<\/strong>, Responsabile Advocacy e Programma Italia di Terre des Hommes.<\/p>\n<p>\u201c<em>Ci riconosciamo in generale nei contenuti e finalit\u00e0 della proposta di legge di cui \u00e8 primo firmatario l\u2019On. Siani. Su di essa, come su altre proposte riguardanti questo tema specifico, si apra finalmente in Parlamento un vero confronto e il legislatore decida, su una linea di indirizzo che abbia riguardo innanzitutto all&#8217;interesse del bambino, alla salvaguardia del rapporto di affettivit\u00e0 genitore figlio. La legislazione penale italiana in questo campo attende finalmente segni concreti di misure improntate alla umanizzazione della pena che siano degne di un paese civile<\/em>&#8220;, ricorda <strong>Giovanna Longo<\/strong>, presidente di A Roma, insieme.<\/p>\n<p>[\/et_pb_text][\/et_pb_column][et_pb_column type=&#8221;1_5&#8243; _builder_version=&#8221;4.16&#8243; custom_padding=&#8221;|||&#8221; global_colors_info=&#8221;{}&#8221; custom_padding__hover=&#8221;|||&#8221;][\/et_pb_column][\/et_pb_row][\/et_pb_section]<\/p>\n","protected":false},"excerpt":{"rendered":"<p>Bambini detenuti nelle carceri italiane: \u00e8 una realt\u00e0 che non pu\u00f2 essere pi\u00f9 accettata. Se ne contavano 33 nel mese di ottobre, qualcuno in compagnia di un fratellino \/ sorellina, essendo 31 le mamme, secondo le statistiche del Ministero della Giustizia. Possono sembrare numeri piccoli, ma se si pensa alle conseguenze che la detenzione ha [&hellip;]<\/p>\n","protected":false},"author":1,"featured_media":2222,"comment_status":"open","ping_status":"open","sticky":false,"template":"","format":"standard","meta":{"_et_pb_use_builder":"on","_et_pb_old_content":"Cras mattis consectetur purus sit amet fermentum. Aenean lacinia bibendum nulla sed consectetur. Donec ullamcorper nulla non metus auctor fringilla. Donec ullamcorper nulla non metus auctor fringilla.","_et_gb_content_width":"","footnotes":""},"categories":[16],"tags":[],"class_list":["post-2219","post","type-post","status-publish","format-standard","has-post-thumbnail","hentry","category-comunicati"],"yoast_head":"<!-- This site is optimized with the Yoast SEO plugin v21.1 - https:\/\/yoast.com\/wordpress\/plugins\/seo\/ -->\n<title>Fuori dal carcere i bambini! - Terre des Hommes Italia<\/title>\n<meta name=\"robots\" content=\"index, follow, max-snippet:-1, max-image-preview:large, max-video-preview:-1\" \/>\n<link rel=\"canonical\" href=\"https:\/\/terredeshommes.it\/eng\/comunicati\/fuori-dal-carcere-i-bambini\/\" \/>\n<meta property=\"og:locale\" content=\"en_US\" \/>\n<meta property=\"og:type\" content=\"article\" \/>\n<meta property=\"og:title\" content=\"Fuori dal carcere i bambini! - Terre des Hommes Italia\" \/>\n<meta property=\"og:description\" content=\"Bambini detenuti nelle carceri italiane: \u00e8 una realt\u00e0 che non pu\u00f2 essere pi\u00f9 accettata. Se ne contavano 33 nel mese di ottobre, qualcuno in compagnia di un fratellino \/ sorellina, essendo 31 le mamme, secondo le statistiche del Ministero della Giustizia. Possono sembrare numeri piccoli, ma se si pensa alle conseguenze che la detenzione ha [&hellip;]\" \/>\n<meta property=\"og:url\" content=\"https:\/\/terredeshommes.it\/eng\/comunicati\/fuori-dal-carcere-i-bambini\/\" \/>\n<meta property=\"og:site_name\" content=\"Terre des Hommes Italia\" \/>\n<meta property=\"article:published_time\" content=\"2020-11-19T14:28:06+00:00\" \/>\n<meta property=\"article:modified_time\" content=\"2022-07-27T13:29:43+00:00\" \/>\n<meta property=\"og:image\" content=\"https:\/\/terredeshommes.it\/eng\/wp-content\/uploads\/Alessio-Romenzi-2_web.jpeg\" \/>\n\t<meta property=\"og:image:width\" content=\"936\" \/>\n\t<meta property=\"og:image:height\" content=\"556\" \/>\n\t<meta property=\"og:image:type\" content=\"image\/jpeg\" \/>\n<meta name=\"author\" content=\"superTDH\" \/>\n<meta name=\"twitter:card\" content=\"summary_large_image\" \/>\n<meta name=\"twitter:label1\" content=\"Written by\" \/>\n\t<meta name=\"twitter:data1\" content=\"superTDH\" \/>\n\t<meta name=\"twitter:label2\" content=\"Est. reading time\" \/>\n\t<meta name=\"twitter:data2\" content=\"4 minutes\" \/>\n<script type=\"application\/ld+json\" class=\"yoast-schema-graph\">{\"@context\":\"https:\/\/schema.org\",\"@graph\":[{\"@type\":\"WebPage\",\"@id\":\"https:\/\/terredeshommes.it\/eng\/comunicati\/fuori-dal-carcere-i-bambini\/\",\"url\":\"https:\/\/terredeshommes.it\/eng\/comunicati\/fuori-dal-carcere-i-bambini\/\",\"name\":\"Fuori dal carcere i bambini! - Terre des Hommes Italia\",\"isPartOf\":{\"@id\":\"https:\/\/terredeshommes.it\/eng\/#website\"},\"datePublished\":\"2020-11-19T14:28:06+00:00\",\"dateModified\":\"2022-07-27T13:29:43+00:00\",\"author\":{\"@id\":\"https:\/\/terredeshommes.it\/eng\/#\/schema\/person\/adf40aab21514bbdc483bd807a69efed\"},\"breadcrumb\":{\"@id\":\"https:\/\/terredeshommes.it\/eng\/comunicati\/fuori-dal-carcere-i-bambini\/#breadcrumb\"},\"inLanguage\":\"en-US\",\"potentialAction\":[{\"@type\":\"ReadAction\",\"target\":[\"https:\/\/terredeshommes.it\/eng\/comunicati\/fuori-dal-carcere-i-bambini\/\"]}]},{\"@type\":\"BreadcrumbList\",\"@id\":\"https:\/\/terredeshommes.it\/eng\/comunicati\/fuori-dal-carcere-i-bambini\/#breadcrumb\",\"itemListElement\":[{\"@type\":\"ListItem\",\"position\":1,\"name\":\"Home\",\"item\":\"https:\/\/terredeshommes.it\/eng\/\"},{\"@type\":\"ListItem\",\"position\":2,\"name\":\"Fuori dal carcere i bambini!\"}]},{\"@type\":\"WebSite\",\"@id\":\"https:\/\/terredeshommes.it\/eng\/#website\",\"url\":\"https:\/\/terredeshommes.it\/eng\/\",\"name\":\"Terre des Hommes Italia\",\"description\":\"Proteggiamo i bambini insieme\",\"potentialAction\":[{\"@type\":\"SearchAction\",\"target\":{\"@type\":\"EntryPoint\",\"urlTemplate\":\"https:\/\/terredeshommes.it\/eng\/?s={search_term_string}\"},\"query-input\":\"required name=search_term_string\"}],\"inLanguage\":\"en-US\"},{\"@type\":\"Person\",\"@id\":\"https:\/\/terredeshommes.it\/eng\/#\/schema\/person\/adf40aab21514bbdc483bd807a69efed\",\"name\":\"superTDH\",\"url\":\"https:\/\/terredeshommes.it\/eng\/author\/supertdh\/\"}]}<\/script>\n<!-- \/ Yoast SEO plugin. -->","yoast_head_json":{"title":"Fuori dal carcere i bambini! - Terre des Hommes Italia","robots":{"index":"index","follow":"follow","max-snippet":"max-snippet:-1","max-image-preview":"max-image-preview:large","max-video-preview":"max-video-preview:-1"},"canonical":"https:\/\/terredeshommes.it\/eng\/comunicati\/fuori-dal-carcere-i-bambini\/","og_locale":"en_US","og_type":"article","og_title":"Fuori dal carcere i bambini! - Terre des Hommes Italia","og_description":"Bambini detenuti nelle carceri italiane: \u00e8 una realt\u00e0 che non pu\u00f2 essere pi\u00f9 accettata. Se ne contavano 33 nel mese di ottobre, qualcuno in compagnia di un fratellino \/ sorellina, essendo 31 le mamme, secondo le statistiche del Ministero della Giustizia. Possono sembrare numeri piccoli, ma se si pensa alle conseguenze che la detenzione ha [&hellip;]","og_url":"https:\/\/terredeshommes.it\/eng\/comunicati\/fuori-dal-carcere-i-bambini\/","og_site_name":"Terre des Hommes Italia","article_published_time":"2020-11-19T14:28:06+00:00","article_modified_time":"2022-07-27T13:29:43+00:00","og_image":[{"width":936,"height":556,"url":"https:\/\/terredeshommes.it\/eng\/wp-content\/uploads\/Alessio-Romenzi-2_web.jpeg","type":"image\/jpeg"}],"author":"superTDH","twitter_card":"summary_large_image","twitter_misc":{"Written by":"superTDH","Est. reading time":"4 minutes"},"schema":{"@context":"https:\/\/schema.org","@graph":[{"@type":"WebPage","@id":"https:\/\/terredeshommes.it\/eng\/comunicati\/fuori-dal-carcere-i-bambini\/","url":"https:\/\/terredeshommes.it\/eng\/comunicati\/fuori-dal-carcere-i-bambini\/","name":"Fuori dal carcere i bambini! - Terre des Hommes Italia","isPartOf":{"@id":"https:\/\/terredeshommes.it\/eng\/#website"},"datePublished":"2020-11-19T14:28:06+00:00","dateModified":"2022-07-27T13:29:43+00:00","author":{"@id":"https:\/\/terredeshommes.it\/eng\/#\/schema\/person\/adf40aab21514bbdc483bd807a69efed"},"breadcrumb":{"@id":"https:\/\/terredeshommes.it\/eng\/comunicati\/fuori-dal-carcere-i-bambini\/#breadcrumb"},"inLanguage":"en-US","potentialAction":[{"@type":"ReadAction","target":["https:\/\/terredeshommes.it\/eng\/comunicati\/fuori-dal-carcere-i-bambini\/"]}]},{"@type":"BreadcrumbList","@id":"https:\/\/terredeshommes.it\/eng\/comunicati\/fuori-dal-carcere-i-bambini\/#breadcrumb","itemListElement":[{"@type":"ListItem","position":1,"name":"Home","item":"https:\/\/terredeshommes.it\/eng\/"},{"@type":"ListItem","position":2,"name":"Fuori dal carcere i bambini!"}]},{"@type":"WebSite","@id":"https:\/\/terredeshommes.it\/eng\/#website","url":"https:\/\/terredeshommes.it\/eng\/","name":"Terre des Hommes Italia","description":"Proteggiamo i bambini insieme","potentialAction":[{"@type":"SearchAction","target":{"@type":"EntryPoint","urlTemplate":"https:\/\/terredeshommes.it\/eng\/?s={search_term_string}"},"query-input":"required name=search_term_string"}],"inLanguage":"en-US"},{"@type":"Person","@id":"https:\/\/terredeshommes.it\/eng\/#\/schema\/person\/adf40aab21514bbdc483bd807a69efed","name":"superTDH","url":"https:\/\/terredeshommes.it\/eng\/author\/supertdh\/"}]}},"_links":{"self":[{"href":"https:\/\/terredeshommes.it\/eng\/wp-json\/wp\/v2\/posts\/2219","targetHints":{"allow":["GET"]}}],"collection":[{"href":"https:\/\/terredeshommes.it\/eng\/wp-json\/wp\/v2\/posts"}],"about":[{"href":"https:\/\/terredeshommes.it\/eng\/wp-json\/wp\/v2\/types\/post"}],"author":[{"embeddable":true,"href":"https:\/\/terredeshommes.it\/eng\/wp-json\/wp\/v2\/users\/1"}],"replies":[{"embeddable":true,"href":"https:\/\/terredeshommes.it\/eng\/wp-json\/wp\/v2\/comments?post=2219"}],"version-history":[{"count":0,"href":"https:\/\/terredeshommes.it\/eng\/wp-json\/wp\/v2\/posts\/2219\/revisions"}],"wp:featuredmedia":[{"embeddable":true,"href":"https:\/\/terredeshommes.it\/eng\/wp-json\/wp\/v2\/media\/2222"}],"wp:attachment":[{"href":"https:\/\/terredeshommes.it\/eng\/wp-json\/wp\/v2\/media?parent=2219"}],"wp:term":[{"taxonomy":"category","embeddable":true,"href":"https:\/\/terredeshommes.it\/eng\/wp-json\/wp\/v2\/categories?post=2219"},{"taxonomy":"post_tag","embeddable":true,"href":"https:\/\/terredeshommes.it\/eng\/wp-json\/wp\/v2\/tags?post=2219"}],"curies":[{"name":"wp","href":"https:\/\/api.w.org\/{rel}","templated":true}]}}