{"id":2223,"date":"2020-11-23T15:30:05","date_gmt":"2020-11-23T14:30:05","guid":{"rendered":"https:\/\/terredeshommes.it\/?p=2223"},"modified":"2022-07-27T15:34:16","modified_gmt":"2022-07-27T13:34:16","slug":"i-giovani-e-la-violenza-sulle-donne-i-dati-dellosservatorio-indifesa","status":"publish","type":"post","link":"https:\/\/terredeshommes.it\/eng\/comunicati\/i-giovani-e-la-violenza-sulle-donne-i-dati-dellosservatorio-indifesa\/","title":{"rendered":"I giovani e la violenza sulle donne, i dati dell&#8217;Osservatorio Indifesa"},"content":{"rendered":"<p>[et_pb_section fb_built=&#8221;1&#8243; _builder_version=&#8221;4.16&#8243; global_colors_info=&#8221;{}&#8221;][et_pb_row column_structure=&#8221;1_5,3_5,1_5&#8243; _builder_version=&#8221;4.16&#8243; background_size=&#8221;initial&#8221; background_position=&#8221;top_left&#8221; background_repeat=&#8221;repeat&#8221; global_colors_info=&#8221;{}&#8221;][et_pb_column type=&#8221;1_5&#8243; _builder_version=&#8221;4.16&#8243; custom_padding=&#8221;|||&#8221; global_colors_info=&#8221;{}&#8221; custom_padding__hover=&#8221;|||&#8221;][\/et_pb_column][et_pb_column type=&#8221;3_5&#8243; _builder_version=&#8221;4.16&#8243; custom_padding=&#8221;|||&#8221; global_colors_info=&#8221;{}&#8221; custom_padding__hover=&#8221;|||&#8221;][et_pb_text admin_label=&#8221;Testo&#8221; _builder_version=&#8221;4.17.6&#8243; background_size=&#8221;initial&#8221; background_position=&#8221;top_left&#8221; background_repeat=&#8221;repeat&#8221; hover_enabled=&#8221;0&#8243; global_colors_info=&#8221;{}&#8221; sticky_enabled=&#8221;0&#8243;]<\/p>\n<p><strong>La violenza di genere \u00e8 reale, si consuma<\/strong> ai danni delle ragazze e delle donne <strong>in molti modi e forme<\/strong>, subdole o palesi, attraverso gesti, parole o comportamenti discriminatori, <strong>ed \u00e8 un ostacolo concreto allo sviluppo delle ragazze come persone, come attori della societ\u00e0, come risorse per l\u2019economia<\/strong>. Questa \u00e8 la visione dei pi\u00f9 giovani, nati tra il 1997 e il 2007, che emerge dall\u2019ultimo questionario dell\u2019Osservatorio indifesa di Terre des Hommes e <a href=\"https:\/\/www.scuolazoo.com\/\" target=\"_blank\" rel=\"noopener\">ScuolaZoo<\/a> sulla percezione della disparit\u00e0 fra generi e <strong>violenza, discriminazioni e stereotipi di genere, bullismo, cyberbullismo e sexting<\/strong> fra la GenZ italiana. I risultati dell\u2019indagine giungono in occasione della <strong>Giornata internazionale per l\u2019eliminazione della violenza contro le donne<\/strong> (25 novembre), ricorrenza che assume un significato ancora pi\u00f9 forte nell\u2019anno della pandemia da Coronavirus, che ha impattato pesantemente sul fenomeno della violenza domestica.<\/p>\n<p>\u201c<em>La violenza sulle donne e sulle ragazze sta esplodendo sempre di pi\u00f9, anche a causa del lockdown. Un\u2019emergenza nell\u2019emergenza che cresce all\u2019interno delle nostre case e corre sul web, ma che trova anche in altri luoghi un terreno avvertito come sempre pi\u00f9 fertile<\/em>\u201d, dichiara <strong>Paolo Ferrara<\/strong>, Direttore Generale di Terre des Hommes. \u201c<em>I ragazzi e, soprattutto le ragazze, ne sono consapevoli, percepiscono la violenza e la discriminazione di genere come un\u2019urgenza su cui intervenire e <strong>vogliono essere protagonisti in prima persona di un cambiamento che avvertono sempre pi\u00f9 centrale<\/strong> sia a livello locale che a livello mondiale. \u00c8 ora che la politica, le imprese, gli enti filantropici e i media facciano un passo avanti deciso per contrastare la violenza e la discriminazione e la mettano, finalmente, al centro delle loro agende<\/em>\u201d.<\/p>\n<h2>L&#8217;Italia &#8220;non \u00e8 un paese per donne&#8221; per 9 ragazze su 10<\/h2>\n<p>Tra i pi\u00f9 giovani esiste una forte consapevolezza del fenomeno. Secondo l\u2019Osservatorio, <strong>l\u201985% dei ragazzi ritiene che in Italia ci sia un reale allarme femminicidi<\/strong> e violenza contro le donne, ma il dato medio cela un\u2019importante differenza di genere: sono 7 su 10 i maschi che ritengono vi sia un allarme fondato, ma il rapporto sale fino a 9 su 10 se si considerano le risposte delle femmine. Solo il 15% non crede che ci sia un rischio diffuso, ma anche qui il dato scorporato per genere parla di un 29% di maschi a fronte di un 10% di femmine.<br \/>Rispetto alla <strong>violenza assistita<\/strong>, pi\u00f9 della met\u00e0 degli intervistati <strong>(51%) \u00e8 stato spettatore di forme di violenza verbale<\/strong>, il 39% a forme di violenza psicologica, <strong>1 su 4 ha visto con i suoi occhi episodi di violenza fisica come schiaffi e calci (14%) e lancio di oggetti (10,5%)<\/strong>. C\u2019\u00e8 anche un 33% che dice di non essersi mai trovato di fronte a violenze contro le donne.<br \/>Parlando poi di <strong>violenza subita dai ragazzi<\/strong> almeno una volta nella vita, emergono al primo posto gli atti di <strong>bullismo (45%)<\/strong> che se sommati a quelli di <strong>cyberbullismo (16%)<\/strong> interessano oltre 6 ragazzi su 10. Seguono la violenza psicologica da parte di coetanei (42%), commenti a sfondo sessuale da parte di estranei online (36%), violenza psicologica da parte di adulti (24%). Nei ragazzi forte \u00e8 anche la <strong>consapevolezza della globalit\u00e0 del problema<\/strong>. Guardando fuori dall\u2019Italia, ai paesi pi\u00f9 poveri del mondo, <strong>il 77% dei giovani vede nei matrimoni forzati una delle pi\u00f9 penose piaghe subite dalle ragazze<\/strong>, seguito da abusi e maltrattamenti (65%), prostituzione e tratta (54%), gravidanze precoci e violenze sessuali (entrambe al 45%), mutilazioni genitali e sfruttamento lavorativo (entrambi al 37%).<\/p>\n<h2>Discriminazioni, pregiudizi, allusioni: la violenza non \u00e8 solo fisica, allarme web e social<\/h2>\n<p>Il 54% degli studenti che hanno partecipato al questionario ritiene che le <strong>molestie sessuali<\/strong> siano la <strong>forma di discriminazione peggiore che subiscono le donne<\/strong>, ma a questo dato si associa quello sulla <strong>discriminazione economica<\/strong>, che viene riconosciuto dal 13% degli intervistati, e sul mancato riconoscimento delle proprie capacit\u00e0, segnalato dal 19%. <strong>Il posto di lavoro \u00e8 il primo tra i luoghi in cui c\u2019\u00e8 pi\u00f9 violenza\/discriminazione contro le ragazze\/donne<\/strong>: lo pensa il 66% dei ragazzi. <strong>Il 48% sente come luogo di discriminazione il web<\/strong>, e il 33% indica gli ambienti della politica. Quanto alle <strong>minacce maggiori per un\/a ragazzo\/a<\/strong>, il 34% ritiene che sia la <strong>violenza sessuale<\/strong>, seguita con un distacco di 5 punti percentuali dalle droghe (30%) e da bullismo e cyberbullismo che insieme ottengono il 28% delle risposte. Ma cos\u2019\u00e8 una <strong>molestia sessuale<\/strong>? <strong>Per il 76% lo \u00e8 qualsiasi contatto fisico indesiderato<\/strong>; il 59% indica il fenomeno del <em>revenge porn<\/em> e la stessa percentuale parla dei comportamenti \u201cinappropriati\u201d a sfondo sessuale su web e social, e del tentativo di violenza fisica. 4 punti in meno, con il 55% delle risposte, emerge anche il tema dei commenti sessisti e delle insinuazioni a sfondo sessuale.<\/p>\n<h2>Fiducia e rifugio: la mamma s\u00ec, la scuola no, ma rimane luogo d&#8217;impegno<\/h2>\n<p>La <strong>mamma<\/strong> rimane la persona di cui i ragazzi si fidano di pi\u00f9: <strong>il 36% la considera il punto di riferimento<\/strong> in caso di difficolt\u00e0. <strong>Solo 1 su 4 indica gli amici e 1 su 10 il fratello o la sorella<\/strong>. Ancora pi\u00f9 gi\u00f9 troviamo il partner (9%) e poi il pap\u00e0 (6%). La figura dell\u2019insegnante non raggiunge l\u20191% delle risposte (0,7%). Il 48% confiderebbe alla mamma una violenza subita, seguita immediatamente dagli amici (46%); ben distanziati troviamo il partner e il pap\u00e0 (entrambi al 21%) e il fratello\/sorella (18%). Significativo che pi\u00f9 di 1 su 10 (11%) dichiari che non si confiderebbe con nessuno.<br \/>La <strong>scuola<\/strong> non \u00e8 dunque percepita come baluardo dinanzi a un pericolo, anzi addirittura <strong>il 20% del campione lo ritiene il luogo in cui si sente meno sicuro<\/strong>. Per contro, passando dalle percezioni alle esperienze concrete, <strong>il 70% delle ragazze dichiara di non essersi mai sentita discriminata in classe<\/strong>, da compagni o insegnanti, <strong>perch\u00e9 femmina<\/strong>. Anzi, la scuola diventa luogo in cui impegnarsi per combattere contro pregiudizi e violenze di genere: <strong>il 51% degli intervistati dedicherebbe 1 o pi\u00f9 ore a settimana per impegnarsi in prima persona a scuola nella lotta alla violenza di genere e di orientamento sessuale<\/strong>, mentre il 23% dedicherebbe 1 o pi\u00f9 ore al mese.<\/p>\n<p>Per questo <strong>Terre des Hommes e ScuolaZoo chiedono che nelle scuole siano attivati e promossi dei meccanismi di peer education<\/strong>, che consentano ai ragazzi di essere protagonisti di un cambio culturale anche e soprattutto nei confronti dei propri coetanei. <strong>Le istituzioni scolastiche devono favorire la partecipazione degli studenti tramite momenti di formazione specifici<\/strong> e offrire spazi in cui la loro voce possa essere ascoltata. Inoltre, \u00e8 importante che strumenti come l\u2019Osservatorio indifesa, che raccolgono senza filtri l\u2019opinione dei giovani su argomenti cruciali per la loro vita, diventino un <strong>punto d\u2019osservazione permanente e riconosciuto dalle istituzioni governative<\/strong> per orientare le politiche sui temi che li riguardano.<\/p>\n<p>\u00ab<em>ScuolaZoo entra in contatto quotidianamente con oltre 4 milioni di studenti in tutta Italia e lo facciamo con un dialogo vero, cio\u00e8 chiedendo e ascoltando il loro punto di vista<\/em>\u00bb, commenta <strong>Francesco Marinelli<\/strong>, Direttore Editoriale di ScuolaZoo. \u00ab<em>Con i nostri contenuti e progetti editoriali cerchiamo di intrattenerli, informarli, rendendoli protagonisti di tutte le iniziative editoriali. Perch\u00e9 questa generazione, la GenZ, vuole esprimersi e rendersi parte attiva, e noi rappresentiamo il loro megafono. \u00c8 grazie a questo tipo di approccio che riusciamo a metterci in sintonia con loro, attraverso un linguaggio comune. E siamo contenti di essere promotori di messaggi come quelli che Terre des Homme da sei anni ha scelto di trattare e divulgare insieme a noi<\/em>\u00bb.<\/p>\n<p>Giunto alla settima edizione, l\u2019Osservatorio indifesa \u00e8 realizzato con il coinvolgimento diretto dei <a href=\"https:\/\/ris.scuolazoo.com\/\" target=\"_blank\" rel=\"noopener\">R.I.S. &#8211; Rappresentanti d\u2019Istituto ScuolaZoo<\/a>, primo e unico network nazionale apartitico di Rappresentanti d\u2019istituto delle scuole superiori che collabora per migliorare la scuola italiana in modo inclusivo e partendo dai ragazz*.<br \/>I R.I.S. hanno rivisitato contenuti e forma del questionario, in modo da creare un\u2019indagine che partisse dalle domande della GenZ e che utilizzasse il linguaggio dei giovani. Il questionario \u00e8 stato poi distribuito in tutte le 349 scuole d\u2019Italia in cui sono presenti i R.I.S. e online, attraverso i canali social di ScuolaZoo.<\/p>\n<h2>L&#8217;Osservatorio sugli adolescenti italiani e il Network Indifesa<\/h2>\n<p>Dal 2014 Terre des Hommes, in collaborazione con ScuolaZoo, porta avanti l\u2019<strong>Osservatorio indifesa<\/strong>, uno strumento per ascoltare la voce dei ragazzi e delle ragazze italiane su violenza di genere, discriminazioni, bullismo, cyberbullismo e sexting. <strong>Dal suo avvio a oggi pi\u00f9 di 26.000 ragazzi e ragazze di tutta Italia sono stati coinvolti<\/strong> tramite il sito e il canale instagram di ScuolaZoo (4 milioni di follower) in quello che rappresenta, a oggi, l\u2019<strong>unico punto d\u2019osservazione permanente su questi temi<\/strong>. Uno strumento fondamentale per orientare le politiche delle istituzioni e della comunit\u00e0 educante italiana.<br \/>Dal 2018 Terre des Hommes, assieme all\u2019associazione <a href=\"http:\/\/www.associazionekreattiva.com\/\" target=\"_blank\" rel=\"noopener\">Kreattiva<\/a>, ha dato vita al <a href=\"http:\/\/www.networkindifesa.org\" target=\"_blank\" rel=\"noopener\">Network indifesa<\/a>, la prima rete italiana di WebRadio e giovani ambasciatori contro la discriminazione, gli stereotipi e la violenza di genere, bullismo, cyber-bullismo e sexting. La <strong>rete, fondata sulla partecipazione e il protagonismo dei ragazzi<\/strong> e delle ragazze attraverso il coinvolgimento attivo in tutte le fasi del progetto, ha stimolato gli studenti degli istituti secondari di secondo grado a realizzare programmi radio mirati alla conoscenza e alla riflessione su violenza, discriminazioni e stereotipi di genere. Al progetto <strong>Network indifesa<\/strong>, finanziato dal Dipartimento Pari Opportunit\u00e0 della Presidenza del Consiglio dei Ministri, di BIC\u00ae e BIC Foundation, hanno gi\u00e0 aderito 12 WebRadio di tutto il territorio nazionale.<\/p>\n<p>La <a href=\"http:\/\/www.indifesa.org\" target=\"_blank\" rel=\"noopener\">Campagna \u201cindifesa\u201d<\/a> di Terre des Hommes \u00e8 nata per garantire alle bambine di tutto il mondo istruzione, salute, protezione da violenza, discriminazioni e abusi. Con questa grande campagna di sensibilizzazione Terre des Hommes ha messo al centro del proprio intervento la <strong>promozione dei diritti delle bambine nel mondo<\/strong>, impegnandosi a difendere il loro diritto alla vita, alla libert\u00e0, all\u2019istruzione, all\u2019uguaglianza e alla protezione. Tutto ci\u00f2 a partire da interventi sul campo volti a dare risultati concreti per rompere il ciclo della povert\u00e0 e offrire migliori opportunit\u00e0 di vita a migliaia di bambine e ragazze nel mondo.<\/p>\n<p>Sostengono la campagna indifesa: <strong>BIC\u00ae, BIC Foundation, MainAD, Valvorobica, Fondazione Zanetti, Douglas<\/strong>. Media Partner: <strong>Io Donna<\/strong>.<\/p>\n<p>[\/et_pb_text][\/et_pb_column][et_pb_column type=&#8221;1_5&#8243; _builder_version=&#8221;4.16&#8243; custom_padding=&#8221;|||&#8221; global_colors_info=&#8221;{}&#8221; custom_padding__hover=&#8221;|||&#8221;][\/et_pb_column][\/et_pb_row][\/et_pb_section]<\/p>\n","protected":false},"excerpt":{"rendered":"<p>La violenza di genere \u00e8 reale, si consuma ai danni delle ragazze e delle donne in molti modi e forme, subdole o palesi, attraverso gesti, parole o comportamenti discriminatori, ed \u00e8 un ostacolo concreto allo sviluppo delle ragazze come persone, come attori della societ\u00e0, come risorse per l\u2019economia. Questa \u00e8 la visione dei pi\u00f9 giovani, [&hellip;]<\/p>\n","protected":false},"author":1,"featured_media":2225,"comment_status":"open","ping_status":"open","sticky":false,"template":"","format":"standard","meta":{"_et_pb_use_builder":"on","_et_pb_old_content":"Cras mattis consectetur purus sit amet fermentum. Aenean lacinia bibendum nulla sed consectetur. Donec ullamcorper nulla non metus auctor fringilla. Donec ullamcorper nulla non metus auctor fringilla.","_et_gb_content_width":"","footnotes":""},"categories":[16],"tags":[],"class_list":["post-2223","post","type-post","status-publish","format-standard","has-post-thumbnail","hentry","category-comunicati"],"yoast_head":"<!-- This site is optimized with the Yoast SEO plugin v21.1 - https:\/\/yoast.com\/wordpress\/plugins\/seo\/ -->\n<title>I giovani e la violenza sulle donne, i dati dell&#039;Osservatorio Indifesa - Terre des Hommes Italia<\/title>\n<meta name=\"robots\" content=\"index, follow, max-snippet:-1, max-image-preview:large, max-video-preview:-1\" \/>\n<link rel=\"canonical\" href=\"https:\/\/terredeshommes.it\/eng\/comunicati\/i-giovani-e-la-violenza-sulle-donne-i-dati-dellosservatorio-indifesa\/\" \/>\n<meta property=\"og:locale\" content=\"en_US\" \/>\n<meta property=\"og:type\" content=\"article\" \/>\n<meta property=\"og:title\" content=\"I giovani e la violenza sulle donne, i dati dell&#039;Osservatorio Indifesa - Terre des Hommes Italia\" \/>\n<meta property=\"og:description\" content=\"La violenza di genere \u00e8 reale, si consuma ai danni delle ragazze e delle donne in molti modi e forme, subdole o palesi, attraverso gesti, parole o comportamenti discriminatori, ed \u00e8 un ostacolo concreto allo sviluppo delle ragazze come persone, come attori della societ\u00e0, come risorse per l\u2019economia. Questa \u00e8 la visione dei pi\u00f9 giovani, [&hellip;]\" \/>\n<meta property=\"og:url\" content=\"https:\/\/terredeshommes.it\/eng\/comunicati\/i-giovani-e-la-violenza-sulle-donne-i-dati-dellosservatorio-indifesa\/\" \/>\n<meta property=\"og:site_name\" content=\"Terre des Hommes Italia\" \/>\n<meta property=\"article:published_time\" content=\"2020-11-23T14:30:05+00:00\" \/>\n<meta property=\"article:modified_time\" content=\"2022-07-27T13:34:16+00:00\" \/>\n<meta property=\"og:image\" content=\"https:\/\/terredeshommes.it\/eng\/wp-content\/uploads\/millennials.jpeg\" \/>\n\t<meta property=\"og:image:width\" content=\"940\" \/>\n\t<meta property=\"og:image:height\" content=\"507\" \/>\n\t<meta property=\"og:image:type\" content=\"image\/jpeg\" \/>\n<meta name=\"author\" content=\"superTDH\" \/>\n<meta name=\"twitter:card\" content=\"summary_large_image\" \/>\n<meta name=\"twitter:label1\" content=\"Written by\" \/>\n\t<meta name=\"twitter:data1\" content=\"superTDH\" \/>\n\t<meta name=\"twitter:label2\" content=\"Est. reading time\" \/>\n\t<meta name=\"twitter:data2\" content=\"6 minutes\" \/>\n<script type=\"application\/ld+json\" class=\"yoast-schema-graph\">{\"@context\":\"https:\/\/schema.org\",\"@graph\":[{\"@type\":\"WebPage\",\"@id\":\"https:\/\/terredeshommes.it\/eng\/comunicati\/i-giovani-e-la-violenza-sulle-donne-i-dati-dellosservatorio-indifesa\/\",\"url\":\"https:\/\/terredeshommes.it\/eng\/comunicati\/i-giovani-e-la-violenza-sulle-donne-i-dati-dellosservatorio-indifesa\/\",\"name\":\"I giovani e la violenza sulle donne, i dati dell'Osservatorio Indifesa - Terre des Hommes Italia\",\"isPartOf\":{\"@id\":\"https:\/\/terredeshommes.it\/eng\/#website\"},\"datePublished\":\"2020-11-23T14:30:05+00:00\",\"dateModified\":\"2022-07-27T13:34:16+00:00\",\"author\":{\"@id\":\"https:\/\/terredeshommes.it\/eng\/#\/schema\/person\/adf40aab21514bbdc483bd807a69efed\"},\"breadcrumb\":{\"@id\":\"https:\/\/terredeshommes.it\/eng\/comunicati\/i-giovani-e-la-violenza-sulle-donne-i-dati-dellosservatorio-indifesa\/#breadcrumb\"},\"inLanguage\":\"en-US\",\"potentialAction\":[{\"@type\":\"ReadAction\",\"target\":[\"https:\/\/terredeshommes.it\/eng\/comunicati\/i-giovani-e-la-violenza-sulle-donne-i-dati-dellosservatorio-indifesa\/\"]}]},{\"@type\":\"BreadcrumbList\",\"@id\":\"https:\/\/terredeshommes.it\/eng\/comunicati\/i-giovani-e-la-violenza-sulle-donne-i-dati-dellosservatorio-indifesa\/#breadcrumb\",\"itemListElement\":[{\"@type\":\"ListItem\",\"position\":1,\"name\":\"Home\",\"item\":\"https:\/\/terredeshommes.it\/eng\/\"},{\"@type\":\"ListItem\",\"position\":2,\"name\":\"I giovani e la violenza sulle donne, i dati dell&#8217;Osservatorio Indifesa\"}]},{\"@type\":\"WebSite\",\"@id\":\"https:\/\/terredeshommes.it\/eng\/#website\",\"url\":\"https:\/\/terredeshommes.it\/eng\/\",\"name\":\"Terre des Hommes Italia\",\"description\":\"Proteggiamo i bambini insieme\",\"potentialAction\":[{\"@type\":\"SearchAction\",\"target\":{\"@type\":\"EntryPoint\",\"urlTemplate\":\"https:\/\/terredeshommes.it\/eng\/?s={search_term_string}\"},\"query-input\":\"required name=search_term_string\"}],\"inLanguage\":\"en-US\"},{\"@type\":\"Person\",\"@id\":\"https:\/\/terredeshommes.it\/eng\/#\/schema\/person\/adf40aab21514bbdc483bd807a69efed\",\"name\":\"superTDH\",\"url\":\"https:\/\/terredeshommes.it\/eng\/author\/supertdh\/\"}]}<\/script>\n<!-- \/ Yoast SEO plugin. -->","yoast_head_json":{"title":"I giovani e la violenza sulle donne, i dati dell'Osservatorio Indifesa - Terre des Hommes Italia","robots":{"index":"index","follow":"follow","max-snippet":"max-snippet:-1","max-image-preview":"max-image-preview:large","max-video-preview":"max-video-preview:-1"},"canonical":"https:\/\/terredeshommes.it\/eng\/comunicati\/i-giovani-e-la-violenza-sulle-donne-i-dati-dellosservatorio-indifesa\/","og_locale":"en_US","og_type":"article","og_title":"I giovani e la violenza sulle donne, i dati dell'Osservatorio Indifesa - Terre des Hommes Italia","og_description":"La violenza di genere \u00e8 reale, si consuma ai danni delle ragazze e delle donne in molti modi e forme, subdole o palesi, attraverso gesti, parole o comportamenti discriminatori, ed \u00e8 un ostacolo concreto allo sviluppo delle ragazze come persone, come attori della societ\u00e0, come risorse per l\u2019economia. Questa \u00e8 la visione dei pi\u00f9 giovani, [&hellip;]","og_url":"https:\/\/terredeshommes.it\/eng\/comunicati\/i-giovani-e-la-violenza-sulle-donne-i-dati-dellosservatorio-indifesa\/","og_site_name":"Terre des Hommes Italia","article_published_time":"2020-11-23T14:30:05+00:00","article_modified_time":"2022-07-27T13:34:16+00:00","og_image":[{"width":940,"height":507,"url":"https:\/\/terredeshommes.it\/eng\/wp-content\/uploads\/millennials.jpeg","type":"image\/jpeg"}],"author":"superTDH","twitter_card":"summary_large_image","twitter_misc":{"Written by":"superTDH","Est. reading time":"6 minutes"},"schema":{"@context":"https:\/\/schema.org","@graph":[{"@type":"WebPage","@id":"https:\/\/terredeshommes.it\/eng\/comunicati\/i-giovani-e-la-violenza-sulle-donne-i-dati-dellosservatorio-indifesa\/","url":"https:\/\/terredeshommes.it\/eng\/comunicati\/i-giovani-e-la-violenza-sulle-donne-i-dati-dellosservatorio-indifesa\/","name":"I giovani e la violenza sulle donne, i dati dell'Osservatorio Indifesa - Terre des Hommes Italia","isPartOf":{"@id":"https:\/\/terredeshommes.it\/eng\/#website"},"datePublished":"2020-11-23T14:30:05+00:00","dateModified":"2022-07-27T13:34:16+00:00","author":{"@id":"https:\/\/terredeshommes.it\/eng\/#\/schema\/person\/adf40aab21514bbdc483bd807a69efed"},"breadcrumb":{"@id":"https:\/\/terredeshommes.it\/eng\/comunicati\/i-giovani-e-la-violenza-sulle-donne-i-dati-dellosservatorio-indifesa\/#breadcrumb"},"inLanguage":"en-US","potentialAction":[{"@type":"ReadAction","target":["https:\/\/terredeshommes.it\/eng\/comunicati\/i-giovani-e-la-violenza-sulle-donne-i-dati-dellosservatorio-indifesa\/"]}]},{"@type":"BreadcrumbList","@id":"https:\/\/terredeshommes.it\/eng\/comunicati\/i-giovani-e-la-violenza-sulle-donne-i-dati-dellosservatorio-indifesa\/#breadcrumb","itemListElement":[{"@type":"ListItem","position":1,"name":"Home","item":"https:\/\/terredeshommes.it\/eng\/"},{"@type":"ListItem","position":2,"name":"I giovani e la violenza sulle donne, i dati dell&#8217;Osservatorio Indifesa"}]},{"@type":"WebSite","@id":"https:\/\/terredeshommes.it\/eng\/#website","url":"https:\/\/terredeshommes.it\/eng\/","name":"Terre des Hommes Italia","description":"Proteggiamo i bambini insieme","potentialAction":[{"@type":"SearchAction","target":{"@type":"EntryPoint","urlTemplate":"https:\/\/terredeshommes.it\/eng\/?s={search_term_string}"},"query-input":"required name=search_term_string"}],"inLanguage":"en-US"},{"@type":"Person","@id":"https:\/\/terredeshommes.it\/eng\/#\/schema\/person\/adf40aab21514bbdc483bd807a69efed","name":"superTDH","url":"https:\/\/terredeshommes.it\/eng\/author\/supertdh\/"}]}},"_links":{"self":[{"href":"https:\/\/terredeshommes.it\/eng\/wp-json\/wp\/v2\/posts\/2223","targetHints":{"allow":["GET"]}}],"collection":[{"href":"https:\/\/terredeshommes.it\/eng\/wp-json\/wp\/v2\/posts"}],"about":[{"href":"https:\/\/terredeshommes.it\/eng\/wp-json\/wp\/v2\/types\/post"}],"author":[{"embeddable":true,"href":"https:\/\/terredeshommes.it\/eng\/wp-json\/wp\/v2\/users\/1"}],"replies":[{"embeddable":true,"href":"https:\/\/terredeshommes.it\/eng\/wp-json\/wp\/v2\/comments?post=2223"}],"version-history":[{"count":0,"href":"https:\/\/terredeshommes.it\/eng\/wp-json\/wp\/v2\/posts\/2223\/revisions"}],"wp:featuredmedia":[{"embeddable":true,"href":"https:\/\/terredeshommes.it\/eng\/wp-json\/wp\/v2\/media\/2225"}],"wp:attachment":[{"href":"https:\/\/terredeshommes.it\/eng\/wp-json\/wp\/v2\/media?parent=2223"}],"wp:term":[{"taxonomy":"category","embeddable":true,"href":"https:\/\/terredeshommes.it\/eng\/wp-json\/wp\/v2\/categories?post=2223"},{"taxonomy":"post_tag","embeddable":true,"href":"https:\/\/terredeshommes.it\/eng\/wp-json\/wp\/v2\/tags?post=2223"}],"curies":[{"name":"wp","href":"https:\/\/api.w.org\/{rel}","templated":true}]}}