{"id":2226,"date":"2020-11-26T15:34:51","date_gmt":"2020-11-26T14:34:51","guid":{"rendered":"https:\/\/terredeshommes.it\/?p=2226"},"modified":"2022-07-27T15:36:59","modified_gmt":"2022-07-27T13:36:59","slug":"al-via-iogiocoallapari-palestra-di-diritti-e-competenze","status":"publish","type":"post","link":"https:\/\/terredeshommes.it\/eng\/comunicati\/al-via-iogiocoallapari-palestra-di-diritti-e-competenze\/","title":{"rendered":"Al via #IoGiocoAllaPari \u2013 Palestra di diritti e competenze"},"content":{"rendered":"<p>[et_pb_section fb_built=&#8221;1&#8243; _builder_version=&#8221;4.16&#8243; global_colors_info=&#8221;{}&#8221;][et_pb_row column_structure=&#8221;1_5,3_5,1_5&#8243; _builder_version=&#8221;4.16&#8243; background_size=&#8221;initial&#8221; background_position=&#8221;top_left&#8221; background_repeat=&#8221;repeat&#8221; global_colors_info=&#8221;{}&#8221;][et_pb_column type=&#8221;1_5&#8243; _builder_version=&#8221;4.16&#8243; custom_padding=&#8221;|||&#8221; global_colors_info=&#8221;{}&#8221; custom_padding__hover=&#8221;|||&#8221;][\/et_pb_column][et_pb_column type=&#8221;3_5&#8243; _builder_version=&#8221;4.16&#8243; custom_padding=&#8221;|||&#8221; global_colors_info=&#8221;{}&#8221; custom_padding__hover=&#8221;|||&#8221;][et_pb_text admin_label=&#8221;Testo&#8221; _builder_version=&#8221;4.17.6&#8243; background_size=&#8221;initial&#8221; background_position=&#8221;top_left&#8221; background_repeat=&#8221;repeat&#8221; hover_enabled=&#8221;0&#8243; global_colors_info=&#8221;{}&#8221; sticky_enabled=&#8221;0&#8243;]<\/p>\n<p><strong>Ispirare le nuove generazioni<\/strong> a partecipare attivamente alla costruzione di una <strong>societ\u00e0 pi\u00f9 equa, inclusiva e prospera<\/strong>, demolendo stereotipi e barriere di genere, <strong>superando paure e pregiudizi<\/strong>. Questo l\u2019obiettivo del nuovo percorso di empowerment generazionale e femminile <a href=\"http:\/\/www.iogiocoallapari.it\" target=\"_blank\" rel=\"noopener\">#IoGiocoAllaPari \u2013 Palestra di Diritti e Competenze<\/a> organizzato da Terre des Hommes e <a href=\"https:\/\/www.jaitalia.org\/\" target=\"_blank\" rel=\"noopener\">Junior Achievement Italia<\/a>, partner tecnico-scientifico, e in collaborazione con <a href=\"https:\/\/agenziagiovani.it\/\" target=\"_blank\" rel=\"noopener\">Agenzia Nazionale per i Giovani<\/a> e <a href=\"https:\/\/www.onedaygroup.it\/\" target=\"_blank\" rel=\"noopener\">OneDay<\/a>, costituito da una serie di <strong>webinar gratuiti<\/strong> tenuti da <strong>esperte<\/strong> e <em>role model<\/em> e rivolto a <strong>studenti e studentesse delle scuole superiori<\/strong> per tutto il prossimo anno.<\/p>\n<p>Primo appuntamento quello con <strong>Lucia Abbinante<\/strong>, Direttrice dell\u2019<a href=\"https:\/\/agenziagiovani.it\/\" target=\"_blank\" rel=\"noopener\">Agenzia Nazionale per i Giovani<\/a>, il 30 novembre dalle 15 alle 16, intitolato: \u201cComunit\u00e0 plurali: verbi e mono-luoghi per l&#8217;empowerment femminile\u201d, al quale \u00e8 possibile iscriversi su <a href=\"https:\/\/bit.ly\/2J9f4fd\" target=\"_blank\" rel=\"noopener\">Eventbrite<\/a>. L\u2019incontro mira a stimolare la partecipazione attiva delle ragazze in ogni campo della nostra societ\u00e0. Un argomento particolarmente importante, tenuto conto che secondo il <a href=\"https:\/\/eige.europa.eu\/gender-equality-index\/2020\/IT\" target=\"_blank\" rel=\"noopener\">Gender Equality Index 2020<\/a> l\u2019Italia ha il punteggio pi\u00f9 basso (63,3) dell\u2019Unione Europea per il divario di genere nel lavoro. Le ragazze di oggi si scontrano con una situazione che vede disuguaglianze di genere molto pronunciate anche nel campo della partecipazione politica, utilizzo del tempo e conoscenza.<\/p>\n<p>Il secondo appuntamento, in calendario per il <strong>17 dicembre<\/strong>, con <strong>Gaia Marzo<\/strong>, Corporate Brand Director &amp; Equity partner di <a href=\"https:\/\/www.onedaygroup.it\/\" target=\"_blank\" rel=\"noopener\">OneDay<\/a>, si intitola \u201c<strong>Da stagista a manager, come diventare leader a 30 anni<\/strong>\u201d si concentrer\u00e0 su temi attinenti al mondo lavorativo e all\u2019innovazione, nello specifico si parler\u00e0 di <strong>management e leadership femminile<\/strong>. Gaia Marzo terr\u00e0 un intervento ispirazionale, cercando di trasmettere a giovani ragazze e ragazzi l\u2019importanza di trovare il giusto percorso lavorativo in base alle proprie attitudini e come incanalare le competenze acquisite in anni studio a partire dalla prima esperienza lavorativa. Tra aneddoti personali e scelte professionali, Gaia racconter\u00e0 come ha scoperto il suo animo da \u201cstartupper\u201d e come con il tempo e un continuo lavoro di formazione ha sviluppato ed evoluto il suo stile di leadership. Per iscrizioni clicca <a href=\"https:\/\/bit.ly\/3fywg9I\" target=\"_blank\" rel=\"noopener\">qui<\/a><\/p>\n<p>I successivi webinar, programmati a scadenza mensile, toccheranno temi come <em>violenza di genere e leadership femminile, educazione alla cittadinanza attiva, educazione e violenza finanziaria, tecnologia e digital divide, diversity e conciliazione, sicurezza online<\/em>, ecc.<\/p>\n<p>Un ruolo importante lo svolger\u00e0 anche lo <strong>Sport<\/strong>, con il focus su empowerment e potenziale delle ragazze, e la fondamentale voce della <a href=\"https:\/\/www.figc.it\/it\/femminile\/\" target=\"_blank\" rel=\"noopener\">FIGC<\/a>, che con il suo piano di Responsabilit\u00e0 Sociale \u00e8 molto attiva su questi temi per incoraggiare i giovani di oggi a perseverare, a credere nel proprio talento e diventare agenti di cambiamento per superare stereotipi e condizionamenti.<\/p>\n<p><strong>Tutti gli appuntamenti sono gratuiti<\/strong> su iscrizione. Per maggiori informazioni clicca <a href=\"http:\/\/www.iogiocoallapari.it\" target=\"_blank\" rel=\"noopener\">qui<\/a><\/p>\n<p>\u201c<em>L\u2019attuale crisi economica sta mettendo a repentaglio molti dei traguardi che avevamo raggiunto anche per quel che riguarda la parit\u00e0 di genere. Oggi pi\u00f9 che mai la nostra societ\u00e0 ha bisogno della creativit\u00e0 e dell\u2019energia delle nuove generazioni e in particolar modo delle ragazze per ritrovare la prosperit\u00e0<\/em>\u201d, dichiara <strong>Paolo Ferrara<\/strong>, Direttore Generale di Terre des Hommes. \u201c<em>Con la nostra <a href=\"http:\/\/www.indifesa.org\" target=\"_blank\" rel=\"noopener\">Campagna indifesa<\/a>, dentro la quale \u00e8 nato #IoGiocoAllaPari, da nove anni stiamo sensibilizzando istituzioni e grande pubblico sugli ostacoli che bambine e ragazze devono superare per poter esprimere appieno il loro potenziale in Italia e nel mondo. Ma <strong>stiamo anche seminando, concretamente e attraverso la partecipazione attiva dei giovani, per costruire un paese dove sia davvero possibile giocare alla pari<\/strong>. #IoGiocoAllaPari \u00e8 un nuovo, importante e originale tassello, per superare gli stereotipi e le discriminazioni, lottare contro la violenza di genere e dare migliori opportunit\u00e0 formative e occupazionali alle ragazze e ai ragazzi che sono e possono sempre pi\u00f9 essere i veri agenti di cambiamento della nuova Italia. Un percorso che siamo orgogliosi di condividere con partner e role model d\u2019eccezione<\/em>\u201d.<\/p>\n<p>\u201c<em>In un momento storico nel quale diventa necessario superare il gender gap nel mondo del lavoro, e in questo nelle linee guida per pianificare la gestione del Recovery Fund sono state inserite l\u2019empowerment femminile e l\u2019equit\u00e0 di genere, ci impegnano sempre di pi\u00f9 nel sostegno di progetti importanti come quello di Terre des Hommes perch\u00e9 <strong>vogliamo offrire un aiuto concreto alle giovani donne che vengono da contesti svantaggiati ma che si impegnano e ambiscono a diventare indipendenti<\/strong>. Continueremo a lavorare per diffondere la cultura STEM e invitiamo le giovani a provare le discipline informatiche per costruire ambienti sempre pi\u00f9 inclusivi<\/em>\u201d, commenta <strong>Miriam Cresta<\/strong>, CEO Junior Achievement Italia.<\/p>\n<p>\u201c<em>I programmi europei Erasmus + e Corpo Europeo di Solidariet\u00e0 offrono numerose opportunit\u00e0 per rafforzare l\u2019empowerment femminile e la partecipazione attiva, \u00e8 per questo che il compito dell\u2019Agenzia Nazionale per i Giovani sar\u00e0 quello di diffonderli in maniera sempre pi\u00f9 capillare. <strong>La chiave sta nel responsabilizzare in primis i giovani, nell\u2019attivarli a promuovere e ad essere parte del cambiamento culturale<\/strong> necessario per il contrasto alla discriminazione e alla violenza di genere, ad incoraggiare le ragazze ad essere protagoniste attive nella rivendicazione dei loro diritti e del loro ruolo nella societ\u00e0, di cogliere gli ostacoli come come &#8220;opportunit\u00e0&#8221; per intraprendere il proprio percorso<\/em>\u201d, afferma <strong>Lucia Abbinante<\/strong>, Direttrice dell\u2019Agenzia Nazionale per i Giovani.<\/p>\n<p>\u201c<em>In OneDay tutti giorni ci impegniamo a dare voce alle nuove generazioni, sia dal punto di vista ispirazionale, ma anche e soprattutto con azioni concrete. Il nostro team, ad esempio, \u00e8 composto da 170 ragazzi e ragazze con et\u00e0 media 29 anni, e abbiamo realizzato un ufficio di 4100 mq pensato per le loro necessit\u00e0. Questo impegno assume ancora pi\u00f9 valore collaborando insieme a realt\u00e0 prestigiose come ANG, Terre des Hommes e Junior Achievement. Siamo un bel mix di energie, competenze e professionalit\u00e0, con l\u2019obiettivo comune di creare progetti concreti e impattanti per le nuove generazioni<\/em>\u201d, dichiara <strong>Gaia Marzo<\/strong>, Corporate Brand Director &amp; Equity partner di OneDay<\/p>\n<p>\u201c<em>La Divisione Calcio femminile FIGC sviluppa annualmente il suo programma di responsabilit\u00e0 sociale, consci di quanto il nostro mondo sia un veicolo strategico per arrivare alle famiglie italiane tramite l\u2019immagine incisiva delle nostre atlete<\/em>,&#8221; dichiara <strong>Ludovica Mantovani<\/strong>, Presidente Divisione Calcio Femminile della FIGC. \u201c<em>Diventare un role model femminile di alto profilo \u00e8 una sfida che porto avanti con consapevolezza e \u2018doppia\u2019 responsabilit\u00e0. La leadership silenziosa resta forse quella che preferisco, in quanto basata sull\u2019ascolto e sull\u2019esempio come strumento &#8216;educativo<\/em>&#8220;.<\/p>\n<p>Il <em>Dream Team<\/em> di <strong>#IoGiocoAllaPari \u2013 Palestra di Diritti e Competenze<\/strong> \u00e8 costituito da:<br \/>&#8211; <strong>Lucia Abbinante<\/strong>, Direttrice dell\u2019Agenzia Nazionale per i Giovani;<br \/>&#8211; <strong>Gaia Marzo<\/strong>, Corporate Brand Director &amp; Equity partner di OneDay;<br \/>&#8211; <strong>Maura Gancitano<\/strong>, scrittrice, filosofa e fondatrice di Tlon;<br \/>&#8211; <strong>Giovanna Paladino<\/strong>, Responsabile Segreteria Tecnica di Presidenza Intesa Sanpaolo, Direttore e Curatore del Museo del Risparmio.<br \/>&#8211; <strong>Denise Di Dio<\/strong>, Co-founder e Presidente di Prime Minister;<br \/>&#8211; <strong>Sofia Maroudia<\/strong>, Presidente di Fondazione SNAM;<br \/>&#8211; <strong>Ludovica Mantovani<\/strong>, Presidente Divisione Calcio Femminile di FIGC;<br \/>&#8211; <strong>Chiara Bisconti<\/strong>, Board President di Milanosport S.p.A.;<br \/>&#8211; <strong>Manuela Claysset<\/strong>, Responsabile Politiche di genere e diritti di UISP Nazionale;<br \/>&#8211; <strong>Claudia Segre<\/strong>, Presidente di Global Thinking Foundation;<br \/>&#8211; <strong>Martina Rogato<\/strong>, Sherpa di Women20 Italy;<br \/>&#8211; <strong>Elisabetta Mancini<\/strong>, Dirigente della Polizia di Stato<br \/>&#8211; <strong>Filomena Floriana Ferrara<\/strong>, CSR Manager di IBM Italia;<br \/>&#8211; <strong>Ilva Diaco<\/strong>, Senior Business Development Manager di Aztec Group e Alumna di JA Italia;<br \/>&#8211; <strong>Valentina Lucchese<\/strong>, Country Delegate di Terre des Hommes Italia in Bangladesh.<\/p>\n<p>Per il calendario degli appuntamenti clicca <a href=\"http:\/\/www.iogiocoallapari.it\" target=\"_blank\" rel=\"noopener\">qui<\/a><\/p>\n<p>[\/et_pb_text][\/et_pb_column][et_pb_column type=&#8221;1_5&#8243; _builder_version=&#8221;4.16&#8243; custom_padding=&#8221;|||&#8221; global_colors_info=&#8221;{}&#8221; custom_padding__hover=&#8221;|||&#8221;][\/et_pb_column][\/et_pb_row][\/et_pb_section]<\/p>\n","protected":false},"excerpt":{"rendered":"<p>Ispirare le nuove generazioni a partecipare attivamente alla costruzione di una societ\u00e0 pi\u00f9 equa, inclusiva e prospera, demolendo stereotipi e barriere di genere, superando paure e pregiudizi. Questo l\u2019obiettivo del nuovo percorso di empowerment generazionale e femminile #IoGiocoAllaPari \u2013 Palestra di Diritti e Competenze organizzato da Terre des Hommes e Junior Achievement Italia, partner tecnico-scientifico, [&hellip;]<\/p>\n","protected":false},"author":1,"featured_media":2228,"comment_status":"open","ping_status":"open","sticky":false,"template":"","format":"standard","meta":{"_et_pb_use_builder":"on","_et_pb_old_content":"Cras mattis consectetur purus sit amet fermentum. Aenean lacinia bibendum nulla sed consectetur. Donec ullamcorper nulla non metus auctor fringilla. Donec ullamcorper nulla non metus auctor fringilla.","_et_gb_content_width":"","footnotes":""},"categories":[16],"tags":[],"class_list":["post-2226","post","type-post","status-publish","format-standard","has-post-thumbnail","hentry","category-comunicati"],"yoast_head":"<!-- This site is optimized with the Yoast SEO plugin v21.1 - https:\/\/yoast.com\/wordpress\/plugins\/seo\/ -->\n<title>Al via #IoGiocoAllaPari \u2013 Palestra di diritti e competenze - Terre des Hommes Italia<\/title>\n<meta name=\"robots\" content=\"index, follow, max-snippet:-1, max-image-preview:large, max-video-preview:-1\" \/>\n<link rel=\"canonical\" href=\"https:\/\/terredeshommes.it\/eng\/comunicati\/al-via-iogiocoallapari-palestra-di-diritti-e-competenze\/\" \/>\n<meta property=\"og:locale\" content=\"en_US\" \/>\n<meta property=\"og:type\" content=\"article\" \/>\n<meta property=\"og:title\" content=\"Al via #IoGiocoAllaPari \u2013 Palestra di diritti e competenze - Terre des Hommes Italia\" \/>\n<meta property=\"og:description\" content=\"Ispirare le nuove generazioni a partecipare attivamente alla costruzione di una societ\u00e0 pi\u00f9 equa, inclusiva e prospera, demolendo stereotipi e barriere di genere, superando paure e pregiudizi. Questo l\u2019obiettivo del nuovo percorso di empowerment generazionale e femminile #IoGiocoAllaPari \u2013 Palestra di Diritti e Competenze organizzato da Terre des Hommes e Junior Achievement Italia, partner tecnico-scientifico, [&hellip;]\" \/>\n<meta property=\"og:url\" content=\"https:\/\/terredeshommes.it\/eng\/comunicati\/al-via-iogiocoallapari-palestra-di-diritti-e-competenze\/\" \/>\n<meta property=\"og:site_name\" content=\"Terre des Hommes Italia\" \/>\n<meta property=\"article:published_time\" content=\"2020-11-26T14:34:51+00:00\" \/>\n<meta property=\"article:modified_time\" content=\"2022-07-27T13:36:59+00:00\" \/>\n<meta property=\"og:image\" content=\"https:\/\/terredeshommes.it\/eng\/wp-content\/uploads\/dreamteam_1920-completa-1024x576-1.png\" \/>\n\t<meta property=\"og:image:width\" content=\"1024\" \/>\n\t<meta property=\"og:image:height\" content=\"576\" \/>\n\t<meta property=\"og:image:type\" content=\"image\/png\" \/>\n<meta name=\"author\" content=\"superTDH\" \/>\n<meta name=\"twitter:card\" content=\"summary_large_image\" \/>\n<meta name=\"twitter:label1\" content=\"Written by\" \/>\n\t<meta name=\"twitter:data1\" content=\"superTDH\" \/>\n\t<meta name=\"twitter:label2\" content=\"Est. reading time\" \/>\n\t<meta name=\"twitter:data2\" content=\"9 minutes\" \/>\n<script type=\"application\/ld+json\" class=\"yoast-schema-graph\">{\"@context\":\"https:\/\/schema.org\",\"@graph\":[{\"@type\":\"WebPage\",\"@id\":\"https:\/\/terredeshommes.it\/eng\/comunicati\/al-via-iogiocoallapari-palestra-di-diritti-e-competenze\/\",\"url\":\"https:\/\/terredeshommes.it\/eng\/comunicati\/al-via-iogiocoallapari-palestra-di-diritti-e-competenze\/\",\"name\":\"Al via #IoGiocoAllaPari \u2013 Palestra di diritti e competenze - Terre des Hommes Italia\",\"isPartOf\":{\"@id\":\"https:\/\/terredeshommes.it\/eng\/#website\"},\"datePublished\":\"2020-11-26T14:34:51+00:00\",\"dateModified\":\"2022-07-27T13:36:59+00:00\",\"author\":{\"@id\":\"https:\/\/terredeshommes.it\/eng\/#\/schema\/person\/adf40aab21514bbdc483bd807a69efed\"},\"breadcrumb\":{\"@id\":\"https:\/\/terredeshommes.it\/eng\/comunicati\/al-via-iogiocoallapari-palestra-di-diritti-e-competenze\/#breadcrumb\"},\"inLanguage\":\"en-US\",\"potentialAction\":[{\"@type\":\"ReadAction\",\"target\":[\"https:\/\/terredeshommes.it\/eng\/comunicati\/al-via-iogiocoallapari-palestra-di-diritti-e-competenze\/\"]}]},{\"@type\":\"BreadcrumbList\",\"@id\":\"https:\/\/terredeshommes.it\/eng\/comunicati\/al-via-iogiocoallapari-palestra-di-diritti-e-competenze\/#breadcrumb\",\"itemListElement\":[{\"@type\":\"ListItem\",\"position\":1,\"name\":\"Home\",\"item\":\"https:\/\/terredeshommes.it\/eng\/\"},{\"@type\":\"ListItem\",\"position\":2,\"name\":\"Al via #IoGiocoAllaPari \u2013 Palestra di diritti e competenze\"}]},{\"@type\":\"WebSite\",\"@id\":\"https:\/\/terredeshommes.it\/eng\/#website\",\"url\":\"https:\/\/terredeshommes.it\/eng\/\",\"name\":\"Terre des Hommes Italia\",\"description\":\"Proteggiamo i bambini insieme\",\"potentialAction\":[{\"@type\":\"SearchAction\",\"target\":{\"@type\":\"EntryPoint\",\"urlTemplate\":\"https:\/\/terredeshommes.it\/eng\/?s={search_term_string}\"},\"query-input\":\"required name=search_term_string\"}],\"inLanguage\":\"en-US\"},{\"@type\":\"Person\",\"@id\":\"https:\/\/terredeshommes.it\/eng\/#\/schema\/person\/adf40aab21514bbdc483bd807a69efed\",\"name\":\"superTDH\",\"url\":\"https:\/\/terredeshommes.it\/eng\/author\/supertdh\/\"}]}<\/script>\n<!-- \/ Yoast SEO plugin. -->","yoast_head_json":{"title":"Al via #IoGiocoAllaPari \u2013 Palestra di diritti e competenze - Terre des Hommes Italia","robots":{"index":"index","follow":"follow","max-snippet":"max-snippet:-1","max-image-preview":"max-image-preview:large","max-video-preview":"max-video-preview:-1"},"canonical":"https:\/\/terredeshommes.it\/eng\/comunicati\/al-via-iogiocoallapari-palestra-di-diritti-e-competenze\/","og_locale":"en_US","og_type":"article","og_title":"Al via #IoGiocoAllaPari \u2013 Palestra di diritti e competenze - Terre des Hommes Italia","og_description":"Ispirare le nuove generazioni a partecipare attivamente alla costruzione di una societ\u00e0 pi\u00f9 equa, inclusiva e prospera, demolendo stereotipi e barriere di genere, superando paure e pregiudizi. Questo l\u2019obiettivo del nuovo percorso di empowerment generazionale e femminile #IoGiocoAllaPari \u2013 Palestra di Diritti e Competenze organizzato da Terre des Hommes e Junior Achievement Italia, partner tecnico-scientifico, [&hellip;]","og_url":"https:\/\/terredeshommes.it\/eng\/comunicati\/al-via-iogiocoallapari-palestra-di-diritti-e-competenze\/","og_site_name":"Terre des Hommes Italia","article_published_time":"2020-11-26T14:34:51+00:00","article_modified_time":"2022-07-27T13:36:59+00:00","og_image":[{"width":1024,"height":576,"url":"https:\/\/terredeshommes.it\/eng\/wp-content\/uploads\/dreamteam_1920-completa-1024x576-1.png","type":"image\/png"}],"author":"superTDH","twitter_card":"summary_large_image","twitter_misc":{"Written by":"superTDH","Est. reading time":"9 minutes"},"schema":{"@context":"https:\/\/schema.org","@graph":[{"@type":"WebPage","@id":"https:\/\/terredeshommes.it\/eng\/comunicati\/al-via-iogiocoallapari-palestra-di-diritti-e-competenze\/","url":"https:\/\/terredeshommes.it\/eng\/comunicati\/al-via-iogiocoallapari-palestra-di-diritti-e-competenze\/","name":"Al via #IoGiocoAllaPari \u2013 Palestra di diritti e competenze - Terre des Hommes Italia","isPartOf":{"@id":"https:\/\/terredeshommes.it\/eng\/#website"},"datePublished":"2020-11-26T14:34:51+00:00","dateModified":"2022-07-27T13:36:59+00:00","author":{"@id":"https:\/\/terredeshommes.it\/eng\/#\/schema\/person\/adf40aab21514bbdc483bd807a69efed"},"breadcrumb":{"@id":"https:\/\/terredeshommes.it\/eng\/comunicati\/al-via-iogiocoallapari-palestra-di-diritti-e-competenze\/#breadcrumb"},"inLanguage":"en-US","potentialAction":[{"@type":"ReadAction","target":["https:\/\/terredeshommes.it\/eng\/comunicati\/al-via-iogiocoallapari-palestra-di-diritti-e-competenze\/"]}]},{"@type":"BreadcrumbList","@id":"https:\/\/terredeshommes.it\/eng\/comunicati\/al-via-iogiocoallapari-palestra-di-diritti-e-competenze\/#breadcrumb","itemListElement":[{"@type":"ListItem","position":1,"name":"Home","item":"https:\/\/terredeshommes.it\/eng\/"},{"@type":"ListItem","position":2,"name":"Al via #IoGiocoAllaPari \u2013 Palestra di diritti e competenze"}]},{"@type":"WebSite","@id":"https:\/\/terredeshommes.it\/eng\/#website","url":"https:\/\/terredeshommes.it\/eng\/","name":"Terre des Hommes Italia","description":"Proteggiamo i bambini insieme","potentialAction":[{"@type":"SearchAction","target":{"@type":"EntryPoint","urlTemplate":"https:\/\/terredeshommes.it\/eng\/?s={search_term_string}"},"query-input":"required name=search_term_string"}],"inLanguage":"en-US"},{"@type":"Person","@id":"https:\/\/terredeshommes.it\/eng\/#\/schema\/person\/adf40aab21514bbdc483bd807a69efed","name":"superTDH","url":"https:\/\/terredeshommes.it\/eng\/author\/supertdh\/"}]}},"_links":{"self":[{"href":"https:\/\/terredeshommes.it\/eng\/wp-json\/wp\/v2\/posts\/2226","targetHints":{"allow":["GET"]}}],"collection":[{"href":"https:\/\/terredeshommes.it\/eng\/wp-json\/wp\/v2\/posts"}],"about":[{"href":"https:\/\/terredeshommes.it\/eng\/wp-json\/wp\/v2\/types\/post"}],"author":[{"embeddable":true,"href":"https:\/\/terredeshommes.it\/eng\/wp-json\/wp\/v2\/users\/1"}],"replies":[{"embeddable":true,"href":"https:\/\/terredeshommes.it\/eng\/wp-json\/wp\/v2\/comments?post=2226"}],"version-history":[{"count":0,"href":"https:\/\/terredeshommes.it\/eng\/wp-json\/wp\/v2\/posts\/2226\/revisions"}],"wp:featuredmedia":[{"embeddable":true,"href":"https:\/\/terredeshommes.it\/eng\/wp-json\/wp\/v2\/media\/2228"}],"wp:attachment":[{"href":"https:\/\/terredeshommes.it\/eng\/wp-json\/wp\/v2\/media?parent=2226"}],"wp:term":[{"taxonomy":"category","embeddable":true,"href":"https:\/\/terredeshommes.it\/eng\/wp-json\/wp\/v2\/categories?post=2226"},{"taxonomy":"post_tag","embeddable":true,"href":"https:\/\/terredeshommes.it\/eng\/wp-json\/wp\/v2\/tags?post=2226"}],"curies":[{"name":"wp","href":"https:\/\/api.w.org\/{rel}","templated":true}]}}