{"id":2229,"date":"2020-12-09T15:37:28","date_gmt":"2020-12-09T14:37:28","guid":{"rendered":"https:\/\/terredeshommes.it\/?p=2229"},"modified":"2022-07-27T15:38:54","modified_gmt":"2022-07-27T13:38:54","slug":"subito-un-fondo-per-far-uscire-i-bambini-dal-carcere","status":"publish","type":"post","link":"https:\/\/terredeshommes.it\/eng\/comunicati\/subito-un-fondo-per-far-uscire-i-bambini-dal-carcere\/","title":{"rendered":"Subito un fondo per far uscire i bambini dal carcere"},"content":{"rendered":"<p>[et_pb_section fb_built=&#8221;1&#8243; _builder_version=&#8221;4.16&#8243; global_colors_info=&#8221;{}&#8221;][et_pb_row column_structure=&#8221;1_5,3_5,1_5&#8243; _builder_version=&#8221;4.16&#8243; background_size=&#8221;initial&#8221; background_position=&#8221;top_left&#8221; background_repeat=&#8221;repeat&#8221; global_colors_info=&#8221;{}&#8221;][et_pb_column type=&#8221;1_5&#8243; _builder_version=&#8221;4.16&#8243; custom_padding=&#8221;|||&#8221; global_colors_info=&#8221;{}&#8221; custom_padding__hover=&#8221;|||&#8221;][\/et_pb_column][et_pb_column type=&#8221;3_5&#8243; _builder_version=&#8221;4.16&#8243; custom_padding=&#8221;|||&#8221; global_colors_info=&#8221;{}&#8221; custom_padding__hover=&#8221;|||&#8221;][et_pb_text admin_label=&#8221;Testo&#8221; _builder_version=&#8221;4.17.6&#8243; background_size=&#8221;initial&#8221; background_position=&#8221;top_left&#8221; background_repeat=&#8221;repeat&#8221; hover_enabled=&#8221;0&#8243; global_colors_info=&#8221;{}&#8221; sticky_enabled=&#8221;0&#8243;]<\/p>\n<p>Ancora troppi bambini varcano la soglia delle carceri italiane.<br \/><strong>Sono 33 i bambini presenti nelle carceri italiane al 30 ottobre 2020<\/strong>, costretti a vivere e crescere in una condizione assolutamente inadeguata e rischiosa, che ne mina il benessere psicologico emotivo e fisico.<\/p>\n<p>Per loro chiediamo che si inizi a costruire un <strong>futuro diverso<\/strong>. Da oggi.<\/p>\n<p>Le nostre organizzazioni, consapevoli dell\u2019urgente necessit\u00e0 di rendere applicabile la <strong>legge 62\/11, che disciplina la condizione delle madri detenute con al seguito i propri bambini<\/strong>, hanno visto nella Legge di Bilancio un\u2019opportunit\u00e0 per iniziare a costruire un futuro diverso per loro.<\/p>\n<p><a href=\"https:\/\/www.aromainsieme.it\/\" target=\"_blank\" rel=\"noopener\">A Roma insieme<\/a>, <a href=\"https:\/\/www.cittadinanzattiva.it\/\" target=\"_blank\" rel=\"noopener\">Cittadinanzattiva<\/a>, <a href=\"http:\/\/www.lagabbianella.org\/\" target=\"_blank\" rel=\"noopener\">La Gabbianella<\/a>, <strong>Terre des Hommes<\/strong> e <a href=\"http:\/\/www.acatitalia.it\/wordpress\/\" target=\"_blank\" rel=\"noopener\">ACAT<\/a> <strong>chiedono che sia approvato dalla Commissione Bilancio della Camera l\u2019emendamento alla Legge di Bilancio<\/strong>, a prima firma Siani e sostenuto tutti i gruppi di maggioranza, <strong>per la creazione di un Fondo per l\u2019accoglienza delle madri detenute con i propri figli<\/strong>, al di fuori delle strutture carcerarie.<\/p>\n<p><strong>L\u2019emendamento prevede che siano destinati a tale Fondo 1.500.000 di euro all\u2019anno per tre anni a partire dal 2021<\/strong>.Queste risorse serviranno per coprire le spese di accoglienza delle donne e dei loro bambini, fuori dal carcere, cos\u00ec che possano essere trasferite sia in <strong>Case Famiglia<\/strong> Protette sia in<strong> Comunit\u00e0 alloggio mamma \/ bambino<\/strong> gi\u00e0 presenti su tutto il territorio nazionale.<br \/>Il Fondo rappresenta un importante punto di partenza per garantire ai bambini una vita fuori dal carcere assieme alle loro mamme.<\/p>\n<p>\u201c<em>L\u2019approvazione di questo emendamento porr\u00e0 le basi concrete per iniziare a cambiare le condizioni di vita di molti bambini che oggi stanno pagando il prezzo di un sacrificio inaccettabile e permetter\u00e0 di avviare un percorso di definitiva soluzione del problema<\/em>\u201d, afferma <strong>Laura Liberto<\/strong>, coordinatrice nazionale della rete Giustizia per i Diritti di Cittadinanzattiva.<\/p>\n<p>\u201c<em>Avere un Fondo dedicato per permettere percorsi di accoglienza di bambini con le mamme fuori dal carcere \u00e8 un traguardo importante anche se molto resta ancora da fare. Sono diverse e complesse, infatti le cause per le quali tanti bambini sono costretti a vivere la privazione della propria libert\u00e0. Per questo l\u2019impegno di Terre des Hommes proseguir\u00e0 anche nel futuro per cercare di fare s\u00ec che tutte le misure utili ad evitare questa penosa soluzione siano messe in campo<\/em>\u201d, afferma <strong>Federica Giannotta<\/strong>, Responsabile Advocacy e Programmi Italia di Terre des Hommes.<\/p>\n<p>\u201c<em>Aprire le porte delle Case Famiglia, ancora poco utilizzate, nonostante la L.62\/11 lo preveda, \u00e8 un passo avanti importante. Il potere pubblico oggi non pu\u00f2 dimostrarsi assente o disattento sul tema attualissimo della umanizzazione della pena, in presenza di\u00a0madri e bambini<\/em>,&#8221; dichiara <strong>Giovanna Longo<\/strong>, presidente di A Roma, insieme.<\/p>\n<p>\u201c<em>I figli delle detenute sono bambini fragili, per cui frequentare precocemente la scuola dell&#8217;infanzia \u00e8 vitale e le detenute madri sono donne che hanno anch&#8217;esse bisogno di ricevere educazione e formazione per diventare libere ed autonome. Si ritiene che questa formazione sia maggiormente favorita in casa-famiglia piuttosto che in carcere o in Icam. Chi alle case famiglia non potr\u00e0 accedere, per il divieto del giudice, ha comunque diritto alla frequenza della scuola dell&#8217;infanzia per i propri figli e ad una formazione per s\u00e9<\/em>&#8220;, ricorda <strong>Carla Forcolin<\/strong>, presidente de La Gabbianella.<\/p>\n<p>&#8220;<em>La crescita e lo sviluppo dei bambini dipendono da tantissimi fattori, ma tra i pi\u00f9 importanti vi \u00e8 sicuramente la libert\u00e0. Solo la libert\u00e0 insegna ai bambini ad effettuare scelte e ad essere responsabili. Una educazione completa e libera \u00e8 sicuramente la base per avere cittadini migliori domani che saranno realmente padroni della propria vita<\/em>,&#8221; sostiene <strong>Massimo Corti<\/strong>, Presidente ACAT.<\/p>\n<p>[\/et_pb_text][\/et_pb_column][et_pb_column type=&#8221;1_5&#8243; _builder_version=&#8221;4.16&#8243; custom_padding=&#8221;|||&#8221; global_colors_info=&#8221;{}&#8221; custom_padding__hover=&#8221;|||&#8221;][\/et_pb_column][\/et_pb_row][\/et_pb_section]<\/p>\n","protected":false},"excerpt":{"rendered":"<p>Ancora troppi bambini varcano la soglia delle carceri italiane.Sono 33 i bambini presenti nelle carceri italiane al 30 ottobre 2020, costretti a vivere e crescere in una condizione assolutamente inadeguata e rischiosa, che ne mina il benessere psicologico emotivo e fisico. Per loro chiediamo che si inizi a costruire un futuro diverso. Da oggi. Le [&hellip;]<\/p>\n","protected":false},"author":1,"featured_media":2231,"comment_status":"open","ping_status":"open","sticky":false,"template":"","format":"standard","meta":{"_et_pb_use_builder":"on","_et_pb_old_content":"Cras mattis consectetur purus sit amet fermentum. Aenean lacinia bibendum nulla sed consectetur. Donec ullamcorper nulla non metus auctor fringilla. Donec ullamcorper nulla non metus auctor fringilla.","_et_gb_content_width":"","footnotes":""},"categories":[16],"tags":[],"class_list":["post-2229","post","type-post","status-publish","format-standard","has-post-thumbnail","hentry","category-comunicati"],"yoast_head":"<!-- This site is optimized with the Yoast SEO plugin v21.1 - https:\/\/yoast.com\/wordpress\/plugins\/seo\/ -->\n<title>Subito un fondo per far uscire i bambini dal carcere - Terre des Hommes Italia<\/title>\n<meta name=\"robots\" content=\"index, follow, max-snippet:-1, max-image-preview:large, max-video-preview:-1\" \/>\n<link rel=\"canonical\" href=\"https:\/\/terredeshommes.it\/eng\/comunicati\/subito-un-fondo-per-far-uscire-i-bambini-dal-carcere\/\" \/>\n<meta property=\"og:locale\" content=\"en_US\" \/>\n<meta property=\"og:type\" content=\"article\" \/>\n<meta property=\"og:title\" content=\"Subito un fondo per far uscire i bambini dal carcere - Terre des Hommes Italia\" \/>\n<meta property=\"og:description\" content=\"Ancora troppi bambini varcano la soglia delle carceri italiane.Sono 33 i bambini presenti nelle carceri italiane al 30 ottobre 2020, costretti a vivere e crescere in una condizione assolutamente inadeguata e rischiosa, che ne mina il benessere psicologico emotivo e fisico. Per loro chiediamo che si inizi a costruire un futuro diverso. Da oggi. Le [&hellip;]\" \/>\n<meta property=\"og:url\" content=\"https:\/\/terredeshommes.it\/eng\/comunicati\/subito-un-fondo-per-far-uscire-i-bambini-dal-carcere\/\" \/>\n<meta property=\"og:site_name\" content=\"Terre des Hommes Italia\" \/>\n<meta property=\"article:published_time\" content=\"2020-12-09T14:37:28+00:00\" \/>\n<meta property=\"article:modified_time\" content=\"2022-07-27T13:38:54+00:00\" \/>\n<meta property=\"og:image\" content=\"https:\/\/terredeshommes.it\/eng\/wp-content\/uploads\/culla-in-carcere.jpeg\" \/>\n\t<meta property=\"og:image:width\" content=\"949\" \/>\n\t<meta property=\"og:image:height\" content=\"593\" \/>\n\t<meta property=\"og:image:type\" content=\"image\/jpeg\" \/>\n<meta name=\"author\" content=\"superTDH\" \/>\n<meta name=\"twitter:card\" content=\"summary_large_image\" \/>\n<meta name=\"twitter:label1\" content=\"Written by\" \/>\n\t<meta name=\"twitter:data1\" content=\"superTDH\" \/>\n\t<meta name=\"twitter:label2\" content=\"Est. reading time\" \/>\n\t<meta name=\"twitter:data2\" content=\"7 minutes\" \/>\n<script type=\"application\/ld+json\" class=\"yoast-schema-graph\">{\"@context\":\"https:\/\/schema.org\",\"@graph\":[{\"@type\":\"WebPage\",\"@id\":\"https:\/\/terredeshommes.it\/eng\/comunicati\/subito-un-fondo-per-far-uscire-i-bambini-dal-carcere\/\",\"url\":\"https:\/\/terredeshommes.it\/eng\/comunicati\/subito-un-fondo-per-far-uscire-i-bambini-dal-carcere\/\",\"name\":\"Subito un fondo per far uscire i bambini dal carcere - Terre des Hommes Italia\",\"isPartOf\":{\"@id\":\"https:\/\/terredeshommes.it\/eng\/#website\"},\"datePublished\":\"2020-12-09T14:37:28+00:00\",\"dateModified\":\"2022-07-27T13:38:54+00:00\",\"author\":{\"@id\":\"https:\/\/terredeshommes.it\/eng\/#\/schema\/person\/adf40aab21514bbdc483bd807a69efed\"},\"breadcrumb\":{\"@id\":\"https:\/\/terredeshommes.it\/eng\/comunicati\/subito-un-fondo-per-far-uscire-i-bambini-dal-carcere\/#breadcrumb\"},\"inLanguage\":\"en-US\",\"potentialAction\":[{\"@type\":\"ReadAction\",\"target\":[\"https:\/\/terredeshommes.it\/eng\/comunicati\/subito-un-fondo-per-far-uscire-i-bambini-dal-carcere\/\"]}]},{\"@type\":\"BreadcrumbList\",\"@id\":\"https:\/\/terredeshommes.it\/eng\/comunicati\/subito-un-fondo-per-far-uscire-i-bambini-dal-carcere\/#breadcrumb\",\"itemListElement\":[{\"@type\":\"ListItem\",\"position\":1,\"name\":\"Home\",\"item\":\"https:\/\/terredeshommes.it\/eng\/\"},{\"@type\":\"ListItem\",\"position\":2,\"name\":\"Subito un fondo per far uscire i bambini dal carcere\"}]},{\"@type\":\"WebSite\",\"@id\":\"https:\/\/terredeshommes.it\/eng\/#website\",\"url\":\"https:\/\/terredeshommes.it\/eng\/\",\"name\":\"Terre des Hommes Italia\",\"description\":\"Proteggiamo i bambini insieme\",\"potentialAction\":[{\"@type\":\"SearchAction\",\"target\":{\"@type\":\"EntryPoint\",\"urlTemplate\":\"https:\/\/terredeshommes.it\/eng\/?s={search_term_string}\"},\"query-input\":\"required name=search_term_string\"}],\"inLanguage\":\"en-US\"},{\"@type\":\"Person\",\"@id\":\"https:\/\/terredeshommes.it\/eng\/#\/schema\/person\/adf40aab21514bbdc483bd807a69efed\",\"name\":\"superTDH\",\"url\":\"https:\/\/terredeshommes.it\/eng\/author\/supertdh\/\"}]}<\/script>\n<!-- \/ Yoast SEO plugin. -->","yoast_head_json":{"title":"Subito un fondo per far uscire i bambini dal carcere - Terre des Hommes Italia","robots":{"index":"index","follow":"follow","max-snippet":"max-snippet:-1","max-image-preview":"max-image-preview:large","max-video-preview":"max-video-preview:-1"},"canonical":"https:\/\/terredeshommes.it\/eng\/comunicati\/subito-un-fondo-per-far-uscire-i-bambini-dal-carcere\/","og_locale":"en_US","og_type":"article","og_title":"Subito un fondo per far uscire i bambini dal carcere - Terre des Hommes Italia","og_description":"Ancora troppi bambini varcano la soglia delle carceri italiane.Sono 33 i bambini presenti nelle carceri italiane al 30 ottobre 2020, costretti a vivere e crescere in una condizione assolutamente inadeguata e rischiosa, che ne mina il benessere psicologico emotivo e fisico. Per loro chiediamo che si inizi a costruire un futuro diverso. Da oggi. Le [&hellip;]","og_url":"https:\/\/terredeshommes.it\/eng\/comunicati\/subito-un-fondo-per-far-uscire-i-bambini-dal-carcere\/","og_site_name":"Terre des Hommes Italia","article_published_time":"2020-12-09T14:37:28+00:00","article_modified_time":"2022-07-27T13:38:54+00:00","og_image":[{"width":949,"height":593,"url":"https:\/\/terredeshommes.it\/eng\/wp-content\/uploads\/culla-in-carcere.jpeg","type":"image\/jpeg"}],"author":"superTDH","twitter_card":"summary_large_image","twitter_misc":{"Written by":"superTDH","Est. reading time":"7 minutes"},"schema":{"@context":"https:\/\/schema.org","@graph":[{"@type":"WebPage","@id":"https:\/\/terredeshommes.it\/eng\/comunicati\/subito-un-fondo-per-far-uscire-i-bambini-dal-carcere\/","url":"https:\/\/terredeshommes.it\/eng\/comunicati\/subito-un-fondo-per-far-uscire-i-bambini-dal-carcere\/","name":"Subito un fondo per far uscire i bambini dal carcere - Terre des Hommes Italia","isPartOf":{"@id":"https:\/\/terredeshommes.it\/eng\/#website"},"datePublished":"2020-12-09T14:37:28+00:00","dateModified":"2022-07-27T13:38:54+00:00","author":{"@id":"https:\/\/terredeshommes.it\/eng\/#\/schema\/person\/adf40aab21514bbdc483bd807a69efed"},"breadcrumb":{"@id":"https:\/\/terredeshommes.it\/eng\/comunicati\/subito-un-fondo-per-far-uscire-i-bambini-dal-carcere\/#breadcrumb"},"inLanguage":"en-US","potentialAction":[{"@type":"ReadAction","target":["https:\/\/terredeshommes.it\/eng\/comunicati\/subito-un-fondo-per-far-uscire-i-bambini-dal-carcere\/"]}]},{"@type":"BreadcrumbList","@id":"https:\/\/terredeshommes.it\/eng\/comunicati\/subito-un-fondo-per-far-uscire-i-bambini-dal-carcere\/#breadcrumb","itemListElement":[{"@type":"ListItem","position":1,"name":"Home","item":"https:\/\/terredeshommes.it\/eng\/"},{"@type":"ListItem","position":2,"name":"Subito un fondo per far uscire i bambini dal carcere"}]},{"@type":"WebSite","@id":"https:\/\/terredeshommes.it\/eng\/#website","url":"https:\/\/terredeshommes.it\/eng\/","name":"Terre des Hommes Italia","description":"Proteggiamo i bambini insieme","potentialAction":[{"@type":"SearchAction","target":{"@type":"EntryPoint","urlTemplate":"https:\/\/terredeshommes.it\/eng\/?s={search_term_string}"},"query-input":"required name=search_term_string"}],"inLanguage":"en-US"},{"@type":"Person","@id":"https:\/\/terredeshommes.it\/eng\/#\/schema\/person\/adf40aab21514bbdc483bd807a69efed","name":"superTDH","url":"https:\/\/terredeshommes.it\/eng\/author\/supertdh\/"}]}},"_links":{"self":[{"href":"https:\/\/terredeshommes.it\/eng\/wp-json\/wp\/v2\/posts\/2229","targetHints":{"allow":["GET"]}}],"collection":[{"href":"https:\/\/terredeshommes.it\/eng\/wp-json\/wp\/v2\/posts"}],"about":[{"href":"https:\/\/terredeshommes.it\/eng\/wp-json\/wp\/v2\/types\/post"}],"author":[{"embeddable":true,"href":"https:\/\/terredeshommes.it\/eng\/wp-json\/wp\/v2\/users\/1"}],"replies":[{"embeddable":true,"href":"https:\/\/terredeshommes.it\/eng\/wp-json\/wp\/v2\/comments?post=2229"}],"version-history":[{"count":0,"href":"https:\/\/terredeshommes.it\/eng\/wp-json\/wp\/v2\/posts\/2229\/revisions"}],"wp:featuredmedia":[{"embeddable":true,"href":"https:\/\/terredeshommes.it\/eng\/wp-json\/wp\/v2\/media\/2231"}],"wp:attachment":[{"href":"https:\/\/terredeshommes.it\/eng\/wp-json\/wp\/v2\/media?parent=2229"}],"wp:term":[{"taxonomy":"category","embeddable":true,"href":"https:\/\/terredeshommes.it\/eng\/wp-json\/wp\/v2\/categories?post=2229"},{"taxonomy":"post_tag","embeddable":true,"href":"https:\/\/terredeshommes.it\/eng\/wp-json\/wp\/v2\/tags?post=2229"}],"curies":[{"name":"wp","href":"https:\/\/api.w.org\/{rel}","templated":true}]}}