{"id":2244,"date":"2021-01-28T15:52:32","date_gmt":"2021-01-28T14:52:32","guid":{"rendered":"https:\/\/terredeshommes.it\/?p=2244"},"modified":"2022-07-27T15:53:48","modified_gmt":"2022-07-27T13:53:48","slug":"nidoinsieme-it-sito-supporto-educatori-genitori-bambini-0-3-anni","status":"publish","type":"post","link":"https:\/\/terredeshommes.it\/eng\/comunicati\/nidoinsieme-it-sito-supporto-educatori-genitori-bambini-0-3-anni\/","title":{"rendered":"Nidoinsieme.it, il sito di supporto a educatori e genitori di bambini 0-3 anni"},"content":{"rendered":"<p>[et_pb_section fb_built=&#8221;1&#8243; _builder_version=&#8221;4.16&#8243; global_colors_info=&#8221;{}&#8221;][et_pb_row column_structure=&#8221;1_5,3_5,1_5&#8243; _builder_version=&#8221;4.16&#8243; background_size=&#8221;initial&#8221; background_position=&#8221;top_left&#8221; background_repeat=&#8221;repeat&#8221; global_colors_info=&#8221;{}&#8221;][et_pb_column type=&#8221;1_5&#8243; _builder_version=&#8221;4.16&#8243; custom_padding=&#8221;|||&#8221; global_colors_info=&#8221;{}&#8221; custom_padding__hover=&#8221;|||&#8221;][\/et_pb_column][et_pb_column type=&#8221;3_5&#8243; _builder_version=&#8221;4.16&#8243; custom_padding=&#8221;|||&#8221; global_colors_info=&#8221;{}&#8221; custom_padding__hover=&#8221;|||&#8221;][et_pb_text admin_label=&#8221;Testo&#8221; _builder_version=&#8221;4.17.6&#8243; background_size=&#8221;initial&#8221; background_position=&#8221;top_left&#8221; background_repeat=&#8221;repeat&#8221; hover_enabled=&#8221;0&#8243; global_colors_info=&#8221;{}&#8221; sticky_enabled=&#8221;0&#8243;]<\/p>\n<p><a href=\"https:\/\/www.nidoinsieme.it\/\" target=\"_blank\" rel=\"noopener\">NIDOINSIEME.it<\/a> IL SITO DI SUPPORTO a educatori e GENITORI di bambini 0-3 ANNI lancia la webserie per parlare delle PICCOLE GRANDI SFIDE QUOTIDIANE nella cura ed educazione dei figli.<\/p>\n<p><strong>Terre des Hommes<\/strong> e<strong> ATS Citt\u00e0 Metropolitana di Milano<\/strong> promuovono una piattaforma di supporto alla genitorialit\u00e0 e per la formazione di educatori e operatori di asili nido e micronidi.<\/p>\n<p>Disponibili da oggi sul portale <strong><a href=\"https:\/\/www.nidoinsieme.it\/\" target=\"_blank\" rel=\"noopener\">NidoInsieme.it<\/a><\/strong> e sul relativo canale YouTube, le prime sei puntate della serie, ideata da Terre des Hommes e ATS Citt\u00e0 Metropolitana di Milano e realizzata dal regista <strong>Stefano Girardi<\/strong> con la casa di produzione <strong>MoovieOn<\/strong>, con l\u2019obiettivo di sensibilizzare sull\u2019importanza di un supporto adeguato ai genitori, che ogni giorno affrontano nuove piccole e grandi sfide nella cura ed educazione dei figli.<\/p>\n<p>Federica e Lorenzo, la coppia protagonista dei video, in ogni episodio si confrontano su temi quali l\u2019alimentazione, l\u2019uso di smartphone e altri device tecnologici, l\u2018importanza delle regole, la scelta di mandare il proprio figlio al nido, il rischio di prestare cure eccessive (che pu\u00f2 sfociare nell\u2019ipercura), o, al contrario, la carenza di cure nei confronti dei figli (che pu\u00f2 arrivare alla forma patologica della discuria). Argomenti familiari a tanti genitori e molto spesso vissuti con ansia e preoccupazione, o magari senza quelle informazioni e consigli utili che possono tranquillizzare e dare pi\u00f9 serenit\u00e0 alla coppia.<\/p>\n<p>Per rispondere a domande e dubbi, ad ogni episodio della webserie sono affiancate delle pillole video con il contributo di esperti, psicologi, educatori, pediatri nel format \u201cParola all\u2019esperto\u201d che spiegano e approfondiscono ogni tema.<\/p>\n<p>La webserie, infatti, \u00e8 disponibile all\u2019interno dell\u2019omonima piattaforma <strong>NidoInsieme<\/strong>, che nasce dalla collaborazione di ATS Citt\u00e0 Metropolitana di Milano con la Fondazione Terre des Hommes, grazie al finanziamento di Regione Lombardia, con l\u2019obiettivo di creare una rete territoriale a supporto degli asili nido e dei micro-nidi e sviluppare nuove formule per sostenere la genitorialit\u00e0 nelle famiglie con bambini da 0 a 3 anni, con un\u2019ottica di prevenzione della violenza sui minori.<\/p>\n<p>Per il Dott. <strong>Aurelio Mosca<\/strong>, <strong>Direttore del Dipartimento di ATS Milano<\/strong> che ha progettato e coordina la realizzazione del portale <em>\u201cNidoInsieme \u00e8 uno strumento concreto per aiutare genitori ed educatori ad affrontare e vivere la relazione educativa sin dai primissimi anni come ricerca delle modalit\u00e0 che possono orientare l\u2019evoluzione e la crescita dei bambini in senso positivo e per il loro benessere psicofisico. Oltre ad ospitare la webserie e gli approfondimenti de \u201cLa parola all\u2019esperto\u201d sar\u00e0 continuamente arricchito di contenuti con informazioni e consigli utili per i genitori, e presenter\u00e0 alcuni servizi innovativi attivi sul territorio milanese a sostegno delle neomamme e dei neopap\u00e0, o nel riconoscimento e prevenzione dei casi di abusi o violenza. La sua realizzazione \u00e8 un esempio di come la collaborazione con il Terzo settore condividendo finalit\u00e0 , metodo di lavoro ed esperienza pu\u00f2 portare a risultati che rappresentano un valore aggiunto. L\u2019esperienza e la qualificazione della Fondazione Terre des Hommes sui temi della prevenzione e dell\u2019aiuto alle relazioni educative e di protezione dell\u2019infanzia, che hanno portato anche recentemente a far nascere lo sportello TIMMI all\u2019interno dell\u2019Ospedale Buzzi di Milano, sono state decisive per raggiungere questo risultato.\u201d<\/em><\/p>\n<p>Il progetto a luglio 2020, ha affrontato direttamente anche l\u2019emergenza Covid-19, estesa alla fascia di et\u00e0 sino ai 5 anni, con contenuti informativi e videointerviste agli operatori dei servizi per offrire delle risposte autorevoli ai pi\u00f9 comuni dubbi e insicurezze legati alla salute e il benessere dei bambini. Ma non solo. Sono disponibili riposte alle FAQ (domande pi\u00f9 frequenti) realizzate da genitori e da educatori dei servizi per l\u2019infanzia.<\/p>\n<p>Inoltre, da febbraio, sar\u00e0 attivata la possibilit\u00e0 di prenotare una consulenza on line per un confronto con psicologi ed educatori dell\u2019equipe NidoInsieme per una risposta personalizzata ai dubbi e alle preoccupazioni dei genitori e dei caregiver.<\/p>\n<p>Saranno disponibili anche moduli per la formazione a distanza e scambio di buone pratiche per gli educatori e operatori di asili nido e micro nidi.<\/p>\n<p>\u201cIl sostegno alla genitorialit\u00e0 \u00e8 fondamentale perch\u00e9 \u00e8 proprio all\u2019interno delle famiglie che si possono manifestare comportamenti disfunzionali nei confronti del bambino che, se non debitamente contenuti e guidati, possono sfociare in violenza e maltrattamenti\u201d, sostiene Federica Giannotta, Responsabile Progetti Italia di Terre des Hommes. \u201cLa webserie che lanciamo oggi \u00e8 uno strumento che vuole catturare l\u2019attenzione di tanti neogenitori su temi che li vedono quotidianamente coinvolti per informarli e sensibilizzarli, con un linguaggio semplice e accattivante, con l\u2019obiettivo di non farli sentire soli ma sostenuti dalla rete dei servizi del territorio\u201d.<\/p>\n<p><em>\u201cQuando Terre des Hommes mi ha proposto questo progetto ho pensato subito di evitare un approccio troppo didascalico a favore di qualcosa di pi\u00f9 narrativo, per mettere in luce delle dinamiche psicologiche e delle problematiche in modo leggero ed emotivamente coinvolgente, senza tuttavia sottovalutarle.\u201d<\/em> afferma il regista <strong>Stefano Girardi<\/strong>, <em>\u201cAnche con l\u2019aiuto di alcuni effetti speciali, i due genitori in ogni puntata compiono una sorta di \u201cviaggio dell\u2019eroe\u201d alla scoperta e, soprattutto, alla ricerca di una consapevolezza\u201d<\/em>.<\/p>\n<p>Per la realizzazione del prodotto video \u00e8 stata fondamentale la collaborazione tra gli esperti dell\u2019<strong>Associazione Alice<\/strong>, onlus milanese con un\u2019esperienza pluriennale nel campo dell\u2019et\u00e0 evolutiva, dell\u2019adolescenza, della genitorialit\u00e0 e <strong>tutta la rete delle ASST<\/strong> e partner di progetto, che hanno messo a disposizione le loro conoscenze e professionalit\u00e0 per strutturare gli approfondimenti tematici e fornire il supporto tecnico e le informazioni necessarie per la costruzione degli script.<\/p>\n<p>La dott.ssa <strong>Stefania Andreoli<\/strong>, psicologa e psicoterapeuta, presidentessa dell\u2019<strong>Associazione Alice Onlus<\/strong> <em>\u201cSono entusiasta di avere messo a disposizione il know how della nostra \u00e9quipe su un progetto con queste caratteristiche: oltre ad essere dinamico, contemporaneo e di semplice fruizione, siamo convinti che intercetti il reale bisogno dei genitori di oggi\u201d<\/em>. Dice la dott.ssa Stefania Andreoli, <em>\u201cSempre pi\u00f9 spesso, infatti, le richieste di consultazione che riceviamo riguardano proprio una specie di \u201cnon famigliarit\u00e0\u201d con l\u2019infanzia. Per quanto siano stati bambini anche loro, le mamme e i pap\u00e0 paiono avvertire il bisogno di imparare come siano fatti i pi\u00f9 piccoli di cosa abbiano bisogno. Porre l\u2019accento su quanto meriti di essere saputo, detto dalla viva esperienza dei professionisti, in molte famiglie pu\u00f2 fare la differenza.\u201d<\/em><\/p>\n<p><strong>NidoInsieme<\/strong> \u00e8 finanziato da <strong>Regione Lombardia<\/strong>, promosso e coordinato da <strong>ATS Citt\u00e0 Metropolitana di Milano<\/strong>, collaborano la Fondazione Terre des Hommes, Comune di Milano, Comune di Magenta, Azienda Speciale Servizi alla Persona e alla Famiglia Futura del Comune di Pioltello, ASST Fatebenefratelli Sacco, ASST Melegnano Martesana, ASST Ovest Milanese, ASST Nord Milano, ASST Rhodense.<br \/>La webserie \u00e8 realizzata dalla casa di produzione MoovieOn con la regia di Stefano Girardi e fotografia di Federico Teoldi. Vi hanno preso parte gli attori <strong>Federica Vai<\/strong> e <strong>Lorenzo Cordara<\/strong>.<\/p>\n<p><em>Per maggiori informazioni e richiesta di interviste:<\/em><br \/><strong>Anna Bianchi<\/strong>, Ufficio stampa Terre des Hommes a.bianchi@tdhitaly.org &#8211; +39 3341691927<br \/><strong>Jacopo Salvadori<\/strong>, Ufficio stampa ATS Citt\u00e0 Metropolitana di Milano, ufficiostampa@ats-milano.it &#8211; 02 85782858<\/p>\n<p>[\/et_pb_text][\/et_pb_column][et_pb_column type=&#8221;1_5&#8243; _builder_version=&#8221;4.16&#8243; custom_padding=&#8221;|||&#8221; global_colors_info=&#8221;{}&#8221; custom_padding__hover=&#8221;|||&#8221;][\/et_pb_column][\/et_pb_row][\/et_pb_section]<\/p>\n","protected":false},"excerpt":{"rendered":"<p>NIDOINSIEME.it IL SITO DI SUPPORTO a educatori e GENITORI di bambini 0-3 ANNI lancia la webserie per parlare delle PICCOLE GRANDI SFIDE QUOTIDIANE nella cura ed educazione dei figli. Terre des Hommes e ATS Citt\u00e0 Metropolitana di Milano promuovono una piattaforma di supporto alla genitorialit\u00e0 e per la formazione di educatori e operatori di asili [&hellip;]<\/p>\n","protected":false},"author":1,"featured_media":2246,"comment_status":"open","ping_status":"open","sticky":false,"template":"","format":"standard","meta":{"_et_pb_use_builder":"on","_et_pb_old_content":"Cras mattis consectetur purus sit amet fermentum. Aenean lacinia bibendum nulla sed consectetur. Donec ullamcorper nulla non metus auctor fringilla. Donec ullamcorper nulla non metus auctor fringilla.","_et_gb_content_width":"","footnotes":""},"categories":[16],"tags":[],"class_list":["post-2244","post","type-post","status-publish","format-standard","has-post-thumbnail","hentry","category-comunicati"],"yoast_head":"<!-- This site is optimized with the Yoast SEO plugin v21.1 - https:\/\/yoast.com\/wordpress\/plugins\/seo\/ -->\n<title>Nidoinsieme.it, il sito di supporto a educatori e genitori di bambini 0-3 anni - Terre des Hommes Italia<\/title>\n<meta name=\"robots\" content=\"index, follow, max-snippet:-1, max-image-preview:large, max-video-preview:-1\" \/>\n<link rel=\"canonical\" href=\"https:\/\/terredeshommes.it\/eng\/comunicati\/nidoinsieme-it-sito-supporto-educatori-genitori-bambini-0-3-anni\/\" \/>\n<meta property=\"og:locale\" content=\"en_US\" \/>\n<meta property=\"og:type\" content=\"article\" \/>\n<meta property=\"og:title\" content=\"Nidoinsieme.it, il sito di supporto a educatori e genitori di bambini 0-3 anni - Terre des Hommes Italia\" \/>\n<meta property=\"og:description\" content=\"NIDOINSIEME.it IL SITO DI SUPPORTO a educatori e GENITORI di bambini 0-3 ANNI lancia la webserie per parlare delle PICCOLE GRANDI SFIDE QUOTIDIANE nella cura ed educazione dei figli. Terre des Hommes e ATS Citt\u00e0 Metropolitana di Milano promuovono una piattaforma di supporto alla genitorialit\u00e0 e per la formazione di educatori e operatori di asili [&hellip;]\" \/>\n<meta property=\"og:url\" content=\"https:\/\/terredeshommes.it\/eng\/comunicati\/nidoinsieme-it-sito-supporto-educatori-genitori-bambini-0-3-anni\/\" \/>\n<meta property=\"og:site_name\" content=\"Terre des Hommes Italia\" \/>\n<meta property=\"article:published_time\" content=\"2021-01-28T14:52:32+00:00\" \/>\n<meta property=\"article:modified_time\" content=\"2022-07-27T13:53:48+00:00\" \/>\n<meta property=\"og:image\" content=\"https:\/\/terredeshommes.it\/eng\/wp-content\/uploads\/cs_nidoinsieme-1.jpeg\" \/>\n\t<meta property=\"og:image:width\" content=\"940\" \/>\n\t<meta property=\"og:image:height\" content=\"345\" \/>\n\t<meta property=\"og:image:type\" content=\"image\/jpeg\" \/>\n<meta name=\"author\" content=\"superTDH\" \/>\n<meta name=\"twitter:card\" content=\"summary_large_image\" \/>\n<meta name=\"twitter:label1\" content=\"Written by\" \/>\n\t<meta name=\"twitter:data1\" content=\"superTDH\" \/>\n\t<meta name=\"twitter:label2\" content=\"Est. reading time\" \/>\n\t<meta name=\"twitter:data2\" content=\"4 minutes\" \/>\n<script type=\"application\/ld+json\" class=\"yoast-schema-graph\">{\"@context\":\"https:\/\/schema.org\",\"@graph\":[{\"@type\":\"WebPage\",\"@id\":\"https:\/\/terredeshommes.it\/eng\/comunicati\/nidoinsieme-it-sito-supporto-educatori-genitori-bambini-0-3-anni\/\",\"url\":\"https:\/\/terredeshommes.it\/eng\/comunicati\/nidoinsieme-it-sito-supporto-educatori-genitori-bambini-0-3-anni\/\",\"name\":\"Nidoinsieme.it, il sito di supporto a educatori e genitori di bambini 0-3 anni - Terre des Hommes Italia\",\"isPartOf\":{\"@id\":\"https:\/\/terredeshommes.it\/eng\/#website\"},\"datePublished\":\"2021-01-28T14:52:32+00:00\",\"dateModified\":\"2022-07-27T13:53:48+00:00\",\"author\":{\"@id\":\"https:\/\/terredeshommes.it\/eng\/#\/schema\/person\/adf40aab21514bbdc483bd807a69efed\"},\"breadcrumb\":{\"@id\":\"https:\/\/terredeshommes.it\/eng\/comunicati\/nidoinsieme-it-sito-supporto-educatori-genitori-bambini-0-3-anni\/#breadcrumb\"},\"inLanguage\":\"en-US\",\"potentialAction\":[{\"@type\":\"ReadAction\",\"target\":[\"https:\/\/terredeshommes.it\/eng\/comunicati\/nidoinsieme-it-sito-supporto-educatori-genitori-bambini-0-3-anni\/\"]}]},{\"@type\":\"BreadcrumbList\",\"@id\":\"https:\/\/terredeshommes.it\/eng\/comunicati\/nidoinsieme-it-sito-supporto-educatori-genitori-bambini-0-3-anni\/#breadcrumb\",\"itemListElement\":[{\"@type\":\"ListItem\",\"position\":1,\"name\":\"Home\",\"item\":\"https:\/\/terredeshommes.it\/eng\/\"},{\"@type\":\"ListItem\",\"position\":2,\"name\":\"Nidoinsieme.it, il sito di supporto a educatori e genitori di bambini 0-3 anni\"}]},{\"@type\":\"WebSite\",\"@id\":\"https:\/\/terredeshommes.it\/eng\/#website\",\"url\":\"https:\/\/terredeshommes.it\/eng\/\",\"name\":\"Terre des Hommes Italia\",\"description\":\"Proteggiamo i bambini insieme\",\"potentialAction\":[{\"@type\":\"SearchAction\",\"target\":{\"@type\":\"EntryPoint\",\"urlTemplate\":\"https:\/\/terredeshommes.it\/eng\/?s={search_term_string}\"},\"query-input\":\"required name=search_term_string\"}],\"inLanguage\":\"en-US\"},{\"@type\":\"Person\",\"@id\":\"https:\/\/terredeshommes.it\/eng\/#\/schema\/person\/adf40aab21514bbdc483bd807a69efed\",\"name\":\"superTDH\",\"url\":\"https:\/\/terredeshommes.it\/eng\/author\/supertdh\/\"}]}<\/script>\n<!-- \/ Yoast SEO plugin. -->","yoast_head_json":{"title":"Nidoinsieme.it, il sito di supporto a educatori e genitori di bambini 0-3 anni - Terre des Hommes Italia","robots":{"index":"index","follow":"follow","max-snippet":"max-snippet:-1","max-image-preview":"max-image-preview:large","max-video-preview":"max-video-preview:-1"},"canonical":"https:\/\/terredeshommes.it\/eng\/comunicati\/nidoinsieme-it-sito-supporto-educatori-genitori-bambini-0-3-anni\/","og_locale":"en_US","og_type":"article","og_title":"Nidoinsieme.it, il sito di supporto a educatori e genitori di bambini 0-3 anni - Terre des Hommes Italia","og_description":"NIDOINSIEME.it IL SITO DI SUPPORTO a educatori e GENITORI di bambini 0-3 ANNI lancia la webserie per parlare delle PICCOLE GRANDI SFIDE QUOTIDIANE nella cura ed educazione dei figli. Terre des Hommes e ATS Citt\u00e0 Metropolitana di Milano promuovono una piattaforma di supporto alla genitorialit\u00e0 e per la formazione di educatori e operatori di asili [&hellip;]","og_url":"https:\/\/terredeshommes.it\/eng\/comunicati\/nidoinsieme-it-sito-supporto-educatori-genitori-bambini-0-3-anni\/","og_site_name":"Terre des Hommes Italia","article_published_time":"2021-01-28T14:52:32+00:00","article_modified_time":"2022-07-27T13:53:48+00:00","og_image":[{"width":940,"height":345,"url":"https:\/\/terredeshommes.it\/eng\/wp-content\/uploads\/cs_nidoinsieme-1.jpeg","type":"image\/jpeg"}],"author":"superTDH","twitter_card":"summary_large_image","twitter_misc":{"Written by":"superTDH","Est. reading time":"4 minutes"},"schema":{"@context":"https:\/\/schema.org","@graph":[{"@type":"WebPage","@id":"https:\/\/terredeshommes.it\/eng\/comunicati\/nidoinsieme-it-sito-supporto-educatori-genitori-bambini-0-3-anni\/","url":"https:\/\/terredeshommes.it\/eng\/comunicati\/nidoinsieme-it-sito-supporto-educatori-genitori-bambini-0-3-anni\/","name":"Nidoinsieme.it, il sito di supporto a educatori e genitori di bambini 0-3 anni - Terre des Hommes Italia","isPartOf":{"@id":"https:\/\/terredeshommes.it\/eng\/#website"},"datePublished":"2021-01-28T14:52:32+00:00","dateModified":"2022-07-27T13:53:48+00:00","author":{"@id":"https:\/\/terredeshommes.it\/eng\/#\/schema\/person\/adf40aab21514bbdc483bd807a69efed"},"breadcrumb":{"@id":"https:\/\/terredeshommes.it\/eng\/comunicati\/nidoinsieme-it-sito-supporto-educatori-genitori-bambini-0-3-anni\/#breadcrumb"},"inLanguage":"en-US","potentialAction":[{"@type":"ReadAction","target":["https:\/\/terredeshommes.it\/eng\/comunicati\/nidoinsieme-it-sito-supporto-educatori-genitori-bambini-0-3-anni\/"]}]},{"@type":"BreadcrumbList","@id":"https:\/\/terredeshommes.it\/eng\/comunicati\/nidoinsieme-it-sito-supporto-educatori-genitori-bambini-0-3-anni\/#breadcrumb","itemListElement":[{"@type":"ListItem","position":1,"name":"Home","item":"https:\/\/terredeshommes.it\/eng\/"},{"@type":"ListItem","position":2,"name":"Nidoinsieme.it, il sito di supporto a educatori e genitori di bambini 0-3 anni"}]},{"@type":"WebSite","@id":"https:\/\/terredeshommes.it\/eng\/#website","url":"https:\/\/terredeshommes.it\/eng\/","name":"Terre des Hommes Italia","description":"Proteggiamo i bambini insieme","potentialAction":[{"@type":"SearchAction","target":{"@type":"EntryPoint","urlTemplate":"https:\/\/terredeshommes.it\/eng\/?s={search_term_string}"},"query-input":"required name=search_term_string"}],"inLanguage":"en-US"},{"@type":"Person","@id":"https:\/\/terredeshommes.it\/eng\/#\/schema\/person\/adf40aab21514bbdc483bd807a69efed","name":"superTDH","url":"https:\/\/terredeshommes.it\/eng\/author\/supertdh\/"}]}},"_links":{"self":[{"href":"https:\/\/terredeshommes.it\/eng\/wp-json\/wp\/v2\/posts\/2244","targetHints":{"allow":["GET"]}}],"collection":[{"href":"https:\/\/terredeshommes.it\/eng\/wp-json\/wp\/v2\/posts"}],"about":[{"href":"https:\/\/terredeshommes.it\/eng\/wp-json\/wp\/v2\/types\/post"}],"author":[{"embeddable":true,"href":"https:\/\/terredeshommes.it\/eng\/wp-json\/wp\/v2\/users\/1"}],"replies":[{"embeddable":true,"href":"https:\/\/terredeshommes.it\/eng\/wp-json\/wp\/v2\/comments?post=2244"}],"version-history":[{"count":0,"href":"https:\/\/terredeshommes.it\/eng\/wp-json\/wp\/v2\/posts\/2244\/revisions"}],"wp:featuredmedia":[{"embeddable":true,"href":"https:\/\/terredeshommes.it\/eng\/wp-json\/wp\/v2\/media\/2246"}],"wp:attachment":[{"href":"https:\/\/terredeshommes.it\/eng\/wp-json\/wp\/v2\/media?parent=2244"}],"wp:term":[{"taxonomy":"category","embeddable":true,"href":"https:\/\/terredeshommes.it\/eng\/wp-json\/wp\/v2\/categories?post=2244"},{"taxonomy":"post_tag","embeddable":true,"href":"https:\/\/terredeshommes.it\/eng\/wp-json\/wp\/v2\/tags?post=2244"}],"curies":[{"name":"wp","href":"https:\/\/api.w.org\/{rel}","templated":true}]}}