{"id":2261,"date":"2021-02-17T16:01:32","date_gmt":"2021-02-17T15:01:32","guid":{"rendered":"https:\/\/terredeshommes.it\/?p=2261"},"modified":"2022-07-27T16:04:10","modified_gmt":"2022-07-27T14:04:10","slug":"maltrattamento-sui-minori-oltre-500-bambini-la-lente-dello-sportello-timmi","status":"publish","type":"post","link":"https:\/\/terredeshommes.it\/eng\/comunicati\/maltrattamento-sui-minori-oltre-500-bambini-la-lente-dello-sportello-timmi\/","title":{"rendered":"MALTRATTAMENTO SUI MINORI: oltre 500 i bambini sotto la lente dello sportello Timmi"},"content":{"rendered":"<p>[et_pb_section fb_built=&#8221;1&#8243; _builder_version=&#8221;4.16&#8243; global_colors_info=&#8221;{}&#8221;][et_pb_row column_structure=&#8221;1_5,3_5,1_5&#8243; _builder_version=&#8221;4.16&#8243; background_size=&#8221;initial&#8221; background_position=&#8221;top_left&#8221; background_repeat=&#8221;repeat&#8221; global_colors_info=&#8221;{}&#8221;][et_pb_column type=&#8221;1_5&#8243; _builder_version=&#8221;4.16&#8243; custom_padding=&#8221;|||&#8221; global_colors_info=&#8221;{}&#8221; custom_padding__hover=&#8221;|||&#8221;][\/et_pb_column][et_pb_column type=&#8221;3_5&#8243; _builder_version=&#8221;4.16&#8243; custom_padding=&#8221;|||&#8221; global_colors_info=&#8221;{}&#8221; custom_padding__hover=&#8221;|||&#8221;][et_pb_text admin_label=&#8221;Testo&#8221; _builder_version=&#8221;4.17.6&#8243; background_size=&#8221;initial&#8221; background_position=&#8221;top_left&#8221; background_repeat=&#8221;repeat&#8221; hover_enabled=&#8221;0&#8243; global_colors_info=&#8221;{}&#8221; sticky_enabled=&#8221;0&#8243;]<\/p>\n<h3>TERRE DES HOMMES E L\u2019OSPEDALE DEI BAMBINI VITTORE BUZZI PRESENTANO i risultati del primo anno di attivit\u00e0<\/h3>\n<p><strong>TIMMI IN SUPPORTO ANCHE ALLE FAMIGLIE CON BAMBINI RICOVERATI PER COVID &#8211; 19<\/strong><\/p>\n<p>Il progetto <strong>TIMMI<\/strong>, nato dalla collaborazione tra <strong>Terre des Hommes Italia<\/strong> e <strong>l\u2019Ospedale dei bambini Vittore Buzzi<\/strong> e con il contributo di <strong>Esselunga<\/strong>, con l\u2019obiettivo di intercettare le fragilit\u00e0 famigliari per prevenire forme di potenziale maltrattamento all\u2019infanzia, ha concluso nel 2020 il suo primo anno di attivit\u00e0 consolidando il suo intervento all\u2019interno della struttura ospedaliera e riuscendo a adattare la propria tipologia di supporto all\u2019emergenza Covid -19 che ha lasciato e sta tutt\u2019ora causando gravi traumi nei bambini e nei ragazzi.<\/p>\n<p><strong>Il primo anno di Timmi<\/strong><br \/>Sono stati 535 i pazienti minorenni giunti al pronto soccorso dell\u2019ospedale pediatrico, o ricoverati in reparto osservati dall\u2019equipe TIMMI, che si \u00e8 successivamente attivata con uno screening in 97 di questi casi, ritenuti fragili e a rischio. Tra questi, 48 sono stati presi in carico dall\u2019equipe, per un supporto diretto del minore e della sua famiglia.<br \/>Cos\u00ec, infatti, <strong>funziona lo sportello TIMMI<\/strong>, primo e unico polo ospedaliero per la prevenzione del maltrattamento della regione Lombardia: un\u2019equipe, composta da una responsabile pediatra e diversi psicologi, presenti nel pronto soccorso e nei reparti di degenza pediatrica dell\u2019ospedale, svolgono un\u2019attenta osservazione e, mediante strumenti di screening riconosciuti sul piano scientifico a livello internazionale rilevano eventuali indicatori di rischio nelle dinamiche tra genitori e figli che, se non accompagnati, possono portare al rischio di esporre il bambino a forme di maltrattamento.<\/p>\n<p>Alle famiglie identificate come fragili viene offerto un servizio gratuito di ascolto e supporto. Il team interdisciplinare di esperti pu\u00f2 quindi prendere in carico il caso e seguirlo nel tempo, oppure pu\u00f2 indirizzare il minore e\/o tutto il nucleo familiare ai servizi territoriali competenti, ove necessario un intervento specialistico.<br \/>Tra i 48 casi presi in carico nel 2020, 20 sono stati supportati direttamente dall\u2019equipe TIMMI, 15 sono stati inviati ai servizi territoriali di competenza, mentre 13 sono stati segnalati al tribunale per i minorenni.<\/p>\n<p>Inoltre, da maggio 2020, lo sportello TIMMI ha seguito 72 famiglie di bambini ricoverati per covid-19, che hanno presentato casi di stress post traumatico da lockdown, o da ricovero per Covid-19. Si tratta di bambini, o bambine con forti stati di ansia, episodi di rabbia, che continuano a lamentare difficolt\u00e0 respiratorie anche se completamente guariti dalla malattia.<br \/><em>\u201cL\u2019Ospedale dei Bambini, punto di riferimento delle famiglie lombarde e non solo, \u00e8 riuscito a dotarsi, grazie a Terre des Hommes Italia ed Esselunga, di un&#8217;equipe preposta a seguire i bambini e le famiglie con fragilit\u00e0, possibile maltrattamento e soprattutto attivare tutte quelle misure preventive necessarie alla loro prevenzione<\/em> dichiara <strong>Gianvincenzo Zuccotti <\/strong>&#8211; Direttore del Dipartimento di Pediatria dell\u2019Ospedale dei bambini. <em>\u201cL\u2019equipe composta dalla dott.ssa Romeo, responsabile pediatra e dalle dott.sse Soldato e Brazzoduro, psicologhe e psicoterapeute \u00e8 riuscita con successo ad integrare il proprio intervento all\u2019interno dell\u2019ospedale, sincronizzando la procedura e coordinandosi al meglio con il personale del pronto soccorso e dei reparti\u201d.<\/em><\/p>\n<p><em>\u201cIn questo primo anno di progetto abbiamo intercettato le fragilit\u00e0 delle famiglie e siamo riusciti a seguirle e supportarle e quando i casi presi in carico necessitano di essere seguiti pi\u00f9 a lungo abbiamo la possibilit\u00e0 di affidarli ai servizi territoriali, per non lasciarli soli.\u201d <\/em>Aggiunge la dott.ssa Lucia Romeo, responsabile pediatra dell\u2019equipe TIMMI <em>\u201cNel 2020 con lo scoppio della pandemia il nostro intervento si \u00e8 ampliato per fornire tutto il supporto necessario anche alle famiglie e ai bambini e alle bambine durante la loro degenza causa covid-19 e anche nella fase di post degenza. Purtroppo il Coronavirus ha stravolto la vita sia degli adulti che dei bambini, noi stiamo cercando di occuparci di entrambi. Stiamo parlando di casi di anoressia, o bulimia. Bambini, o bambine che hanno iniziato a manifestare tosse cronica nervosa; abbiamo aiutato bambini che, ricoverati in terapia intensiva senza i genitori, hanno sviluppato stati di ansia e paura con insonnia\u201d<\/em><\/p>\n<h2>LE TIPOLOGIE DI MALTRATTAMENTO<\/h2>\n<p>La tipologia di sospetto maltrattamento pi\u00f9 frequente rilevata tra i casi seguiti (25 casi) \u00e8 riferibile ad incuria (grave in nove casi) e trascuratezza, ma sono stati trattati anche casi di sospetto abuso sessuale, maltrattamento fisico (incluso un caso di Shaken Baby Syndrom), maltrattamento psicologico, sindrome di Munchausen per procura, atti autolesivi, bullismo e situazioni di fragilit\u00e0 familiari (senza sospetto maltrattamento) per la presenza di malattie gravi o croniche.<\/p>\n<p>Oltre la met\u00e0 (55%) dei casi \u00e8 di et\u00e0 compresa tra 0 e 3 anni, per una incidenza sul totale degli screening effettuati sui bimbi di quell\u2019et\u00e0 pari al 20,7%, incidenza che decresce al crescere dell\u2019et\u00e0 (13,8% e 8,8% rispettivamente per la fascia 4-5 anni e 6-10 anni); da segnalare invece la marcata incidenza dei potenziali casi positivi nelle fasce di et\u00e0 pi\u00f9 grandi, che raggiunge ben il 22,1% nei ragazzi e nelle ragazze tra gli 11 e i 17 anni.<\/p>\n<p><em>\u201cIl progetto Timmi rappresenta per la nostra Fondazione un intervento unico e chiave, pienamente in linea con la nostra mission in quanto ci permette di fornire un aiuto concreto alle famiglie che possono &#8211; talvolta inconsapevolmente &#8211; mettere a rischio l\u2019incolumit\u00e0 dei propri bambini.\u201d<\/em> Dichiara Federica Giannotta Responsabile Advocacy e Programmi Italia di Terre des Hommes, <em>\u201cFornire cure ma anche un supporto psico educativo \u00e8 fondamentale per prevenire situazioni che altrimenti possono sfociare in quelle tante forme di maltrattamento che i dati ci ricordano essere in aumento nel nostro Paese: nel decennio 2009 \u2013 2018 il reato di maltrattamenti in famiglia \u00e8 aumentato del 105% e nel biennio 2018 \u2013 2019 del 7%.\u201d<\/em><\/p>\n<p>Il progetto TIMMI \u00e8 stato avviato grazie alla <strong>partnership tra Buzzi e Terre des Hommes<\/strong> e grazie al contributo fondamentale di Esselunga\u00a0che con una donazione triennale ha reso possibile lo startup del progetto scegliendo ancora una volta di stare dalla parte delle famiglie e dei bambini.<\/p>\n<p><strong>Roberto Selva Chief marketing &amp; customer officer di Esselunga<\/strong> commenta: <em>\u201cSiamo orgogliosi di essere al fianco di Terres des Hommes e dell\u2019Ospedale Buzzi in questo speciale progetto che ha gi\u00e0 ottenuto importanti risultati. Il lavoro svolto rappresenta un aiuto concreto e un esempio nella prevenzione e contrasto della violenza sui bambini. L\u2019impegno del team Timmi \u2013 Ospedale Buzzi assume un ruolo ancora pi\u00f9 determinante in un momento storico come quello che ci troviamo ad affrontare. Esselunga fin dalla sua fondazione \u00e8 particolarmente sensibile ai temi dell\u2019infanzia, del sociale e dell\u2019educazione e da sempre \u00e8 impegnata in attivit\u00e0 a sostegno di questi settori\u201d<\/em>.<\/p>\n<p>Timmi \u00e8 uno dei sei centri di prevenzione del maltrattamento che fa parte della Rete Ospedaliera contro il Maltrattamento promossa da TDH e che riunisce 6 ospedali italiani: l\u2019Ospedale dei bambini Vittore Buzzi di Milano, l\u2019Ospedale Regina Margherita di Torino, l\u2019Ospedale di Padova, l\u2019Ospedale Meyer di Firenze, l\u2019Ospedale Giovanni XXIII di Bari e l\u2019Ospedale Gaslini di Genova.<\/p>\n<p>[\/et_pb_text][\/et_pb_column][et_pb_column type=&#8221;1_5&#8243; _builder_version=&#8221;4.16&#8243; custom_padding=&#8221;|||&#8221; global_colors_info=&#8221;{}&#8221; custom_padding__hover=&#8221;|||&#8221;][\/et_pb_column][\/et_pb_row][\/et_pb_section]<\/p>\n","protected":false},"excerpt":{"rendered":"<p>TERRE DES HOMMES E L\u2019OSPEDALE DEI BAMBINI VITTORE BUZZI PRESENTANO i risultati del primo anno di attivit\u00e0 TIMMI IN SUPPORTO ANCHE ALLE FAMIGLIE CON BAMBINI RICOVERATI PER COVID &#8211; 19 Il progetto TIMMI, nato dalla collaborazione tra Terre des Hommes Italia e l\u2019Ospedale dei bambini Vittore Buzzi e con il contributo di Esselunga, con l\u2019obiettivo [&hellip;]<\/p>\n","protected":false},"author":1,"featured_media":2263,"comment_status":"open","ping_status":"open","sticky":false,"template":"","format":"standard","meta":{"_et_pb_use_builder":"on","_et_pb_old_content":"Cras mattis consectetur purus sit amet fermentum. Aenean lacinia bibendum nulla sed consectetur. Donec ullamcorper nulla non metus auctor fringilla. Donec ullamcorper nulla non metus auctor fringilla.","_et_gb_content_width":"","footnotes":""},"categories":[16],"tags":[],"class_list":["post-2261","post","type-post","status-publish","format-standard","has-post-thumbnail","hentry","category-comunicati"],"yoast_head":"<!-- This site is optimized with the Yoast SEO plugin v21.1 - https:\/\/yoast.com\/wordpress\/plugins\/seo\/ -->\n<title>MALTRATTAMENTO SUI MINORI: oltre 500 i bambini sotto la lente dello sportello Timmi - Terre des Hommes Italia<\/title>\n<meta name=\"robots\" content=\"index, follow, max-snippet:-1, max-image-preview:large, max-video-preview:-1\" \/>\n<link rel=\"canonical\" href=\"https:\/\/terredeshommes.it\/eng\/comunicati\/maltrattamento-sui-minori-oltre-500-bambini-la-lente-dello-sportello-timmi\/\" \/>\n<meta property=\"og:locale\" content=\"en_US\" \/>\n<meta property=\"og:type\" content=\"article\" \/>\n<meta property=\"og:title\" content=\"MALTRATTAMENTO SUI MINORI: oltre 500 i bambini sotto la lente dello sportello Timmi - Terre des Hommes Italia\" \/>\n<meta property=\"og:description\" content=\"TERRE DES HOMMES E L\u2019OSPEDALE DEI BAMBINI VITTORE BUZZI PRESENTANO i risultati del primo anno di attivit\u00e0 TIMMI IN SUPPORTO ANCHE ALLE FAMIGLIE CON BAMBINI RICOVERATI PER COVID - 19 Il progetto TIMMI, nato dalla collaborazione tra Terre des Hommes Italia e l\u2019Ospedale dei bambini Vittore Buzzi e con il contributo di Esselunga, con l\u2019obiettivo [&hellip;]\" \/>\n<meta property=\"og:url\" content=\"https:\/\/terredeshommes.it\/eng\/comunicati\/maltrattamento-sui-minori-oltre-500-bambini-la-lente-dello-sportello-timmi\/\" \/>\n<meta property=\"og:site_name\" content=\"Terre des Hommes Italia\" \/>\n<meta property=\"article:published_time\" content=\"2021-02-17T15:01:32+00:00\" \/>\n<meta property=\"article:modified_time\" content=\"2022-07-27T14:04:10+00:00\" \/>\n<meta property=\"og:image\" content=\"https:\/\/terredeshommes.it\/eng\/wp-content\/uploads\/cs-timmi-feb.jpeg\" \/>\n\t<meta property=\"og:image:width\" content=\"940\" \/>\n\t<meta property=\"og:image:height\" content=\"345\" \/>\n\t<meta property=\"og:image:type\" content=\"image\/jpeg\" \/>\n<meta name=\"author\" content=\"superTDH\" \/>\n<meta name=\"twitter:card\" content=\"summary_large_image\" \/>\n<meta name=\"twitter:label1\" content=\"Written by\" \/>\n\t<meta name=\"twitter:data1\" content=\"superTDH\" \/>\n\t<meta name=\"twitter:label2\" content=\"Est. reading time\" \/>\n\t<meta name=\"twitter:data2\" content=\"4 minutes\" \/>\n<script type=\"application\/ld+json\" class=\"yoast-schema-graph\">{\"@context\":\"https:\/\/schema.org\",\"@graph\":[{\"@type\":\"WebPage\",\"@id\":\"https:\/\/terredeshommes.it\/eng\/comunicati\/maltrattamento-sui-minori-oltre-500-bambini-la-lente-dello-sportello-timmi\/\",\"url\":\"https:\/\/terredeshommes.it\/eng\/comunicati\/maltrattamento-sui-minori-oltre-500-bambini-la-lente-dello-sportello-timmi\/\",\"name\":\"MALTRATTAMENTO SUI MINORI: oltre 500 i bambini sotto la lente dello sportello Timmi - Terre des Hommes Italia\",\"isPartOf\":{\"@id\":\"https:\/\/terredeshommes.it\/eng\/#website\"},\"datePublished\":\"2021-02-17T15:01:32+00:00\",\"dateModified\":\"2022-07-27T14:04:10+00:00\",\"author\":{\"@id\":\"https:\/\/terredeshommes.it\/eng\/#\/schema\/person\/adf40aab21514bbdc483bd807a69efed\"},\"breadcrumb\":{\"@id\":\"https:\/\/terredeshommes.it\/eng\/comunicati\/maltrattamento-sui-minori-oltre-500-bambini-la-lente-dello-sportello-timmi\/#breadcrumb\"},\"inLanguage\":\"en-US\",\"potentialAction\":[{\"@type\":\"ReadAction\",\"target\":[\"https:\/\/terredeshommes.it\/eng\/comunicati\/maltrattamento-sui-minori-oltre-500-bambini-la-lente-dello-sportello-timmi\/\"]}]},{\"@type\":\"BreadcrumbList\",\"@id\":\"https:\/\/terredeshommes.it\/eng\/comunicati\/maltrattamento-sui-minori-oltre-500-bambini-la-lente-dello-sportello-timmi\/#breadcrumb\",\"itemListElement\":[{\"@type\":\"ListItem\",\"position\":1,\"name\":\"Home\",\"item\":\"https:\/\/terredeshommes.it\/eng\/\"},{\"@type\":\"ListItem\",\"position\":2,\"name\":\"MALTRATTAMENTO SUI MINORI: oltre 500 i bambini sotto la lente dello sportello Timmi\"}]},{\"@type\":\"WebSite\",\"@id\":\"https:\/\/terredeshommes.it\/eng\/#website\",\"url\":\"https:\/\/terredeshommes.it\/eng\/\",\"name\":\"Terre des Hommes Italia\",\"description\":\"Proteggiamo i bambini insieme\",\"potentialAction\":[{\"@type\":\"SearchAction\",\"target\":{\"@type\":\"EntryPoint\",\"urlTemplate\":\"https:\/\/terredeshommes.it\/eng\/?s={search_term_string}\"},\"query-input\":\"required name=search_term_string\"}],\"inLanguage\":\"en-US\"},{\"@type\":\"Person\",\"@id\":\"https:\/\/terredeshommes.it\/eng\/#\/schema\/person\/adf40aab21514bbdc483bd807a69efed\",\"name\":\"superTDH\",\"url\":\"https:\/\/terredeshommes.it\/eng\/author\/supertdh\/\"}]}<\/script>\n<!-- \/ Yoast SEO plugin. -->","yoast_head_json":{"title":"MALTRATTAMENTO SUI MINORI: oltre 500 i bambini sotto la lente dello sportello Timmi - Terre des Hommes Italia","robots":{"index":"index","follow":"follow","max-snippet":"max-snippet:-1","max-image-preview":"max-image-preview:large","max-video-preview":"max-video-preview:-1"},"canonical":"https:\/\/terredeshommes.it\/eng\/comunicati\/maltrattamento-sui-minori-oltre-500-bambini-la-lente-dello-sportello-timmi\/","og_locale":"en_US","og_type":"article","og_title":"MALTRATTAMENTO SUI MINORI: oltre 500 i bambini sotto la lente dello sportello Timmi - Terre des Hommes Italia","og_description":"TERRE DES HOMMES E L\u2019OSPEDALE DEI BAMBINI VITTORE BUZZI PRESENTANO i risultati del primo anno di attivit\u00e0 TIMMI IN SUPPORTO ANCHE ALLE FAMIGLIE CON BAMBINI RICOVERATI PER COVID - 19 Il progetto TIMMI, nato dalla collaborazione tra Terre des Hommes Italia e l\u2019Ospedale dei bambini Vittore Buzzi e con il contributo di Esselunga, con l\u2019obiettivo [&hellip;]","og_url":"https:\/\/terredeshommes.it\/eng\/comunicati\/maltrattamento-sui-minori-oltre-500-bambini-la-lente-dello-sportello-timmi\/","og_site_name":"Terre des Hommes Italia","article_published_time":"2021-02-17T15:01:32+00:00","article_modified_time":"2022-07-27T14:04:10+00:00","og_image":[{"width":940,"height":345,"url":"https:\/\/terredeshommes.it\/eng\/wp-content\/uploads\/cs-timmi-feb.jpeg","type":"image\/jpeg"}],"author":"superTDH","twitter_card":"summary_large_image","twitter_misc":{"Written by":"superTDH","Est. reading time":"4 minutes"},"schema":{"@context":"https:\/\/schema.org","@graph":[{"@type":"WebPage","@id":"https:\/\/terredeshommes.it\/eng\/comunicati\/maltrattamento-sui-minori-oltre-500-bambini-la-lente-dello-sportello-timmi\/","url":"https:\/\/terredeshommes.it\/eng\/comunicati\/maltrattamento-sui-minori-oltre-500-bambini-la-lente-dello-sportello-timmi\/","name":"MALTRATTAMENTO SUI MINORI: oltre 500 i bambini sotto la lente dello sportello Timmi - Terre des Hommes Italia","isPartOf":{"@id":"https:\/\/terredeshommes.it\/eng\/#website"},"datePublished":"2021-02-17T15:01:32+00:00","dateModified":"2022-07-27T14:04:10+00:00","author":{"@id":"https:\/\/terredeshommes.it\/eng\/#\/schema\/person\/adf40aab21514bbdc483bd807a69efed"},"breadcrumb":{"@id":"https:\/\/terredeshommes.it\/eng\/comunicati\/maltrattamento-sui-minori-oltre-500-bambini-la-lente-dello-sportello-timmi\/#breadcrumb"},"inLanguage":"en-US","potentialAction":[{"@type":"ReadAction","target":["https:\/\/terredeshommes.it\/eng\/comunicati\/maltrattamento-sui-minori-oltre-500-bambini-la-lente-dello-sportello-timmi\/"]}]},{"@type":"BreadcrumbList","@id":"https:\/\/terredeshommes.it\/eng\/comunicati\/maltrattamento-sui-minori-oltre-500-bambini-la-lente-dello-sportello-timmi\/#breadcrumb","itemListElement":[{"@type":"ListItem","position":1,"name":"Home","item":"https:\/\/terredeshommes.it\/eng\/"},{"@type":"ListItem","position":2,"name":"MALTRATTAMENTO SUI MINORI: oltre 500 i bambini sotto la lente dello sportello Timmi"}]},{"@type":"WebSite","@id":"https:\/\/terredeshommes.it\/eng\/#website","url":"https:\/\/terredeshommes.it\/eng\/","name":"Terre des Hommes Italia","description":"Proteggiamo i bambini insieme","potentialAction":[{"@type":"SearchAction","target":{"@type":"EntryPoint","urlTemplate":"https:\/\/terredeshommes.it\/eng\/?s={search_term_string}"},"query-input":"required name=search_term_string"}],"inLanguage":"en-US"},{"@type":"Person","@id":"https:\/\/terredeshommes.it\/eng\/#\/schema\/person\/adf40aab21514bbdc483bd807a69efed","name":"superTDH","url":"https:\/\/terredeshommes.it\/eng\/author\/supertdh\/"}]}},"_links":{"self":[{"href":"https:\/\/terredeshommes.it\/eng\/wp-json\/wp\/v2\/posts\/2261","targetHints":{"allow":["GET"]}}],"collection":[{"href":"https:\/\/terredeshommes.it\/eng\/wp-json\/wp\/v2\/posts"}],"about":[{"href":"https:\/\/terredeshommes.it\/eng\/wp-json\/wp\/v2\/types\/post"}],"author":[{"embeddable":true,"href":"https:\/\/terredeshommes.it\/eng\/wp-json\/wp\/v2\/users\/1"}],"replies":[{"embeddable":true,"href":"https:\/\/terredeshommes.it\/eng\/wp-json\/wp\/v2\/comments?post=2261"}],"version-history":[{"count":0,"href":"https:\/\/terredeshommes.it\/eng\/wp-json\/wp\/v2\/posts\/2261\/revisions"}],"wp:featuredmedia":[{"embeddable":true,"href":"https:\/\/terredeshommes.it\/eng\/wp-json\/wp\/v2\/media\/2263"}],"wp:attachment":[{"href":"https:\/\/terredeshommes.it\/eng\/wp-json\/wp\/v2\/media?parent=2261"}],"wp:term":[{"taxonomy":"category","embeddable":true,"href":"https:\/\/terredeshommes.it\/eng\/wp-json\/wp\/v2\/categories?post=2261"},{"taxonomy":"post_tag","embeddable":true,"href":"https:\/\/terredeshommes.it\/eng\/wp-json\/wp\/v2\/tags?post=2261"}],"curies":[{"name":"wp","href":"https:\/\/api.w.org\/{rel}","templated":true}]}}