{"id":2275,"date":"2021-03-08T16:14:55","date_gmt":"2021-03-08T15:14:55","guid":{"rendered":"https:\/\/terredeshommes.it\/?p=2275"},"modified":"2022-07-28T12:05:52","modified_gmt":"2022-07-28T10:05:52","slug":"non-solo-gli-uomini-meritano-un-monumento","status":"publish","type":"post","link":"https:\/\/terredeshommes.it\/eng\/comunicati\/non-solo-gli-uomini-meritano-un-monumento\/","title":{"rendered":"Non solo gli uomini meritano un monumento"},"content":{"rendered":"<p>[et_pb_section fb_built=&#8221;1&#8243; _builder_version=&#8221;4.16&#8243; global_colors_info=&#8221;{}&#8221;][et_pb_row column_structure=&#8221;1_5,3_5,1_5&#8243; _builder_version=&#8221;4.16&#8243; background_size=&#8221;initial&#8221; background_position=&#8221;top_left&#8221; background_repeat=&#8221;repeat&#8221; global_colors_info=&#8221;{}&#8221;][et_pb_column type=&#8221;1_5&#8243; _builder_version=&#8221;4.16&#8243; custom_padding=&#8221;|||&#8221; global_colors_info=&#8221;{}&#8221; custom_padding__hover=&#8221;|||&#8221;][\/et_pb_column][et_pb_column type=&#8221;3_5&#8243; _builder_version=&#8221;4.16&#8243; custom_padding=&#8221;|||&#8221; global_colors_info=&#8221;{}&#8221; custom_padding__hover=&#8221;|||&#8221;][et_pb_text admin_label=&#8221;Testo&#8221; _builder_version=&#8221;4.17.6&#8243; background_size=&#8221;initial&#8221; background_position=&#8221;top_left&#8221; background_repeat=&#8221;repeat&#8221; hover_enabled=&#8221;0&#8243; global_colors_info=&#8221;{}&#8221; sticky_enabled=&#8221;0&#8243;]<\/p>\n<h3>Per la giornata della donna, Terre des Hommes invita Milano e tutte le citt\u00e0 d\u2019Italia a cambiare prospettiva: \u00e8 ora di guardare i nostri monumenti da un altro punto di vista, quello femminile<\/h3>\n<p><em>L\u20198 marzo, Terre des Hommes promuove un\u2019iniziativa di sensibilizzazione per invitare a riflettere sul tema della parit\u00e0 di genere, del ruolo delle donne e delle ragazze e sulla necessit\u00e0 di scegliere nuovi modelli e simboli per le donne di domani. In diverse location simboliche di Milano la fondazione presenta la prima campagna di \u201cmini\u201d outdoor che, grazie a un gioco di prospettiva, invitano i cittadini a guardare i monumenti delle nostre citt\u00e0 da un altro punto di vista: quello al femminile. Sar\u00e0 l\u2019occasione per rilanciare la petizione #UnaStatuaPerLeBambine e ribadire l\u2019urgenza di proteggere donne e bambine da violenze e abusi e garantire loro diritti e opportunit\u00e0.<\/em><\/p>\n<p>A Milano, come nella maggior parte d\u2019Italia, quasi tutte le statue sono dedicate a figure maschili. Eppure, <strong>la storia \u00e8 piena di donne che meriterebbero un monumento<\/strong>. \u00c8 il momento di cambiare prospettiva e Terre des Hommes invita la comunit\u00e0 a farlo con questa iniziativa, <strong>realizzata grazie all\u2019idea creativa e al supporto dell\u2019agenzia ACNE Milano \u2013 la creative collective della famiglia Deloitte<\/strong>. In tre luoghi simbolici della citt\u00e0 di Milano, tre speciali billboard permettono -grazie a un gioco di prospettive- di \u201csostituire\u201d visivamente le statue presenti con un\u2019alternativa femminile. Le \u201cmini statue\u201d ritraggono <strong>Malala<\/strong>, premio Nobel, attivista e simbolo dei diritti di tutte le bambine,<strong> Nandhini<\/strong>, la coraggiosa 14enne indiana scappata dal suo matrimonio forzato e <strong>Rita Levi Montalcini<\/strong>, modello e guida per un\u2019intera generazione di donne nella scienza. Tre personaggi femminili simbolo delle tante donne che hanno fatto la differenza nella storia e che, al pari di tanti uomini illustri, meritano di essere ricordate e celebrate nelle nostre piazze.[\/et_pb_text][et_pb_video src=&#8221;https:\/\/youtu.be\/NK4hQ9SozLc&#8221; _builder_version=&#8221;4.17.6&#8243; _module_preset=&#8221;default&#8221; global_colors_info=&#8221;{}&#8221;][\/et_pb_video][et_pb_text admin_label=&#8221;Testo&#8221; _builder_version=&#8221;4.17.6&#8243; background_size=&#8221;initial&#8221; background_position=&#8221;top_left&#8221; background_repeat=&#8221;repeat&#8221; hover_enabled=&#8221;0&#8243; global_colors_info=&#8221;{}&#8221; sticky_enabled=&#8221;0&#8243;]<\/p>\n<h3>LA PETIZIONE<\/h3>\n<p>Promossa lo scorso giugno, oggi la petizione <strong>#UnaStatuaPerLeBambine<\/strong> ha superato le 3.000 firme ottenendo il supporto di rappresentanti delle istituzioni, locali, regionali e nazionali, personalit\u00e0 del mondo dello spettacolo e giornalisti, nonch\u00e9 l\u2019attenzione dei social media. Con la raccolta firme che viene rilanciata oggi Terre des Hommes si rivolge al Sindaco di Milano per chiedere di dedicare una statua a tutte le bambine e ragazze, quale segno tangibile e duraturo dell\u2019impegno della nostra comunit\u00e0 a proteggere le bambine dagli abusi e andare verso una societ\u00e0 pi\u00f9 paritaria e pi\u00f9 giusta. Impegno che Terre des Hommes porta avanti incessantemente dal 2012 con la campagna indifesa.<\/p>\n<p><strong>Per pi\u00f9 informazioni sulla petizione e per firmare:<\/strong> <a href=\"https:\/\/petizioni.terredeshommes.it\/petitions\/dedichiamo-una-statua-alle-bambine-vittime-di-violenza\/\" target=\"_blank\" rel=\"noopener\">clicca qui<\/a><\/p>\n<h3>LA VOCE DELLE ISTITUZIONI<\/h3>\n<p>Anche rappresentanti delle istituzioni locali, nazionali ed europee hanno voluto essere presenti e sostenere l\u2019iniziativa.<\/p>\n<p>La Delegata Pari Opportunit\u00e0 del Comune di Milano, <strong>Daria Colombo<\/strong>,<em> \u201cSono veramente contenta di essere qui, Terre des Hommes fa davvero un lavoro straordinario e questa \u00e8 un\u2019iniziativa straordinaria. Sono convinta che per cambiare il mondo si debba partire dalle donne e soprattutto dalle bambine, aiutando quelle in difficolt\u00e0 e dando a tutte gli strumenti per essere autonome e le pari opportunit\u00e0 per far sentire la loro voce, i loro diritti, la loro bellezza e i loro talenti, al pari degli uomini.\u201d<\/em><\/p>\n<p>L\u2019onorevole <strong>Lia Quartapelle<\/strong>: <em>\u201cInserire le donne, le bambine e le ragazze nel racconto delle vie e delle piazze di Milano \u00e8 un modo per cambiare prospettiva. Per vedere le cose da un altro punto di vista ed \u00e8 proprio quello che serve, in questo 8 marzo cos\u00ec faticoso per tantissime donne italiane. Le istituzioni e tutti quanti noi dovremmo cercare di guardare le cose da un punto di vista pi\u00f9 concreto, pi\u00f9 legato ai problemi della quotidianit\u00e0, che sono diventati tantissimi con il Covid.\u201d <\/em><br \/><strong>Beatrice Uguccioni<\/strong>, vicepresidente del Consiglio comunale di Milano: <em>&#8220;La nostra citt\u00e0 ha tantissime statue, pochissime dedicate alle donne, nessuna alle bambine. Questo \u00e8 un impegno, che anche come comune di Milano vogliamo portare avanti. Ringrazio Terre des Hommes per questa idea ma soprattutto per quello che quotidianamente fa per le bambine e per le donne&#8221;. <\/em><br \/>Seguono le parole della Presidente della Commissione Pari Opportunit\u00e0 del Comune di Milano,<strong> Diana De Marchi<\/strong>, <em>\u201cSostengo Terre des Hommes in questa importantissima iniziativa. Noi, a Milano, non abbiamo statue di donne che hanno fatto grande la nostra citt\u00e0, il nostro Paese e il mondo. \u00c8 una mancanza alla quale dobbiamo porre rimedio, lo stiamo facendo in tutti i luoghi in cui possiamo raccontare le storie delle donne. Io sono entusiasta di questa iniziativa e, a livello comunale, non solo la appoggiamo ma faremo di tutto per realizzare concretamente una statua per le bambine nella nostra citt\u00e0\u201d.<\/em><br \/><strong>\u201cCredo che quella di Terre des Hommes sia un\u2019iniziativa importante, bella e giusta, ed \u00e8 pi\u00f9 che opportuno rilanciarla in questa giornata che chiamiamo Festa della Donna, ma che sappiamo essere una giornata di lotta per ricordare bambine e ragazze vittime di violenza e sfruttamento.\u201d<\/strong> Questo il messaggio dell\u2019eurodeputato <strong>Pierfrancesco Majorino<\/strong> in piazza con Terre des Hommes.<\/p>\n<h3>I DATI<\/h3>\n<p>Milioni di bambine sono ogni giorno vittime di abusi, discriminazioni di genere e sfruttamento e vedono i loro diritti calpestati da una societ\u00e0 con retaggi patriarcali ancora duri a scomparire.<br \/>In Italia nel 2019 sono state quasi 900 le bambine e ragazze vittime del reato di violenza sessuale e violenza sessuale aggravata.<br \/>Il divario di genere \u00e8 evidente e preoccupante nell\u2019ambito educativo: nel nostro paese, la percentuale di NEET tra le ragazze \u00e8 del 33,2%, (mentre tra i ragazzi \u00e8 del 22,5%) e la didattica a distanza adottata durante il covid aumenta ancora di pi\u00f9 il rischio di abbandono scolastico, in particolare per la popolazione femminile. Per quanto riguarda la formazione universitaria, nell\u2019ambito delle discipline STEM (Science, Technology, Engineering, Mathematics) solo 1 studente su 4 \u00e8 donna.<\/p>\n<p>Anche i dati dell\u2019Osservatorio indifesa. 2020, attraverso cui ogni anno dal 2014 Terre des Hommes e ScuolaZoo raccolgono le opinioni e le esperienze di ragazzi e ragazze in Italia sui temi di bullismo, cyberbullismo, parit\u00e0 di genere e discriminazioni, confermano, come sia ancora tanto il lavoro da fare e quanto sia necessario incentivare l\u2019adozione di nuovi modelli femminili a cui ispirarsi.<br \/>Il 56% delle ragazze intervistate pensa che la struttura della nostra societ\u00e0, considerata troppo chiusa e vecchia, possa limitare le loro ambizioni e il loro sogni per il futuro e il 54% pensa di essere ostacolata da pregiudizi. Ragazzi e ragazze concordano sul fatto che troppe poche ragazze si iscrivano a facolt\u00e0 STEM perch\u00e9 nel mondo della scienza prevalgono modelli maschili e mancano dei modelli femminili nei quali immedesimarsi (42%) e che queste universit\u00e0 preparano ad un tipo di lavoro dove gli uomini sono trattati e considerati meglio delle donne (36%).<br \/>Per i partecipanti all\u2019osservatorio la forma di discriminazione peggiore subita dalle donne \u00e8 la molestia o violenza sessuale (54%) al secondo posto, con uno scarto notevole, il mancato riconoscimento delle proprie capacit\u00e0 (19%) e la discriminazione economica (13%). Il luogo di lavoro \u00e8 al primo posto come luogo dove si manifestano le discriminazioni di genere (lo pensa il 66%), e l\u201987% di ragazzi e ragazze pensano che a parit\u00e0 di incarico e mansione non corrisponda pari stipendio per uomini e donne.<br \/><em>\u201cLe conseguenze sociali ed economiche della pandemia stanno colpendo in tutto il mondo, cos\u00ec come in Italia soprattutto, donne ragazze e bambine. Mai come adesso \u00e8 necessario lavorare insieme alle istituzioni per quella che da troppo tempo \u00e8 un\u2019urgenza nel nostro paese: garantire alle donne di oggi e di domani pi\u00f9 diritti e parit\u00e0.\u201d<\/em> Afferma <strong>Paolo Ferrara<\/strong> direttore generale di Terre des Hommes<em> \u201cNon vogliamo sostituire le statue attuali, ma offrire a milanesi e a tutti gli italiani un nuovo punto di vista. Speriamo che il messaggio lanciato oggi riesca a raggiungere pi\u00f9 persone possibili per stimolare una riflessione costruttiva sulla necessit\u00e0 di proporre nuovi modelli e nuovi simboli, come quelli che abbiamo proposto temporaneamente con questa iniziativa, che siano moniti per l\u2019intero Paese, che siano ispirazione per un futuro all\u2019altezza dei loro sogni.\u201d<\/em><\/p>\n<p><strong>\u201cLa creativit\u00e0 \u00e8 utile ogni volta che fa guardare alle cose da un punto di vista diverso e inaspettato\u201d<\/strong> dichiara <strong>Emanuele Viora<\/strong>, Executive Creative Director di Acne Milano <em>\u201cquesto \u00e8 il nostro modo di comunicare e il nostro regalo alla citt\u00e0 che ci ospita\u201d.<\/em><\/p>\n<h3>LA CAMPAGNA indifesa<\/h3>\n<p>Dal 2012, con la campagna indifesa, Terre des Hommes \u00e8 l\u2019organizzazione leader nella protezione dei diritti delle bambine e delle ragazze in tutto il mondo, per garantire loro istruzione, salute e protezione da ogni forma di violenza, discriminazione e abuso e offrire migliori opportunit\u00e0 per il loro futuro.<br \/>Implementa azioni e progetti concreti per stimolare parit\u00e0 di genere, empowerment femminile e generazionale e ridurre le disuguaglianze, investendo su istruzione, formazione, valorizzazione del talento, ma anche sulla partecipazione e il protagonismo delle nuove generazioni.<br \/>Sostengono la campagna indifesa BIC\u00ae, BIC Foundation, MainAD, Valvorobica, Fondazione Zanetti, Douglas.<\/p>\n<p><em>Credits: <\/em><br \/>L\u2019iniziativa \u00e8 stata realizzata grazie all\u2019idea creativa e al supporto dell\u2019<strong>Agenzia ACNE Milano <\/strong><br \/>Executive creative directors: <strong>Emanuele Viora<\/strong>,<strong> Andrea Jaccarino<\/strong><br \/>Manager: <strong>Fabrizio Marvulli<\/strong><br \/>Head of social media: <strong>Sabrina Santoro<\/strong><br \/>Art Director: <strong>Anna Clara Fanesi<\/strong><br \/>Copywriter: <strong>Marco Tomirotti<\/strong><br \/>Account: <strong>Paula Galic<\/strong><\/p>\n<p>alla produzione di <strong>OLYMPIQUE<\/strong><br \/>Director: <strong>Filippo Castellano<\/strong><br \/>Executive producer: <strong>Tommaso Fajdiga<\/strong><br \/>Producer: <strong>Silvia Fazio<\/strong><br \/>Junior producer: <strong>Elisabetta Zecca<\/strong><br \/>Set designer:<strong> Benedetta Brentan<\/strong><br \/>Costruttore: <strong>Sergio Porta<\/strong><br \/>e dei digital sculptors: <strong>Giovanni Mauro<\/strong>, <strong>Roberto Digiglio<\/strong>, <strong>Camilla Grassotto<\/strong><\/p>\n<p><em>About ACNE<\/em><br \/><strong>ACNE<\/strong> \u00e8 un creative collective nato nel 1996 ed entrato nella famiglia Deloitte nel 2017 per riunire sotto lo stesso tetto creativit\u00e0 e consulenza. La nostra vision: Creativity for changing business. Per informazioni: <strong>acnemilan.com<\/strong><\/p>\n<p>Per maggiori informazioni contattare:<br \/>Terre des Hommes Italia<br \/>Anna Bianchi, Ufficio Stampa Terre des Hommes Italia, a.bianchi@tdhitaly.org; +39 3341691927<\/p>\n<p>[\/et_pb_text][\/et_pb_column][et_pb_column type=&#8221;1_5&#8243; _builder_version=&#8221;4.16&#8243; custom_padding=&#8221;|||&#8221; global_colors_info=&#8221;{}&#8221; custom_padding__hover=&#8221;|||&#8221;][\/et_pb_column][\/et_pb_row][\/et_pb_section]<\/p>\n","protected":false},"excerpt":{"rendered":"<p>Per la giornata della donna, Terre des Hommes invita Milano e tutte le citt\u00e0 d\u2019Italia a cambiare prospettiva: \u00e8 ora di guardare i nostri monumenti da un altro punto di vista, quello femminile L\u20198 marzo, Terre des Hommes promuove un\u2019iniziativa di sensibilizzazione per invitare a riflettere sul tema della parit\u00e0 di genere, del ruolo delle [&hellip;]<\/p>\n","protected":false},"author":1,"featured_media":2277,"comment_status":"open","ping_status":"open","sticky":false,"template":"","format":"standard","meta":{"_et_pb_use_builder":"on","_et_pb_old_content":"Cras mattis consectetur purus sit amet fermentum. Aenean lacinia bibendum nulla sed consectetur. Donec ullamcorper nulla non metus auctor fringilla. Donec ullamcorper nulla non metus auctor fringilla.","_et_gb_content_width":"","footnotes":""},"categories":[16],"tags":[],"class_list":["post-2275","post","type-post","status-publish","format-standard","has-post-thumbnail","hentry","category-comunicati"],"yoast_head":"<!-- This site is optimized with the Yoast SEO plugin v21.1 - https:\/\/yoast.com\/wordpress\/plugins\/seo\/ -->\n<title>Non solo gli uomini meritano un monumento - Terre des Hommes Italia<\/title>\n<meta name=\"robots\" content=\"index, follow, max-snippet:-1, max-image-preview:large, max-video-preview:-1\" \/>\n<link rel=\"canonical\" href=\"https:\/\/terredeshommes.it\/eng\/comunicati\/non-solo-gli-uomini-meritano-un-monumento\/\" \/>\n<meta property=\"og:locale\" content=\"en_US\" \/>\n<meta property=\"og:type\" content=\"article\" \/>\n<meta property=\"og:title\" content=\"Non solo gli uomini meritano un monumento - Terre des Hommes Italia\" \/>\n<meta property=\"og:description\" content=\"Per la giornata della donna, Terre des Hommes invita Milano e tutte le citt\u00e0 d\u2019Italia a cambiare prospettiva: \u00e8 ora di guardare i nostri monumenti da un altro punto di vista, quello femminile L\u20198 marzo, Terre des Hommes promuove un\u2019iniziativa di sensibilizzazione per invitare a riflettere sul tema della parit\u00e0 di genere, del ruolo delle [&hellip;]\" \/>\n<meta property=\"og:url\" content=\"https:\/\/terredeshommes.it\/eng\/comunicati\/non-solo-gli-uomini-meritano-un-monumento\/\" \/>\n<meta property=\"og:site_name\" content=\"Terre des Hommes Italia\" \/>\n<meta property=\"article:published_time\" content=\"2021-03-08T15:14:55+00:00\" \/>\n<meta property=\"article:modified_time\" content=\"2022-07-28T10:05:52+00:00\" \/>\n<meta property=\"og:image\" content=\"https:\/\/terredeshommes.it\/eng\/wp-content\/uploads\/cs-img.jpeg\" \/>\n\t<meta property=\"og:image:width\" content=\"940\" \/>\n\t<meta property=\"og:image:height\" content=\"492\" \/>\n\t<meta property=\"og:image:type\" content=\"image\/jpeg\" \/>\n<meta name=\"author\" content=\"superTDH\" \/>\n<meta name=\"twitter:card\" content=\"summary_large_image\" \/>\n<meta name=\"twitter:label1\" content=\"Written by\" \/>\n\t<meta name=\"twitter:data1\" content=\"superTDH\" \/>\n\t<meta name=\"twitter:label2\" content=\"Est. reading time\" \/>\n\t<meta name=\"twitter:data2\" content=\"9 minutes\" \/>\n<script type=\"application\/ld+json\" class=\"yoast-schema-graph\">{\"@context\":\"https:\/\/schema.org\",\"@graph\":[{\"@type\":\"WebPage\",\"@id\":\"https:\/\/terredeshommes.it\/eng\/comunicati\/non-solo-gli-uomini-meritano-un-monumento\/\",\"url\":\"https:\/\/terredeshommes.it\/eng\/comunicati\/non-solo-gli-uomini-meritano-un-monumento\/\",\"name\":\"Non solo gli uomini meritano un monumento - Terre des Hommes Italia\",\"isPartOf\":{\"@id\":\"https:\/\/terredeshommes.it\/eng\/#website\"},\"datePublished\":\"2021-03-08T15:14:55+00:00\",\"dateModified\":\"2022-07-28T10:05:52+00:00\",\"author\":{\"@id\":\"https:\/\/terredeshommes.it\/eng\/#\/schema\/person\/adf40aab21514bbdc483bd807a69efed\"},\"breadcrumb\":{\"@id\":\"https:\/\/terredeshommes.it\/eng\/comunicati\/non-solo-gli-uomini-meritano-un-monumento\/#breadcrumb\"},\"inLanguage\":\"en-US\",\"potentialAction\":[{\"@type\":\"ReadAction\",\"target\":[\"https:\/\/terredeshommes.it\/eng\/comunicati\/non-solo-gli-uomini-meritano-un-monumento\/\"]}]},{\"@type\":\"BreadcrumbList\",\"@id\":\"https:\/\/terredeshommes.it\/eng\/comunicati\/non-solo-gli-uomini-meritano-un-monumento\/#breadcrumb\",\"itemListElement\":[{\"@type\":\"ListItem\",\"position\":1,\"name\":\"Home\",\"item\":\"https:\/\/terredeshommes.it\/eng\/\"},{\"@type\":\"ListItem\",\"position\":2,\"name\":\"Non solo gli uomini meritano un monumento\"}]},{\"@type\":\"WebSite\",\"@id\":\"https:\/\/terredeshommes.it\/eng\/#website\",\"url\":\"https:\/\/terredeshommes.it\/eng\/\",\"name\":\"Terre des Hommes Italia\",\"description\":\"Proteggiamo i bambini insieme\",\"potentialAction\":[{\"@type\":\"SearchAction\",\"target\":{\"@type\":\"EntryPoint\",\"urlTemplate\":\"https:\/\/terredeshommes.it\/eng\/?s={search_term_string}\"},\"query-input\":\"required name=search_term_string\"}],\"inLanguage\":\"en-US\"},{\"@type\":\"Person\",\"@id\":\"https:\/\/terredeshommes.it\/eng\/#\/schema\/person\/adf40aab21514bbdc483bd807a69efed\",\"name\":\"superTDH\",\"url\":\"https:\/\/terredeshommes.it\/eng\/author\/supertdh\/\"}]}<\/script>\n<!-- \/ Yoast SEO plugin. -->","yoast_head_json":{"title":"Non solo gli uomini meritano un monumento - Terre des Hommes Italia","robots":{"index":"index","follow":"follow","max-snippet":"max-snippet:-1","max-image-preview":"max-image-preview:large","max-video-preview":"max-video-preview:-1"},"canonical":"https:\/\/terredeshommes.it\/eng\/comunicati\/non-solo-gli-uomini-meritano-un-monumento\/","og_locale":"en_US","og_type":"article","og_title":"Non solo gli uomini meritano un monumento - Terre des Hommes Italia","og_description":"Per la giornata della donna, Terre des Hommes invita Milano e tutte le citt\u00e0 d\u2019Italia a cambiare prospettiva: \u00e8 ora di guardare i nostri monumenti da un altro punto di vista, quello femminile L\u20198 marzo, Terre des Hommes promuove un\u2019iniziativa di sensibilizzazione per invitare a riflettere sul tema della parit\u00e0 di genere, del ruolo delle [&hellip;]","og_url":"https:\/\/terredeshommes.it\/eng\/comunicati\/non-solo-gli-uomini-meritano-un-monumento\/","og_site_name":"Terre des Hommes Italia","article_published_time":"2021-03-08T15:14:55+00:00","article_modified_time":"2022-07-28T10:05:52+00:00","og_image":[{"width":940,"height":492,"url":"https:\/\/terredeshommes.it\/eng\/wp-content\/uploads\/cs-img.jpeg","type":"image\/jpeg"}],"author":"superTDH","twitter_card":"summary_large_image","twitter_misc":{"Written by":"superTDH","Est. reading time":"9 minutes"},"schema":{"@context":"https:\/\/schema.org","@graph":[{"@type":"WebPage","@id":"https:\/\/terredeshommes.it\/eng\/comunicati\/non-solo-gli-uomini-meritano-un-monumento\/","url":"https:\/\/terredeshommes.it\/eng\/comunicati\/non-solo-gli-uomini-meritano-un-monumento\/","name":"Non solo gli uomini meritano un monumento - Terre des Hommes Italia","isPartOf":{"@id":"https:\/\/terredeshommes.it\/eng\/#website"},"datePublished":"2021-03-08T15:14:55+00:00","dateModified":"2022-07-28T10:05:52+00:00","author":{"@id":"https:\/\/terredeshommes.it\/eng\/#\/schema\/person\/adf40aab21514bbdc483bd807a69efed"},"breadcrumb":{"@id":"https:\/\/terredeshommes.it\/eng\/comunicati\/non-solo-gli-uomini-meritano-un-monumento\/#breadcrumb"},"inLanguage":"en-US","potentialAction":[{"@type":"ReadAction","target":["https:\/\/terredeshommes.it\/eng\/comunicati\/non-solo-gli-uomini-meritano-un-monumento\/"]}]},{"@type":"BreadcrumbList","@id":"https:\/\/terredeshommes.it\/eng\/comunicati\/non-solo-gli-uomini-meritano-un-monumento\/#breadcrumb","itemListElement":[{"@type":"ListItem","position":1,"name":"Home","item":"https:\/\/terredeshommes.it\/eng\/"},{"@type":"ListItem","position":2,"name":"Non solo gli uomini meritano un monumento"}]},{"@type":"WebSite","@id":"https:\/\/terredeshommes.it\/eng\/#website","url":"https:\/\/terredeshommes.it\/eng\/","name":"Terre des Hommes Italia","description":"Proteggiamo i bambini insieme","potentialAction":[{"@type":"SearchAction","target":{"@type":"EntryPoint","urlTemplate":"https:\/\/terredeshommes.it\/eng\/?s={search_term_string}"},"query-input":"required name=search_term_string"}],"inLanguage":"en-US"},{"@type":"Person","@id":"https:\/\/terredeshommes.it\/eng\/#\/schema\/person\/adf40aab21514bbdc483bd807a69efed","name":"superTDH","url":"https:\/\/terredeshommes.it\/eng\/author\/supertdh\/"}]}},"_links":{"self":[{"href":"https:\/\/terredeshommes.it\/eng\/wp-json\/wp\/v2\/posts\/2275","targetHints":{"allow":["GET"]}}],"collection":[{"href":"https:\/\/terredeshommes.it\/eng\/wp-json\/wp\/v2\/posts"}],"about":[{"href":"https:\/\/terredeshommes.it\/eng\/wp-json\/wp\/v2\/types\/post"}],"author":[{"embeddable":true,"href":"https:\/\/terredeshommes.it\/eng\/wp-json\/wp\/v2\/users\/1"}],"replies":[{"embeddable":true,"href":"https:\/\/terredeshommes.it\/eng\/wp-json\/wp\/v2\/comments?post=2275"}],"version-history":[{"count":0,"href":"https:\/\/terredeshommes.it\/eng\/wp-json\/wp\/v2\/posts\/2275\/revisions"}],"wp:featuredmedia":[{"embeddable":true,"href":"https:\/\/terredeshommes.it\/eng\/wp-json\/wp\/v2\/media\/2277"}],"wp:attachment":[{"href":"https:\/\/terredeshommes.it\/eng\/wp-json\/wp\/v2\/media?parent=2275"}],"wp:term":[{"taxonomy":"category","embeddable":true,"href":"https:\/\/terredeshommes.it\/eng\/wp-json\/wp\/v2\/categories?post=2275"},{"taxonomy":"post_tag","embeddable":true,"href":"https:\/\/terredeshommes.it\/eng\/wp-json\/wp\/v2\/tags?post=2275"}],"curies":[{"name":"wp","href":"https:\/\/api.w.org\/{rel}","templated":true}]}}