{"id":2291,"date":"2021-05-07T16:26:30","date_gmt":"2021-05-07T14:26:30","guid":{"rendered":"https:\/\/terredeshommes.it\/?p=2291"},"modified":"2022-07-27T16:29:36","modified_gmt":"2022-07-27T14:29:36","slug":"presentazione-della-ii-indagine-nazionale-sul-maltrattamento-bambini-adolescenti-italia","status":"publish","type":"post","link":"https:\/\/terredeshommes.it\/eng\/comunicati\/presentazione-della-ii-indagine-nazionale-sul-maltrattamento-bambini-adolescenti-italia\/","title":{"rendered":"Presentazione della II Indagine Nazionale sul maltrattamento di bambini e adolescenti in Italia"},"content":{"rendered":"<p>[et_pb_section fb_built=&#8221;1&#8243; _builder_version=&#8221;4.16&#8243; global_colors_info=&#8221;{}&#8221;][et_pb_row column_structure=&#8221;1_5,3_5,1_5&#8243; _builder_version=&#8221;4.16&#8243; background_size=&#8221;initial&#8221; background_position=&#8221;top_left&#8221; background_repeat=&#8221;repeat&#8221; global_colors_info=&#8221;{}&#8221;][et_pb_column type=&#8221;1_5&#8243; _builder_version=&#8221;4.16&#8243; custom_padding=&#8221;|||&#8221; global_colors_info=&#8221;{}&#8221; custom_padding__hover=&#8221;|||&#8221;][\/et_pb_column][et_pb_column type=&#8221;3_5&#8243; _builder_version=&#8221;4.16&#8243; custom_padding=&#8221;|||&#8221; global_colors_info=&#8221;{}&#8221; custom_padding__hover=&#8221;|||&#8221;][et_pb_text admin_label=&#8221;Testo&#8221; _builder_version=&#8221;4.17.6&#8243; background_size=&#8221;initial&#8221; background_position=&#8221;top_left&#8221; background_repeat=&#8221;repeat&#8221; hover_enabled=&#8221;0&#8243; global_colors_info=&#8221;{}&#8221; sticky_enabled=&#8221;0&#8243;]<\/p>\n<h3>Alla presenza della Ministra Elena Bonetti e di ospiti nazionali e internazionali, Terre des Hommes e CISMAI ribadiscono l\u2019importanza di politiche efficaci contro la violenza sui minori.<br \/>\nI dati dell\u2019indagine descrivono il fenomeno della violenza e le diversit\u00e0 che emergono nelle diverse aree del Paese<\/h3>\n<p>29 Aprile 2021, L\u2019evento online, ospitato da Terre des Hommes e CISMAI, \u00e8 stata occasione di confronto con ospiti d\u2019eccezione, tra cui la Ministra per le Pari Opportunit\u00e0 e la Famiglia Elena Bonetti sul ruolo fondamentale che possono avere le istituzioni nazionali e internazionali per la realizzazione di politiche per l\u2019infanzia efficaci, che mettano al centro la cura, la protezione e i diritti di bambini e bambine, specialmente di quelli pi\u00f9 fragili.<br \/>\nI dati raccolti nel lavoro di ricerca realizzato da Terre des Hommes e CISMAI sono la fonte pi\u00f9 aggiornata della dimensione epidemiologica della violenza sui minori in Italia. Sono 401.766 i bambini e ragazzi presi in carico dai servizi sociali in Italia, 77.493 dei quali sono vittime di maltrattamento. La fotografia del Paese ci rivela che i minorenni in carico per maltrattamento sono pi\u00f9 numerosi al centro e al Sud (si contano rispettivamente 226 e 192 bambini e ragazzi maltrattati ogni 1000 minorenni, contro i 186 casi al Nord). I numeri, oltre a rivelarci informazioni preziose e dettagliate sui diversi aspetti che compongono il fenomeno, segnalano lacune e criticit\u00e0, prima fra tutte la mancanza di una raccolta dati sistematica e costante da parte delle Istituzioni.<br \/>\nL\u2019indagine, dettata dalla necessit\u00e0 di rispondere alle raccomandazioni internazionali e alle sollecitazioni del Comitato ONU per i diritti dell\u2019Infanzia, dimostra che anche nel nostro Paese \u00e8 possibile realizzare una raccolta dati sul maltrattamento significativa in termini quantitativi e qualitativi e un monitoraggio sull\u2019andamento del fenomeno e Terre des Hommes e CISMAI si rivolgono al Governo italiano affinch\u00e9 si faccia carico dell\u2019istituzione di un sistema informativo nazionale permanente di raccolta dati sul maltrattamento e promozione di banche dati sul fenomeno.<\/p>\n<h2>Riguarda l&#8217;evento<\/h2>\n<p>[\/et_pb_text][et_pb_video _builder_version=&#8221;4.17.6&#8243; _module_preset=&#8221;default&#8221; src=&#8221;https:\/\/youtu.be\/6AI-3UCrez0&#8243; hover_enabled=&#8221;0&#8243; sticky_enabled=&#8221;0&#8243;][\/et_pb_video][et_pb_text admin_label=&#8221;Testo&#8221; _builder_version=&#8221;4.17.6&#8243; background_size=&#8221;initial&#8221; background_position=&#8221;top_left&#8221; background_repeat=&#8221;repeat&#8221; hover_enabled=&#8221;0&#8243; global_colors_info=&#8221;{}&#8221; sticky_enabled=&#8221;0&#8243;]<em>\u201cL\u2019insieme dei contributi condivisi dai relatori questa mattina, fa intravedere la possibilit\u00e0 che il lavoro che abbiamo presentato possa davvero inserirsi nel quadro di una politica nazionale disponibile a riconoscere valore ad investimenti sulla prevenzione della violenza sui bambini, che sono poi quelli auspicati dalle istituzioni europee. Terre des Hommes vigiler\u00e0 affinch\u00e9 sin dal nuovo Piano di Ripresa e Resilienza le nuove generazioni tornino al centro della politica italiana, a partire dalla prevenzione e contrasto della violenza sui bambini. Terre des Hommes \u00e8 disponibile a fare la sua parte continuando a lavorare sul territorio, offrendo la sua capacit\u00e0 progettuale, un approccio innovativo alla risposta dei bisogni dei pi\u00f9 piccoli e sollecitando l&#8217;impegno effettivo e continuo delle Istituzioni\u201d<\/em> Afferma <strong>Federica Giannotta<\/strong>, Responsabile Advocacy e Programmi Italia di Terre des Hommes.<br \/>\n<em>\u201cE\u2019 stato un confronto prezioso e importante che riporta finalmente al centro il diritto dei bambini e delle bambine del nostro paese a vivere senza violenza. Il nostro punto di osservazione parte inevitabilmente dalla necessit\u00e0 condivisa di conoscere i dati epidemiologici per costruire politiche pi\u00f9 mirate ai bisogni dell\u2019infanzia, in particolare quella pi\u00f9 fragile. Cos\u00ec come da tempo l\u2019Europa ci chiede di fare. Il Cismai continuer\u00e0 nel suo impegno per implementare una cultura dell\u2019infanzia e per condividere strumenti operativi sempre pi\u00f9 adeguati di prevenzione e cura alla violenza sui bambini e sulle bambine, mettendo a disposizione anche le sue competenze di Societ\u00e0 Scientifica. Al tempo stesso \u00e8 pronto a continuare a collaborare e a sollecitare le istituzioni per promuovere efficaci azioni di contrasto ad ogni forma di violenza sull\u2019infanzia e sull\u2019adolescenza.\u201d<\/em> Afferma <strong>Gloria Soavi<\/strong>, Coordinatrice Comitato Scientifico Cismai, psicologa psicoterapeuta.<\/p>\n<p>La Ministra per le Pari Opportunit\u00e0 e la Famiglia <strong>Elena Bonetti<\/strong> ha raccolto gli spunti di riflessione e gli stimoli di tutti gli interventi ricordando gli impegni presi dal Governo in merito allo sviluppo di politiche a sostegno della famiglia e dell\u2019infanzia anche grazie all\u2019implementazione nel nostro paese, come paese pilota, dello strumento europeo della Child Guarantee.<br \/>\n<em>\u201cRingrazio Terre des Hommes e CISMAI per questa preziosa occasione di scambio e di confronto. La raccolta e l&#8217;analisi dei dati \u00e8 cruciale per far uscire dall\u2019ombra il fenomeno della violenza sui minori, che ancora abita la nostra societ\u00e0 e va eradicato in maniera decisa e definitiva. Anche per questo \u00e8 necessario un cambio di paradigma culturale che consideri i bambini e i ragazzi cittadini titolari di diritti gi\u00e0 oggi, nel tempo della loro infanzia. Lo strumento della Child Guarantee \u00e8 un\u2019occasione straordinaria per investire sull\u2019educazione formale e non formale, cos\u00ec come sui temi della salute, dell\u2019abitazione e dell\u2019alimentazione. Su tutti questi fronti il Piano Nazionale per l\u2019Infanzia e l\u2019Adolescenza, in via di approvazione, contiene misure necessarie per garantire equit\u00e0, educazione ed empowerment per le nuove generazioni.\u201d<\/em> Afferma la Ministra Per le Pari Opportunit\u00e0 e la Famiglia Elena Bonetti.<\/p>\n<p>I contributi delle relatrici che hanno partecipato al panel hanno arricchito la prospettiva di partenza, sottolineando l\u2019importanza del lavoro presentato anche in un\u2019ottica internazionale ed evidenziando le preziose opportunit\u00e0 di confronto e di studio e programmazione che si possono effettuare a partire dai dati raccolti.<br \/>\n<em>&#8220;La violenza contro le donne, bambini e adolescenti \u00e8 una pandemia nella pandemia. Come suggerito dai dati raccolti da Terre des Hommes Italia e CISMAI, \u00e8 evidente che il fenomeno della violenza, gi\u00e0 ampiamente diffuso prima dell&#8217;arrivo di COVID-19, \u00e8 stato esacerbato ulteriormente durante i mesi di lockdown.\u201d<\/em> Dichiara la dott.ssa <strong>Flavia Bustreo<\/strong> vice chair Fondation Botnar e gi\u00e0 Vice Direttrice Generale OMS per la salute della famiglia, delle donne e dei bambini <em>\u201cIn Italia infatti si denuncia la disomogeneit\u00e0 nella raccolta di informazioni relative alla violenza, da cui consegue la sostanziale impossibilit\u00e0 di disegnare politiche basate su dati affidabili. Questo rende impossibile determinarne l\u2019effettiva gravit\u00e0 e programmare coerenti politiche di prevenzione e contrasto. Gli effetti di medio e lungo termine che la pandemia avr\u00e0 su donne e bambini devono essere tenuti in considerazione per la formulazione dei piani per la ripartenza. Non possiamo perdere quest&#8217;occasione.&#8221;<\/em><\/p>\n<p>Con il suo intervento<strong> Valeria Setti<\/strong>, Coordinatrice della Commissione europea per i diritti dell\u2019infanzia ha evidenziato i punti di contatto con la nuova Strategia Europea per i diritti dell\u2019infanzia, che al suo interno si concentra anche sulla prevenzione e il contrasto del maltrattamento infantile e sull\u2019importanza che gli Stati Membri si dotino di strumenti adatti alla raccolta di dati sul tema.<\/p>\n<p><em>\u201cLa violenza ed il maltrattamento contro i minori \u00e8 un fenomeno purtroppo ancora largamente diffuso, che porta conseguenze significative sul benessere e lo sviluppo dei bambini che ne sono vittime o testimoni. La nuova Strategia europea evidenzia la necessit\u00e0 di politiche che favoriscano strumenti coordinati, multi-disciplinari, e al centro dei quali vi siano i bambini ed il rispetto dei loro diritti. Questa II Indagine nazionale \u00e8 uno strumento chiave che ci aiuta a capire meglio non solo il fenomeno in s\u00e9, ma soprattutto le risposte necessarie per affrontarlo\u201d<\/em>.<br \/>\nA riportare l\u2019attenzione sul particolare italiano, la giornalista di Repubblica <strong>Annalisa Cuzzocrea<\/strong> che con il suo libro \u201cChe fine hanno fatto i bambini\u201d ha descritto sapientemente l\u2019immagine di un paese che sembra essersi dimenticato dei bambini e delle bambine e quindi anche del proprio futuro.<br \/>\n<em>\u201cIl terzo settore dimostra con questo studio di avere un ruolo sussidiario fondamentale nell\u2019analisi dei fenomeni che riguardano infanzia e adolescenza. Un ruolo che lo Stato dovrebbe sostenere\u201d<\/em>.[\/et_pb_text][\/et_pb_column][et_pb_column type=&#8221;1_5&#8243; _builder_version=&#8221;4.16&#8243; custom_padding=&#8221;|||&#8221; global_colors_info=&#8221;{}&#8221; custom_padding__hover=&#8221;|||&#8221;][\/et_pb_column][\/et_pb_row][\/et_pb_section]<\/p>\n","protected":false},"excerpt":{"rendered":"<p>Alla presenza della Ministra Elena Bonetti e di ospiti nazionali e internazionali, Terre des Hommes e CISMAI ribadiscono l\u2019importanza di politiche efficaci contro la violenza sui minori. I dati dell\u2019indagine descrivono il fenomeno della violenza e le diversit\u00e0 che emergono nelle diverse aree del Paese 29 Aprile 2021, L\u2019evento online, ospitato da Terre des Hommes [&hellip;]<\/p>\n","protected":false},"author":1,"featured_media":2287,"comment_status":"open","ping_status":"open","sticky":false,"template":"","format":"standard","meta":{"_et_pb_use_builder":"on","_et_pb_old_content":"Cras mattis consectetur purus sit amet fermentum. Aenean lacinia bibendum nulla sed consectetur. Donec ullamcorper nulla non metus auctor fringilla. Donec ullamcorper nulla non metus auctor fringilla.","_et_gb_content_width":"","footnotes":""},"categories":[16],"tags":[],"class_list":["post-2291","post","type-post","status-publish","format-standard","has-post-thumbnail","hentry","category-comunicati"],"yoast_head":"<!-- This site is optimized with the Yoast SEO plugin v21.1 - https:\/\/yoast.com\/wordpress\/plugins\/seo\/ -->\n<title>Presentazione della II Indagine Nazionale sul maltrattamento di bambini e adolescenti in Italia - Terre des Hommes Italia<\/title>\n<meta name=\"robots\" content=\"index, follow, max-snippet:-1, max-image-preview:large, max-video-preview:-1\" \/>\n<link rel=\"canonical\" href=\"https:\/\/terredeshommes.it\/eng\/comunicati\/presentazione-della-ii-indagine-nazionale-sul-maltrattamento-bambini-adolescenti-italia\/\" \/>\n<meta property=\"og:locale\" content=\"en_US\" \/>\n<meta property=\"og:type\" content=\"article\" \/>\n<meta property=\"og:title\" content=\"Presentazione della II Indagine Nazionale sul maltrattamento di bambini e adolescenti in Italia - Terre des Hommes Italia\" \/>\n<meta property=\"og:description\" content=\"Alla presenza della Ministra Elena Bonetti e di ospiti nazionali e internazionali, Terre des Hommes e CISMAI ribadiscono l\u2019importanza di politiche efficaci contro la violenza sui minori. I dati dell\u2019indagine descrivono il fenomeno della violenza e le diversit\u00e0 che emergono nelle diverse aree del Paese 29 Aprile 2021, L\u2019evento online, ospitato da Terre des Hommes [&hellip;]\" \/>\n<meta property=\"og:url\" content=\"https:\/\/terredeshommes.it\/eng\/comunicati\/presentazione-della-ii-indagine-nazionale-sul-maltrattamento-bambini-adolescenti-italia\/\" \/>\n<meta property=\"og:site_name\" content=\"Terre des Hommes Italia\" \/>\n<meta property=\"article:published_time\" content=\"2021-05-07T14:26:30+00:00\" \/>\n<meta property=\"article:modified_time\" content=\"2022-07-27T14:29:36+00:00\" \/>\n<meta property=\"og:image\" content=\"https:\/\/terredeshommes.it\/eng\/wp-content\/uploads\/cs-maltrattamento-indagine.jpeg\" \/>\n\t<meta property=\"og:image:width\" content=\"943\" \/>\n\t<meta property=\"og:image:height\" content=\"450\" \/>\n\t<meta property=\"og:image:type\" content=\"image\/jpeg\" \/>\n<meta name=\"author\" content=\"superTDH\" \/>\n<meta name=\"twitter:card\" content=\"summary_large_image\" \/>\n<meta name=\"twitter:label1\" content=\"Written by\" \/>\n\t<meta name=\"twitter:data1\" content=\"superTDH\" \/>\n\t<meta name=\"twitter:label2\" content=\"Est. reading time\" \/>\n\t<meta name=\"twitter:data2\" content=\"7 minutes\" \/>\n<script type=\"application\/ld+json\" class=\"yoast-schema-graph\">{\"@context\":\"https:\/\/schema.org\",\"@graph\":[{\"@type\":\"WebPage\",\"@id\":\"https:\/\/terredeshommes.it\/eng\/comunicati\/presentazione-della-ii-indagine-nazionale-sul-maltrattamento-bambini-adolescenti-italia\/\",\"url\":\"https:\/\/terredeshommes.it\/eng\/comunicati\/presentazione-della-ii-indagine-nazionale-sul-maltrattamento-bambini-adolescenti-italia\/\",\"name\":\"Presentazione della II Indagine Nazionale sul maltrattamento di bambini e adolescenti in Italia - Terre des Hommes Italia\",\"isPartOf\":{\"@id\":\"https:\/\/terredeshommes.it\/eng\/#website\"},\"datePublished\":\"2021-05-07T14:26:30+00:00\",\"dateModified\":\"2022-07-27T14:29:36+00:00\",\"author\":{\"@id\":\"https:\/\/terredeshommes.it\/eng\/#\/schema\/person\/adf40aab21514bbdc483bd807a69efed\"},\"breadcrumb\":{\"@id\":\"https:\/\/terredeshommes.it\/eng\/comunicati\/presentazione-della-ii-indagine-nazionale-sul-maltrattamento-bambini-adolescenti-italia\/#breadcrumb\"},\"inLanguage\":\"en-US\",\"potentialAction\":[{\"@type\":\"ReadAction\",\"target\":[\"https:\/\/terredeshommes.it\/eng\/comunicati\/presentazione-della-ii-indagine-nazionale-sul-maltrattamento-bambini-adolescenti-italia\/\"]}]},{\"@type\":\"BreadcrumbList\",\"@id\":\"https:\/\/terredeshommes.it\/eng\/comunicati\/presentazione-della-ii-indagine-nazionale-sul-maltrattamento-bambini-adolescenti-italia\/#breadcrumb\",\"itemListElement\":[{\"@type\":\"ListItem\",\"position\":1,\"name\":\"Home\",\"item\":\"https:\/\/terredeshommes.it\/eng\/\"},{\"@type\":\"ListItem\",\"position\":2,\"name\":\"Presentazione della II Indagine Nazionale sul maltrattamento di bambini e adolescenti in Italia\"}]},{\"@type\":\"WebSite\",\"@id\":\"https:\/\/terredeshommes.it\/eng\/#website\",\"url\":\"https:\/\/terredeshommes.it\/eng\/\",\"name\":\"Terre des Hommes Italia\",\"description\":\"Proteggiamo i bambini insieme\",\"potentialAction\":[{\"@type\":\"SearchAction\",\"target\":{\"@type\":\"EntryPoint\",\"urlTemplate\":\"https:\/\/terredeshommes.it\/eng\/?s={search_term_string}\"},\"query-input\":\"required name=search_term_string\"}],\"inLanguage\":\"en-US\"},{\"@type\":\"Person\",\"@id\":\"https:\/\/terredeshommes.it\/eng\/#\/schema\/person\/adf40aab21514bbdc483bd807a69efed\",\"name\":\"superTDH\",\"url\":\"https:\/\/terredeshommes.it\/eng\/author\/supertdh\/\"}]}<\/script>\n<!-- \/ Yoast SEO plugin. -->","yoast_head_json":{"title":"Presentazione della II Indagine Nazionale sul maltrattamento di bambini e adolescenti in Italia - Terre des Hommes Italia","robots":{"index":"index","follow":"follow","max-snippet":"max-snippet:-1","max-image-preview":"max-image-preview:large","max-video-preview":"max-video-preview:-1"},"canonical":"https:\/\/terredeshommes.it\/eng\/comunicati\/presentazione-della-ii-indagine-nazionale-sul-maltrattamento-bambini-adolescenti-italia\/","og_locale":"en_US","og_type":"article","og_title":"Presentazione della II Indagine Nazionale sul maltrattamento di bambini e adolescenti in Italia - Terre des Hommes Italia","og_description":"Alla presenza della Ministra Elena Bonetti e di ospiti nazionali e internazionali, Terre des Hommes e CISMAI ribadiscono l\u2019importanza di politiche efficaci contro la violenza sui minori. I dati dell\u2019indagine descrivono il fenomeno della violenza e le diversit\u00e0 che emergono nelle diverse aree del Paese 29 Aprile 2021, L\u2019evento online, ospitato da Terre des Hommes [&hellip;]","og_url":"https:\/\/terredeshommes.it\/eng\/comunicati\/presentazione-della-ii-indagine-nazionale-sul-maltrattamento-bambini-adolescenti-italia\/","og_site_name":"Terre des Hommes Italia","article_published_time":"2021-05-07T14:26:30+00:00","article_modified_time":"2022-07-27T14:29:36+00:00","og_image":[{"width":943,"height":450,"url":"https:\/\/terredeshommes.it\/eng\/wp-content\/uploads\/cs-maltrattamento-indagine.jpeg","type":"image\/jpeg"}],"author":"superTDH","twitter_card":"summary_large_image","twitter_misc":{"Written by":"superTDH","Est. reading time":"7 minutes"},"schema":{"@context":"https:\/\/schema.org","@graph":[{"@type":"WebPage","@id":"https:\/\/terredeshommes.it\/eng\/comunicati\/presentazione-della-ii-indagine-nazionale-sul-maltrattamento-bambini-adolescenti-italia\/","url":"https:\/\/terredeshommes.it\/eng\/comunicati\/presentazione-della-ii-indagine-nazionale-sul-maltrattamento-bambini-adolescenti-italia\/","name":"Presentazione della II Indagine Nazionale sul maltrattamento di bambini e adolescenti in Italia - Terre des Hommes Italia","isPartOf":{"@id":"https:\/\/terredeshommes.it\/eng\/#website"},"datePublished":"2021-05-07T14:26:30+00:00","dateModified":"2022-07-27T14:29:36+00:00","author":{"@id":"https:\/\/terredeshommes.it\/eng\/#\/schema\/person\/adf40aab21514bbdc483bd807a69efed"},"breadcrumb":{"@id":"https:\/\/terredeshommes.it\/eng\/comunicati\/presentazione-della-ii-indagine-nazionale-sul-maltrattamento-bambini-adolescenti-italia\/#breadcrumb"},"inLanguage":"en-US","potentialAction":[{"@type":"ReadAction","target":["https:\/\/terredeshommes.it\/eng\/comunicati\/presentazione-della-ii-indagine-nazionale-sul-maltrattamento-bambini-adolescenti-italia\/"]}]},{"@type":"BreadcrumbList","@id":"https:\/\/terredeshommes.it\/eng\/comunicati\/presentazione-della-ii-indagine-nazionale-sul-maltrattamento-bambini-adolescenti-italia\/#breadcrumb","itemListElement":[{"@type":"ListItem","position":1,"name":"Home","item":"https:\/\/terredeshommes.it\/eng\/"},{"@type":"ListItem","position":2,"name":"Presentazione della II Indagine Nazionale sul maltrattamento di bambini e adolescenti in Italia"}]},{"@type":"WebSite","@id":"https:\/\/terredeshommes.it\/eng\/#website","url":"https:\/\/terredeshommes.it\/eng\/","name":"Terre des Hommes Italia","description":"Proteggiamo i bambini insieme","potentialAction":[{"@type":"SearchAction","target":{"@type":"EntryPoint","urlTemplate":"https:\/\/terredeshommes.it\/eng\/?s={search_term_string}"},"query-input":"required name=search_term_string"}],"inLanguage":"en-US"},{"@type":"Person","@id":"https:\/\/terredeshommes.it\/eng\/#\/schema\/person\/adf40aab21514bbdc483bd807a69efed","name":"superTDH","url":"https:\/\/terredeshommes.it\/eng\/author\/supertdh\/"}]}},"_links":{"self":[{"href":"https:\/\/terredeshommes.it\/eng\/wp-json\/wp\/v2\/posts\/2291","targetHints":{"allow":["GET"]}}],"collection":[{"href":"https:\/\/terredeshommes.it\/eng\/wp-json\/wp\/v2\/posts"}],"about":[{"href":"https:\/\/terredeshommes.it\/eng\/wp-json\/wp\/v2\/types\/post"}],"author":[{"embeddable":true,"href":"https:\/\/terredeshommes.it\/eng\/wp-json\/wp\/v2\/users\/1"}],"replies":[{"embeddable":true,"href":"https:\/\/terredeshommes.it\/eng\/wp-json\/wp\/v2\/comments?post=2291"}],"version-history":[{"count":0,"href":"https:\/\/terredeshommes.it\/eng\/wp-json\/wp\/v2\/posts\/2291\/revisions"}],"wp:featuredmedia":[{"embeddable":true,"href":"https:\/\/terredeshommes.it\/eng\/wp-json\/wp\/v2\/media\/2287"}],"wp:attachment":[{"href":"https:\/\/terredeshommes.it\/eng\/wp-json\/wp\/v2\/media?parent=2291"}],"wp:term":[{"taxonomy":"category","embeddable":true,"href":"https:\/\/terredeshommes.it\/eng\/wp-json\/wp\/v2\/categories?post=2291"},{"taxonomy":"post_tag","embeddable":true,"href":"https:\/\/terredeshommes.it\/eng\/wp-json\/wp\/v2\/tags?post=2291"}],"curies":[{"name":"wp","href":"https:\/\/api.w.org\/{rel}","templated":true}]}}