{"id":2306,"date":"2021-06-30T16:40:57","date_gmt":"2021-06-30T14:40:57","guid":{"rendered":"https:\/\/terredeshommes.it\/?p=2306"},"modified":"2022-07-27T16:47:03","modified_gmt":"2022-07-27T14:47:03","slug":"nostro-impegno-la-malnutrizione-mauritania","status":"publish","type":"post","link":"https:\/\/terredeshommes.it\/eng\/comunicati\/nostro-impegno-la-malnutrizione-mauritania\/","title":{"rendered":"Il nostro impegno contro la malnutrizione in Mauritania"},"content":{"rendered":"<p>[et_pb_section fb_built=&#8221;1&#8243; _builder_version=&#8221;4.16&#8243; global_colors_info=&#8221;{}&#8221;][et_pb_row column_structure=&#8221;1_5,3_5,1_5&#8243; _builder_version=&#8221;4.16&#8243; background_size=&#8221;initial&#8221; background_position=&#8221;top_left&#8221; background_repeat=&#8221;repeat&#8221; global_colors_info=&#8221;{}&#8221;][et_pb_column type=&#8221;1_5&#8243; _builder_version=&#8221;4.16&#8243; custom_padding=&#8221;|||&#8221; global_colors_info=&#8221;{}&#8221; custom_padding__hover=&#8221;|||&#8221;][\/et_pb_column][et_pb_column type=&#8221;3_5&#8243; _builder_version=&#8221;4.16&#8243; custom_padding=&#8221;|||&#8221; global_colors_info=&#8221;{}&#8221; custom_padding__hover=&#8221;|||&#8221;][et_pb_text admin_label=&#8221;Testo&#8221; _builder_version=&#8221;4.17.6&#8243; background_size=&#8221;initial&#8221; background_position=&#8221;top_left&#8221; background_repeat=&#8221;repeat&#8221; global_colors_info=&#8221;{}&#8221;]Esistono ancora paesi nel mondo in cui la <strong>malnutrizione infantile<\/strong> \u00e8 una realt\u00e0. Tra questi c\u2019\u00e8 la Mauritania, una nazione dell\u2019Africa occidentale che fa parte del Sahel, zona particolarmente arida a ridosso del Sahara, dove, da oltre 6 anni, Terre des Hommes opera per prevenire e ridurre la malnutrizione acuta infantile.<br \/>\nGrazie al finanziamento di ECHO (il dipartimento per gli aiuti umanitari e la protezione civile della Commissione Europea) tra agosto 2020 e giugno 2021, abbiamo proseguito il nostro impegno per contrastare la malnutrizione infantile, sensibilizzare famiglie e comunit\u00e0 sulle cause del fenomeno e formare il personale delle strutture sanitarie locali, in una proficua collaborazione con sistema sanitario mauritano.<\/p>\n<p>Attraverso uno <strong>screening di massa<\/strong>, condotto in tutti i villaggi delle provincie di Kiffa, Kankossa, Bar\u00e9kol e Gerrou, anche quelli pi\u00f9 reconditi, i nostri operatori locali hanno raggiunto 50.790 bambini e bambine dagli 0 a i 5 anni, hanno potuto visitarli e intervenire immediatamente nel caso di diagnosi di malnutrizione. <strong>Sono stati 4.712 i bambini e le bambine malnutrite individuati<\/strong> e in pi\u00f9 di 500 casi tra questi \u00e8 stato necessario il ricovero del bambino in ospedale, per il quale Terre des Hommes ha coperto le spese mediche e di trasporto. Nei villaggi situati oltre i 10 km di distanza dalle strutture sanitarie, le cure necessarie sono state effettuate a domicilio con la supervisione di medici e infermieri.<\/p>\n<h3>Guarda il video<\/h3>\n<p>[\/et_pb_text][et_pb_video src=&#8221;https:\/\/youtu.be\/WtwJ-gFNHRc&#8221; _builder_version=&#8221;4.17.6&#8243; _module_preset=&#8221;default&#8221; global_colors_info=&#8221;{}&#8221;][\/et_pb_video][et_pb_text admin_label=&#8221;Testo&#8221; _builder_version=&#8221;4.17.6&#8243; background_size=&#8221;initial&#8221; background_position=&#8221;top_left&#8221; background_repeat=&#8221;repeat&#8221; global_colors_info=&#8221;{}&#8221;]<\/p>\n<p><strong>Gibril<\/strong> \u00e8 uno dei tanti piccoli bisognosi di cure che abbiamo incontrato; settimo figlio di due contadini di un villaggio nella provincia di Bark\u00e9ol. Quando l\u2019abbiamo conosciuto era in uno stato di malnutrizione molto grave. Nonostante le cure immediate con il <strong>plumpy-nut (un impasto nutrizionale)<\/strong> dopo qualche settimana il bambino non migliorava, per questo \u00e8 stato portato in un ospedale della capitale Nouakchott, dove \u00e8 stato sottoposto ad accertamenti pi\u00f9 approfonditi e gli \u00e8 stata diagnosticata una malformazione cardiaca congenita. Grazie al nostro intervento la salute di Gibril \u00e8 migliorata e il problema della malnutrizione \u00e8 stato risolto, senza gravare sulle scarsissime risorse della famiglia.<\/p>\n<p>In parallelo allo screening di massa e presa in carico di bambine e bambini malnutriti, abbiamo realizzato 2 campagne di vaccinazione e varie campagne di informazione e sensibilizzazione sui problemi legati alla malnutrizione e all\u2019alimentazione del bambino con le quali<strong> abbiamo raggiunto oltre 10.000 persone<\/strong>.<br \/>Queste attivit\u00e0 di sensibilizzazione si sono rivelate utilissime per insegnare alle madri <strong>l\u2019uso del MUA<\/strong>C, una specie di braccialetto che serve a misurare il perimetro del braccio, per capire se il bambino \u00e8 malnutrito. Un ottimo strumento di prevenzione per intercettare la malnutrizione prima che sia troppo tardi. Le soddisfazioni a tanto impegno non sono mancate: l\u201985% dei bambini presi in carico \u00e8 guarito dalla malnutrizione.<\/p>\n<p>Inoltre, all\u2019interno del progetto, Terre des Hommes ha collaborato con il sistema sanitario mauritano nell\u2019attuazione del<strong> Protocole de prise en charge integre de la Malnutrition (PCIMA)<\/strong>, realizzando 14 supervisioni formative nelle 87 strutture sanitarie coinvolte nel progetto e fornendo assistenza tecnica al personale sanitario che lavora nei Centri di Trattamento Ospedalizzato per la Malnutrizione, con l\u2019obiettivo di trasferire tutte le competenze utili a riconoscere, prevenire e curare la malattia, anche dopo la fine del progetto.<\/p>\n<p>[\/et_pb_text][\/et_pb_column][et_pb_column type=&#8221;1_5&#8243; _builder_version=&#8221;4.16&#8243; custom_padding=&#8221;|||&#8221; global_colors_info=&#8221;{}&#8221; custom_padding__hover=&#8221;|||&#8221;][\/et_pb_column][\/et_pb_row][\/et_pb_section]<\/p>\n","protected":false},"excerpt":{"rendered":"<p>Esistono ancora paesi nel mondo in cui la malnutrizione infantile \u00e8 una realt\u00e0. Tra questi c\u2019\u00e8 la Mauritania, una nazione dell\u2019Africa occidentale che fa parte del Sahel, zona particolarmente arida a ridosso del Sahara, dove, da oltre 6 anni, Terre des Hommes opera per prevenire e ridurre la malnutrizione acuta infantile. Grazie al finanziamento di [&hellip;]<\/p>\n","protected":false},"author":1,"featured_media":2310,"comment_status":"open","ping_status":"open","sticky":false,"template":"","format":"standard","meta":{"_et_pb_use_builder":"on","_et_pb_old_content":"Cras mattis consectetur purus sit amet fermentum. Aenean lacinia bibendum nulla sed consectetur. Donec ullamcorper nulla non metus auctor fringilla. Donec ullamcorper nulla non metus auctor fringilla.","_et_gb_content_width":"","footnotes":""},"categories":[16],"tags":[],"class_list":["post-2306","post","type-post","status-publish","format-standard","has-post-thumbnail","hentry","category-comunicati"],"yoast_head":"<!-- This site is optimized with the Yoast SEO plugin v21.1 - https:\/\/yoast.com\/wordpress\/plugins\/seo\/ -->\n<title>Il nostro impegno contro la malnutrizione in Mauritania - Terre des Hommes Italia<\/title>\n<meta name=\"robots\" content=\"index, follow, max-snippet:-1, max-image-preview:large, max-video-preview:-1\" \/>\n<link rel=\"canonical\" href=\"https:\/\/terredeshommes.it\/eng\/comunicati\/nostro-impegno-la-malnutrizione-mauritania\/\" \/>\n<meta property=\"og:locale\" content=\"en_US\" \/>\n<meta property=\"og:type\" content=\"article\" \/>\n<meta property=\"og:title\" content=\"Il nostro impegno contro la malnutrizione in Mauritania - Terre des Hommes Italia\" \/>\n<meta property=\"og:description\" content=\"Esistono ancora paesi nel mondo in cui la malnutrizione infantile \u00e8 una realt\u00e0. Tra questi c\u2019\u00e8 la Mauritania, una nazione dell\u2019Africa occidentale che fa parte del Sahel, zona particolarmente arida a ridosso del Sahara, dove, da oltre 6 anni, Terre des Hommes opera per prevenire e ridurre la malnutrizione acuta infantile. Grazie al finanziamento di [&hellip;]\" \/>\n<meta property=\"og:url\" content=\"https:\/\/terredeshommes.it\/eng\/comunicati\/nostro-impegno-la-malnutrizione-mauritania\/\" \/>\n<meta property=\"og:site_name\" content=\"Terre des Hommes Italia\" \/>\n<meta property=\"article:published_time\" content=\"2021-06-30T14:40:57+00:00\" \/>\n<meta property=\"article:modified_time\" content=\"2022-07-27T14:47:03+00:00\" \/>\n<meta property=\"og:image\" content=\"https:\/\/terredeshommes.it\/eng\/wp-content\/uploads\/malnutrizione-mauritania.jpeg\" \/>\n\t<meta property=\"og:image:width\" content=\"943\" \/>\n\t<meta property=\"og:image:height\" content=\"450\" \/>\n\t<meta property=\"og:image:type\" content=\"image\/jpeg\" \/>\n<meta name=\"author\" content=\"superTDH\" \/>\n<meta name=\"twitter:card\" content=\"summary_large_image\" \/>\n<meta name=\"twitter:label1\" content=\"Written by\" \/>\n\t<meta name=\"twitter:data1\" content=\"superTDH\" \/>\n\t<meta name=\"twitter:label2\" content=\"Est. reading time\" \/>\n\t<meta name=\"twitter:data2\" content=\"4 minutes\" \/>\n<script type=\"application\/ld+json\" class=\"yoast-schema-graph\">{\"@context\":\"https:\/\/schema.org\",\"@graph\":[{\"@type\":\"WebPage\",\"@id\":\"https:\/\/terredeshommes.it\/eng\/comunicati\/nostro-impegno-la-malnutrizione-mauritania\/\",\"url\":\"https:\/\/terredeshommes.it\/eng\/comunicati\/nostro-impegno-la-malnutrizione-mauritania\/\",\"name\":\"Il nostro impegno contro la malnutrizione in Mauritania - Terre des Hommes Italia\",\"isPartOf\":{\"@id\":\"https:\/\/terredeshommes.it\/eng\/#website\"},\"datePublished\":\"2021-06-30T14:40:57+00:00\",\"dateModified\":\"2022-07-27T14:47:03+00:00\",\"author\":{\"@id\":\"https:\/\/terredeshommes.it\/eng\/#\/schema\/person\/adf40aab21514bbdc483bd807a69efed\"},\"breadcrumb\":{\"@id\":\"https:\/\/terredeshommes.it\/eng\/comunicati\/nostro-impegno-la-malnutrizione-mauritania\/#breadcrumb\"},\"inLanguage\":\"en-US\",\"potentialAction\":[{\"@type\":\"ReadAction\",\"target\":[\"https:\/\/terredeshommes.it\/eng\/comunicati\/nostro-impegno-la-malnutrizione-mauritania\/\"]}]},{\"@type\":\"BreadcrumbList\",\"@id\":\"https:\/\/terredeshommes.it\/eng\/comunicati\/nostro-impegno-la-malnutrizione-mauritania\/#breadcrumb\",\"itemListElement\":[{\"@type\":\"ListItem\",\"position\":1,\"name\":\"Home\",\"item\":\"https:\/\/terredeshommes.it\/eng\/\"},{\"@type\":\"ListItem\",\"position\":2,\"name\":\"Il nostro impegno contro la malnutrizione in Mauritania\"}]},{\"@type\":\"WebSite\",\"@id\":\"https:\/\/terredeshommes.it\/eng\/#website\",\"url\":\"https:\/\/terredeshommes.it\/eng\/\",\"name\":\"Terre des Hommes Italia\",\"description\":\"Proteggiamo i bambini insieme\",\"potentialAction\":[{\"@type\":\"SearchAction\",\"target\":{\"@type\":\"EntryPoint\",\"urlTemplate\":\"https:\/\/terredeshommes.it\/eng\/?s={search_term_string}\"},\"query-input\":\"required name=search_term_string\"}],\"inLanguage\":\"en-US\"},{\"@type\":\"Person\",\"@id\":\"https:\/\/terredeshommes.it\/eng\/#\/schema\/person\/adf40aab21514bbdc483bd807a69efed\",\"name\":\"superTDH\",\"url\":\"https:\/\/terredeshommes.it\/eng\/author\/supertdh\/\"}]}<\/script>\n<!-- \/ Yoast SEO plugin. -->","yoast_head_json":{"title":"Il nostro impegno contro la malnutrizione in Mauritania - Terre des Hommes Italia","robots":{"index":"index","follow":"follow","max-snippet":"max-snippet:-1","max-image-preview":"max-image-preview:large","max-video-preview":"max-video-preview:-1"},"canonical":"https:\/\/terredeshommes.it\/eng\/comunicati\/nostro-impegno-la-malnutrizione-mauritania\/","og_locale":"en_US","og_type":"article","og_title":"Il nostro impegno contro la malnutrizione in Mauritania - Terre des Hommes Italia","og_description":"Esistono ancora paesi nel mondo in cui la malnutrizione infantile \u00e8 una realt\u00e0. Tra questi c\u2019\u00e8 la Mauritania, una nazione dell\u2019Africa occidentale che fa parte del Sahel, zona particolarmente arida a ridosso del Sahara, dove, da oltre 6 anni, Terre des Hommes opera per prevenire e ridurre la malnutrizione acuta infantile. Grazie al finanziamento di [&hellip;]","og_url":"https:\/\/terredeshommes.it\/eng\/comunicati\/nostro-impegno-la-malnutrizione-mauritania\/","og_site_name":"Terre des Hommes Italia","article_published_time":"2021-06-30T14:40:57+00:00","article_modified_time":"2022-07-27T14:47:03+00:00","og_image":[{"width":943,"height":450,"url":"https:\/\/terredeshommes.it\/eng\/wp-content\/uploads\/malnutrizione-mauritania.jpeg","type":"image\/jpeg"}],"author":"superTDH","twitter_card":"summary_large_image","twitter_misc":{"Written by":"superTDH","Est. reading time":"4 minutes"},"schema":{"@context":"https:\/\/schema.org","@graph":[{"@type":"WebPage","@id":"https:\/\/terredeshommes.it\/eng\/comunicati\/nostro-impegno-la-malnutrizione-mauritania\/","url":"https:\/\/terredeshommes.it\/eng\/comunicati\/nostro-impegno-la-malnutrizione-mauritania\/","name":"Il nostro impegno contro la malnutrizione in Mauritania - Terre des Hommes Italia","isPartOf":{"@id":"https:\/\/terredeshommes.it\/eng\/#website"},"datePublished":"2021-06-30T14:40:57+00:00","dateModified":"2022-07-27T14:47:03+00:00","author":{"@id":"https:\/\/terredeshommes.it\/eng\/#\/schema\/person\/adf40aab21514bbdc483bd807a69efed"},"breadcrumb":{"@id":"https:\/\/terredeshommes.it\/eng\/comunicati\/nostro-impegno-la-malnutrizione-mauritania\/#breadcrumb"},"inLanguage":"en-US","potentialAction":[{"@type":"ReadAction","target":["https:\/\/terredeshommes.it\/eng\/comunicati\/nostro-impegno-la-malnutrizione-mauritania\/"]}]},{"@type":"BreadcrumbList","@id":"https:\/\/terredeshommes.it\/eng\/comunicati\/nostro-impegno-la-malnutrizione-mauritania\/#breadcrumb","itemListElement":[{"@type":"ListItem","position":1,"name":"Home","item":"https:\/\/terredeshommes.it\/eng\/"},{"@type":"ListItem","position":2,"name":"Il nostro impegno contro la malnutrizione in Mauritania"}]},{"@type":"WebSite","@id":"https:\/\/terredeshommes.it\/eng\/#website","url":"https:\/\/terredeshommes.it\/eng\/","name":"Terre des Hommes Italia","description":"Proteggiamo i bambini insieme","potentialAction":[{"@type":"SearchAction","target":{"@type":"EntryPoint","urlTemplate":"https:\/\/terredeshommes.it\/eng\/?s={search_term_string}"},"query-input":"required name=search_term_string"}],"inLanguage":"en-US"},{"@type":"Person","@id":"https:\/\/terredeshommes.it\/eng\/#\/schema\/person\/adf40aab21514bbdc483bd807a69efed","name":"superTDH","url":"https:\/\/terredeshommes.it\/eng\/author\/supertdh\/"}]}},"_links":{"self":[{"href":"https:\/\/terredeshommes.it\/eng\/wp-json\/wp\/v2\/posts\/2306","targetHints":{"allow":["GET"]}}],"collection":[{"href":"https:\/\/terredeshommes.it\/eng\/wp-json\/wp\/v2\/posts"}],"about":[{"href":"https:\/\/terredeshommes.it\/eng\/wp-json\/wp\/v2\/types\/post"}],"author":[{"embeddable":true,"href":"https:\/\/terredeshommes.it\/eng\/wp-json\/wp\/v2\/users\/1"}],"replies":[{"embeddable":true,"href":"https:\/\/terredeshommes.it\/eng\/wp-json\/wp\/v2\/comments?post=2306"}],"version-history":[{"count":0,"href":"https:\/\/terredeshommes.it\/eng\/wp-json\/wp\/v2\/posts\/2306\/revisions"}],"wp:featuredmedia":[{"embeddable":true,"href":"https:\/\/terredeshommes.it\/eng\/wp-json\/wp\/v2\/media\/2310"}],"wp:attachment":[{"href":"https:\/\/terredeshommes.it\/eng\/wp-json\/wp\/v2\/media?parent=2306"}],"wp:term":[{"taxonomy":"category","embeddable":true,"href":"https:\/\/terredeshommes.it\/eng\/wp-json\/wp\/v2\/categories?post=2306"},{"taxonomy":"post_tag","embeddable":true,"href":"https:\/\/terredeshommes.it\/eng\/wp-json\/wp\/v2\/tags?post=2306"}],"curies":[{"name":"wp","href":"https:\/\/api.w.org\/{rel}","templated":true}]}}