{"id":2313,"date":"2021-07-09T16:52:48","date_gmt":"2021-07-09T14:52:48","guid":{"rendered":"https:\/\/terredeshommes.it\/?p=2313"},"modified":"2022-07-27T16:54:23","modified_gmt":"2022-07-27T14:54:23","slug":"the-last-20-gli-ultimi-contano","status":"publish","type":"post","link":"https:\/\/terredeshommes.it\/eng\/comunicati\/the-last-20-gli-ultimi-contano\/","title":{"rendered":"The Last 20, gli ultimi contano!"},"content":{"rendered":"<p>[et_pb_section fb_built=&#8221;1&#8243; _builder_version=&#8221;4.16&#8243; global_colors_info=&#8221;{}&#8221;][et_pb_row column_structure=&#8221;1_5,3_5,1_5&#8243; _builder_version=&#8221;4.16&#8243; background_size=&#8221;initial&#8221; background_position=&#8221;top_left&#8221; background_repeat=&#8221;repeat&#8221; global_colors_info=&#8221;{}&#8221;][et_pb_column type=&#8221;1_5&#8243; _builder_version=&#8221;4.16&#8243; custom_padding=&#8221;|||&#8221; global_colors_info=&#8221;{}&#8221; custom_padding__hover=&#8221;|||&#8221;][\/et_pb_column][et_pb_column type=&#8221;3_5&#8243; _builder_version=&#8221;4.16&#8243; custom_padding=&#8221;|||&#8221; global_colors_info=&#8221;{}&#8221; custom_padding__hover=&#8221;|||&#8221;][et_pb_text admin_label=&#8221;Testo&#8221; _builder_version=&#8221;4.17.6&#8243; background_size=&#8221;initial&#8221; background_position=&#8221;top_left&#8221; background_repeat=&#8221;repeat&#8221; hover_enabled=&#8221;0&#8243; global_colors_info=&#8221;{}&#8221; sticky_enabled=&#8221;0&#8243;]<\/p>\n<h3>Il mondo visto con lo sguardo degli \u201cultimi\u201d 20 Paesi del mondo.<br \/>Un summit capovolto per affermare: \u201cCi siamo anche noi su questo pianeta!\u201d e parlare dei grandi temi globali.<\/h3>\n<p><strong>\u201cThe Last 20\u201d<\/strong> \u00e8 il primo \u201cvertice dal basso\u201d in Italia. Mentre nel 2021 -sotto la Presidenza italiana- si riuniscono in panel, simposi e incontri i rappresentanti dei G20, con il culmine del Vertice dei Leader G20 di Roma (30-31 ottobre), il comitato \u201cThe Last 20\u201d ha deciso di <strong>riunire i rappresentanti dei \u201cL20\u201d<\/strong>, ovvero <strong>i venti Paesi pi\u00f9 \u201cimpoveriti\u201d del Pianeta<\/strong> (vedi l&#8217;elenco in calce) in base alle statistiche internazionali sui principali indicatori socio-economici e ambientali.<br \/>Scarica il documento The Last 20 \u201cChi siamo\u201d dal sito <a href=\"https:\/\/thelast20.org\/\">https:\/\/thelast20.org<\/a>, sezione Press<\/p>\n<p>L&#8217;evento \u201cThe Last 20\u201d vuole cambiare il punto di vista sul mondo e invita a <strong>guardarlo con gli occhi degli \u201cultimi\u201d<\/strong>. Afferma Tonino Perna, tra i promotori del comitato: \u201cThe Last 20 misura la <strong>temperatura sociale, economica e ambientale del Pianeta<\/strong>, visto come un organismo vivente, e analizza i punti pi\u00f9 sensibili della Terra, scoprendo i mutamenti che stiamo attraversando e andando alla radice dei problemi e delle contraddizioni del nostro tempo\u201d. <strong>L&#8217;obiettivo<\/strong> principale di \u201cThe Last 20\u201d \u00e8 quindi politico: affermare che i Last 20 esistono e soprattutto <strong>\u201ci Last 20 contano\u201d <\/strong>e non possono essere dimenticati.<\/p>\n<p><strong>I temi portanti che saranno affrontati nelle tappe di The Last 20<\/strong> sono cinque:<\/p>\n<ul>\n<li><strong>Il climate change<\/strong> e i suoi effetti su questi Paesi, in particolare su quelli dell\u2019Africa sub-sahariana.<\/li>\n<li><strong>La questione sanitaria<\/strong> in Paesi con una bassa aspettativa media di vita, debolissime strutture sanitarie, in una situazione aggravata dalla pandemia.<\/li>\n<li><strong>La fame e l\u2019impoverimento<\/strong> e la risposta dei soggetti sociali locali che resistono e si organizzano, come contadini, studenti, donne, artigiani.<\/li>\n<li><strong>L&#8217;immigrazione, l&#8217;accoglienza e l&#8217;intercultura<\/strong>, per conoscere davvero questi Paesi, la loro storia e la loro cultura al di l\u00e0 degli stereotipi. Il ruolo dei corridoi umanitari e della cooperazione decentrata.<\/li>\n<li><strong>Il ruolo politico<\/strong> dei Paesi L20, infine, per far sentire la voce degli ultimi nelle sedi appropriate.<\/li>\n<\/ul>\n<p>The Last 20 parte <strong>da Reggio Calabria dal 22 al 25 luglio<\/strong>. <strong>Il 22 luglio alle 10.30<\/strong> l&#8217;intitolazione del ponte sul waterfront all\u2019Ambasciatore italiano <strong>Luca Attanasio<\/strong>, morto tragicamente insieme alla sua scorta, il carabiniere Vittorio Iacovacci e l&#8217;autista Mustapha Milambo. \u201cUn ponte di grande valore simbolico -spiega Perna- perch\u00e9 unisce l\u2019ultimo lembo della penisola italiana con il mare che ci porta nel Continente africano\u201d. Alla cerimonia sar\u00e0 presente la vice-ministra del MAEC on. Marina Sereni, l\u2019ambasciatore della Repubblica Democratica del Congo in Italia, i familiari dell\u2019ambasciatore e del carabiniere Iacovacci, e le massime autorit\u00e0 locali.<\/p>\n<p>Sempre il <strong>22 luglio, alle ore 15:30<\/strong> presso l\u2019Anfiteatro del Parco Ecolandia si aprono ufficialmente i lavori, con il saluto delle autorit\u00e0 e dei 20 Paesi ospitati. Gli incontri della tre giorni verteranno sul tema delle migrazioni: il programma prevede ospiti autorevoli, giornalisti, studiosi, politici, sindaci, attivisti, sindacalisti, rifugiati, rappresentanti della Federazione delle Diaspore Africane. Oltre all&#8217;On. Marina Sereni, viceministro degli Affari Esteri\u2013MAECI, a parlare di viaggi dei migranti, modelli di accoglienza, cooperazione internazionale, corridoi umanitari, ruolo degli enti locali e delle comunit\u00e0 ci saranno Maurizio Ambrosini, Mimmo Lucano, Padre Camillo Ripamonti, Abdou Babakar, Gianni Silvestrini, solo per citarne alcuni.<br \/>Scarica qui il programma completo: <a href=\"https:\/\/thelast20.org\/programma\/reggio-calabria\/\">https:\/\/thelast20.org\/programma\/reggio-calabria\/<\/a><\/p>\n<p>\u201cThe Last 20\u201d continua con <strong>tappe tematiche<\/strong> a settembre e ottobre 2021.<strong> Dal 10 al 12 settembre a Roma<\/strong>, con un focus sulla questione della lotta alla fame e alla povert\u00e0, dal 17 al 21 settembre in Abruzzo e Molise, sui temi del dialogo interreligioso e della pace, dal 22 al 26 settembre a Milano, dove si parler\u00e0 di sanit\u00e0, impatto del mutamento climatico, resilienza. \u201cThe Last 20\u201d si concluder\u00e0 a Santa Maria di Leuca il 2-3 ottobre con la stesura di un documento comune da presentare nelle sedi internazionali e ai media.<\/p>\n<p>L&#8217;obiettivo di lungo periodo \u00e8 formare un comitato scientifico che ogni anno presenti un \u201cReport Last 20\u201d, che dia conto della situazione con dai criteri obiettivi, andando al di l\u00e0 della misurazione PIL, includendo cio\u00e8 fattori come <strong>le condizioni sociali ed economiche<\/strong>, <strong>l\u2019ecosistema, la riduzione dei conflitti<\/strong>. Un\u2019analisi a 360\u00b0 sulle parti pi\u00f9 fragili dell&#8217;umanit\u00e0, <strong>per ribadire che il mondo si pu\u00f2 cambiare e non solo dall&#8217;alto.<\/strong><\/p>\n<p><strong>I Paesi L20 <\/strong><br \/>Non si tratta di Paesi \u201cpoveri\u201d ma piuttosto \u201cimpoveriti\u201d da sfruttamento coloniale, guerre e conflitti etnici, catastrofi climatiche. Sono Afghanistan, Burkina Faso, Burundi, Repubblica Centrafricana, Ciad, Repubblica Democratica del Congo, Eritrea, Etiopia, Gambia, Guinea Bissau, Libano, Liberia, Malawi, Mali, Mozambico, Niger, Sierra Leone, Somalia, Sud Sudan e Yemen.<\/p>\n<p><strong>I promotori<\/strong><br \/>The Last 20 \u00e8 stato promosso da: Comune e Citt\u00e0 metropolitana di Reggio Calabria, Federazione delle diaspore africane in Italia, Fondazione Terre des Hommes (Italia), ITRIA (Itinerari turistico-religiosi interculturali accessibili), Mediterranean Hope, Re.Co.Sol. (Rete Comuni solidali), Rete azione TerraE, Fondazione Casa della Carit\u00e0 (Milano), Parco Ludico Tecnologico Ecolandia.<\/p>\n<p>[\/et_pb_text][\/et_pb_column][et_pb_column type=&#8221;1_5&#8243; _builder_version=&#8221;4.16&#8243; custom_padding=&#8221;|||&#8221; global_colors_info=&#8221;{}&#8221; custom_padding__hover=&#8221;|||&#8221;][\/et_pb_column][\/et_pb_row][\/et_pb_section]<\/p>\n","protected":false},"excerpt":{"rendered":"<p>Il mondo visto con lo sguardo degli \u201cultimi\u201d 20 Paesi del mondo.Un summit capovolto per affermare: \u201cCi siamo anche noi su questo pianeta!\u201d e parlare dei grandi temi globali. \u201cThe Last 20\u201d \u00e8 il primo \u201cvertice dal basso\u201d in Italia. Mentre nel 2021 -sotto la Presidenza italiana- si riuniscono in panel, simposi e incontri i [&hellip;]<\/p>\n","protected":false},"author":1,"featured_media":2315,"comment_status":"open","ping_status":"open","sticky":false,"template":"","format":"standard","meta":{"_et_pb_use_builder":"on","_et_pb_old_content":"Cras mattis consectetur purus sit amet fermentum. Aenean lacinia bibendum nulla sed consectetur. Donec ullamcorper nulla non metus auctor fringilla. Donec ullamcorper nulla non metus auctor fringilla.","_et_gb_content_width":"","footnotes":""},"categories":[16],"tags":[],"class_list":["post-2313","post","type-post","status-publish","format-standard","has-post-thumbnail","hentry","category-comunicati"],"yoast_head":"<!-- This site is optimized with the Yoast SEO plugin v21.1 - https:\/\/yoast.com\/wordpress\/plugins\/seo\/ -->\n<title>The Last 20, gli ultimi contano! - Terre des Hommes Italia<\/title>\n<meta name=\"robots\" content=\"index, follow, max-snippet:-1, max-image-preview:large, max-video-preview:-1\" \/>\n<link rel=\"canonical\" href=\"https:\/\/terredeshommes.it\/eng\/comunicati\/the-last-20-gli-ultimi-contano\/\" \/>\n<meta property=\"og:locale\" content=\"en_US\" \/>\n<meta property=\"og:type\" content=\"article\" \/>\n<meta property=\"og:title\" content=\"The Last 20, gli ultimi contano! - Terre des Hommes Italia\" \/>\n<meta property=\"og:description\" content=\"Il mondo visto con lo sguardo degli \u201cultimi\u201d 20 Paesi del mondo.Un summit capovolto per affermare: \u201cCi siamo anche noi su questo pianeta!\u201d e parlare dei grandi temi globali. \u201cThe Last 20\u201d \u00e8 il primo \u201cvertice dal basso\u201d in Italia. Mentre nel 2021 -sotto la Presidenza italiana- si riuniscono in panel, simposi e incontri i [&hellip;]\" \/>\n<meta property=\"og:url\" content=\"https:\/\/terredeshommes.it\/eng\/comunicati\/the-last-20-gli-ultimi-contano\/\" \/>\n<meta property=\"og:site_name\" content=\"Terre des Hommes Italia\" \/>\n<meta property=\"article:published_time\" content=\"2021-07-09T14:52:48+00:00\" \/>\n<meta property=\"article:modified_time\" content=\"2022-07-27T14:54:23+00:00\" \/>\n<meta property=\"og:image\" content=\"https:\/\/terredeshommes.it\/eng\/wp-content\/uploads\/last20-cs.jpeg\" \/>\n\t<meta property=\"og:image:width\" content=\"940\" \/>\n\t<meta property=\"og:image:height\" content=\"449\" \/>\n\t<meta property=\"og:image:type\" content=\"image\/jpeg\" \/>\n<meta name=\"author\" content=\"superTDH\" \/>\n<meta name=\"twitter:card\" content=\"summary_large_image\" \/>\n<meta name=\"twitter:label1\" content=\"Written by\" \/>\n\t<meta name=\"twitter:data1\" content=\"superTDH\" \/>\n\t<meta name=\"twitter:label2\" content=\"Est. reading time\" \/>\n\t<meta name=\"twitter:data2\" content=\"3 minutes\" \/>\n<script type=\"application\/ld+json\" class=\"yoast-schema-graph\">{\"@context\":\"https:\/\/schema.org\",\"@graph\":[{\"@type\":\"WebPage\",\"@id\":\"https:\/\/terredeshommes.it\/eng\/comunicati\/the-last-20-gli-ultimi-contano\/\",\"url\":\"https:\/\/terredeshommes.it\/eng\/comunicati\/the-last-20-gli-ultimi-contano\/\",\"name\":\"The Last 20, gli ultimi contano! - Terre des Hommes Italia\",\"isPartOf\":{\"@id\":\"https:\/\/terredeshommes.it\/eng\/#website\"},\"datePublished\":\"2021-07-09T14:52:48+00:00\",\"dateModified\":\"2022-07-27T14:54:23+00:00\",\"author\":{\"@id\":\"https:\/\/terredeshommes.it\/eng\/#\/schema\/person\/adf40aab21514bbdc483bd807a69efed\"},\"breadcrumb\":{\"@id\":\"https:\/\/terredeshommes.it\/eng\/comunicati\/the-last-20-gli-ultimi-contano\/#breadcrumb\"},\"inLanguage\":\"en-US\",\"potentialAction\":[{\"@type\":\"ReadAction\",\"target\":[\"https:\/\/terredeshommes.it\/eng\/comunicati\/the-last-20-gli-ultimi-contano\/\"]}]},{\"@type\":\"BreadcrumbList\",\"@id\":\"https:\/\/terredeshommes.it\/eng\/comunicati\/the-last-20-gli-ultimi-contano\/#breadcrumb\",\"itemListElement\":[{\"@type\":\"ListItem\",\"position\":1,\"name\":\"Home\",\"item\":\"https:\/\/terredeshommes.it\/eng\/\"},{\"@type\":\"ListItem\",\"position\":2,\"name\":\"The Last 20, gli ultimi contano!\"}]},{\"@type\":\"WebSite\",\"@id\":\"https:\/\/terredeshommes.it\/eng\/#website\",\"url\":\"https:\/\/terredeshommes.it\/eng\/\",\"name\":\"Terre des Hommes Italia\",\"description\":\"Proteggiamo i bambini insieme\",\"potentialAction\":[{\"@type\":\"SearchAction\",\"target\":{\"@type\":\"EntryPoint\",\"urlTemplate\":\"https:\/\/terredeshommes.it\/eng\/?s={search_term_string}\"},\"query-input\":\"required name=search_term_string\"}],\"inLanguage\":\"en-US\"},{\"@type\":\"Person\",\"@id\":\"https:\/\/terredeshommes.it\/eng\/#\/schema\/person\/adf40aab21514bbdc483bd807a69efed\",\"name\":\"superTDH\",\"url\":\"https:\/\/terredeshommes.it\/eng\/author\/supertdh\/\"}]}<\/script>\n<!-- \/ Yoast SEO plugin. -->","yoast_head_json":{"title":"The Last 20, gli ultimi contano! - Terre des Hommes Italia","robots":{"index":"index","follow":"follow","max-snippet":"max-snippet:-1","max-image-preview":"max-image-preview:large","max-video-preview":"max-video-preview:-1"},"canonical":"https:\/\/terredeshommes.it\/eng\/comunicati\/the-last-20-gli-ultimi-contano\/","og_locale":"en_US","og_type":"article","og_title":"The Last 20, gli ultimi contano! - Terre des Hommes Italia","og_description":"Il mondo visto con lo sguardo degli \u201cultimi\u201d 20 Paesi del mondo.Un summit capovolto per affermare: \u201cCi siamo anche noi su questo pianeta!\u201d e parlare dei grandi temi globali. \u201cThe Last 20\u201d \u00e8 il primo \u201cvertice dal basso\u201d in Italia. Mentre nel 2021 -sotto la Presidenza italiana- si riuniscono in panel, simposi e incontri i [&hellip;]","og_url":"https:\/\/terredeshommes.it\/eng\/comunicati\/the-last-20-gli-ultimi-contano\/","og_site_name":"Terre des Hommes Italia","article_published_time":"2021-07-09T14:52:48+00:00","article_modified_time":"2022-07-27T14:54:23+00:00","og_image":[{"width":940,"height":449,"url":"https:\/\/terredeshommes.it\/eng\/wp-content\/uploads\/last20-cs.jpeg","type":"image\/jpeg"}],"author":"superTDH","twitter_card":"summary_large_image","twitter_misc":{"Written by":"superTDH","Est. reading time":"3 minutes"},"schema":{"@context":"https:\/\/schema.org","@graph":[{"@type":"WebPage","@id":"https:\/\/terredeshommes.it\/eng\/comunicati\/the-last-20-gli-ultimi-contano\/","url":"https:\/\/terredeshommes.it\/eng\/comunicati\/the-last-20-gli-ultimi-contano\/","name":"The Last 20, gli ultimi contano! - Terre des Hommes Italia","isPartOf":{"@id":"https:\/\/terredeshommes.it\/eng\/#website"},"datePublished":"2021-07-09T14:52:48+00:00","dateModified":"2022-07-27T14:54:23+00:00","author":{"@id":"https:\/\/terredeshommes.it\/eng\/#\/schema\/person\/adf40aab21514bbdc483bd807a69efed"},"breadcrumb":{"@id":"https:\/\/terredeshommes.it\/eng\/comunicati\/the-last-20-gli-ultimi-contano\/#breadcrumb"},"inLanguage":"en-US","potentialAction":[{"@type":"ReadAction","target":["https:\/\/terredeshommes.it\/eng\/comunicati\/the-last-20-gli-ultimi-contano\/"]}]},{"@type":"BreadcrumbList","@id":"https:\/\/terredeshommes.it\/eng\/comunicati\/the-last-20-gli-ultimi-contano\/#breadcrumb","itemListElement":[{"@type":"ListItem","position":1,"name":"Home","item":"https:\/\/terredeshommes.it\/eng\/"},{"@type":"ListItem","position":2,"name":"The Last 20, gli ultimi contano!"}]},{"@type":"WebSite","@id":"https:\/\/terredeshommes.it\/eng\/#website","url":"https:\/\/terredeshommes.it\/eng\/","name":"Terre des Hommes Italia","description":"Proteggiamo i bambini insieme","potentialAction":[{"@type":"SearchAction","target":{"@type":"EntryPoint","urlTemplate":"https:\/\/terredeshommes.it\/eng\/?s={search_term_string}"},"query-input":"required name=search_term_string"}],"inLanguage":"en-US"},{"@type":"Person","@id":"https:\/\/terredeshommes.it\/eng\/#\/schema\/person\/adf40aab21514bbdc483bd807a69efed","name":"superTDH","url":"https:\/\/terredeshommes.it\/eng\/author\/supertdh\/"}]}},"_links":{"self":[{"href":"https:\/\/terredeshommes.it\/eng\/wp-json\/wp\/v2\/posts\/2313","targetHints":{"allow":["GET"]}}],"collection":[{"href":"https:\/\/terredeshommes.it\/eng\/wp-json\/wp\/v2\/posts"}],"about":[{"href":"https:\/\/terredeshommes.it\/eng\/wp-json\/wp\/v2\/types\/post"}],"author":[{"embeddable":true,"href":"https:\/\/terredeshommes.it\/eng\/wp-json\/wp\/v2\/users\/1"}],"replies":[{"embeddable":true,"href":"https:\/\/terredeshommes.it\/eng\/wp-json\/wp\/v2\/comments?post=2313"}],"version-history":[{"count":0,"href":"https:\/\/terredeshommes.it\/eng\/wp-json\/wp\/v2\/posts\/2313\/revisions"}],"wp:featuredmedia":[{"embeddable":true,"href":"https:\/\/terredeshommes.it\/eng\/wp-json\/wp\/v2\/media\/2315"}],"wp:attachment":[{"href":"https:\/\/terredeshommes.it\/eng\/wp-json\/wp\/v2\/media?parent=2313"}],"wp:term":[{"taxonomy":"category","embeddable":true,"href":"https:\/\/terredeshommes.it\/eng\/wp-json\/wp\/v2\/categories?post=2313"},{"taxonomy":"post_tag","embeddable":true,"href":"https:\/\/terredeshommes.it\/eng\/wp-json\/wp\/v2\/tags?post=2313"}],"curies":[{"name":"wp","href":"https:\/\/api.w.org\/{rel}","templated":true}]}}