{"id":2316,"date":"2021-07-09T17:04:43","date_gmt":"2021-07-09T15:04:43","guid":{"rendered":"https:\/\/terredeshommes.it\/?p=2316"},"modified":"2022-07-27T17:08:28","modified_gmt":"2022-07-27T15:08:28","slug":"scolpite-riflessioni-fotografiche-intorno-alla-statuaria-femminile","status":"publish","type":"post","link":"https:\/\/terredeshommes.it\/eng\/comunicati\/scolpite-riflessioni-fotografiche-intorno-alla-statuaria-femminile\/","title":{"rendered":"SCOLPITE: Riflessioni fotografiche intorno alla statuaria femminile"},"content":{"rendered":"<p>[et_pb_section fb_built=&#8221;1&#8243; _builder_version=&#8221;4.16&#8243; global_colors_info=&#8221;{}&#8221;][et_pb_row column_structure=&#8221;1_5,3_5,1_5&#8243; _builder_version=&#8221;4.16&#8243; background_size=&#8221;initial&#8221; background_position=&#8221;top_left&#8221; background_repeat=&#8221;repeat&#8221; global_colors_info=&#8221;{}&#8221;][et_pb_column type=&#8221;1_5&#8243; _builder_version=&#8221;4.16&#8243; custom_padding=&#8221;|||&#8221; global_colors_info=&#8221;{}&#8221; custom_padding__hover=&#8221;|||&#8221;][\/et_pb_column][et_pb_column type=&#8221;3_5&#8243; _builder_version=&#8221;4.16&#8243; custom_padding=&#8221;|||&#8221; global_colors_info=&#8221;{}&#8221; custom_padding__hover=&#8221;|||&#8221;][et_pb_text admin_label=&#8221;Testo&#8221; _builder_version=&#8221;4.17.6&#8243; background_size=&#8221;initial&#8221; background_position=&#8221;top_left&#8221; background_repeat=&#8221;repeat&#8221; hover_enabled=&#8221;0&#8243; global_colors_info=&#8221;{}&#8221; sticky_enabled=&#8221;0&#8243;]Dal 14 luglio 2021 Palazzo Reale ospita la mostra Scolpite, promossa dal Comune di Milano \u2013 Cultura, Palazzo Reale e organizzata da Associazione Donne Fotografe, insieme a Terre des Hommes. L\u2019esposizione sar\u00e0 aperta al pubblico, presso le Sale degli Arazzi di Palazzo Reale fino al 5 settembre 2021 e fa parte de \u201cLa Bella Estate\u201d il palinsesto culturale estivo promosso dal Comune di Milano.[\/et_pb_text][et_pb_image _builder_version=&#8221;4.17.6&#8243; _module_preset=&#8221;default&#8221; title_text=&#8221;mostra-invito-pic&#8221; src=&#8221;https:\/\/terredeshommes.it\/eng\/wp-content\/uploads\/mostra-invito-pic.jpeg&#8221; hover_enabled=&#8221;0&#8243; sticky_enabled=&#8221;0&#8243;][\/et_pb_image][et_pb_text admin_label=&#8221;Testo&#8221; _builder_version=&#8221;4.17.6&#8243; background_size=&#8221;initial&#8221; background_position=&#8221;top_left&#8221; background_repeat=&#8221;repeat&#8221; hover_enabled=&#8221;0&#8243; global_colors_info=&#8221;{}&#8221; sticky_enabled=&#8221;0&#8243;]<\/p>\n<p>Attraverso lo sguardo di <strong>35 artiste dell\u2019Associazione Donne Fotografe<\/strong>, la mostra Scolpite si propone di contribuire attivamente con il linguaggio fotografico alla creazione di una visione aperta e critica della figura della donna nell\u2019immaginario collettivo e di stimolare una riflessione sulla presenza della donna nella statuaria e, in particolare, sulla sua assenza nella statuaria pubblica.<\/p>\n<p>Le artiste in mostra sono:<br \/><strong>Vittoria Amati, Tiziana Arici, Alessandra Attianese, Lucia Baldini, Isabella Balena, Raffaella Benetti, Patrizia Bonanzinga, Marianna Cappelli, Loredana Celano, Isabella Colonnello, Antonietta Corvetti, Giovanna Dal Magro, Margherita Dametti, Colomba D&#8217;Apolito, Isabella De Maddalena, Flavia Faranda, Fulvia Farassino, Simona Filippini, Antonella Gandini, Claudia Ioan, Silvia Lelli, Sonia Lenzi, Marzia Malli, Giuliana Mariniello, Paola Mattioli, Melania Messina, Rosetta Messori, Antonella Monzoni, Bruna Orlandi, Nicoletta Prandi, Patrizia Pulga, Patrizia Riviera, Anna Rosati, Margherita Verdi, Amalia Violi<\/strong><\/p>\n<p>Un intento condiviso e sostenuto dalla Fondazione Terre des Hommes che, da 10 anni realizza la campagna indifesa, per i diritti delle bambine e delle ragazze e attraverso la petizione <strong>#UnaStatuaPerLeBambine<\/strong>, lanciata a luglio 2020, ha invitato la cittadinanza milanese a riflettere sul tema della parit\u00e0 di genere e sulla necessit\u00e0 di scegliere nuovi modelli e simboli per le bambine e le donne di domani, a cui dedicare nuovi monumenti in citt\u00e0. La petizione ha raccolto oltre 4000 firme, grazie al sostegno e l\u2019appoggio di numerosi rappresentanti delle istituzioni locali e nazionali. La petizione si pu\u00f2 firmare online al seguente link: <a href=\"https:\/\/bit.ly\/\/UnaStatuaPerLeBambine\" target=\"_blank\" rel=\"noopener\">https:\/\/bit.ly\/\/UnaStatuaPerLeBambine<\/a>.<\/p>\n<p>La mostra rientra nella cornice di iniziative ed eventi dedicati alla tematica della memoria pubblica e dell\u2019identit\u00e0 di genere promossi dal Comune di Milano &#8211; Cultura e organizzati dalla Commissione per le Pari Opportunit\u00e0 sul territorio milanese e da molte realt\u00e0 dell\u2019associazionismo femminile.<\/p>\n<p>&#8220;Con questa mostra l\u2019Associazione Donne Fotografe si impegna nello scopo comune di ridare significato e presenza alle donne, guardandole non solo in quanto corpi ma in una pi\u00f9\u0300 piena dimensione di pensiero e azione, svelando storie che meritano di essere ascoltate e rivisitate\u201d Associazione Donne Fotografe.<\/p>\n<p><em>\u201cLe bellissime opere della mostra Scolpite ci regalano una riflessione preziosa sulla rappresentazione delle donne negli spazi pubblici delle nostre citt\u00e0. Una riflessione che Terre des Hommes ha sviluppato attraverso la petizione #UnaStatuaPerLeBambine, per ribadire la necessit\u00e0 di proporre nuovi simboli, nelle strade e nelle piazze di Milano, per offrire alle giovani generazioni nuovi modelli da cui trarre ispirazione per perseguire i propri sogni e sconfiggere pregiudizi e stereotipi.<br \/>\u00c8 stato naturale condividere questo percorso con l\u2019Associazione Donne Fotografe e realizzare insieme questa mostra e siamo grati al Comune di Milano e ai suoi rappresentanti che hanno sempre dimostrato pieno sostegno alle nostre iniziative.\u201d<\/em> Donatella Vergari, Presidente Terre des Hommes.<\/p>\n<p><strong>Informazioni<\/strong><br \/>www.palazzorealemilano.it<br \/>Associazione Donne Fotografe: info@donnefotografe.org<br \/>Isabella Balena: isabalena@gmail.com<br \/>Isabella De Maddalena: info@isabellademaddalena.com<\/p>\n<p><strong>Ufficio stampa mostra<\/strong><br \/>Terre des Hommes Anna Bianchi<br \/>a.bianchi@tdhitaly.org; +39 3341691927<\/p>\n<p><strong>Ufficio stampa Comune di Milano<\/strong><br \/>Elena Maria Conenna<br \/>Elena Conenna elenamaria.conenna@comune.milano.it<\/p>\n<h3>Scheda informativa<\/h3>\n<p>Titolo<br \/><strong>SCOLPITE <\/strong><\/p>\n<p>Sede<br \/><strong>Palazzo Reale, Milano<\/strong><\/p>\n<p>Apertura<br \/><strong>14 luglio &#8211; 5 settembre 2021<\/strong><\/p>\n<p>Una mostra<br \/>Comune di Milano &#8211; Cultura<br \/>Palazzo Reale<br \/>Commissione Pari Opportunit\u00e0 del Comune di Milano<br \/>In collaborazione con:<br \/>Associazione Donne Fotografe<br \/>insieme a Fondazione Terre des Hommes<\/p>\n<p>Photo editing di Paola Riccardi<br \/>Testo critico di Gigliola Foschi<\/p>\n<p>Ingresso gratuito<\/p>\n<p>Orari<br \/>Luned\u00ec chiuso; Marted\u00ec, mercoled\u00ec, venerd\u00ec, sabato e domenica: dalle 10.00 alle 19.30<br \/>Gioved\u00ec dalle 10.00 alle 22.30.<br \/>Ultimo ingresso un\u2019ora prima della chiusura<\/p>\n<p>https:\/\/www.donnefotografe.org\/scolpite\/<br \/>www.old.terredeshommes.it<br \/>www.palazzorealemilano.it<\/p>\n<p>[\/et_pb_text][\/et_pb_column][et_pb_column type=&#8221;1_5&#8243; _builder_version=&#8221;4.16&#8243; custom_padding=&#8221;|||&#8221; global_colors_info=&#8221;{}&#8221; custom_padding__hover=&#8221;|||&#8221;][\/et_pb_column][\/et_pb_row][\/et_pb_section]<\/p>\n","protected":false},"excerpt":{"rendered":"<p>Dal 14 luglio 2021 Palazzo Reale ospita la mostra Scolpite, promossa dal Comune di Milano \u2013 Cultura, Palazzo Reale e organizzata da Associazione Donne Fotografe, insieme a Terre des Hommes. L\u2019esposizione sar\u00e0 aperta al pubblico, presso le Sale degli Arazzi di Palazzo Reale fino al 5 settembre 2021 e fa parte de \u201cLa Bella Estate\u201d [&hellip;]<\/p>\n","protected":false},"author":1,"featured_media":2318,"comment_status":"open","ping_status":"open","sticky":false,"template":"","format":"standard","meta":{"_et_pb_use_builder":"on","_et_pb_old_content":"Cras mattis consectetur purus sit amet fermentum. Aenean lacinia bibendum nulla sed consectetur. Donec ullamcorper nulla non metus auctor fringilla. Donec ullamcorper nulla non metus auctor fringilla.","_et_gb_content_width":"","footnotes":""},"categories":[16],"tags":[],"class_list":["post-2316","post","type-post","status-publish","format-standard","has-post-thumbnail","hentry","category-comunicati"],"yoast_head":"<!-- This site is optimized with the Yoast SEO plugin v21.1 - https:\/\/yoast.com\/wordpress\/plugins\/seo\/ -->\n<title>SCOLPITE: Riflessioni fotografiche intorno alla statuaria femminile - Terre des Hommes Italia<\/title>\n<meta name=\"robots\" content=\"index, follow, max-snippet:-1, max-image-preview:large, max-video-preview:-1\" \/>\n<link rel=\"canonical\" href=\"https:\/\/terredeshommes.it\/eng\/comunicati\/scolpite-riflessioni-fotografiche-intorno-alla-statuaria-femminile\/\" \/>\n<meta property=\"og:locale\" content=\"en_US\" \/>\n<meta property=\"og:type\" content=\"article\" \/>\n<meta property=\"og:title\" content=\"SCOLPITE: Riflessioni fotografiche intorno alla statuaria femminile - Terre des Hommes Italia\" \/>\n<meta property=\"og:description\" content=\"Dal 14 luglio 2021 Palazzo Reale ospita la mostra Scolpite, promossa dal Comune di Milano \u2013 Cultura, Palazzo Reale e organizzata da Associazione Donne Fotografe, insieme a Terre des Hommes. L\u2019esposizione sar\u00e0 aperta al pubblico, presso le Sale degli Arazzi di Palazzo Reale fino al 5 settembre 2021 e fa parte de \u201cLa Bella Estate\u201d [&hellip;]\" \/>\n<meta property=\"og:url\" content=\"https:\/\/terredeshommes.it\/eng\/comunicati\/scolpite-riflessioni-fotografiche-intorno-alla-statuaria-femminile\/\" \/>\n<meta property=\"og:site_name\" content=\"Terre des Hommes Italia\" \/>\n<meta property=\"article:published_time\" content=\"2021-07-09T15:04:43+00:00\" \/>\n<meta property=\"article:modified_time\" content=\"2022-07-27T15:08:28+00:00\" \/>\n<meta property=\"og:image\" content=\"https:\/\/terredeshommes.it\/eng\/wp-content\/uploads\/cs-foto-scolpite.jpeg\" \/>\n\t<meta property=\"og:image:width\" content=\"943\" \/>\n\t<meta property=\"og:image:height\" content=\"450\" \/>\n\t<meta property=\"og:image:type\" content=\"image\/jpeg\" \/>\n<meta name=\"author\" content=\"superTDH\" \/>\n<meta name=\"twitter:card\" content=\"summary_large_image\" \/>\n<meta name=\"twitter:label1\" content=\"Written by\" \/>\n\t<meta name=\"twitter:data1\" content=\"superTDH\" \/>\n\t<meta name=\"twitter:label2\" content=\"Est. reading time\" \/>\n\t<meta name=\"twitter:data2\" content=\"4 minutes\" \/>\n<script type=\"application\/ld+json\" class=\"yoast-schema-graph\">{\"@context\":\"https:\/\/schema.org\",\"@graph\":[{\"@type\":\"WebPage\",\"@id\":\"https:\/\/terredeshommes.it\/eng\/comunicati\/scolpite-riflessioni-fotografiche-intorno-alla-statuaria-femminile\/\",\"url\":\"https:\/\/terredeshommes.it\/eng\/comunicati\/scolpite-riflessioni-fotografiche-intorno-alla-statuaria-femminile\/\",\"name\":\"SCOLPITE: Riflessioni fotografiche intorno alla statuaria femminile - Terre des Hommes Italia\",\"isPartOf\":{\"@id\":\"https:\/\/terredeshommes.it\/eng\/#website\"},\"datePublished\":\"2021-07-09T15:04:43+00:00\",\"dateModified\":\"2022-07-27T15:08:28+00:00\",\"author\":{\"@id\":\"https:\/\/terredeshommes.it\/eng\/#\/schema\/person\/adf40aab21514bbdc483bd807a69efed\"},\"breadcrumb\":{\"@id\":\"https:\/\/terredeshommes.it\/eng\/comunicati\/scolpite-riflessioni-fotografiche-intorno-alla-statuaria-femminile\/#breadcrumb\"},\"inLanguage\":\"en-US\",\"potentialAction\":[{\"@type\":\"ReadAction\",\"target\":[\"https:\/\/terredeshommes.it\/eng\/comunicati\/scolpite-riflessioni-fotografiche-intorno-alla-statuaria-femminile\/\"]}]},{\"@type\":\"BreadcrumbList\",\"@id\":\"https:\/\/terredeshommes.it\/eng\/comunicati\/scolpite-riflessioni-fotografiche-intorno-alla-statuaria-femminile\/#breadcrumb\",\"itemListElement\":[{\"@type\":\"ListItem\",\"position\":1,\"name\":\"Home\",\"item\":\"https:\/\/terredeshommes.it\/eng\/\"},{\"@type\":\"ListItem\",\"position\":2,\"name\":\"SCOLPITE: Riflessioni fotografiche intorno alla statuaria femminile\"}]},{\"@type\":\"WebSite\",\"@id\":\"https:\/\/terredeshommes.it\/eng\/#website\",\"url\":\"https:\/\/terredeshommes.it\/eng\/\",\"name\":\"Terre des Hommes Italia\",\"description\":\"Proteggiamo i bambini insieme\",\"potentialAction\":[{\"@type\":\"SearchAction\",\"target\":{\"@type\":\"EntryPoint\",\"urlTemplate\":\"https:\/\/terredeshommes.it\/eng\/?s={search_term_string}\"},\"query-input\":\"required name=search_term_string\"}],\"inLanguage\":\"en-US\"},{\"@type\":\"Person\",\"@id\":\"https:\/\/terredeshommes.it\/eng\/#\/schema\/person\/adf40aab21514bbdc483bd807a69efed\",\"name\":\"superTDH\",\"url\":\"https:\/\/terredeshommes.it\/eng\/author\/supertdh\/\"}]}<\/script>\n<!-- \/ Yoast SEO plugin. -->","yoast_head_json":{"title":"SCOLPITE: Riflessioni fotografiche intorno alla statuaria femminile - Terre des Hommes Italia","robots":{"index":"index","follow":"follow","max-snippet":"max-snippet:-1","max-image-preview":"max-image-preview:large","max-video-preview":"max-video-preview:-1"},"canonical":"https:\/\/terredeshommes.it\/eng\/comunicati\/scolpite-riflessioni-fotografiche-intorno-alla-statuaria-femminile\/","og_locale":"en_US","og_type":"article","og_title":"SCOLPITE: Riflessioni fotografiche intorno alla statuaria femminile - Terre des Hommes Italia","og_description":"Dal 14 luglio 2021 Palazzo Reale ospita la mostra Scolpite, promossa dal Comune di Milano \u2013 Cultura, Palazzo Reale e organizzata da Associazione Donne Fotografe, insieme a Terre des Hommes. L\u2019esposizione sar\u00e0 aperta al pubblico, presso le Sale degli Arazzi di Palazzo Reale fino al 5 settembre 2021 e fa parte de \u201cLa Bella Estate\u201d [&hellip;]","og_url":"https:\/\/terredeshommes.it\/eng\/comunicati\/scolpite-riflessioni-fotografiche-intorno-alla-statuaria-femminile\/","og_site_name":"Terre des Hommes Italia","article_published_time":"2021-07-09T15:04:43+00:00","article_modified_time":"2022-07-27T15:08:28+00:00","og_image":[{"width":943,"height":450,"url":"https:\/\/terredeshommes.it\/eng\/wp-content\/uploads\/cs-foto-scolpite.jpeg","type":"image\/jpeg"}],"author":"superTDH","twitter_card":"summary_large_image","twitter_misc":{"Written by":"superTDH","Est. reading time":"4 minutes"},"schema":{"@context":"https:\/\/schema.org","@graph":[{"@type":"WebPage","@id":"https:\/\/terredeshommes.it\/eng\/comunicati\/scolpite-riflessioni-fotografiche-intorno-alla-statuaria-femminile\/","url":"https:\/\/terredeshommes.it\/eng\/comunicati\/scolpite-riflessioni-fotografiche-intorno-alla-statuaria-femminile\/","name":"SCOLPITE: Riflessioni fotografiche intorno alla statuaria femminile - Terre des Hommes Italia","isPartOf":{"@id":"https:\/\/terredeshommes.it\/eng\/#website"},"datePublished":"2021-07-09T15:04:43+00:00","dateModified":"2022-07-27T15:08:28+00:00","author":{"@id":"https:\/\/terredeshommes.it\/eng\/#\/schema\/person\/adf40aab21514bbdc483bd807a69efed"},"breadcrumb":{"@id":"https:\/\/terredeshommes.it\/eng\/comunicati\/scolpite-riflessioni-fotografiche-intorno-alla-statuaria-femminile\/#breadcrumb"},"inLanguage":"en-US","potentialAction":[{"@type":"ReadAction","target":["https:\/\/terredeshommes.it\/eng\/comunicati\/scolpite-riflessioni-fotografiche-intorno-alla-statuaria-femminile\/"]}]},{"@type":"BreadcrumbList","@id":"https:\/\/terredeshommes.it\/eng\/comunicati\/scolpite-riflessioni-fotografiche-intorno-alla-statuaria-femminile\/#breadcrumb","itemListElement":[{"@type":"ListItem","position":1,"name":"Home","item":"https:\/\/terredeshommes.it\/eng\/"},{"@type":"ListItem","position":2,"name":"SCOLPITE: Riflessioni fotografiche intorno alla statuaria femminile"}]},{"@type":"WebSite","@id":"https:\/\/terredeshommes.it\/eng\/#website","url":"https:\/\/terredeshommes.it\/eng\/","name":"Terre des Hommes Italia","description":"Proteggiamo i bambini insieme","potentialAction":[{"@type":"SearchAction","target":{"@type":"EntryPoint","urlTemplate":"https:\/\/terredeshommes.it\/eng\/?s={search_term_string}"},"query-input":"required name=search_term_string"}],"inLanguage":"en-US"},{"@type":"Person","@id":"https:\/\/terredeshommes.it\/eng\/#\/schema\/person\/adf40aab21514bbdc483bd807a69efed","name":"superTDH","url":"https:\/\/terredeshommes.it\/eng\/author\/supertdh\/"}]}},"_links":{"self":[{"href":"https:\/\/terredeshommes.it\/eng\/wp-json\/wp\/v2\/posts\/2316","targetHints":{"allow":["GET"]}}],"collection":[{"href":"https:\/\/terredeshommes.it\/eng\/wp-json\/wp\/v2\/posts"}],"about":[{"href":"https:\/\/terredeshommes.it\/eng\/wp-json\/wp\/v2\/types\/post"}],"author":[{"embeddable":true,"href":"https:\/\/terredeshommes.it\/eng\/wp-json\/wp\/v2\/users\/1"}],"replies":[{"embeddable":true,"href":"https:\/\/terredeshommes.it\/eng\/wp-json\/wp\/v2\/comments?post=2316"}],"version-history":[{"count":0,"href":"https:\/\/terredeshommes.it\/eng\/wp-json\/wp\/v2\/posts\/2316\/revisions"}],"wp:featuredmedia":[{"embeddable":true,"href":"https:\/\/terredeshommes.it\/eng\/wp-json\/wp\/v2\/media\/2318"}],"wp:attachment":[{"href":"https:\/\/terredeshommes.it\/eng\/wp-json\/wp\/v2\/media?parent=2316"}],"wp:term":[{"taxonomy":"category","embeddable":true,"href":"https:\/\/terredeshommes.it\/eng\/wp-json\/wp\/v2\/categories?post=2316"},{"taxonomy":"post_tag","embeddable":true,"href":"https:\/\/terredeshommes.it\/eng\/wp-json\/wp\/v2\/tags?post=2316"}],"curies":[{"name":"wp","href":"https:\/\/api.w.org\/{rel}","templated":true}]}}