{"id":2323,"date":"2021-07-16T17:08:45","date_gmt":"2021-07-16T15:08:45","guid":{"rendered":"https:\/\/terredeshommes.it\/?p=2323"},"modified":"2022-07-27T17:10:47","modified_gmt":"2022-07-27T15:10:47","slug":"terre-des-hommes-inaugura-lhub-indifesa-milano","status":"publish","type":"post","link":"https:\/\/terredeshommes.it\/eng\/comunicati\/terre-des-hommes-inaugura-lhub-indifesa-milano\/","title":{"rendered":"Terre des Hommes inaugura l&#8217;HUB indifesa a Milano"},"content":{"rendered":"<p>[et_pb_section fb_built=&#8221;1&#8243; _builder_version=&#8221;4.16&#8243; global_colors_info=&#8221;{}&#8221;][et_pb_row column_structure=&#8221;1_5,3_5,1_5&#8243; _builder_version=&#8221;4.16&#8243; background_size=&#8221;initial&#8221; background_position=&#8221;top_left&#8221; background_repeat=&#8221;repeat&#8221; global_colors_info=&#8221;{}&#8221;][et_pb_column type=&#8221;1_5&#8243; _builder_version=&#8221;4.16&#8243; custom_padding=&#8221;|||&#8221; global_colors_info=&#8221;{}&#8221; custom_padding__hover=&#8221;|||&#8221;][\/et_pb_column][et_pb_column type=&#8221;3_5&#8243; _builder_version=&#8221;4.16&#8243; custom_padding=&#8221;|||&#8221; global_colors_info=&#8221;{}&#8221; custom_padding__hover=&#8221;|||&#8221;][et_pb_text admin_label=&#8221;Testo&#8221; _builder_version=&#8221;4.17.6&#8243; background_size=&#8221;initial&#8221; background_position=&#8221;top_left&#8221; background_repeat=&#8221;repeat&#8221; hover_enabled=&#8221;0&#8243; global_colors_info=&#8221;{}&#8221; sticky_enabled=&#8221;0&#8243;]<\/p>\n<h3>FOOD POLICY.APRE AL GALLARATESE IL TERZO HUB DI QUARTIERE CONTRO LO SPRECO ALIMENTARE<\/h3>\n<h3>Sono oltre 20 le tonnellate al mese recuperate e redistribuite dai due gi\u00e0 attivi a Isola e Lambrate<\/h3>\n<p>Sono terminati i lavori di ristrutturazione del <strong>terzo Hub di Quartiere contro lo spreco alimentare al Gallaratese<\/strong> (Municipio 8), che apre con due novit\u00e0, previste nell\u2019avviso pubblico del Comune di Milano dei mesi scorsi: oltre alla raccolta e redistribuzione delle eccedenze, porta con s\u00e9 anche un market solidale e attivit\u00e0 educative e formative per donne e minori in difficolt\u00e0.<br \/>Il nuovo hub va ad aggiungersi ai due gi\u00e0 attivi nel quartiere Isola (Municipio 9) e Lambrate (Municipio 3), che garantiscono il recupero e la redistribuzione di circa 20 tonnellate di cibo al mese (40.000 pasti equivalenti).<br \/><em>\u201cNon vediamo l\u2019ora di vedere l\u2019Hub in funzione a pieno regime, sar\u00e0 un punto di incontro per gli abitanti del quartiere<\/em> \u2013 affermano la <strong>Vicesindaco di Milano<\/strong> con delega alla Food Policy <strong>Anna Scavuzzo<\/strong> e <strong>l\u2019assessore alle Politiche sociali e abitative Gabriele Rabaiotti<\/strong> \u2013<em>, grazie alla nuova formula che integra diverse realt\u00e0, pensata per potenziare l\u2019azione di inclusione sociale a partire dal sostegno e dall\u2019aiuto alimentare\u201d<\/em>.<br \/>\u201c<em>Siamo orgogliosi che il terzo Hub di Quartiere contro lo spreco alimentare abbia trovato la sua casa al Gallaratese <\/em>\u2013 commenta il <strong>Presidente del Municipio 8 Simone Zambelli<\/strong> \u2013 <em>e sono certo che sar\u00e0 davvero un valore aggiunto per tutta la nostra zona. Va a riqualificare uno spazio in disuso e si inserir\u00e0 in una rete associativa gi\u00e0 esistente particolarmente viva e creativa, a cui va il ringraziamento delle istituzioni cittadine per lo straordinario lavoro svolto in questi mesi di pandemia\u201d<\/em>.<\/p>\n<p>Oltre ai partner storici dell\u2019iniziativa, questa apertura \u00e8 stata resa possibile grazie al contributo di 75.000 euro di <strong>Fondazione Milan<\/strong>, che ha permesso di ristrutturare lo spazio del Comune di Milano in via Appennini 50. In particolare, il supporto deriva dall\u2019iniziativa <strong>\u201cDerby Together\u201d<\/strong>, con cui il Club, in occasione dell\u2019ultimo Derby giocato in campionato, ha chiamato a raccolta i propri sostenitori nel mondo per riempire virtualmente San Siro e sostenere il progetto di charity.<br \/><em>\u201cSiamo orgogliosi di aver contribuito a un progetto cos\u00ec importante per la citt\u00e0, a fianco della Food Policy del Comune di Milano: la Fondazione Milan sta diventando sempre pi\u00f9 un punto di riferimento per le categorie pi\u00f9 fragili, rispondendo alle crescenti istanze che arrivano dalle comunit\u00e0 sul territorio<\/em> \u2013 spiega il <strong>Presidente di Fondazione Milan Paolo Scaroni<\/strong> \u2013. <em>Un aiuto reso possibile grazie alla grande generosit\u00e0 della famiglia rossonera: colgo dunque l\u2019occasione per ringraziare, a nome del Club, tutti i sostenitori che hanno partecipato all\u2019iniziativa \u201cDerby Together\u201d. L\u2019inaugurazione di oggi \u00e8 un esempio virtuoso di quanto sia importante fare squadra tra pubblico e privato, ma anche tra semplici cittadini, a beneficio della collettivit\u00e0\u201d.<\/em><br \/>A gestire il nuovo spazio polifunzionale sar\u00e0 la <strong>Fondazione Terre des Hommes<\/strong>, gi\u00e0 parte del nuovo Dispositivo di Aiuto Alimentare nei Municipi 7 e 8: <em>\u201cL\u2019apertura dell\u2019hub ci permette di ampliare l\u2019offerta di servizi per la cittadinanza, a partire dalla distribuzione alimentare fino al sostegno educativo a minori e famiglie<\/em> \u2013 racconta la <strong>Presidente di Terre des Hommes Italia Donatella Vergari<\/strong> \u2013 <em>I nostri compagni di viaggio saranno <strong>IBVA <\/strong>per il market solidale, il <strong>Comitato di Milano la Croce Rossa Italiana<\/strong>, <strong>Rimaflow, STAG,<\/strong> <strong>la rete QuB\u00ec<\/strong> del Gallaratese, <strong>Mitades, Paloma 2000, Mamme a Scuola e Global Thinking Foundation<\/strong><\/em>.<br \/><em>Inoltre, sar\u00e0 prezioso <strong>l\u2019aiuto di volontari<\/strong> per garantire una presenza fissa all\u2019Hub e la continuit\u00e0 del servizio. Lanciamo fin d\u2019ora un appello a tutti coloro che abbiano voglia di mettersi in gioco al servizio del quartiere e della cittadinanza\u201d.<\/em> Per candidarsi e chiedere informazioni \u00e8 possibile scrivere alla mail <strong>volontarimilano@tdhitaly.org<\/strong>.<br \/><em>\u201cFondazione Cariplo continua il proprio impegno al fianco del Comune nell\u2019ambito della Food Policy <\/em>\u2013 dichiara il <strong>Presidente della Fondazione Cariplo Giovanni Fosti<\/strong> \u2013, <em>sia favorendo la connessione fra azioni di economia circolare e sistemi alimentari inclusivi, sia lavorando per il contrasto della povert\u00e0 alimentare attraverso le reti QuB\u00ec diffuse sul territorio\u201d.<\/em><br \/>Come negli altri Hub di Quartiere il modello logistico \u00e8 elaborato dal Politecnico di Milano: <em>\u201cLavoreremo insieme agli altri partner alla sperimentazione di un nuovo modello gestionale nel Gallaratese<\/em> \u2013 aggiunge <strong>Marco Melacini, Responsabile scientifico dell\u2019Osservatorio Food Sustainability del Politecnico<\/strong> \u2013 <em>e all\u2019ottimizzazione degli hub gi\u00e0 esistenti attraverso il coinvolgimento attivo delle imprese donatrici e il continuo monitoraggio dei processi e dei risultati conseguiti, per rispondere in maniera pi\u00f9 efficace ai bisogni emergenti della popolazione urbana\u201d.<\/em><br \/><em>\u201cQuesta terza tappa rappresenta un ulteriore importante passo avanti per ridurre gli sprechi alimentari e per rispondere pi\u00f9 da vicino ai bisogni crescenti della citt\u00e0 e di coloro che si trovano in condizioni di fragilit\u00e0<\/em> \u2013 conclude <strong>Laura Ferrari, Presidente Gruppo Alimentazione Assolombarda<\/strong> \u2013. <em>Da quando \u00e8 nato il progetto nel 2016, nell\u2019ambito delle azioni definite nel protocollo \u2018Zero Sprechi\u2019, promosso insieme al Comune di Milano, al Politecnico di Milano e Fondazione Cariplo, sempre pi\u00f9 imprese e realt\u00e0 del territorio si sono dimostrate sensibili al tema, in ultima Fondazione Milan, aderendo a questa rete virtuosa. Solo insieme, facendo sistema, possiamo contribuire davvero a creare un nuovo modello economico, davvero sostenibile, di raccolta e redistribuzione del cibo per il contrasto alla povert\u00e0 alimentare\u201d.<\/em><\/p>\n<p>[\/et_pb_text][\/et_pb_column][et_pb_column type=&#8221;1_5&#8243; _builder_version=&#8221;4.16&#8243; custom_padding=&#8221;|||&#8221; global_colors_info=&#8221;{}&#8221; custom_padding__hover=&#8221;|||&#8221;][\/et_pb_column][\/et_pb_row][\/et_pb_section]<\/p>\n","protected":false},"excerpt":{"rendered":"<p>FOOD POLICY.APRE AL GALLARATESE IL TERZO HUB DI QUARTIERE CONTRO LO SPRECO ALIMENTARE Sono oltre 20 le tonnellate al mese recuperate e redistribuite dai due gi\u00e0 attivi a Isola e Lambrate Sono terminati i lavori di ristrutturazione del terzo Hub di Quartiere contro lo spreco alimentare al Gallaratese (Municipio 8), che apre con due novit\u00e0, [&hellip;]<\/p>\n","protected":false},"author":1,"featured_media":2325,"comment_status":"open","ping_status":"open","sticky":false,"template":"","format":"standard","meta":{"_et_pb_use_builder":"on","_et_pb_old_content":"Cras mattis consectetur purus sit amet fermentum. Aenean lacinia bibendum nulla sed consectetur. Donec ullamcorper nulla non metus auctor fringilla. Donec ullamcorper nulla non metus auctor fringilla.","_et_gb_content_width":"","footnotes":""},"categories":[16],"tags":[],"class_list":["post-2323","post","type-post","status-publish","format-standard","has-post-thumbnail","hentry","category-comunicati"],"yoast_head":"<!-- This site is optimized with the Yoast SEO plugin v21.1 - https:\/\/yoast.com\/wordpress\/plugins\/seo\/ -->\n<title>Terre des Hommes inaugura l&#039;HUB indifesa a Milano - Terre des Hommes Italia<\/title>\n<meta name=\"robots\" content=\"index, follow, max-snippet:-1, max-image-preview:large, max-video-preview:-1\" \/>\n<link rel=\"canonical\" href=\"https:\/\/terredeshommes.it\/eng\/comunicati\/terre-des-hommes-inaugura-lhub-indifesa-milano\/\" \/>\n<meta property=\"og:locale\" content=\"en_US\" \/>\n<meta property=\"og:type\" content=\"article\" \/>\n<meta property=\"og:title\" content=\"Terre des Hommes inaugura l&#039;HUB indifesa a Milano - Terre des Hommes Italia\" \/>\n<meta property=\"og:description\" content=\"FOOD POLICY.APRE AL GALLARATESE IL TERZO HUB DI QUARTIERE CONTRO LO SPRECO ALIMENTARE Sono oltre 20 le tonnellate al mese recuperate e redistribuite dai due gi\u00e0 attivi a Isola e Lambrate Sono terminati i lavori di ristrutturazione del terzo Hub di Quartiere contro lo spreco alimentare al Gallaratese (Municipio 8), che apre con due novit\u00e0, [&hellip;]\" \/>\n<meta property=\"og:url\" content=\"https:\/\/terredeshommes.it\/eng\/comunicati\/terre-des-hommes-inaugura-lhub-indifesa-milano\/\" \/>\n<meta property=\"og:site_name\" content=\"Terre des Hommes Italia\" \/>\n<meta property=\"article:published_time\" content=\"2021-07-16T15:08:45+00:00\" \/>\n<meta property=\"article:modified_time\" content=\"2022-07-27T15:10:47+00:00\" \/>\n<meta property=\"og:image\" content=\"https:\/\/terredeshommes.it\/eng\/wp-content\/uploads\/hub-cs.jpeg\" \/>\n\t<meta property=\"og:image:width\" content=\"940\" \/>\n\t<meta property=\"og:image:height\" content=\"449\" \/>\n\t<meta property=\"og:image:type\" content=\"image\/jpeg\" \/>\n<meta name=\"author\" content=\"superTDH\" \/>\n<meta name=\"twitter:card\" content=\"summary_large_image\" \/>\n<meta name=\"twitter:label1\" content=\"Written by\" \/>\n\t<meta name=\"twitter:data1\" content=\"superTDH\" \/>\n\t<meta name=\"twitter:label2\" content=\"Est. reading time\" \/>\n\t<meta name=\"twitter:data2\" content=\"4 minutes\" \/>\n<script type=\"application\/ld+json\" class=\"yoast-schema-graph\">{\"@context\":\"https:\/\/schema.org\",\"@graph\":[{\"@type\":\"WebPage\",\"@id\":\"https:\/\/terredeshommes.it\/eng\/comunicati\/terre-des-hommes-inaugura-lhub-indifesa-milano\/\",\"url\":\"https:\/\/terredeshommes.it\/eng\/comunicati\/terre-des-hommes-inaugura-lhub-indifesa-milano\/\",\"name\":\"Terre des Hommes inaugura l'HUB indifesa a Milano - Terre des Hommes Italia\",\"isPartOf\":{\"@id\":\"https:\/\/terredeshommes.it\/eng\/#website\"},\"datePublished\":\"2021-07-16T15:08:45+00:00\",\"dateModified\":\"2022-07-27T15:10:47+00:00\",\"author\":{\"@id\":\"https:\/\/terredeshommes.it\/eng\/#\/schema\/person\/adf40aab21514bbdc483bd807a69efed\"},\"breadcrumb\":{\"@id\":\"https:\/\/terredeshommes.it\/eng\/comunicati\/terre-des-hommes-inaugura-lhub-indifesa-milano\/#breadcrumb\"},\"inLanguage\":\"en-US\",\"potentialAction\":[{\"@type\":\"ReadAction\",\"target\":[\"https:\/\/terredeshommes.it\/eng\/comunicati\/terre-des-hommes-inaugura-lhub-indifesa-milano\/\"]}]},{\"@type\":\"BreadcrumbList\",\"@id\":\"https:\/\/terredeshommes.it\/eng\/comunicati\/terre-des-hommes-inaugura-lhub-indifesa-milano\/#breadcrumb\",\"itemListElement\":[{\"@type\":\"ListItem\",\"position\":1,\"name\":\"Home\",\"item\":\"https:\/\/terredeshommes.it\/eng\/\"},{\"@type\":\"ListItem\",\"position\":2,\"name\":\"Terre des Hommes inaugura l&#8217;HUB indifesa a Milano\"}]},{\"@type\":\"WebSite\",\"@id\":\"https:\/\/terredeshommes.it\/eng\/#website\",\"url\":\"https:\/\/terredeshommes.it\/eng\/\",\"name\":\"Terre des Hommes Italia\",\"description\":\"Proteggiamo i bambini insieme\",\"potentialAction\":[{\"@type\":\"SearchAction\",\"target\":{\"@type\":\"EntryPoint\",\"urlTemplate\":\"https:\/\/terredeshommes.it\/eng\/?s={search_term_string}\"},\"query-input\":\"required name=search_term_string\"}],\"inLanguage\":\"en-US\"},{\"@type\":\"Person\",\"@id\":\"https:\/\/terredeshommes.it\/eng\/#\/schema\/person\/adf40aab21514bbdc483bd807a69efed\",\"name\":\"superTDH\",\"url\":\"https:\/\/terredeshommes.it\/eng\/author\/supertdh\/\"}]}<\/script>\n<!-- \/ Yoast SEO plugin. -->","yoast_head_json":{"title":"Terre des Hommes inaugura l'HUB indifesa a Milano - Terre des Hommes Italia","robots":{"index":"index","follow":"follow","max-snippet":"max-snippet:-1","max-image-preview":"max-image-preview:large","max-video-preview":"max-video-preview:-1"},"canonical":"https:\/\/terredeshommes.it\/eng\/comunicati\/terre-des-hommes-inaugura-lhub-indifesa-milano\/","og_locale":"en_US","og_type":"article","og_title":"Terre des Hommes inaugura l'HUB indifesa a Milano - Terre des Hommes Italia","og_description":"FOOD POLICY.APRE AL GALLARATESE IL TERZO HUB DI QUARTIERE CONTRO LO SPRECO ALIMENTARE Sono oltre 20 le tonnellate al mese recuperate e redistribuite dai due gi\u00e0 attivi a Isola e Lambrate Sono terminati i lavori di ristrutturazione del terzo Hub di Quartiere contro lo spreco alimentare al Gallaratese (Municipio 8), che apre con due novit\u00e0, [&hellip;]","og_url":"https:\/\/terredeshommes.it\/eng\/comunicati\/terre-des-hommes-inaugura-lhub-indifesa-milano\/","og_site_name":"Terre des Hommes Italia","article_published_time":"2021-07-16T15:08:45+00:00","article_modified_time":"2022-07-27T15:10:47+00:00","og_image":[{"width":940,"height":449,"url":"https:\/\/terredeshommes.it\/eng\/wp-content\/uploads\/hub-cs.jpeg","type":"image\/jpeg"}],"author":"superTDH","twitter_card":"summary_large_image","twitter_misc":{"Written by":"superTDH","Est. reading time":"4 minutes"},"schema":{"@context":"https:\/\/schema.org","@graph":[{"@type":"WebPage","@id":"https:\/\/terredeshommes.it\/eng\/comunicati\/terre-des-hommes-inaugura-lhub-indifesa-milano\/","url":"https:\/\/terredeshommes.it\/eng\/comunicati\/terre-des-hommes-inaugura-lhub-indifesa-milano\/","name":"Terre des Hommes inaugura l'HUB indifesa a Milano - Terre des Hommes Italia","isPartOf":{"@id":"https:\/\/terredeshommes.it\/eng\/#website"},"datePublished":"2021-07-16T15:08:45+00:00","dateModified":"2022-07-27T15:10:47+00:00","author":{"@id":"https:\/\/terredeshommes.it\/eng\/#\/schema\/person\/adf40aab21514bbdc483bd807a69efed"},"breadcrumb":{"@id":"https:\/\/terredeshommes.it\/eng\/comunicati\/terre-des-hommes-inaugura-lhub-indifesa-milano\/#breadcrumb"},"inLanguage":"en-US","potentialAction":[{"@type":"ReadAction","target":["https:\/\/terredeshommes.it\/eng\/comunicati\/terre-des-hommes-inaugura-lhub-indifesa-milano\/"]}]},{"@type":"BreadcrumbList","@id":"https:\/\/terredeshommes.it\/eng\/comunicati\/terre-des-hommes-inaugura-lhub-indifesa-milano\/#breadcrumb","itemListElement":[{"@type":"ListItem","position":1,"name":"Home","item":"https:\/\/terredeshommes.it\/eng\/"},{"@type":"ListItem","position":2,"name":"Terre des Hommes inaugura l&#8217;HUB indifesa a Milano"}]},{"@type":"WebSite","@id":"https:\/\/terredeshommes.it\/eng\/#website","url":"https:\/\/terredeshommes.it\/eng\/","name":"Terre des Hommes Italia","description":"Proteggiamo i bambini insieme","potentialAction":[{"@type":"SearchAction","target":{"@type":"EntryPoint","urlTemplate":"https:\/\/terredeshommes.it\/eng\/?s={search_term_string}"},"query-input":"required name=search_term_string"}],"inLanguage":"en-US"},{"@type":"Person","@id":"https:\/\/terredeshommes.it\/eng\/#\/schema\/person\/adf40aab21514bbdc483bd807a69efed","name":"superTDH","url":"https:\/\/terredeshommes.it\/eng\/author\/supertdh\/"}]}},"_links":{"self":[{"href":"https:\/\/terredeshommes.it\/eng\/wp-json\/wp\/v2\/posts\/2323","targetHints":{"allow":["GET"]}}],"collection":[{"href":"https:\/\/terredeshommes.it\/eng\/wp-json\/wp\/v2\/posts"}],"about":[{"href":"https:\/\/terredeshommes.it\/eng\/wp-json\/wp\/v2\/types\/post"}],"author":[{"embeddable":true,"href":"https:\/\/terredeshommes.it\/eng\/wp-json\/wp\/v2\/users\/1"}],"replies":[{"embeddable":true,"href":"https:\/\/terredeshommes.it\/eng\/wp-json\/wp\/v2\/comments?post=2323"}],"version-history":[{"count":0,"href":"https:\/\/terredeshommes.it\/eng\/wp-json\/wp\/v2\/posts\/2323\/revisions"}],"wp:featuredmedia":[{"embeddable":true,"href":"https:\/\/terredeshommes.it\/eng\/wp-json\/wp\/v2\/media\/2325"}],"wp:attachment":[{"href":"https:\/\/terredeshommes.it\/eng\/wp-json\/wp\/v2\/media?parent=2323"}],"wp:term":[{"taxonomy":"category","embeddable":true,"href":"https:\/\/terredeshommes.it\/eng\/wp-json\/wp\/v2\/categories?post=2323"},{"taxonomy":"post_tag","embeddable":true,"href":"https:\/\/terredeshommes.it\/eng\/wp-json\/wp\/v2\/tags?post=2323"}],"curies":[{"name":"wp","href":"https:\/\/api.w.org\/{rel}","templated":true}]}}