{"id":2337,"date":"2021-08-23T09:39:29","date_gmt":"2021-08-23T07:39:29","guid":{"rendered":"https:\/\/terredeshommes.it\/?p=2337"},"modified":"2022-07-28T09:41:06","modified_gmt":"2022-07-28T07:41:06","slug":"haiti-terremoto-non-lasciamo-soli-bambini-le-bambine-piu-vulnerabili","status":"publish","type":"post","link":"https:\/\/terredeshommes.it\/eng\/comunicati\/haiti-terremoto-non-lasciamo-soli-bambini-le-bambine-piu-vulnerabili\/","title":{"rendered":"Haiti, Non lasciamo soli i bambini e le bambine pi\u00f9 vulnerabili"},"content":{"rendered":"<p>[et_pb_section fb_built=&#8221;1&#8243; _builder_version=&#8221;4.16&#8243; global_colors_info=&#8221;{}&#8221;][et_pb_row column_structure=&#8221;1_5,3_5,1_5&#8243; _builder_version=&#8221;4.16&#8243; background_size=&#8221;initial&#8221; background_position=&#8221;top_left&#8221; background_repeat=&#8221;repeat&#8221; global_colors_info=&#8221;{}&#8221;][et_pb_column type=&#8221;1_5&#8243; _builder_version=&#8221;4.16&#8243; custom_padding=&#8221;|||&#8221; global_colors_info=&#8221;{}&#8221; custom_padding__hover=&#8221;|||&#8221;][\/et_pb_column][et_pb_column type=&#8221;3_5&#8243; _builder_version=&#8221;4.16&#8243; custom_padding=&#8221;|||&#8221; global_colors_info=&#8221;{}&#8221; custom_padding__hover=&#8221;|||&#8221;][et_pb_text admin_label=&#8221;Testo&#8221; _builder_version=&#8221;4.17.6&#8243; background_size=&#8221;initial&#8221; background_position=&#8221;top_left&#8221; background_repeat=&#8221;repeat&#8221; hover_enabled=&#8221;0&#8243; global_colors_info=&#8221;{}&#8221; sticky_enabled=&#8221;0&#8243;]<\/p>\n<h3>Dopo il terribile terremoto e la tempesta tropicale \u00e8 il momento dei soccorsi<\/h3>\n<p>All\u2019indomani del terribile sisma (7.2 scala Richter) che ancora una volta ha sconvolto il Paese caraibico, <strong>Terre des Hommes<\/strong> ha subito avviato un\u2019attivit\u00e0 di <strong>valutazione dei danni<\/strong> e monitoraggio delle condizioni dei tanti bambini e bambine e delle loro famiglie beneficiarie dei progetti dell\u2019organizzazione.<br \/>Proprio a <strong>Les Cayes<\/strong> nel dipartimento SUD (uno dei dipartimenti colpito dal sisma) Terre des Hommes conduce dei progetti di <strong>protezione di donne e minori detenuti nelle carceri o collocati in famiglie di accoglienza<\/strong>, con l\u2019obiettivo di migliorare le condizioni detentive e favorire il reinserimento nella societ\u00e0 dei minori in conflitto con la legge e di offrire protezione ai minori separati dalla loro famiglia biologica attraverso l\u2019inserimento in famiglie affidatarie.<br \/>Lo staff presente in loco ha raggiunto le zone colpite dal sisma con grande difficolt\u00e0 logistiche. Per tutti i soccorritori, infatti, \u00e8 questo il primo problema da superare. <strong>\u00c8 estremamente difficile muoversi<\/strong> perch\u00e9 alcune strade e ponti sono dissestate e distrutte o gravemente danneggiate, anche i mezzi della protezione civile nazionale non sono sufficienti e l\u2019aiuto delle ong come Terre des Hommes \u00e8 fondamentale per raggiungere la popolazione pi\u00f9 colpita per dare supporto logistico allo stato che non ha tutte le risorse materiali e umane per realizzare una prima valutazione dei bisogni.<br \/>Nonostante le carceri dove opera Terre des Hommes non siano crollate, il carcere di Les cayes ha subito dei danni interni che hanno reso necessario sia una evacuazione di alcuni prigionieri sia una ridistribuzione interna di alcune sezioni in via precauzionale; si sta quindi creando <strong>una situazione di sovraffollamento dove manca tutto<\/strong>.<br \/>I minori detenuti hanno bisogno di <strong>cibo<\/strong>, che gi\u00e0 scarseggiava anche prima, <strong>acqua potabile<\/strong>, <strong>materiali igienici e disinfettanti<\/strong>, ma anche di un <strong>supporto piscologico<\/strong> per gestire lo shock provocato da questa situazione emergenziale.<br \/>Per capire la situazione generale basta pensare che <strong>la cisterna d\u2019acqua che distribuiva acqua potabile all\u2019intera zona a les Cayes \u00e8 completamente distrutta<\/strong> e si distribuisce acqua in modalit\u00e0 alternativa assai precaria e soprattutto discontinua.<br \/>La maggior parte delle case delle circa 40 famiglie affidatarie coinvolte nei progetti di Terre des Hommes sono state fortemente danneggiate dalle scosse, 2 sono crollate e le operazioni di ricognizione dello staff non sono ancora terminate, sono ancora una ventina le famiglie che devono essere raggiunte. Anche per loro \u00e8 fondamentale avere ogni genere di aiuto per affrontare questa situazione drammatica: tende, acqua potabile, cibo.<br \/><em>\u201cSiamo in costante contatto con i nostri colleghi sul campo che con estrema difficolt\u00e0 stanno cercando di portare assistenza alla popolazione haitiana. La devastazione lasciata dal terremoto e dalla tempesta tropicale, che sembra non fermarsi, \u00e8 un ulteriore colpo per un Paese gi\u00e0 fortemente instabile e che ha colpito in modo devastante la zona che prima della pandemia era la pi\u00f9 turistica, internazionalmente nota, fonte importante per l\u2019economia del paese . <strong>Il nostro impegno \u00e8 rivolto a portare assistenza immediata e proteggere i bambini e le bambine pi\u00f9 vulnerabili, che in questo momento sono pi\u00f9 a rischio di subire violenze.<\/strong> Haiti non pu\u00f2 essere dimenticata, per risollevare il Paese \u00e8 necessario un grande sforzo collettivo, che non pu\u00f2 fare conto solo sull\u2019impegno delle organizzazioni non governative ma deve coinvolgere tutta la comunit\u00e0 internazionale.\u201d<\/em> L\u2019appello della <strong>Presidente di Terre des Hommes, Donatella Vergari.<\/strong><\/p>\n<p>Per intervenire con soccorsi immediati e proteggere i bambini e le bambine pi\u00f9 vulnerabili Terre des Hommes ha attivato una raccolta fondi. \u00c8 possibile donare con carta di credito a questo <a href=\"https:\/\/terredeshommes.it\/eng\/progetti\/haiti\/\">link <\/a>oppure tramite bonifico intestato a:<br \/><strong>Terre des Hommes Italia<br \/>Causale: Haiti 2021<br \/>IBAN: IT37E0103001633000063232384<\/strong><\/p>\n<p>[\/et_pb_text][\/et_pb_column][et_pb_column type=&#8221;1_5&#8243; _builder_version=&#8221;4.16&#8243; custom_padding=&#8221;|||&#8221; global_colors_info=&#8221;{}&#8221; custom_padding__hover=&#8221;|||&#8221;][\/et_pb_column][\/et_pb_row][\/et_pb_section]<\/p>\n","protected":false},"excerpt":{"rendered":"<p>Dopo il terribile terremoto e la tempesta tropicale \u00e8 il momento dei soccorsi All\u2019indomani del terribile sisma (7.2 scala Richter) che ancora una volta ha sconvolto il Paese caraibico, Terre des Hommes ha subito avviato un\u2019attivit\u00e0 di valutazione dei danni e monitoraggio delle condizioni dei tanti bambini e bambine e delle loro famiglie beneficiarie dei [&hellip;]<\/p>\n","protected":false},"author":1,"featured_media":2339,"comment_status":"open","ping_status":"open","sticky":false,"template":"","format":"standard","meta":{"_et_pb_use_builder":"on","_et_pb_old_content":"Cras mattis consectetur purus sit amet fermentum. Aenean lacinia bibendum nulla sed consectetur. Donec ullamcorper nulla non metus auctor fringilla. Donec ullamcorper nulla non metus auctor fringilla.","_et_gb_content_width":"","footnotes":""},"categories":[16],"tags":[],"class_list":["post-2337","post","type-post","status-publish","format-standard","has-post-thumbnail","hentry","category-comunicati"],"yoast_head":"<!-- This site is optimized with the Yoast SEO plugin v21.1 - https:\/\/yoast.com\/wordpress\/plugins\/seo\/ -->\n<title>Haiti, Non lasciamo soli i bambini e le bambine pi\u00f9 vulnerabili - Terre des Hommes Italia<\/title>\n<meta name=\"robots\" content=\"index, follow, max-snippet:-1, max-image-preview:large, max-video-preview:-1\" \/>\n<link rel=\"canonical\" href=\"https:\/\/terredeshommes.it\/eng\/comunicati\/haiti-terremoto-non-lasciamo-soli-bambini-le-bambine-piu-vulnerabili\/\" \/>\n<meta property=\"og:locale\" content=\"en_US\" \/>\n<meta property=\"og:type\" content=\"article\" \/>\n<meta property=\"og:title\" content=\"Haiti, Non lasciamo soli i bambini e le bambine pi\u00f9 vulnerabili - Terre des Hommes Italia\" \/>\n<meta property=\"og:description\" content=\"Dopo il terribile terremoto e la tempesta tropicale \u00e8 il momento dei soccorsi All\u2019indomani del terribile sisma (7.2 scala Richter) che ancora una volta ha sconvolto il Paese caraibico, Terre des Hommes ha subito avviato un\u2019attivit\u00e0 di valutazione dei danni e monitoraggio delle condizioni dei tanti bambini e bambine e delle loro famiglie beneficiarie dei [&hellip;]\" \/>\n<meta property=\"og:url\" content=\"https:\/\/terredeshommes.it\/eng\/comunicati\/haiti-terremoto-non-lasciamo-soli-bambini-le-bambine-piu-vulnerabili\/\" \/>\n<meta property=\"og:site_name\" content=\"Terre des Hommes Italia\" \/>\n<meta property=\"article:published_time\" content=\"2021-08-23T07:39:29+00:00\" \/>\n<meta property=\"article:modified_time\" content=\"2022-07-28T07:41:06+00:00\" \/>\n<meta property=\"og:image\" content=\"https:\/\/terredeshommes.it\/eng\/wp-content\/uploads\/terremoto-haiti-2.jpeg\" \/>\n\t<meta property=\"og:image:width\" content=\"940\" \/>\n\t<meta property=\"og:image:height\" content=\"449\" \/>\n\t<meta property=\"og:image:type\" content=\"image\/jpeg\" \/>\n<meta name=\"author\" content=\"superTDH\" \/>\n<meta name=\"twitter:card\" content=\"summary_large_image\" \/>\n<meta name=\"twitter:label1\" content=\"Written by\" \/>\n\t<meta name=\"twitter:data1\" content=\"superTDH\" \/>\n\t<meta name=\"twitter:label2\" content=\"Est. reading time\" \/>\n\t<meta name=\"twitter:data2\" content=\"4 minutes\" \/>\n<script type=\"application\/ld+json\" class=\"yoast-schema-graph\">{\"@context\":\"https:\/\/schema.org\",\"@graph\":[{\"@type\":\"WebPage\",\"@id\":\"https:\/\/terredeshommes.it\/eng\/comunicati\/haiti-terremoto-non-lasciamo-soli-bambini-le-bambine-piu-vulnerabili\/\",\"url\":\"https:\/\/terredeshommes.it\/eng\/comunicati\/haiti-terremoto-non-lasciamo-soli-bambini-le-bambine-piu-vulnerabili\/\",\"name\":\"Haiti, Non lasciamo soli i bambini e le bambine pi\u00f9 vulnerabili - Terre des Hommes Italia\",\"isPartOf\":{\"@id\":\"https:\/\/terredeshommes.it\/eng\/#website\"},\"datePublished\":\"2021-08-23T07:39:29+00:00\",\"dateModified\":\"2022-07-28T07:41:06+00:00\",\"author\":{\"@id\":\"https:\/\/terredeshommes.it\/eng\/#\/schema\/person\/adf40aab21514bbdc483bd807a69efed\"},\"breadcrumb\":{\"@id\":\"https:\/\/terredeshommes.it\/eng\/comunicati\/haiti-terremoto-non-lasciamo-soli-bambini-le-bambine-piu-vulnerabili\/#breadcrumb\"},\"inLanguage\":\"en-US\",\"potentialAction\":[{\"@type\":\"ReadAction\",\"target\":[\"https:\/\/terredeshommes.it\/eng\/comunicati\/haiti-terremoto-non-lasciamo-soli-bambini-le-bambine-piu-vulnerabili\/\"]}]},{\"@type\":\"BreadcrumbList\",\"@id\":\"https:\/\/terredeshommes.it\/eng\/comunicati\/haiti-terremoto-non-lasciamo-soli-bambini-le-bambine-piu-vulnerabili\/#breadcrumb\",\"itemListElement\":[{\"@type\":\"ListItem\",\"position\":1,\"name\":\"Home\",\"item\":\"https:\/\/terredeshommes.it\/eng\/\"},{\"@type\":\"ListItem\",\"position\":2,\"name\":\"Haiti, Non lasciamo soli i bambini e le bambine pi\u00f9 vulnerabili\"}]},{\"@type\":\"WebSite\",\"@id\":\"https:\/\/terredeshommes.it\/eng\/#website\",\"url\":\"https:\/\/terredeshommes.it\/eng\/\",\"name\":\"Terre des Hommes Italia\",\"description\":\"Proteggiamo i bambini insieme\",\"potentialAction\":[{\"@type\":\"SearchAction\",\"target\":{\"@type\":\"EntryPoint\",\"urlTemplate\":\"https:\/\/terredeshommes.it\/eng\/?s={search_term_string}\"},\"query-input\":\"required name=search_term_string\"}],\"inLanguage\":\"en-US\"},{\"@type\":\"Person\",\"@id\":\"https:\/\/terredeshommes.it\/eng\/#\/schema\/person\/adf40aab21514bbdc483bd807a69efed\",\"name\":\"superTDH\",\"url\":\"https:\/\/terredeshommes.it\/eng\/author\/supertdh\/\"}]}<\/script>\n<!-- \/ Yoast SEO plugin. -->","yoast_head_json":{"title":"Haiti, Non lasciamo soli i bambini e le bambine pi\u00f9 vulnerabili - Terre des Hommes Italia","robots":{"index":"index","follow":"follow","max-snippet":"max-snippet:-1","max-image-preview":"max-image-preview:large","max-video-preview":"max-video-preview:-1"},"canonical":"https:\/\/terredeshommes.it\/eng\/comunicati\/haiti-terremoto-non-lasciamo-soli-bambini-le-bambine-piu-vulnerabili\/","og_locale":"en_US","og_type":"article","og_title":"Haiti, Non lasciamo soli i bambini e le bambine pi\u00f9 vulnerabili - Terre des Hommes Italia","og_description":"Dopo il terribile terremoto e la tempesta tropicale \u00e8 il momento dei soccorsi All\u2019indomani del terribile sisma (7.2 scala Richter) che ancora una volta ha sconvolto il Paese caraibico, Terre des Hommes ha subito avviato un\u2019attivit\u00e0 di valutazione dei danni e monitoraggio delle condizioni dei tanti bambini e bambine e delle loro famiglie beneficiarie dei [&hellip;]","og_url":"https:\/\/terredeshommes.it\/eng\/comunicati\/haiti-terremoto-non-lasciamo-soli-bambini-le-bambine-piu-vulnerabili\/","og_site_name":"Terre des Hommes Italia","article_published_time":"2021-08-23T07:39:29+00:00","article_modified_time":"2022-07-28T07:41:06+00:00","og_image":[{"width":940,"height":449,"url":"https:\/\/terredeshommes.it\/eng\/wp-content\/uploads\/terremoto-haiti-2.jpeg","type":"image\/jpeg"}],"author":"superTDH","twitter_card":"summary_large_image","twitter_misc":{"Written by":"superTDH","Est. reading time":"4 minutes"},"schema":{"@context":"https:\/\/schema.org","@graph":[{"@type":"WebPage","@id":"https:\/\/terredeshommes.it\/eng\/comunicati\/haiti-terremoto-non-lasciamo-soli-bambini-le-bambine-piu-vulnerabili\/","url":"https:\/\/terredeshommes.it\/eng\/comunicati\/haiti-terremoto-non-lasciamo-soli-bambini-le-bambine-piu-vulnerabili\/","name":"Haiti, Non lasciamo soli i bambini e le bambine pi\u00f9 vulnerabili - Terre des Hommes Italia","isPartOf":{"@id":"https:\/\/terredeshommes.it\/eng\/#website"},"datePublished":"2021-08-23T07:39:29+00:00","dateModified":"2022-07-28T07:41:06+00:00","author":{"@id":"https:\/\/terredeshommes.it\/eng\/#\/schema\/person\/adf40aab21514bbdc483bd807a69efed"},"breadcrumb":{"@id":"https:\/\/terredeshommes.it\/eng\/comunicati\/haiti-terremoto-non-lasciamo-soli-bambini-le-bambine-piu-vulnerabili\/#breadcrumb"},"inLanguage":"en-US","potentialAction":[{"@type":"ReadAction","target":["https:\/\/terredeshommes.it\/eng\/comunicati\/haiti-terremoto-non-lasciamo-soli-bambini-le-bambine-piu-vulnerabili\/"]}]},{"@type":"BreadcrumbList","@id":"https:\/\/terredeshommes.it\/eng\/comunicati\/haiti-terremoto-non-lasciamo-soli-bambini-le-bambine-piu-vulnerabili\/#breadcrumb","itemListElement":[{"@type":"ListItem","position":1,"name":"Home","item":"https:\/\/terredeshommes.it\/eng\/"},{"@type":"ListItem","position":2,"name":"Haiti, Non lasciamo soli i bambini e le bambine pi\u00f9 vulnerabili"}]},{"@type":"WebSite","@id":"https:\/\/terredeshommes.it\/eng\/#website","url":"https:\/\/terredeshommes.it\/eng\/","name":"Terre des Hommes Italia","description":"Proteggiamo i bambini insieme","potentialAction":[{"@type":"SearchAction","target":{"@type":"EntryPoint","urlTemplate":"https:\/\/terredeshommes.it\/eng\/?s={search_term_string}"},"query-input":"required name=search_term_string"}],"inLanguage":"en-US"},{"@type":"Person","@id":"https:\/\/terredeshommes.it\/eng\/#\/schema\/person\/adf40aab21514bbdc483bd807a69efed","name":"superTDH","url":"https:\/\/terredeshommes.it\/eng\/author\/supertdh\/"}]}},"_links":{"self":[{"href":"https:\/\/terredeshommes.it\/eng\/wp-json\/wp\/v2\/posts\/2337","targetHints":{"allow":["GET"]}}],"collection":[{"href":"https:\/\/terredeshommes.it\/eng\/wp-json\/wp\/v2\/posts"}],"about":[{"href":"https:\/\/terredeshommes.it\/eng\/wp-json\/wp\/v2\/types\/post"}],"author":[{"embeddable":true,"href":"https:\/\/terredeshommes.it\/eng\/wp-json\/wp\/v2\/users\/1"}],"replies":[{"embeddable":true,"href":"https:\/\/terredeshommes.it\/eng\/wp-json\/wp\/v2\/comments?post=2337"}],"version-history":[{"count":0,"href":"https:\/\/terredeshommes.it\/eng\/wp-json\/wp\/v2\/posts\/2337\/revisions"}],"wp:featuredmedia":[{"embeddable":true,"href":"https:\/\/terredeshommes.it\/eng\/wp-json\/wp\/v2\/media\/2339"}],"wp:attachment":[{"href":"https:\/\/terredeshommes.it\/eng\/wp-json\/wp\/v2\/media?parent=2337"}],"wp:term":[{"taxonomy":"category","embeddable":true,"href":"https:\/\/terredeshommes.it\/eng\/wp-json\/wp\/v2\/categories?post=2337"},{"taxonomy":"post_tag","embeddable":true,"href":"https:\/\/terredeshommes.it\/eng\/wp-json\/wp\/v2\/tags?post=2337"}],"curies":[{"name":"wp","href":"https:\/\/api.w.org\/{rel}","templated":true}]}}