{"id":2340,"date":"2021-09-08T09:42:08","date_gmt":"2021-09-08T07:42:08","guid":{"rendered":"https:\/\/terredeshommes.it\/?p=2340"},"modified":"2022-07-28T09:43:58","modified_gmt":"2022-07-28T07:43:58","slug":"msna-covid-rende-sempre-piu-preoccupanti-le-condizioni-accoglienza","status":"publish","type":"post","link":"https:\/\/terredeshommes.it\/eng\/comunicati\/msna-covid-rende-sempre-piu-preoccupanti-le-condizioni-accoglienza\/","title":{"rendered":"MSNA. Il Covid rende sempre pi\u00f9 preoccupanti le condizioni di accoglienza"},"content":{"rendered":"<p>[et_pb_section fb_built=&#8221;1&#8243; _builder_version=&#8221;4.16&#8243; global_colors_info=&#8221;{}&#8221;][et_pb_row column_structure=&#8221;1_5,3_5,1_5&#8243; _builder_version=&#8221;4.16&#8243; background_size=&#8221;initial&#8221; background_position=&#8221;top_left&#8221; background_repeat=&#8221;repeat&#8221; global_colors_info=&#8221;{}&#8221;][et_pb_column type=&#8221;1_5&#8243; _builder_version=&#8221;4.16&#8243; custom_padding=&#8221;|||&#8221; global_colors_info=&#8221;{}&#8221; custom_padding__hover=&#8221;|||&#8221;][\/et_pb_column][et_pb_column type=&#8221;3_5&#8243; _builder_version=&#8221;4.16&#8243; custom_padding=&#8221;|||&#8221; global_colors_info=&#8221;{}&#8221; custom_padding__hover=&#8221;|||&#8221;][et_pb_text admin_label=&#8221;Testo&#8221; _builder_version=&#8221;4.17.6&#8243; background_size=&#8221;initial&#8221; background_position=&#8221;top_left&#8221; background_repeat=&#8221;repeat&#8221; hover_enabled=&#8221;0&#8243; global_colors_info=&#8221;{}&#8221; sticky_enabled=&#8221;0&#8243;]<\/p>\n<p>Da fine luglio Terre des Hommes \u00e8 presente con un\u2019equipe di psicologi e mediatori linguistici culturali a Pozzallo, in banchina, presso l\u2019Hotspot e al centro di accoglienza ex Azienda Don Pietro di Cifali (RG) per fornire assistenza piscologica e psicosociale ai minori stranieri non accompagnati.<\/p>\n<p>In banchina durante il mese di agosto il team Terre des Hommes \u00e8 stato presente allo sbarco di oltre <strong>1.100 migranti <\/strong>in due differenti sbarchi, offrendo un primo supporto psicologico a minori soli, famiglie con bambini e donne in stato di gravidanza.<\/p>\n<p>Sono oltre <strong>240 i minori supportati direttamente<\/strong> dall\u2019equipe durante gli sbarchi ed una volta giunti nelle strutture di accoglienza, dove sono scattate per loro le quarantene preventive a causa del COVID19, in condizioni non sempre rispondenti al principio di protezione e tutela del loro benessere psicofisico.<\/p>\n<p><em>\u201cI minori incontrati provengono da paesi in cui le norme sanitarie inerenti la gestione del Covid19 e i tempi di quarantena a seguito di contatti con persone risultate positive, sono protocolli sconosciuti, difficili da comprendere e causa di forte stress e paura. Perch\u00e9 siamo in carcere? Ci chiedono. Il prolungarsi dei tempi di quarantena e la percezione di privazione della libert\u00e0 soprattutto in quei casi in cui non \u00e8 possibile uscire negli spazi esterni dell&#8217;hotspot, sono elementi che attivano significativa sofferenza psicologica. Abbiamo rilevato un incremento dei sintomi di ansia, panico e tristezza oltre che l&#8217;acuirsi di sintomi post traumatici dovuti alle precedenti esperienze di violenza e tortura sperimentate durante la rotta migratoria e nei paesi di origine \u201d<\/em> riporta <strong>Valentina Gulino, psicologa di Terre des Hommes<\/strong>.<\/p>\n<p><em>\u201cCi confrontiamo quotidianamente con minori, anche molto piccoli, di 13 o 14 anni, che chiedono di poter capire il perch\u00e9 di certe misure. Diversi vogliono riabbracciare la propria famiglia, perch\u00e9 le quarantene e le misure anti Covid spaventano. I ragazzi vogliono sentire la propria famiglia e spiegare che sono vivi stanno bene, ma, spesso non possono contattare le famiglie per tranquillizzarle\u201d.<\/em> Le parole di <strong>Najla Hassen, mediatrice linguistico culturale dell\u2019equipe.<\/strong><\/p>\n<p>Attraverso l\u2019intervento offerto dal <strong>progetto FARO<\/strong> i ragazzi hanno uno <strong>spazio di parola e ascolto<\/strong> in cui ricevono informazioni chiare sulle ragioni delle <strong>misure anti COVID1<\/strong>9 e in cui possono essere accompagnati da professionisti nel nuovo contesto di accoglienza, ricevendo un\u2019assistenza qualificata che permette di individuare prontamente i sintomi del disagio, mettendo in atto le necessarie misure di contenimento ma anche di attivazione delle risorse interne dell\u2019individuo.<\/p>\n<p>Tramite il supporto psicologico offerto dall\u2019equipe di Terre des Hommes i minori acquisiscono strumenti per gestire meglio <strong>lo stress limitando quei rischi che possono portare all\u2019acutizzarsi di un disagio che va capito, conosciuto e contenuto, attraverso un approccio che permetta di trasmettere loro anche una speranza di riscatto.<\/strong><\/p>\n<p>Un\u2019attenzione particolare \u00e8 rivolta ai pi\u00f9 piccoli tra loro, <strong>i minori di 14 anni<\/strong> che sono pi\u00f9 soggetti a episodi di bullismo. Nel corso del solo mese di agosto FARO ha segnalato ai Servizi del territorio ben 13 casi, che per diverse vulnerabilit\u00e0 richiedevano una presa in carico specifica e altra rispetto a quella offerta resa possibile da un\u2019accoglienza in luoghi pi\u00f9 adatti alle loro esigenze, rispetto a quelli in cui lo staff opera.<\/p>\n<p><em>\u201cCi fa bene quando venite, abbiamo bisogno di qualcuno che ci ascolta, che parla con noi che ci porta un po\u2019 del mondo esterno e ci fa sentire la speranza\u201d <\/em><strong>I. Di anni 17 proveniente dalla Costa D\u2019Avorio<\/strong><\/p>\n<p><em>\u201cMia madre \u00e8 malata, mi ha insegnato la dignit\u00e0 e a non chiedere mai aiuto, non la sento da 4 giorni sono sicuro che penser\u00e0 che sono morto, la mia famiglia \u00e8 poverissima e mia madre ha bisogno di cure mediche, devo aiutarla, non posso stare qui senza fare nulla il senso di colpa mi soffoca. Non avevo mai chiesto aiuto, ho sempre tenuto tutto dentro di me ma adesso stavo scoppiando, grazie a voi posso respirare un po\u2019\u201d<\/em> <strong> W. 17 anni proveniente dalla Tunisia<\/strong><\/p>\n<p><em>\u201cLa mamma \u00e8 morta quando avevo 9 anni, la notte non riesco a dormire i pensieri ritornano sempre a quando \u00e8 morta la mamma. Sono partito dalla mia citt\u00e0 8 mesi fa. in Libia \u00e8 stato terribile. A Tripoli per un mese sono stato picchiato, costretto a lavorare senza essere pagato e cos\u00ec ho provato a scappare ma mi hanno preso ed \u00e8 stata la mia fine\u201d <\/em><strong>R. di anni 16 proveniente dal Bangladesh<\/strong><\/p>\n<p><strong>Federica Giannotta, Responsabile Advocacy e Programmi Italia di Terre des Hommes: <\/strong><em>\u201cCrediamo sia davvero importante poter offrire questo servizio psicologico, perch\u00e9 risponde ad un\u2019ampia gamma di bisogni molti delicati e critici che devono trovare un ascolto e una risposta professionale qualificata.<br \/>\u00c8 urgente che ai ragazzi sia garantita l\u2019accoglienza in strutture con spazi adeguati, che permettano di rispettare al meglio le norme di distanziamento e protezione dal Covid19, ma anche un servizio di mediazione che consenta ai ragazzi di capire al meglio le ragioni di tali norme senza causare ulteriori ansie e preoccupazioni.<br \/>Il nostro dialogo costante con il territorio e le istituzioni ci permette di portare le istanze dei ragazzi alla loro attenzione e questo ci aiuta a individuare possibili soluzioni che permettano un\u2019accoglienza pi\u00f9 a misura di questi ragazzi.\u201d<\/em><\/p>\n<p>[\/et_pb_text][\/et_pb_column][et_pb_column type=&#8221;1_5&#8243; _builder_version=&#8221;4.16&#8243; custom_padding=&#8221;|||&#8221; global_colors_info=&#8221;{}&#8221; custom_padding__hover=&#8221;|||&#8221;][\/et_pb_column][\/et_pb_row][\/et_pb_section]<\/p>\n","protected":false},"excerpt":{"rendered":"<p>Da fine luglio Terre des Hommes \u00e8 presente con un\u2019equipe di psicologi e mediatori linguistici culturali a Pozzallo, in banchina, presso l\u2019Hotspot e al centro di accoglienza ex Azienda Don Pietro di Cifali (RG) per fornire assistenza piscologica e psicosociale ai minori stranieri non accompagnati. In banchina durante il mese di agosto il team Terre [&hellip;]<\/p>\n","protected":false},"author":1,"featured_media":2342,"comment_status":"open","ping_status":"open","sticky":false,"template":"","format":"standard","meta":{"_et_pb_use_builder":"on","_et_pb_old_content":"Cras mattis consectetur purus sit amet fermentum. Aenean lacinia bibendum nulla sed consectetur. Donec ullamcorper nulla non metus auctor fringilla. Donec ullamcorper nulla non metus auctor fringilla.","_et_gb_content_width":"","footnotes":""},"categories":[16],"tags":[],"class_list":["post-2340","post","type-post","status-publish","format-standard","has-post-thumbnail","hentry","category-comunicati"],"yoast_head":"<!-- This site is optimized with the Yoast SEO plugin v21.1 - https:\/\/yoast.com\/wordpress\/plugins\/seo\/ -->\n<title>MSNA. Il Covid rende sempre pi\u00f9 preoccupanti le condizioni di accoglienza - Terre des Hommes Italia<\/title>\n<meta name=\"robots\" content=\"index, follow, max-snippet:-1, max-image-preview:large, max-video-preview:-1\" \/>\n<link rel=\"canonical\" href=\"https:\/\/terredeshommes.it\/eng\/comunicati\/msna-covid-rende-sempre-piu-preoccupanti-le-condizioni-accoglienza\/\" \/>\n<meta property=\"og:locale\" content=\"en_US\" \/>\n<meta property=\"og:type\" content=\"article\" \/>\n<meta property=\"og:title\" content=\"MSNA. Il Covid rende sempre pi\u00f9 preoccupanti le condizioni di accoglienza - Terre des Hommes Italia\" \/>\n<meta property=\"og:description\" content=\"Da fine luglio Terre des Hommes \u00e8 presente con un\u2019equipe di psicologi e mediatori linguistici culturali a Pozzallo, in banchina, presso l\u2019Hotspot e al centro di accoglienza ex Azienda Don Pietro di Cifali (RG) per fornire assistenza piscologica e psicosociale ai minori stranieri non accompagnati. In banchina durante il mese di agosto il team Terre [&hellip;]\" \/>\n<meta property=\"og:url\" content=\"https:\/\/terredeshommes.it\/eng\/comunicati\/msna-covid-rende-sempre-piu-preoccupanti-le-condizioni-accoglienza\/\" \/>\n<meta property=\"og:site_name\" content=\"Terre des Hommes Italia\" \/>\n<meta property=\"article:published_time\" content=\"2021-09-08T07:42:08+00:00\" \/>\n<meta property=\"article:modified_time\" content=\"2022-07-28T07:43:58+00:00\" \/>\n<meta property=\"og:image\" content=\"https:\/\/terredeshommes.it\/eng\/wp-content\/uploads\/cs-faro2021.jpeg\" \/>\n\t<meta property=\"og:image:width\" content=\"940\" \/>\n\t<meta property=\"og:image:height\" content=\"449\" \/>\n\t<meta property=\"og:image:type\" content=\"image\/jpeg\" \/>\n<meta name=\"author\" content=\"superTDH\" \/>\n<meta name=\"twitter:card\" content=\"summary_large_image\" \/>\n<meta name=\"twitter:label1\" content=\"Written by\" \/>\n\t<meta name=\"twitter:data1\" content=\"superTDH\" \/>\n\t<meta name=\"twitter:label2\" content=\"Est. reading time\" \/>\n\t<meta name=\"twitter:data2\" content=\"4 minutes\" \/>\n<script type=\"application\/ld+json\" class=\"yoast-schema-graph\">{\"@context\":\"https:\/\/schema.org\",\"@graph\":[{\"@type\":\"WebPage\",\"@id\":\"https:\/\/terredeshommes.it\/eng\/comunicati\/msna-covid-rende-sempre-piu-preoccupanti-le-condizioni-accoglienza\/\",\"url\":\"https:\/\/terredeshommes.it\/eng\/comunicati\/msna-covid-rende-sempre-piu-preoccupanti-le-condizioni-accoglienza\/\",\"name\":\"MSNA. Il Covid rende sempre pi\u00f9 preoccupanti le condizioni di accoglienza - Terre des Hommes Italia\",\"isPartOf\":{\"@id\":\"https:\/\/terredeshommes.it\/eng\/#website\"},\"datePublished\":\"2021-09-08T07:42:08+00:00\",\"dateModified\":\"2022-07-28T07:43:58+00:00\",\"author\":{\"@id\":\"https:\/\/terredeshommes.it\/eng\/#\/schema\/person\/adf40aab21514bbdc483bd807a69efed\"},\"breadcrumb\":{\"@id\":\"https:\/\/terredeshommes.it\/eng\/comunicati\/msna-covid-rende-sempre-piu-preoccupanti-le-condizioni-accoglienza\/#breadcrumb\"},\"inLanguage\":\"en-US\",\"potentialAction\":[{\"@type\":\"ReadAction\",\"target\":[\"https:\/\/terredeshommes.it\/eng\/comunicati\/msna-covid-rende-sempre-piu-preoccupanti-le-condizioni-accoglienza\/\"]}]},{\"@type\":\"BreadcrumbList\",\"@id\":\"https:\/\/terredeshommes.it\/eng\/comunicati\/msna-covid-rende-sempre-piu-preoccupanti-le-condizioni-accoglienza\/#breadcrumb\",\"itemListElement\":[{\"@type\":\"ListItem\",\"position\":1,\"name\":\"Home\",\"item\":\"https:\/\/terredeshommes.it\/eng\/\"},{\"@type\":\"ListItem\",\"position\":2,\"name\":\"MSNA. Il Covid rende sempre pi\u00f9 preoccupanti le condizioni di accoglienza\"}]},{\"@type\":\"WebSite\",\"@id\":\"https:\/\/terredeshommes.it\/eng\/#website\",\"url\":\"https:\/\/terredeshommes.it\/eng\/\",\"name\":\"Terre des Hommes Italia\",\"description\":\"Proteggiamo i bambini insieme\",\"potentialAction\":[{\"@type\":\"SearchAction\",\"target\":{\"@type\":\"EntryPoint\",\"urlTemplate\":\"https:\/\/terredeshommes.it\/eng\/?s={search_term_string}\"},\"query-input\":\"required name=search_term_string\"}],\"inLanguage\":\"en-US\"},{\"@type\":\"Person\",\"@id\":\"https:\/\/terredeshommes.it\/eng\/#\/schema\/person\/adf40aab21514bbdc483bd807a69efed\",\"name\":\"superTDH\",\"url\":\"https:\/\/terredeshommes.it\/eng\/author\/supertdh\/\"}]}<\/script>\n<!-- \/ Yoast SEO plugin. -->","yoast_head_json":{"title":"MSNA. Il Covid rende sempre pi\u00f9 preoccupanti le condizioni di accoglienza - Terre des Hommes Italia","robots":{"index":"index","follow":"follow","max-snippet":"max-snippet:-1","max-image-preview":"max-image-preview:large","max-video-preview":"max-video-preview:-1"},"canonical":"https:\/\/terredeshommes.it\/eng\/comunicati\/msna-covid-rende-sempre-piu-preoccupanti-le-condizioni-accoglienza\/","og_locale":"en_US","og_type":"article","og_title":"MSNA. Il Covid rende sempre pi\u00f9 preoccupanti le condizioni di accoglienza - Terre des Hommes Italia","og_description":"Da fine luglio Terre des Hommes \u00e8 presente con un\u2019equipe di psicologi e mediatori linguistici culturali a Pozzallo, in banchina, presso l\u2019Hotspot e al centro di accoglienza ex Azienda Don Pietro di Cifali (RG) per fornire assistenza piscologica e psicosociale ai minori stranieri non accompagnati. In banchina durante il mese di agosto il team Terre [&hellip;]","og_url":"https:\/\/terredeshommes.it\/eng\/comunicati\/msna-covid-rende-sempre-piu-preoccupanti-le-condizioni-accoglienza\/","og_site_name":"Terre des Hommes Italia","article_published_time":"2021-09-08T07:42:08+00:00","article_modified_time":"2022-07-28T07:43:58+00:00","og_image":[{"width":940,"height":449,"url":"https:\/\/terredeshommes.it\/eng\/wp-content\/uploads\/cs-faro2021.jpeg","type":"image\/jpeg"}],"author":"superTDH","twitter_card":"summary_large_image","twitter_misc":{"Written by":"superTDH","Est. reading time":"4 minutes"},"schema":{"@context":"https:\/\/schema.org","@graph":[{"@type":"WebPage","@id":"https:\/\/terredeshommes.it\/eng\/comunicati\/msna-covid-rende-sempre-piu-preoccupanti-le-condizioni-accoglienza\/","url":"https:\/\/terredeshommes.it\/eng\/comunicati\/msna-covid-rende-sempre-piu-preoccupanti-le-condizioni-accoglienza\/","name":"MSNA. Il Covid rende sempre pi\u00f9 preoccupanti le condizioni di accoglienza - Terre des Hommes Italia","isPartOf":{"@id":"https:\/\/terredeshommes.it\/eng\/#website"},"datePublished":"2021-09-08T07:42:08+00:00","dateModified":"2022-07-28T07:43:58+00:00","author":{"@id":"https:\/\/terredeshommes.it\/eng\/#\/schema\/person\/adf40aab21514bbdc483bd807a69efed"},"breadcrumb":{"@id":"https:\/\/terredeshommes.it\/eng\/comunicati\/msna-covid-rende-sempre-piu-preoccupanti-le-condizioni-accoglienza\/#breadcrumb"},"inLanguage":"en-US","potentialAction":[{"@type":"ReadAction","target":["https:\/\/terredeshommes.it\/eng\/comunicati\/msna-covid-rende-sempre-piu-preoccupanti-le-condizioni-accoglienza\/"]}]},{"@type":"BreadcrumbList","@id":"https:\/\/terredeshommes.it\/eng\/comunicati\/msna-covid-rende-sempre-piu-preoccupanti-le-condizioni-accoglienza\/#breadcrumb","itemListElement":[{"@type":"ListItem","position":1,"name":"Home","item":"https:\/\/terredeshommes.it\/eng\/"},{"@type":"ListItem","position":2,"name":"MSNA. Il Covid rende sempre pi\u00f9 preoccupanti le condizioni di accoglienza"}]},{"@type":"WebSite","@id":"https:\/\/terredeshommes.it\/eng\/#website","url":"https:\/\/terredeshommes.it\/eng\/","name":"Terre des Hommes Italia","description":"Proteggiamo i bambini insieme","potentialAction":[{"@type":"SearchAction","target":{"@type":"EntryPoint","urlTemplate":"https:\/\/terredeshommes.it\/eng\/?s={search_term_string}"},"query-input":"required name=search_term_string"}],"inLanguage":"en-US"},{"@type":"Person","@id":"https:\/\/terredeshommes.it\/eng\/#\/schema\/person\/adf40aab21514bbdc483bd807a69efed","name":"superTDH","url":"https:\/\/terredeshommes.it\/eng\/author\/supertdh\/"}]}},"_links":{"self":[{"href":"https:\/\/terredeshommes.it\/eng\/wp-json\/wp\/v2\/posts\/2340","targetHints":{"allow":["GET"]}}],"collection":[{"href":"https:\/\/terredeshommes.it\/eng\/wp-json\/wp\/v2\/posts"}],"about":[{"href":"https:\/\/terredeshommes.it\/eng\/wp-json\/wp\/v2\/types\/post"}],"author":[{"embeddable":true,"href":"https:\/\/terredeshommes.it\/eng\/wp-json\/wp\/v2\/users\/1"}],"replies":[{"embeddable":true,"href":"https:\/\/terredeshommes.it\/eng\/wp-json\/wp\/v2\/comments?post=2340"}],"version-history":[{"count":0,"href":"https:\/\/terredeshommes.it\/eng\/wp-json\/wp\/v2\/posts\/2340\/revisions"}],"wp:featuredmedia":[{"embeddable":true,"href":"https:\/\/terredeshommes.it\/eng\/wp-json\/wp\/v2\/media\/2342"}],"wp:attachment":[{"href":"https:\/\/terredeshommes.it\/eng\/wp-json\/wp\/v2\/media?parent=2340"}],"wp:term":[{"taxonomy":"category","embeddable":true,"href":"https:\/\/terredeshommes.it\/eng\/wp-json\/wp\/v2\/categories?post=2340"},{"taxonomy":"post_tag","embeddable":true,"href":"https:\/\/terredeshommes.it\/eng\/wp-json\/wp\/v2\/tags?post=2340"}],"curies":[{"name":"wp","href":"https:\/\/api.w.org\/{rel}","templated":true}]}}