{"id":2343,"date":"2021-09-21T09:44:31","date_gmt":"2021-09-21T07:44:31","guid":{"rendered":"https:\/\/terredeshommes.it\/?p=2343"},"modified":"2022-07-28T09:45:35","modified_gmt":"2022-07-28T07:45:35","slug":"iogiocoallapari-la-nazionale-femminile-rugby-campo-terre-des-hommes","status":"publish","type":"post","link":"https:\/\/terredeshommes.it\/eng\/comunicati\/iogiocoallapari-la-nazionale-femminile-rugby-campo-terre-des-hommes\/","title":{"rendered":"#IoGiocoAllaPari: la Nazionale femminile di rugby in campo con Terre des Hommes"},"content":{"rendered":"<p>[et_pb_section fb_built=&#8221;1&#8243; _builder_version=&#8221;4.16&#8243; global_colors_info=&#8221;{}&#8221;][et_pb_row column_structure=&#8221;1_5,3_5,1_5&#8243; _builder_version=&#8221;4.16&#8243; background_size=&#8221;initial&#8221; background_position=&#8221;top_left&#8221; background_repeat=&#8221;repeat&#8221; global_colors_info=&#8221;{}&#8221;][et_pb_column type=&#8221;1_5&#8243; _builder_version=&#8221;4.16&#8243; custom_padding=&#8221;|||&#8221; global_colors_info=&#8221;{}&#8221; custom_padding__hover=&#8221;|||&#8221;][\/et_pb_column][et_pb_column type=&#8221;3_5&#8243; _builder_version=&#8221;4.16&#8243; custom_padding=&#8221;|||&#8221; global_colors_info=&#8221;{}&#8221; custom_padding__hover=&#8221;|||&#8221;][et_pb_text admin_label=&#8221;Testo&#8221; _builder_version=&#8221;4.17.6&#8243; background_size=&#8221;initial&#8221; background_position=&#8221;top_left&#8221; background_repeat=&#8221;repeat&#8221; hover_enabled=&#8221;0&#8243; global_colors_info=&#8221;{}&#8221; sticky_enabled=&#8221;0&#8243;]<\/p>\n<p>Un ulteriore tassello posto dalla <strong>Federazione Italiana Rugby<\/strong> insieme a <strong>Terre des Hommes<\/strong> &#8211; Fondazione in prima linea dal 1960 per proteggere i bambini di tutto il mondo <strong>dalla violenza, dall\u2019abuso e dallo sfruttamento <\/strong>&#8211; per rinforzare la partnership in corso.<br \/>In occasione delle prossime partite di <strong>qualificazione alla Coppa del Mondo<\/strong> &#8211; in programma nell\u2019autunno del 2022 \u2013 che la Nazionale femminile disputer\u00e0 a <strong>Parma il 19 e il 25 settembre<\/strong> contro Irlanda e Spagna, le Azzurre scenderanno in campo con una maglia speciale.<\/p>\n<p>Proprio sopra i rispettivi numeri, al centro della schiena, sar\u00e0 stampato <strong>#IoGiocoAllaPari<\/strong>, hashtag unificante delle iniziative di empowerment, prevenzione e contrasto alla violenza e discriminazione di genere rivolte alle pi\u00f9 giovani.<br \/>Un segnale concreto dell\u2019intenzione dell\u2019attuale governance di <strong>\u2018scendere in campo\u2019<\/strong> per promuovere un cambiamento positivo nelle nuove generazioni, rendendole protagoniste dell\u2019abbattimento degli stereotipi che ancora, purtroppo, permeano la societ\u00e0 contemporanea.<\/p>\n<p>L\u2019iniziativa si inserisce nell\u2019alveo della <strong>Campagna Indifesa<\/strong>, grazie a cui da 10 anni Terre des Hommes mette al centro del proprio intervento la <strong>protezione delle bambine e delle ragazze, in Italia e nel mondo<\/strong>, impegnandosi a difendere il loro diritto alla vita, alla libert\u00e0, all\u2019istruzione e all\u2019uguaglianza.<\/p>\n<p>Le attivit\u00e0 congiunte che FIR e Terre des Hommes intendono portare avanti nel prossimo biennio hanno l\u2019obiettivo di sensibilizzare la comunit\u00e0 del rugby tramite attivit\u00e0 di informazione mirate, grazie al lavoro sul territorio di atlete e atleti, ambassador delle cause sposate, e tramite il coinvolgimento di dirigenti, formatori, allenatori, praticanti e le loro famiglie.<\/p>\n<p><em>\u201cBastano poche parole, chiare, per affermare valori fondamentali come l&#8217;inclusione, il rispetto, le pari opportunit\u00e0. &#8220;Io gioco alla pari&#8221; \u00e8 questo: uno slogan che prende origine dai principi dello sport e riguarda tutti, maschi e femmine. E questa affermazione di principio diventa realt\u00e0 concreta ogni giorno su centinaia di campi da rugby con bambine e bambini, ragazze e ragazzi che crescono tecnicamente e umanamente facendo propri questi valori per contribuire a costruire una societ\u00e0 che non abbia pi\u00f9 bisogno di declinazioni al femminile perch\u00e9 inclusiva e rispettosa delle differenze e dei diritti. Le nostre azzurre sono eccezionali ed importanti testimonial della collaborazione tra Federazione Italiana Rugby e Terres des Hommes con cui si vuole dare sempre pi\u00f9 forza alla parit\u00e0 di genere e l&#8217;empowerment di tutti\u201d<\/em>. <strong>Antonella Gualandri, Consigliere federale con delega alla Responsabilit\u00e0 Sociale<\/strong><\/p>\n<p><em>\u201cSiamo estremamente felici di poter avere FIR al nostro fianco per promuovere la campagna indifesa, con la quale da dieci anni, cerchiamo di proteggere i diritti delle bambine e delle ragazze e favorire la loro partecipazione al fine di realizzare un reale cambiamento nelle nostre societ\u00e0, verso la parit\u00e0 di genere.<br \/>Con l\u2019hashtag #IoGiocoAllaPari, che oggi le Azzurre portano sulle loro maglie, insieme a FIR vogliamo ribadire che nello sport, come nella vita, ogni ragazza deve avere il diritto di coltivare i propri talenti e realizzare i propri sogni, senza essere ostacolata da pregiudizi e discriminazioni.\u201d<\/em> <strong>Paolo Ferrara, Direttore Generale Terre des Hommes.<\/strong><\/p>\n<p>[\/et_pb_text][\/et_pb_column][et_pb_column type=&#8221;1_5&#8243; _builder_version=&#8221;4.16&#8243; custom_padding=&#8221;|||&#8221; global_colors_info=&#8221;{}&#8221; custom_padding__hover=&#8221;|||&#8221;][\/et_pb_column][\/et_pb_row][\/et_pb_section]<\/p>\n","protected":false},"excerpt":{"rendered":"<p>Un ulteriore tassello posto dalla Federazione Italiana Rugby insieme a Terre des Hommes &#8211; Fondazione in prima linea dal 1960 per proteggere i bambini di tutto il mondo dalla violenza, dall\u2019abuso e dallo sfruttamento &#8211; per rinforzare la partnership in corso.In occasione delle prossime partite di qualificazione alla Coppa del Mondo &#8211; in programma nell\u2019autunno [&hellip;]<\/p>\n","protected":false},"author":1,"featured_media":2345,"comment_status":"open","ping_status":"open","sticky":false,"template":"","format":"standard","meta":{"_et_pb_use_builder":"on","_et_pb_old_content":"Cras mattis consectetur purus sit amet fermentum. Aenean lacinia bibendum nulla sed consectetur. Donec ullamcorper nulla non metus auctor fringilla. Donec ullamcorper nulla non metus auctor fringilla.","_et_gb_content_width":"","footnotes":""},"categories":[16],"tags":[],"class_list":["post-2343","post","type-post","status-publish","format-standard","has-post-thumbnail","hentry","category-comunicati"],"yoast_head":"<!-- This site is optimized with the Yoast SEO plugin v21.1 - https:\/\/yoast.com\/wordpress\/plugins\/seo\/ -->\n<title>#IoGiocoAllaPari: la Nazionale femminile di rugby in campo con Terre des Hommes - Terre des Hommes Italia<\/title>\n<meta name=\"robots\" content=\"index, follow, max-snippet:-1, max-image-preview:large, max-video-preview:-1\" \/>\n<link rel=\"canonical\" href=\"https:\/\/terredeshommes.it\/eng\/comunicati\/iogiocoallapari-la-nazionale-femminile-rugby-campo-terre-des-hommes\/\" \/>\n<meta property=\"og:locale\" content=\"en_US\" \/>\n<meta property=\"og:type\" content=\"article\" \/>\n<meta property=\"og:title\" content=\"#IoGiocoAllaPari: la Nazionale femminile di rugby in campo con Terre des Hommes - Terre des Hommes Italia\" \/>\n<meta property=\"og:description\" content=\"Un ulteriore tassello posto dalla Federazione Italiana Rugby insieme a Terre des Hommes - Fondazione in prima linea dal 1960 per proteggere i bambini di tutto il mondo dalla violenza, dall\u2019abuso e dallo sfruttamento - per rinforzare la partnership in corso.In occasione delle prossime partite di qualificazione alla Coppa del Mondo - in programma nell\u2019autunno [&hellip;]\" \/>\n<meta property=\"og:url\" content=\"https:\/\/terredeshommes.it\/eng\/comunicati\/iogiocoallapari-la-nazionale-femminile-rugby-campo-terre-des-hommes\/\" \/>\n<meta property=\"og:site_name\" content=\"Terre des Hommes Italia\" \/>\n<meta property=\"article:published_time\" content=\"2021-09-21T07:44:31+00:00\" \/>\n<meta property=\"article:modified_time\" content=\"2022-07-28T07:45:35+00:00\" \/>\n<meta property=\"og:image\" content=\"https:\/\/terredeshommes.it\/eng\/wp-content\/uploads\/iogiocoallapari_rugby.jpeg\" \/>\n\t<meta property=\"og:image:width\" content=\"940\" \/>\n\t<meta property=\"og:image:height\" content=\"449\" \/>\n\t<meta property=\"og:image:type\" content=\"image\/jpeg\" \/>\n<meta name=\"author\" content=\"superTDH\" \/>\n<meta name=\"twitter:card\" content=\"summary_large_image\" \/>\n<meta name=\"twitter:label1\" content=\"Written by\" \/>\n\t<meta name=\"twitter:data1\" content=\"superTDH\" \/>\n\t<meta name=\"twitter:label2\" content=\"Est. reading time\" \/>\n\t<meta name=\"twitter:data2\" content=\"5 minutes\" \/>\n<script type=\"application\/ld+json\" class=\"yoast-schema-graph\">{\"@context\":\"https:\/\/schema.org\",\"@graph\":[{\"@type\":\"WebPage\",\"@id\":\"https:\/\/terredeshommes.it\/eng\/comunicati\/iogiocoallapari-la-nazionale-femminile-rugby-campo-terre-des-hommes\/\",\"url\":\"https:\/\/terredeshommes.it\/eng\/comunicati\/iogiocoallapari-la-nazionale-femminile-rugby-campo-terre-des-hommes\/\",\"name\":\"#IoGiocoAllaPari: la Nazionale femminile di rugby in campo con Terre des Hommes - Terre des Hommes Italia\",\"isPartOf\":{\"@id\":\"https:\/\/terredeshommes.it\/eng\/#website\"},\"datePublished\":\"2021-09-21T07:44:31+00:00\",\"dateModified\":\"2022-07-28T07:45:35+00:00\",\"author\":{\"@id\":\"https:\/\/terredeshommes.it\/eng\/#\/schema\/person\/adf40aab21514bbdc483bd807a69efed\"},\"breadcrumb\":{\"@id\":\"https:\/\/terredeshommes.it\/eng\/comunicati\/iogiocoallapari-la-nazionale-femminile-rugby-campo-terre-des-hommes\/#breadcrumb\"},\"inLanguage\":\"en-US\",\"potentialAction\":[{\"@type\":\"ReadAction\",\"target\":[\"https:\/\/terredeshommes.it\/eng\/comunicati\/iogiocoallapari-la-nazionale-femminile-rugby-campo-terre-des-hommes\/\"]}]},{\"@type\":\"BreadcrumbList\",\"@id\":\"https:\/\/terredeshommes.it\/eng\/comunicati\/iogiocoallapari-la-nazionale-femminile-rugby-campo-terre-des-hommes\/#breadcrumb\",\"itemListElement\":[{\"@type\":\"ListItem\",\"position\":1,\"name\":\"Home\",\"item\":\"https:\/\/terredeshommes.it\/eng\/\"},{\"@type\":\"ListItem\",\"position\":2,\"name\":\"#IoGiocoAllaPari: la Nazionale femminile di rugby in campo con Terre des Hommes\"}]},{\"@type\":\"WebSite\",\"@id\":\"https:\/\/terredeshommes.it\/eng\/#website\",\"url\":\"https:\/\/terredeshommes.it\/eng\/\",\"name\":\"Terre des Hommes Italia\",\"description\":\"Proteggiamo i bambini insieme\",\"potentialAction\":[{\"@type\":\"SearchAction\",\"target\":{\"@type\":\"EntryPoint\",\"urlTemplate\":\"https:\/\/terredeshommes.it\/eng\/?s={search_term_string}\"},\"query-input\":\"required name=search_term_string\"}],\"inLanguage\":\"en-US\"},{\"@type\":\"Person\",\"@id\":\"https:\/\/terredeshommes.it\/eng\/#\/schema\/person\/adf40aab21514bbdc483bd807a69efed\",\"name\":\"superTDH\",\"url\":\"https:\/\/terredeshommes.it\/eng\/author\/supertdh\/\"}]}<\/script>\n<!-- \/ Yoast SEO plugin. -->","yoast_head_json":{"title":"#IoGiocoAllaPari: la Nazionale femminile di rugby in campo con Terre des Hommes - Terre des Hommes Italia","robots":{"index":"index","follow":"follow","max-snippet":"max-snippet:-1","max-image-preview":"max-image-preview:large","max-video-preview":"max-video-preview:-1"},"canonical":"https:\/\/terredeshommes.it\/eng\/comunicati\/iogiocoallapari-la-nazionale-femminile-rugby-campo-terre-des-hommes\/","og_locale":"en_US","og_type":"article","og_title":"#IoGiocoAllaPari: la Nazionale femminile di rugby in campo con Terre des Hommes - Terre des Hommes Italia","og_description":"Un ulteriore tassello posto dalla Federazione Italiana Rugby insieme a Terre des Hommes - Fondazione in prima linea dal 1960 per proteggere i bambini di tutto il mondo dalla violenza, dall\u2019abuso e dallo sfruttamento - per rinforzare la partnership in corso.In occasione delle prossime partite di qualificazione alla Coppa del Mondo - in programma nell\u2019autunno [&hellip;]","og_url":"https:\/\/terredeshommes.it\/eng\/comunicati\/iogiocoallapari-la-nazionale-femminile-rugby-campo-terre-des-hommes\/","og_site_name":"Terre des Hommes Italia","article_published_time":"2021-09-21T07:44:31+00:00","article_modified_time":"2022-07-28T07:45:35+00:00","og_image":[{"width":940,"height":449,"url":"https:\/\/terredeshommes.it\/eng\/wp-content\/uploads\/iogiocoallapari_rugby.jpeg","type":"image\/jpeg"}],"author":"superTDH","twitter_card":"summary_large_image","twitter_misc":{"Written by":"superTDH","Est. reading time":"5 minutes"},"schema":{"@context":"https:\/\/schema.org","@graph":[{"@type":"WebPage","@id":"https:\/\/terredeshommes.it\/eng\/comunicati\/iogiocoallapari-la-nazionale-femminile-rugby-campo-terre-des-hommes\/","url":"https:\/\/terredeshommes.it\/eng\/comunicati\/iogiocoallapari-la-nazionale-femminile-rugby-campo-terre-des-hommes\/","name":"#IoGiocoAllaPari: la Nazionale femminile di rugby in campo con Terre des Hommes - Terre des Hommes Italia","isPartOf":{"@id":"https:\/\/terredeshommes.it\/eng\/#website"},"datePublished":"2021-09-21T07:44:31+00:00","dateModified":"2022-07-28T07:45:35+00:00","author":{"@id":"https:\/\/terredeshommes.it\/eng\/#\/schema\/person\/adf40aab21514bbdc483bd807a69efed"},"breadcrumb":{"@id":"https:\/\/terredeshommes.it\/eng\/comunicati\/iogiocoallapari-la-nazionale-femminile-rugby-campo-terre-des-hommes\/#breadcrumb"},"inLanguage":"en-US","potentialAction":[{"@type":"ReadAction","target":["https:\/\/terredeshommes.it\/eng\/comunicati\/iogiocoallapari-la-nazionale-femminile-rugby-campo-terre-des-hommes\/"]}]},{"@type":"BreadcrumbList","@id":"https:\/\/terredeshommes.it\/eng\/comunicati\/iogiocoallapari-la-nazionale-femminile-rugby-campo-terre-des-hommes\/#breadcrumb","itemListElement":[{"@type":"ListItem","position":1,"name":"Home","item":"https:\/\/terredeshommes.it\/eng\/"},{"@type":"ListItem","position":2,"name":"#IoGiocoAllaPari: la Nazionale femminile di rugby in campo con Terre des Hommes"}]},{"@type":"WebSite","@id":"https:\/\/terredeshommes.it\/eng\/#website","url":"https:\/\/terredeshommes.it\/eng\/","name":"Terre des Hommes Italia","description":"Proteggiamo i bambini insieme","potentialAction":[{"@type":"SearchAction","target":{"@type":"EntryPoint","urlTemplate":"https:\/\/terredeshommes.it\/eng\/?s={search_term_string}"},"query-input":"required name=search_term_string"}],"inLanguage":"en-US"},{"@type":"Person","@id":"https:\/\/terredeshommes.it\/eng\/#\/schema\/person\/adf40aab21514bbdc483bd807a69efed","name":"superTDH","url":"https:\/\/terredeshommes.it\/eng\/author\/supertdh\/"}]}},"_links":{"self":[{"href":"https:\/\/terredeshommes.it\/eng\/wp-json\/wp\/v2\/posts\/2343","targetHints":{"allow":["GET"]}}],"collection":[{"href":"https:\/\/terredeshommes.it\/eng\/wp-json\/wp\/v2\/posts"}],"about":[{"href":"https:\/\/terredeshommes.it\/eng\/wp-json\/wp\/v2\/types\/post"}],"author":[{"embeddable":true,"href":"https:\/\/terredeshommes.it\/eng\/wp-json\/wp\/v2\/users\/1"}],"replies":[{"embeddable":true,"href":"https:\/\/terredeshommes.it\/eng\/wp-json\/wp\/v2\/comments?post=2343"}],"version-history":[{"count":0,"href":"https:\/\/terredeshommes.it\/eng\/wp-json\/wp\/v2\/posts\/2343\/revisions"}],"wp:featuredmedia":[{"embeddable":true,"href":"https:\/\/terredeshommes.it\/eng\/wp-json\/wp\/v2\/media\/2345"}],"wp:attachment":[{"href":"https:\/\/terredeshommes.it\/eng\/wp-json\/wp\/v2\/media?parent=2343"}],"wp:term":[{"taxonomy":"category","embeddable":true,"href":"https:\/\/terredeshommes.it\/eng\/wp-json\/wp\/v2\/categories?post=2343"},{"taxonomy":"post_tag","embeddable":true,"href":"https:\/\/terredeshommes.it\/eng\/wp-json\/wp\/v2\/tags?post=2343"}],"curies":[{"name":"wp","href":"https:\/\/api.w.org\/{rel}","templated":true}]}}