{"id":2351,"date":"2021-10-06T09:48:01","date_gmt":"2021-10-06T07:48:01","guid":{"rendered":"https:\/\/terredeshommes.it\/?p=2351"},"modified":"2022-07-28T09:54:30","modified_gmt":"2022-07-28T07:54:30","slug":"minori-vittime-di-reato-forte-aumento-dei-maltrattamenti-piu-colpite-le-bambine","status":"publish","type":"post","link":"https:\/\/terredeshommes.it\/eng\/comunicati\/minori-vittime-di-reato-forte-aumento-dei-maltrattamenti-piu-colpite-le-bambine\/","title":{"rendered":"Minori vittime di reato: forte aumento dei maltrattamenti, pi\u00f9 colpite le bambine"},"content":{"rendered":"<p>[et_pb_section fb_built=&#8221;1&#8243; _builder_version=&#8221;4.16&#8243; global_colors_info=&#8221;{}&#8221;][et_pb_row column_structure=&#8221;1_5,3_5,1_5&#8243; _builder_version=&#8221;4.16&#8243; background_size=&#8221;initial&#8221; background_position=&#8221;top_left&#8221; background_repeat=&#8221;repeat&#8221; global_colors_info=&#8221;{}&#8221;][et_pb_column type=&#8221;1_5&#8243; _builder_version=&#8221;4.16&#8243; custom_padding=&#8221;|||&#8221; global_colors_info=&#8221;{}&#8221; custom_padding__hover=&#8221;|||&#8221;][\/et_pb_column][et_pb_column type=&#8221;3_5&#8243; _builder_version=&#8221;4.16&#8243; custom_padding=&#8221;|||&#8221; global_colors_info=&#8221;{}&#8221; custom_padding__hover=&#8221;|||&#8221;][et_pb_text admin_label=&#8221;Testo&#8221; _builder_version=&#8221;4.17.6&#8243; background_size=&#8221;initial&#8221; background_position=&#8221;top_left&#8221; background_repeat=&#8221;repeat&#8221; hover_enabled=&#8221;0&#8243; global_colors_info=&#8221;{}&#8221; sticky_enabled=&#8221;0&#8243;]<\/p>\n<p>L\u2019anno del Covid-19 non ha risparmiato bambine e bambini. I dati elaborati per il <a href=\"https:\/\/bit.ly\/DossierIndifesa21\" target=\"_blank\" rel=\"noopener\">Dossier indifesa<\/a> di Terre des Hommes dal Servizio Analisi Criminale della <a href=\"https:\/\/www.interno.gov.it\/it\/ministero\/dipartimenti\/dipartimento-pubblica-sicurezza\/direzione-centrale-polizia-criminale\" target=\"_blank\" rel=\"noopener\">Direzione Centrale Polizia Criminale<\/a> evidenziano le <strong>conseguenze drammatiche dei lunghi periodi in casa<\/strong>. Rispetto al 2019 nel nostro Paese si registra, infatti, un <strong>aumento del 13% delle vittime minorenni del reato di Maltrattamenti contro famigliari e conviventi<\/strong> (art. 572 del Codice Penale). Ben <strong>1.260 bambine e 1.117 bambini hanno subito violenze in famiglia che hanno richiesto l\u2019intervento delle Forze dell\u2019ordine<\/strong>, abusi che avranno ripercussioni per tutta la loro vita! Allarmante l\u2019aumento delle vittime per tale reato nel decennio 2010-2020 che registra un +137%.<\/p>\n<p>Anche se rispetto all\u2019anno precedente <strong>nel 2020 il numero di minori vittime di reato \u00e8 leggermente calato<\/strong>, passando da <strong>5.939<\/strong> a <strong>5.789 (-3%)<\/strong> alcuni reati hanno avuto un incremento notevole, complice il <em>lockdown<\/em>. In un anno in cui i reati telematici sono cresciuti del 13,9%, non stupisce che anche un reato come la <strong>Detenzione di materiale pornografico realizzato utilizzando minorenni<\/strong> sia in forte aumento, con un <strong>balzo del 14% delle vittime minorenni<\/strong>, e addirittura del 525% su 10 anni (2010-2020).<\/p>\n<p>Per contro, la pandemia ha reso pi\u00f9 complicata l\u2019intercettazione di altre forme di reato, in particolare, a calare sono i casi di <strong>Abuso di mezzi di correzione o disciplina<\/strong> (-36%), quelli di <strong>Prostituzione Minorile<\/strong> (-34%), gli <strong>Atti sessuali con minorenni di anni 14<\/strong> (-21%), i casi di <strong>Corruzione di Minorenne<\/strong> (-16%,) e quelli di <strong>violenza sessuale<\/strong> (-13%).<\/p>\n<p>Marcata la differenza di genere: <strong>la maggioranza delle vittime sono infatti bambine e ragazze<\/strong>, con una percentuale che arriva addirittura al <strong>65%<\/strong> dei casi. Un dato tra i pi\u00f9 alti mai registrati nella serie storica raccolta in questi dieci anni da Terre des Hommes, con punte dell\u2019<strong>89% per i casi di Violenza Sessuale Aggravata<\/strong> e dell\u2019<strong>88%<\/strong> per quelli di <strong>Violenza Sessuale<\/strong>, subita l\u2019anno scorso da ben 488 bambine e ragazze nel nostro Paese. Ma anche tra le mura domestiche, con il <strong>53%<\/strong> dei casi di <strong>Maltrattamento<\/strong>, il reato si \u00e8 consumato sui corpi e sulla psiche di bambine e ragazze.<\/p>\n<p>Analizzando pi\u00f9 da vicino la situazione nelle diverse regioni d\u2019Italia, <strong>la Lombardia si conferma come la prima regione d\u2019Italia per numero di minori vittime di reato<\/strong> (963 nel 2020), seguita da <strong>Emilia Romagna<\/strong> con 705 vittime, <strong>Sicilia<\/strong> (672), <strong>Lazio<\/strong> (464), <strong>Veneto<\/strong> (443), <strong>Toscana<\/strong> (392), <strong>Piemonte<\/strong> (364) e <strong>Campania<\/strong> (360). In tutte la componente di genere femminile \u00e8 prevalente.<\/p>\n<p>Sempre <strong>la Lombardia ha il triste primato di minori vittime dei reati di maltrattamenti<\/strong> in famiglia <strong>e violenze sessuali<\/strong>, rispettivamente con 367 e 108 vittime. Ad aver registrato il maggior numero di <strong>omicidi volontari<\/strong> sono invece <strong>Campania<\/strong> e <strong>Piemonte<\/strong>, ciascuna con 3 vittime.<\/p>\n<p>Il decimo <a href=\"https:\/\/bit.ly\/DossierIndifesa21\" target=\"_blank\" rel=\"noopener\">Dossier indifesa<\/a> \u00e8 stato presentato oggi da Terre des Hommes a Roma alla presenza della <strong>Ministra per le Pari Opportunit\u00e0 e la Famiglia Elena Bonetti<\/strong>, della <strong>Sottosegretaria di Stato alla Presidenza del Consiglio con delega allo Sport Valentina Vezzali<\/strong> e del <strong>Direttore del Servizio Analisi Criminale del Dipartimento della Pubblica Sicurezza Stefano Delfini<\/strong>.<\/p>\n<p>\u201c<em>Per milioni di bambine e di ragazze la pandemia ha avuto effetti tragici che continueranno a farsi sentire per molti anni a venire<\/em>,\u201d dichiara <strong>Donatella Vergari<\/strong>, <strong>Presidente di Terre des Hommes<\/strong>. \u201c<em>Oggi pi\u00f9 che mai, con i suoi progetti e con la Campagna indifesa la Fondazione \u00e8 in prima linea per proteggere le bambine e le ragazze nel mondo e in Italia. Anche nel nostro Paese, infatti, il COVID-19 ha avuto pesanti conseguenze sulla vita delle pi\u00f9 giovani e sulle loro opportunit\u00e0 per il futuro. Il PNRR sar\u00e0 un\u2019occasione fondamentale, che il Governo e le Istituzioni tutte non possono permettersi di perdere, al fine di rimettere al centro i diritti dell\u2019infanzia e in particolare delle bambine e delle ragazze<\/em>.\u201d<\/p>\n<p>\u201c<em>Il tempo che stiamo vivendo<\/em>&#8220;, spiega la <strong>Ministra per le Pari Opportunit\u00e0 e la Famiglia, Elena Bonetti<\/strong>, &#8220;<em>ci consegna innumerevoli ferite da sanare, e Terre des Hommes non smette di portarle sotto gli occhi di tutti. Ci consegna anche un\u2019opportunit\u00e0 inedita da cogliere per garantire un futuro pi\u00f9 giusto e sostenibile per tutte le bambine, le ragazze, e le donne che verranno. Abbiamo bisogno di un investimento coraggioso in educazione, nella prevenzione e nell\u2019empowerment delle donne, che \u00e8 liberazione delle energie femminili ancora inespresse. L\u2019Italia ha scelto di liberare questa energia e le opportunit\u00e0 che appartengono alle donne. La parit\u00e0 di genere \u00e8 un obiettivo trasversale del Piano Italia Domani, approvato nell\u2019ambito del Next Generation Eu, e per la prima volta ci siamo dati una Strategia nazionale pluriennale per la parit\u00e0, con un approccio integrato alla promozione delle pari opportunit\u00e0 e indicatori per la misurazione degli obiettivi<\/em>&#8220;.<\/p>\n<p>\u201c<em>Ho sempre sostenuto le campagne di Terre des Hommes. Oggi, da Sottosegretaria allo Sport, non posso che seguire con molta attenzione e da vicino la presentazione del Dossier Indifesa e soprattutto la campagna <strong>\u201c#IoGiocoAllaPari<\/strong>\u201d che vedr\u00e0 lo sport, ancora una volta, testimonial dei valori del rispetto e dell\u2019uguaglianza, che sono a fondamento del vivere sportivo<\/em>\u201d, dichiara la <strong>Sottosegretaria di Stato alla Presidenza del Consiglio con delega allo sport, On. Valentina Vezzali<\/strong>. \u201c<em>Mai come in questo periodo, poi, serve lanciare messaggi importanti a difesa soprattutto delle pi\u00f9 \u201cindifese\u201d. Lo sport \u00e8 e deve essere un megafono importante per arrivare a tutti, soprattutto ai pi\u00f9 giovani<\/em>\u201d.<\/p>\n<p>\u201c<em>\u00c8 estremamente importante per noi essere presenti oggi insieme a Terre des Hommes per condividere i dati sui reati a danno di minori. I numeri rilevati nell\u2019anno del Covid evidenziano l\u2019aumento di specifiche forme di reato; tuttavia questo dato non ha una valenza esclusivamente negativa, in quanto potrebbe disvelare una maggiore propensione alla denuncia per i delitti in questione<\/em>\u201d, afferma <strong>Stefano Delfini, Direttore del Servizio Analisi Criminale del Dipartimento della Pubblica Sicurezza<\/strong>. \u201c<em>La crescente attenzione che genitori, educatori, psicologi, Forze di polizia e operatori sociali prestano ai minori alimenta, infatti, una solida sinergia in grado di consentire l\u2019emersione del \u201csommerso di violenze\u201d, consumate spesso nel silenzio. L\u2019impegno delle Forze di Polizia per la prevenzione e la repressione di tutte le condotte poste in essere in danno dei minori si concentra anche sulla formazione specifica del personale, unita al potenziamento della collaborazione con esperti medici e psicologi con l\u2019obiettivo di continuare ad elevare la qualit\u00e0 dei servizi offerti ai cittadini<\/em>\u201d.<\/p>\n<p>Il Covid 19 non ha avuto ripercussioni solo nel nostro paese. Come ampiamente descritto nel dossier la pandemia sta avendo conseguenze drammatiche in tutto il mondo: <strong>tra gli 11 e 20 milioni di bambine e ragazze hanno lasciato la scuola a causa dei lockdown<\/strong> e si stima che <strong>nei prossimi dieci anni il numero di spose bambine aumenter\u00e0 di 10 milioni<\/strong>.<\/p>\n<p><strong>Un dato su tutti riassume il tempo perso in questi due anni nella lotta alle discriminazioni di genere<\/strong>: se prima del Covid-19 si stimava che sarebbero stati \u201csufficienti\u201d 99 anni per raggiungere la parit\u00e0 di genere, <strong>oggi se ne stimano almeno 135<\/strong>: <strong>in meno di 2 anni ci siamo letteralmente mangiati i progressi di un ventennio<\/strong> (1).<\/p>\n<p>Nonostante i numeri sconfortanti il rapporto riesce a offrire anche una panoramica di come, attraverso la segmentazione dei dati, la sperimentazione di buone pratiche, e soprattutto il protagonismo delle ragazze e dei ragazzi, si siano <strong>ottenuti risultati concreti<\/strong>, sfidando vecchie consuetudini, tab\u00f9 e leggi ormai superate dal sentimento comune.<\/p>\n<p>La conferenza ha promosso un confronto proficuo tra a rappresentanti delle istituzioni, esponenti del mondo dei media e dello sport per <strong>riflessioni e proposte concrete che mettano al centro la partecipazione dei pi\u00f9 giovani<\/strong> per favorire un reale cambiamento e recuperare il tempo perso nel difficile percorso verso la parit\u00e0 di genere.<\/p>\n<p>Emblematica la testimonianza di <strong>Maria Khoshy<\/strong>, attivista afghana, Ambassador della Campagna internazionale \u201c<em>Destination Unknown<\/em>\u201d di Terre des Hommes, che ha dato voce al dramma delle donne afgane e a un\u2019intera generazione di attivisti giovanissimi che con la loro partecipazione stanno cambiando il modo in cui il mondo sta affrontando i diritti umani, i cambiamenti climatici e i diritti dei bambini e degli adolescenti e la questione di genere.<\/p>\n<p>LE RACCOMANDAZIONI ALLE ISTITUZIONI ITALIANE<\/p>\n<p>La decima edizione del Dossier indifesa \u00e8 stata anche l\u2019occasione per presentare alle istituzioni italiane <strong>15 raccomandazioni<\/strong> elaborate con il contributo fondamentale di un <strong>Comitato Scientifico<\/strong> di donne provenienti dal mondo dell\u2019economia, dell\u2019attivismo, dello sport, delle scienze applicate, dell\u2019Universit\u00e0 e delle istituzioni. Un\u2019occasione per ribadire l\u2019<strong>urgenza di rimettere al centro delle agende politiche i diritti delle bambine e delle ragazze e la partecipazione delle giovani generazioni<\/strong>, per costruire una societ\u00e0 pi\u00f9 inclusiva e paritaria e per chiedere al Governo e agli enti locali di Rendere effettivi gli impegni presi con la <strong>Strategia Europea<\/strong> e la <strong>Strategia Nazionale per la parit\u00e0 di genere<\/strong> e con il <strong>Piano Nazionale di Ripresa e Resilienza<\/strong>, monitorando costantemente il raggiungimento degli obiettivi specifici fissati e intervenendo con gli opportuni correttivi in caso di scostamenti dalle previsioni iniziali.<\/p>\n<p>Leggi tutte le <strong>raccomandazioni<\/strong> <a href=\"https:\/\/terredeshommes.it\/eng\/wp-content\/uploads\/Raccomandazioni.pdf\" target=\"_blank\" rel=\"noopener\">qui<\/a><\/p>\n<p>Il Dossier indifesa 2021 \u00e8 disponibile <a href=\"https:\/\/bit.ly\/DossierIndifesa21\" target=\"_blank\" rel=\"noopener\">qui<\/a><\/p>\n<p>La <a href=\"https:\/\/terredeshommes.it\/eng\/indifesa\/\" target=\"_blank\" rel=\"noopener\">Campagna indifesa<\/a> ha ottenuto il <strong>patrocinio<\/strong> di CONI \u2013 Comitato Olimpico Nazionale Italiano, Divisione Calcio Femminile FIGC &#8211; Federazione Italiana Giuoco Calcio,\u00a0Federazione Italiana Di Atletica Leggera; Federazione Italiana Nuoto, Federazione Italiana Pallacanestro,\u00a0Federazione Italiana Pallavolo, Federazione Pugilistica Italiana, Federugby.<\/p>\n<p>Hanno sostenuto <strong>indifesa<\/strong>: BATA, BIC\u00ae, BIC\u00ae Foundation, Douglas, Esserbella, catena di profumerie del Gruppo Esselunga, Fondazione Milan, Fondazione Zanetti, MainAD, OneDay Group; Sorgenia, Valvorobica.<\/p>\n<p>(1) Fonte Global Gender Gap 2021<\/p>\n<p>[\/et_pb_text][\/et_pb_column][et_pb_column type=&#8221;1_5&#8243; _builder_version=&#8221;4.16&#8243; custom_padding=&#8221;|||&#8221; global_colors_info=&#8221;{}&#8221; custom_padding__hover=&#8221;|||&#8221;][\/et_pb_column][\/et_pb_row][\/et_pb_section]<\/p>\n","protected":false},"excerpt":{"rendered":"<p>L\u2019anno del Covid-19 non ha risparmiato bambine e bambini. I dati elaborati per il Dossier indifesa di Terre des Hommes dal Servizio Analisi Criminale della Direzione Centrale Polizia Criminale evidenziano le conseguenze drammatiche dei lunghi periodi in casa. Rispetto al 2019 nel nostro Paese si registra, infatti, un aumento del 13% delle vittime minorenni del [&hellip;]<\/p>\n","protected":false},"author":1,"featured_media":2354,"comment_status":"open","ping_status":"open","sticky":false,"template":"","format":"standard","meta":{"_et_pb_use_builder":"on","_et_pb_old_content":"Cras mattis consectetur purus sit amet fermentum. Aenean lacinia bibendum nulla sed consectetur. Donec ullamcorper nulla non metus auctor fringilla. Donec ullamcorper nulla non metus auctor fringilla.","_et_gb_content_width":"","footnotes":""},"categories":[16],"tags":[],"class_list":["post-2351","post","type-post","status-publish","format-standard","has-post-thumbnail","hentry","category-comunicati"],"yoast_head":"<!-- This site is optimized with the Yoast SEO plugin v21.1 - https:\/\/yoast.com\/wordpress\/plugins\/seo\/ -->\n<title>Minori vittime di reato: forte aumento dei maltrattamenti, pi\u00f9 colpite le bambine - Terre des Hommes Italia<\/title>\n<meta name=\"robots\" content=\"index, follow, max-snippet:-1, max-image-preview:large, max-video-preview:-1\" \/>\n<link rel=\"canonical\" href=\"https:\/\/terredeshommes.it\/eng\/comunicati\/minori-vittime-di-reato-forte-aumento-dei-maltrattamenti-piu-colpite-le-bambine\/\" \/>\n<meta property=\"og:locale\" content=\"en_US\" \/>\n<meta property=\"og:type\" content=\"article\" \/>\n<meta property=\"og:title\" content=\"Minori vittime di reato: forte aumento dei maltrattamenti, pi\u00f9 colpite le bambine - Terre des Hommes Italia\" \/>\n<meta property=\"og:description\" content=\"L\u2019anno del Covid-19 non ha risparmiato bambine e bambini. I dati elaborati per il Dossier indifesa di Terre des Hommes dal Servizio Analisi Criminale della Direzione Centrale Polizia Criminale evidenziano le conseguenze drammatiche dei lunghi periodi in casa. Rispetto al 2019 nel nostro Paese si registra, infatti, un aumento del 13% delle vittime minorenni del [&hellip;]\" \/>\n<meta property=\"og:url\" content=\"https:\/\/terredeshommes.it\/eng\/comunicati\/minori-vittime-di-reato-forte-aumento-dei-maltrattamenti-piu-colpite-le-bambine\/\" \/>\n<meta property=\"og:site_name\" content=\"Terre des Hommes Italia\" \/>\n<meta property=\"article:published_time\" content=\"2021-10-06T07:48:01+00:00\" \/>\n<meta property=\"article:modified_time\" content=\"2022-07-28T07:54:30+00:00\" \/>\n<meta property=\"og:image\" content=\"https:\/\/terredeshommes.it\/eng\/wp-content\/uploads\/presentazione_dossier_2021.png\" \/>\n\t<meta property=\"og:image:width\" content=\"1200\" \/>\n\t<meta property=\"og:image:height\" content=\"600\" \/>\n\t<meta property=\"og:image:type\" content=\"image\/png\" \/>\n<meta name=\"author\" content=\"superTDH\" \/>\n<meta name=\"twitter:card\" content=\"summary_large_image\" \/>\n<meta name=\"twitter:label1\" content=\"Written by\" \/>\n\t<meta name=\"twitter:data1\" content=\"superTDH\" \/>\n\t<meta name=\"twitter:label2\" content=\"Est. reading time\" \/>\n\t<meta name=\"twitter:data2\" content=\"4 minutes\" \/>\n<script type=\"application\/ld+json\" class=\"yoast-schema-graph\">{\"@context\":\"https:\/\/schema.org\",\"@graph\":[{\"@type\":\"WebPage\",\"@id\":\"https:\/\/terredeshommes.it\/eng\/comunicati\/minori-vittime-di-reato-forte-aumento-dei-maltrattamenti-piu-colpite-le-bambine\/\",\"url\":\"https:\/\/terredeshommes.it\/eng\/comunicati\/minori-vittime-di-reato-forte-aumento-dei-maltrattamenti-piu-colpite-le-bambine\/\",\"name\":\"Minori vittime di reato: forte aumento dei maltrattamenti, pi\u00f9 colpite le bambine - Terre des Hommes Italia\",\"isPartOf\":{\"@id\":\"https:\/\/terredeshommes.it\/eng\/#website\"},\"datePublished\":\"2021-10-06T07:48:01+00:00\",\"dateModified\":\"2022-07-28T07:54:30+00:00\",\"author\":{\"@id\":\"https:\/\/terredeshommes.it\/eng\/#\/schema\/person\/adf40aab21514bbdc483bd807a69efed\"},\"breadcrumb\":{\"@id\":\"https:\/\/terredeshommes.it\/eng\/comunicati\/minori-vittime-di-reato-forte-aumento-dei-maltrattamenti-piu-colpite-le-bambine\/#breadcrumb\"},\"inLanguage\":\"en-US\",\"potentialAction\":[{\"@type\":\"ReadAction\",\"target\":[\"https:\/\/terredeshommes.it\/eng\/comunicati\/minori-vittime-di-reato-forte-aumento-dei-maltrattamenti-piu-colpite-le-bambine\/\"]}]},{\"@type\":\"BreadcrumbList\",\"@id\":\"https:\/\/terredeshommes.it\/eng\/comunicati\/minori-vittime-di-reato-forte-aumento-dei-maltrattamenti-piu-colpite-le-bambine\/#breadcrumb\",\"itemListElement\":[{\"@type\":\"ListItem\",\"position\":1,\"name\":\"Home\",\"item\":\"https:\/\/terredeshommes.it\/eng\/\"},{\"@type\":\"ListItem\",\"position\":2,\"name\":\"Minori vittime di reato: forte aumento dei maltrattamenti, pi\u00f9 colpite le bambine\"}]},{\"@type\":\"WebSite\",\"@id\":\"https:\/\/terredeshommes.it\/eng\/#website\",\"url\":\"https:\/\/terredeshommes.it\/eng\/\",\"name\":\"Terre des Hommes Italia\",\"description\":\"Proteggiamo i bambini insieme\",\"potentialAction\":[{\"@type\":\"SearchAction\",\"target\":{\"@type\":\"EntryPoint\",\"urlTemplate\":\"https:\/\/terredeshommes.it\/eng\/?s={search_term_string}\"},\"query-input\":\"required name=search_term_string\"}],\"inLanguage\":\"en-US\"},{\"@type\":\"Person\",\"@id\":\"https:\/\/terredeshommes.it\/eng\/#\/schema\/person\/adf40aab21514bbdc483bd807a69efed\",\"name\":\"superTDH\",\"url\":\"https:\/\/terredeshommes.it\/eng\/author\/supertdh\/\"}]}<\/script>\n<!-- \/ Yoast SEO plugin. -->","yoast_head_json":{"title":"Minori vittime di reato: forte aumento dei maltrattamenti, pi\u00f9 colpite le bambine - Terre des Hommes Italia","robots":{"index":"index","follow":"follow","max-snippet":"max-snippet:-1","max-image-preview":"max-image-preview:large","max-video-preview":"max-video-preview:-1"},"canonical":"https:\/\/terredeshommes.it\/eng\/comunicati\/minori-vittime-di-reato-forte-aumento-dei-maltrattamenti-piu-colpite-le-bambine\/","og_locale":"en_US","og_type":"article","og_title":"Minori vittime di reato: forte aumento dei maltrattamenti, pi\u00f9 colpite le bambine - Terre des Hommes Italia","og_description":"L\u2019anno del Covid-19 non ha risparmiato bambine e bambini. I dati elaborati per il Dossier indifesa di Terre des Hommes dal Servizio Analisi Criminale della Direzione Centrale Polizia Criminale evidenziano le conseguenze drammatiche dei lunghi periodi in casa. Rispetto al 2019 nel nostro Paese si registra, infatti, un aumento del 13% delle vittime minorenni del [&hellip;]","og_url":"https:\/\/terredeshommes.it\/eng\/comunicati\/minori-vittime-di-reato-forte-aumento-dei-maltrattamenti-piu-colpite-le-bambine\/","og_site_name":"Terre des Hommes Italia","article_published_time":"2021-10-06T07:48:01+00:00","article_modified_time":"2022-07-28T07:54:30+00:00","og_image":[{"width":1200,"height":600,"url":"https:\/\/terredeshommes.it\/eng\/wp-content\/uploads\/presentazione_dossier_2021.png","type":"image\/png"}],"author":"superTDH","twitter_card":"summary_large_image","twitter_misc":{"Written by":"superTDH","Est. reading time":"4 minutes"},"schema":{"@context":"https:\/\/schema.org","@graph":[{"@type":"WebPage","@id":"https:\/\/terredeshommes.it\/eng\/comunicati\/minori-vittime-di-reato-forte-aumento-dei-maltrattamenti-piu-colpite-le-bambine\/","url":"https:\/\/terredeshommes.it\/eng\/comunicati\/minori-vittime-di-reato-forte-aumento-dei-maltrattamenti-piu-colpite-le-bambine\/","name":"Minori vittime di reato: forte aumento dei maltrattamenti, pi\u00f9 colpite le bambine - Terre des Hommes Italia","isPartOf":{"@id":"https:\/\/terredeshommes.it\/eng\/#website"},"datePublished":"2021-10-06T07:48:01+00:00","dateModified":"2022-07-28T07:54:30+00:00","author":{"@id":"https:\/\/terredeshommes.it\/eng\/#\/schema\/person\/adf40aab21514bbdc483bd807a69efed"},"breadcrumb":{"@id":"https:\/\/terredeshommes.it\/eng\/comunicati\/minori-vittime-di-reato-forte-aumento-dei-maltrattamenti-piu-colpite-le-bambine\/#breadcrumb"},"inLanguage":"en-US","potentialAction":[{"@type":"ReadAction","target":["https:\/\/terredeshommes.it\/eng\/comunicati\/minori-vittime-di-reato-forte-aumento-dei-maltrattamenti-piu-colpite-le-bambine\/"]}]},{"@type":"BreadcrumbList","@id":"https:\/\/terredeshommes.it\/eng\/comunicati\/minori-vittime-di-reato-forte-aumento-dei-maltrattamenti-piu-colpite-le-bambine\/#breadcrumb","itemListElement":[{"@type":"ListItem","position":1,"name":"Home","item":"https:\/\/terredeshommes.it\/eng\/"},{"@type":"ListItem","position":2,"name":"Minori vittime di reato: forte aumento dei maltrattamenti, pi\u00f9 colpite le bambine"}]},{"@type":"WebSite","@id":"https:\/\/terredeshommes.it\/eng\/#website","url":"https:\/\/terredeshommes.it\/eng\/","name":"Terre des Hommes Italia","description":"Proteggiamo i bambini insieme","potentialAction":[{"@type":"SearchAction","target":{"@type":"EntryPoint","urlTemplate":"https:\/\/terredeshommes.it\/eng\/?s={search_term_string}"},"query-input":"required name=search_term_string"}],"inLanguage":"en-US"},{"@type":"Person","@id":"https:\/\/terredeshommes.it\/eng\/#\/schema\/person\/adf40aab21514bbdc483bd807a69efed","name":"superTDH","url":"https:\/\/terredeshommes.it\/eng\/author\/supertdh\/"}]}},"_links":{"self":[{"href":"https:\/\/terredeshommes.it\/eng\/wp-json\/wp\/v2\/posts\/2351","targetHints":{"allow":["GET"]}}],"collection":[{"href":"https:\/\/terredeshommes.it\/eng\/wp-json\/wp\/v2\/posts"}],"about":[{"href":"https:\/\/terredeshommes.it\/eng\/wp-json\/wp\/v2\/types\/post"}],"author":[{"embeddable":true,"href":"https:\/\/terredeshommes.it\/eng\/wp-json\/wp\/v2\/users\/1"}],"replies":[{"embeddable":true,"href":"https:\/\/terredeshommes.it\/eng\/wp-json\/wp\/v2\/comments?post=2351"}],"version-history":[{"count":0,"href":"https:\/\/terredeshommes.it\/eng\/wp-json\/wp\/v2\/posts\/2351\/revisions"}],"wp:featuredmedia":[{"embeddable":true,"href":"https:\/\/terredeshommes.it\/eng\/wp-json\/wp\/v2\/media\/2354"}],"wp:attachment":[{"href":"https:\/\/terredeshommes.it\/eng\/wp-json\/wp\/v2\/media?parent=2351"}],"wp:term":[{"taxonomy":"category","embeddable":true,"href":"https:\/\/terredeshommes.it\/eng\/wp-json\/wp\/v2\/categories?post=2351"},{"taxonomy":"post_tag","embeddable":true,"href":"https:\/\/terredeshommes.it\/eng\/wp-json\/wp\/v2\/tags?post=2351"}],"curies":[{"name":"wp","href":"https:\/\/api.w.org\/{rel}","templated":true}]}}