{"id":2355,"date":"2021-11-23T09:54:57","date_gmt":"2021-11-23T08:54:57","guid":{"rendered":"https:\/\/terredeshommes.it\/?p=2355"},"modified":"2022-07-28T09:56:21","modified_gmt":"2022-07-28T07:56:21","slug":"terre-des-hommes-si-gemella-lasilo-mariuccia-ed-entra-nel-circolo-degli-amici-del-bene-comune","status":"publish","type":"post","link":"https:\/\/terredeshommes.it\/eng\/comunicati\/terre-des-hommes-si-gemella-lasilo-mariuccia-ed-entra-nel-circolo-degli-amici-del-bene-comune\/","title":{"rendered":"Terre des Hommes si gemella con l\u2019Asilo Mariuccia ed entra nel circolo degli Amici del Bene Comune"},"content":{"rendered":"<p>[et_pb_section fb_built=&#8221;1&#8243; _builder_version=&#8221;4.16&#8243; global_colors_info=&#8221;{}&#8221;][et_pb_row column_structure=&#8221;1_5,3_5,1_5&#8243; _builder_version=&#8221;4.16&#8243; background_size=&#8221;initial&#8221; background_position=&#8221;top_left&#8221; background_repeat=&#8221;repeat&#8221; global_colors_info=&#8221;{}&#8221;][et_pb_column type=&#8221;1_5&#8243; _builder_version=&#8221;4.16&#8243; custom_padding=&#8221;|||&#8221; global_colors_info=&#8221;{}&#8221; custom_padding__hover=&#8221;|||&#8221;][\/et_pb_column][et_pb_column type=&#8221;3_5&#8243; _builder_version=&#8221;4.16&#8243; custom_padding=&#8221;|||&#8221; global_colors_info=&#8221;{}&#8221; custom_padding__hover=&#8221;|||&#8221;][et_pb_text admin_label=&#8221;Testo&#8221; _builder_version=&#8221;4.17.6&#8243; background_size=&#8221;initial&#8221; background_position=&#8221;top_left&#8221; background_repeat=&#8221;repeat&#8221; hover_enabled=&#8221;0&#8243; global_colors_info=&#8221;{}&#8221; sticky_enabled=&#8221;0&#8243;]<\/p>\n<p>Si allarga il fronte del bene comune lombardo. F<strong>ondazione Asilo Mariuccia e Terre des Hommes celebrano infatti il loro gemellaggio<\/strong> e contestualmente l\u2019entrata di Terre des Hommes nel circolo degli \u201cAmici del Bene Comune\u201d che conta gi\u00e0 11 \u201cgemelli\u201d: Fondazione Don Gnocchi, Croce Rossa Milano, Istituto dei Ciechi, Societ\u00e0 Umanitaria, City Angels, Fondazione Francesca Rava, la Cordata, Gruppo Betania, CAF, Villaggio della Madre e del Fanciullo, Pane Quotidiano.<\/p>\n<p>Terre des Hommes Italia onlus \u00e8 una associazione che solo nell\u2019ultimo anno ha realizzato <strong>146 progetti<\/strong> in <strong>22 paesi del mondo<\/strong> dedicandosi in particolare ai temi della Child Protection, della sanit\u00e0 di base e del diritto all\u2019educazione, con circa 1 milione di beneficiari diretti.<\/p>\n<p><em>\u201cSiamo felici che si unisca al circolo anche una realt\u00e0 importante come Terre des Hommes, lo ritengo un segnale positivo per tutta Milano<\/em> \u2013 dichiara <strong>Camillo De Milato<\/strong>, <strong>presidente della Fondazione Asilo Mariuccia<\/strong> \u2013 <em>perch\u00e9 per occuparsi di bene comune dobbiamo fare rete, soprattutto in tempi difficili come questi, solo cos\u00ec possiamo dare un vero contributo positivo alla nostra societ\u00e0\u201d<\/em><br \/><em>\u201cLa collaborazione con realt\u00e0 del territorio \u00e8 un elemento fondamentale di tutti i nostri interventi, nel mondo, cos\u00ec come qui a Milano, dove abbiamo visto, negli ultimi due anni di Pandemia, una crescita esponenziale della povert\u00e0 che ha colpito soprattutto famiglie con bambini.\u201d<\/em> Afferma <strong>Donatella Vergari, Presidente di Terre des Hommes Italia<\/strong> <em>\u201cSiamo entusiasti del gemellaggio con la Fondazione Asilo Mariuccia da cui, siamo certi, potranno nascere bellissime opportunit\u00e0 di sinergia per fare del bene nella nostra citt\u00e0.\u201d<\/em><\/p>\n<p>[\/et_pb_text][\/et_pb_column][et_pb_column type=&#8221;1_5&#8243; _builder_version=&#8221;4.16&#8243; custom_padding=&#8221;|||&#8221; global_colors_info=&#8221;{}&#8221; custom_padding__hover=&#8221;|||&#8221;][\/et_pb_column][\/et_pb_row][\/et_pb_section]<\/p>\n","protected":false},"excerpt":{"rendered":"<p>Si allarga il fronte del bene comune lombardo. Fondazione Asilo Mariuccia e Terre des Hommes celebrano infatti il loro gemellaggio e contestualmente l\u2019entrata di Terre des Hommes nel circolo degli \u201cAmici del Bene Comune\u201d che conta gi\u00e0 11 \u201cgemelli\u201d: Fondazione Don Gnocchi, Croce Rossa Milano, Istituto dei Ciechi, Societ\u00e0 Umanitaria, City Angels, Fondazione Francesca Rava, [&hellip;]<\/p>\n","protected":false},"author":1,"featured_media":2357,"comment_status":"open","ping_status":"open","sticky":false,"template":"","format":"standard","meta":{"_et_pb_use_builder":"on","_et_pb_old_content":"Cras mattis consectetur purus sit amet fermentum. Aenean lacinia bibendum nulla sed consectetur. Donec ullamcorper nulla non metus auctor fringilla. Donec ullamcorper nulla non metus auctor fringilla.","_et_gb_content_width":"","footnotes":""},"categories":[16],"tags":[],"class_list":["post-2355","post","type-post","status-publish","format-standard","has-post-thumbnail","hentry","category-comunicati"],"yoast_head":"<!-- This site is optimized with the Yoast SEO plugin v21.1 - https:\/\/yoast.com\/wordpress\/plugins\/seo\/ -->\n<title>Terre des Hommes si gemella con l\u2019Asilo Mariuccia ed entra nel circolo degli Amici del Bene Comune - Terre des Hommes Italia<\/title>\n<meta name=\"robots\" content=\"index, follow, max-snippet:-1, max-image-preview:large, max-video-preview:-1\" \/>\n<link rel=\"canonical\" href=\"https:\/\/terredeshommes.it\/eng\/comunicati\/terre-des-hommes-si-gemella-lasilo-mariuccia-ed-entra-nel-circolo-degli-amici-del-bene-comune\/\" \/>\n<meta property=\"og:locale\" content=\"en_US\" \/>\n<meta property=\"og:type\" content=\"article\" \/>\n<meta property=\"og:title\" content=\"Terre des Hommes si gemella con l\u2019Asilo Mariuccia ed entra nel circolo degli Amici del Bene Comune - Terre des Hommes Italia\" \/>\n<meta property=\"og:description\" content=\"Si allarga il fronte del bene comune lombardo. Fondazione Asilo Mariuccia e Terre des Hommes celebrano infatti il loro gemellaggio e contestualmente l\u2019entrata di Terre des Hommes nel circolo degli \u201cAmici del Bene Comune\u201d che conta gi\u00e0 11 \u201cgemelli\u201d: Fondazione Don Gnocchi, Croce Rossa Milano, Istituto dei Ciechi, Societ\u00e0 Umanitaria, City Angels, Fondazione Francesca Rava, [&hellip;]\" \/>\n<meta property=\"og:url\" content=\"https:\/\/terredeshommes.it\/eng\/comunicati\/terre-des-hommes-si-gemella-lasilo-mariuccia-ed-entra-nel-circolo-degli-amici-del-bene-comune\/\" \/>\n<meta property=\"og:site_name\" content=\"Terre des Hommes Italia\" \/>\n<meta property=\"article:published_time\" content=\"2021-11-23T08:54:57+00:00\" \/>\n<meta property=\"article:modified_time\" content=\"2022-07-28T07:56:21+00:00\" \/>\n<meta property=\"og:image\" content=\"https:\/\/terredeshommes.it\/eng\/wp-content\/uploads\/IMG_0430_-940x487-1.jpeg\" \/>\n\t<meta property=\"og:image:width\" content=\"940\" \/>\n\t<meta property=\"og:image:height\" content=\"487\" \/>\n\t<meta property=\"og:image:type\" content=\"image\/jpeg\" \/>\n<meta name=\"author\" content=\"superTDH\" \/>\n<meta name=\"twitter:card\" content=\"summary_large_image\" \/>\n<meta name=\"twitter:label1\" content=\"Written by\" \/>\n\t<meta name=\"twitter:data1\" content=\"superTDH\" \/>\n\t<meta name=\"twitter:label2\" content=\"Est. reading time\" \/>\n\t<meta name=\"twitter:data2\" content=\"9 minutes\" \/>\n<script type=\"application\/ld+json\" class=\"yoast-schema-graph\">{\"@context\":\"https:\/\/schema.org\",\"@graph\":[{\"@type\":\"WebPage\",\"@id\":\"https:\/\/terredeshommes.it\/eng\/comunicati\/terre-des-hommes-si-gemella-lasilo-mariuccia-ed-entra-nel-circolo-degli-amici-del-bene-comune\/\",\"url\":\"https:\/\/terredeshommes.it\/eng\/comunicati\/terre-des-hommes-si-gemella-lasilo-mariuccia-ed-entra-nel-circolo-degli-amici-del-bene-comune\/\",\"name\":\"Terre des Hommes si gemella con l\u2019Asilo Mariuccia ed entra nel circolo degli Amici del Bene Comune - Terre des Hommes Italia\",\"isPartOf\":{\"@id\":\"https:\/\/terredeshommes.it\/eng\/#website\"},\"datePublished\":\"2021-11-23T08:54:57+00:00\",\"dateModified\":\"2022-07-28T07:56:21+00:00\",\"author\":{\"@id\":\"https:\/\/terredeshommes.it\/eng\/#\/schema\/person\/adf40aab21514bbdc483bd807a69efed\"},\"breadcrumb\":{\"@id\":\"https:\/\/terredeshommes.it\/eng\/comunicati\/terre-des-hommes-si-gemella-lasilo-mariuccia-ed-entra-nel-circolo-degli-amici-del-bene-comune\/#breadcrumb\"},\"inLanguage\":\"en-US\",\"potentialAction\":[{\"@type\":\"ReadAction\",\"target\":[\"https:\/\/terredeshommes.it\/eng\/comunicati\/terre-des-hommes-si-gemella-lasilo-mariuccia-ed-entra-nel-circolo-degli-amici-del-bene-comune\/\"]}]},{\"@type\":\"BreadcrumbList\",\"@id\":\"https:\/\/terredeshommes.it\/eng\/comunicati\/terre-des-hommes-si-gemella-lasilo-mariuccia-ed-entra-nel-circolo-degli-amici-del-bene-comune\/#breadcrumb\",\"itemListElement\":[{\"@type\":\"ListItem\",\"position\":1,\"name\":\"Home\",\"item\":\"https:\/\/terredeshommes.it\/eng\/\"},{\"@type\":\"ListItem\",\"position\":2,\"name\":\"Terre des Hommes si gemella con l\u2019Asilo Mariuccia ed entra nel circolo degli Amici del Bene Comune\"}]},{\"@type\":\"WebSite\",\"@id\":\"https:\/\/terredeshommes.it\/eng\/#website\",\"url\":\"https:\/\/terredeshommes.it\/eng\/\",\"name\":\"Terre des Hommes Italia\",\"description\":\"Proteggiamo i bambini insieme\",\"potentialAction\":[{\"@type\":\"SearchAction\",\"target\":{\"@type\":\"EntryPoint\",\"urlTemplate\":\"https:\/\/terredeshommes.it\/eng\/?s={search_term_string}\"},\"query-input\":\"required name=search_term_string\"}],\"inLanguage\":\"en-US\"},{\"@type\":\"Person\",\"@id\":\"https:\/\/terredeshommes.it\/eng\/#\/schema\/person\/adf40aab21514bbdc483bd807a69efed\",\"name\":\"superTDH\",\"url\":\"https:\/\/terredeshommes.it\/eng\/author\/supertdh\/\"}]}<\/script>\n<!-- \/ Yoast SEO plugin. -->","yoast_head_json":{"title":"Terre des Hommes si gemella con l\u2019Asilo Mariuccia ed entra nel circolo degli Amici del Bene Comune - Terre des Hommes Italia","robots":{"index":"index","follow":"follow","max-snippet":"max-snippet:-1","max-image-preview":"max-image-preview:large","max-video-preview":"max-video-preview:-1"},"canonical":"https:\/\/terredeshommes.it\/eng\/comunicati\/terre-des-hommes-si-gemella-lasilo-mariuccia-ed-entra-nel-circolo-degli-amici-del-bene-comune\/","og_locale":"en_US","og_type":"article","og_title":"Terre des Hommes si gemella con l\u2019Asilo Mariuccia ed entra nel circolo degli Amici del Bene Comune - Terre des Hommes Italia","og_description":"Si allarga il fronte del bene comune lombardo. Fondazione Asilo Mariuccia e Terre des Hommes celebrano infatti il loro gemellaggio e contestualmente l\u2019entrata di Terre des Hommes nel circolo degli \u201cAmici del Bene Comune\u201d che conta gi\u00e0 11 \u201cgemelli\u201d: Fondazione Don Gnocchi, Croce Rossa Milano, Istituto dei Ciechi, Societ\u00e0 Umanitaria, City Angels, Fondazione Francesca Rava, [&hellip;]","og_url":"https:\/\/terredeshommes.it\/eng\/comunicati\/terre-des-hommes-si-gemella-lasilo-mariuccia-ed-entra-nel-circolo-degli-amici-del-bene-comune\/","og_site_name":"Terre des Hommes Italia","article_published_time":"2021-11-23T08:54:57+00:00","article_modified_time":"2022-07-28T07:56:21+00:00","og_image":[{"width":940,"height":487,"url":"https:\/\/terredeshommes.it\/eng\/wp-content\/uploads\/IMG_0430_-940x487-1.jpeg","type":"image\/jpeg"}],"author":"superTDH","twitter_card":"summary_large_image","twitter_misc":{"Written by":"superTDH","Est. reading time":"9 minutes"},"schema":{"@context":"https:\/\/schema.org","@graph":[{"@type":"WebPage","@id":"https:\/\/terredeshommes.it\/eng\/comunicati\/terre-des-hommes-si-gemella-lasilo-mariuccia-ed-entra-nel-circolo-degli-amici-del-bene-comune\/","url":"https:\/\/terredeshommes.it\/eng\/comunicati\/terre-des-hommes-si-gemella-lasilo-mariuccia-ed-entra-nel-circolo-degli-amici-del-bene-comune\/","name":"Terre des Hommes si gemella con l\u2019Asilo Mariuccia ed entra nel circolo degli Amici del Bene Comune - Terre des Hommes Italia","isPartOf":{"@id":"https:\/\/terredeshommes.it\/eng\/#website"},"datePublished":"2021-11-23T08:54:57+00:00","dateModified":"2022-07-28T07:56:21+00:00","author":{"@id":"https:\/\/terredeshommes.it\/eng\/#\/schema\/person\/adf40aab21514bbdc483bd807a69efed"},"breadcrumb":{"@id":"https:\/\/terredeshommes.it\/eng\/comunicati\/terre-des-hommes-si-gemella-lasilo-mariuccia-ed-entra-nel-circolo-degli-amici-del-bene-comune\/#breadcrumb"},"inLanguage":"en-US","potentialAction":[{"@type":"ReadAction","target":["https:\/\/terredeshommes.it\/eng\/comunicati\/terre-des-hommes-si-gemella-lasilo-mariuccia-ed-entra-nel-circolo-degli-amici-del-bene-comune\/"]}]},{"@type":"BreadcrumbList","@id":"https:\/\/terredeshommes.it\/eng\/comunicati\/terre-des-hommes-si-gemella-lasilo-mariuccia-ed-entra-nel-circolo-degli-amici-del-bene-comune\/#breadcrumb","itemListElement":[{"@type":"ListItem","position":1,"name":"Home","item":"https:\/\/terredeshommes.it\/eng\/"},{"@type":"ListItem","position":2,"name":"Terre des Hommes si gemella con l\u2019Asilo Mariuccia ed entra nel circolo degli Amici del Bene Comune"}]},{"@type":"WebSite","@id":"https:\/\/terredeshommes.it\/eng\/#website","url":"https:\/\/terredeshommes.it\/eng\/","name":"Terre des Hommes Italia","description":"Proteggiamo i bambini insieme","potentialAction":[{"@type":"SearchAction","target":{"@type":"EntryPoint","urlTemplate":"https:\/\/terredeshommes.it\/eng\/?s={search_term_string}"},"query-input":"required name=search_term_string"}],"inLanguage":"en-US"},{"@type":"Person","@id":"https:\/\/terredeshommes.it\/eng\/#\/schema\/person\/adf40aab21514bbdc483bd807a69efed","name":"superTDH","url":"https:\/\/terredeshommes.it\/eng\/author\/supertdh\/"}]}},"_links":{"self":[{"href":"https:\/\/terredeshommes.it\/eng\/wp-json\/wp\/v2\/posts\/2355","targetHints":{"allow":["GET"]}}],"collection":[{"href":"https:\/\/terredeshommes.it\/eng\/wp-json\/wp\/v2\/posts"}],"about":[{"href":"https:\/\/terredeshommes.it\/eng\/wp-json\/wp\/v2\/types\/post"}],"author":[{"embeddable":true,"href":"https:\/\/terredeshommes.it\/eng\/wp-json\/wp\/v2\/users\/1"}],"replies":[{"embeddable":true,"href":"https:\/\/terredeshommes.it\/eng\/wp-json\/wp\/v2\/comments?post=2355"}],"version-history":[{"count":0,"href":"https:\/\/terredeshommes.it\/eng\/wp-json\/wp\/v2\/posts\/2355\/revisions"}],"wp:featuredmedia":[{"embeddable":true,"href":"https:\/\/terredeshommes.it\/eng\/wp-json\/wp\/v2\/media\/2357"}],"wp:attachment":[{"href":"https:\/\/terredeshommes.it\/eng\/wp-json\/wp\/v2\/media?parent=2355"}],"wp:term":[{"taxonomy":"category","embeddable":true,"href":"https:\/\/terredeshommes.it\/eng\/wp-json\/wp\/v2\/categories?post=2355"},{"taxonomy":"post_tag","embeddable":true,"href":"https:\/\/terredeshommes.it\/eng\/wp-json\/wp\/v2\/tags?post=2355"}],"curies":[{"name":"wp","href":"https:\/\/api.w.org\/{rel}","templated":true}]}}