{"id":2362,"date":"2021-12-23T10:03:17","date_gmt":"2021-12-23T09:03:17","guid":{"rendered":"https:\/\/terredeshommes.it\/?p=2362"},"modified":"2022-07-28T12:09:32","modified_gmt":"2022-07-28T10:09:32","slug":"basta-le-campagne-denigratorie-verso-la-societa-civile-palestinese","status":"publish","type":"post","link":"https:\/\/terredeshommes.it\/eng\/comunicati\/basta-le-campagne-denigratorie-verso-la-societa-civile-palestinese\/","title":{"rendered":"Basta con le campagne denigratorie verso la societ\u00e0 civile palestinese"},"content":{"rendered":"<p>[et_pb_section fb_built=&#8221;1&#8243; _builder_version=&#8221;4.16&#8243; global_colors_info=&#8221;{}&#8221;][et_pb_row column_structure=&#8221;1_5,3_5,1_5&#8243; _builder_version=&#8221;4.16&#8243; background_size=&#8221;initial&#8221; background_position=&#8221;top_left&#8221; background_repeat=&#8221;repeat&#8221; global_colors_info=&#8221;{}&#8221;][et_pb_column type=&#8221;1_5&#8243; _builder_version=&#8221;4.16&#8243; custom_padding=&#8221;|||&#8221; global_colors_info=&#8221;{}&#8221; custom_padding__hover=&#8221;|||&#8221;][\/et_pb_column][et_pb_column type=&#8221;3_5&#8243; _builder_version=&#8221;4.16&#8243; custom_padding=&#8221;|||&#8221; global_colors_info=&#8221;{}&#8221; custom_padding__hover=&#8221;|||&#8221;][et_pb_text admin_label=&#8221;Testo&#8221; _builder_version=&#8221;4.17.6&#8243; background_size=&#8221;initial&#8221; background_position=&#8221;top_left&#8221; background_repeat=&#8221;repeat&#8221; hover_enabled=&#8221;0&#8243; global_colors_info=&#8221;{}&#8221; sticky_enabled=&#8221;0&#8243;]<\/p>\n<h3>Terre des Hommes si unisce ad AOI e alla Piattaforma delle ONG Italiane in Medio Oriente e nel Mediterraneo nel sostenere la societ\u00e0 civile palestinese e diffondere il seguente comunicato congiunto.<\/h3>\n<p>Negli ultimi giorni abbiamo letto informazioni del tutto infondate circa le <strong>ONG palestinesi audite dal Comitato Diritti Umani alla Camera<\/strong> riprese dal comunicato emesso dall\u2019Ambasciata israeliana in Italia come reazione a tale iniziativa.<\/p>\n<p>Le accuse di \u201cterrorismo\u201d non sono circostanziate da prove sufficienti da parte israeliana, nonostante le ripetute critiche mosse da molti governi stranieri e la richiesta di ulteriori evidenze come pure richiesto da varie associazioni ed esponenti della societ\u00e0 civile israeliana.<br \/>E non potrebbe essere altrimenti, vista la <strong>mancanza di condanne contro i soggetti in questione, che al contrario godono di ottima reputazione a livello internazionale.<\/strong><\/p>\n<p>Un esempio dell\u2019infondatezza delle informazioni riportate \u00e8 che <strong>Shawan Jabarin<\/strong> non \u00e8 mai stato condannato, anzi \u00e8 stato il <strong>primo prigioniero di coscienza di Amnesty International<\/strong> ai tempi dei fatti a lui attribuiti, e Jimmy Carter in persona si \u00e8 speso per la sua liberazione. Inoltre, Jabarin e l\u2019organizzazione di cui \u00e8 direttore, <strong>Al-Haq, sono stati insigniti di prestigiosi premi internazionali quali il Gwynne Skinner Human Rights Award 2020, lo Human Rights and Business Award 2019, lo Human Rights Prize of the French Republic 2018.<\/strong><\/p>\n<h3>Chi sono e cosa fanno le 6 ong accusate di essere organizzazioni terroristiche<\/h3>\n<p>Al-Haq e Addameer rispettivamente da 40 e 30 anni <strong>documentano le violazioni dei diritti umani commesse sia da forze israeliane che palestinesi al fine di proteggere e promuovere diritti umani e lo stato di diritto<\/strong> nei territori palestinesi occupati e hanno condannato, per esempio, i recenti eventi in cui le autorit\u00e0 palestinesi hanno represso le proteste popolari nel territorio occupato e in passato hanno chiesto che l\u2019Unione Europea sospendesse i finanziamenti alle autorit\u00e0 palestinesi in ragione dei trattamenti inumani e degradanti subiti da detenuti nelle carceri palestinesi. Nei loro rapporti alle Nazioni Unite, le organizzazioni in questione hanno inequivocabilmente condannato le violazioni dei diritti umani commesse da tutte le parti in conflitto contro i civili di qualsiasi nazionalit\u00e0 durante le operazioni militari nella Striscia di Gaza.<\/p>\n<p>Sostenere l\u2019affiliazione di queste due, e di altre quattro Ong palestinesi, con il Fronte Popolare per la Liberazione della Palestina \u00e8 una mossa faziosa e volta a screditare non solo le organizzazioni in questione, ma anche tutte le altre organizzazioni con le quali esse collaborano, tra cui l\u2019Agenzia Italiana per la Cooperazione allo Sviluppo, l\u2019Unione Europea, gli organi delle Nazioni Unite, e la Corte Penale Internazionale.<\/p>\n<p>Le sei organizzazioni (Addameer, Al-Haq, Defense for Children International-Palestine, UAWC, UPWC, Bisan) sono <strong>impegnate da decenni nella promozione dei diritti umani <\/strong>e nel monitoraggio e documentazione delle violazioni commesse sia da parte israeliana che palestinese; alcune di loro <strong>stanno collaborando con la Corte Penale Internazionale sul \u201ccaso Palestina\u201d<\/strong>, e la loro <strong>reputazione \u00e8 comprovata da numerosi riconoscimenti internazionali<\/strong>, incluso l\u2019accesso diretto che \u00e8 garantito ad alcune di loro agli organi delle Nazioni Unite in virt\u00f9 dello stato consultivo speciale di cui godono presso l\u2019ECOSOC.<\/p>\n<h3>Il governo italiano pochi giorni fa aveva gi\u00e0 ritenuto insufficienti le informazioni fornite da Israele<\/h3>\n<p>Il 30 novembre scorso, in risposta ad una interrogazione, la <strong>Vice Ministra Marina Sereni<\/strong> ha affermato che <em>\u201csulla base di un approccio condiviso con tutti i principali paesi dell\u2019Unione Europea, il nostro governo nel quadro di un impegno convinto per assicurare sostegno alla societ\u00e0 civile e a tutela dei diritti umani, intende portare avanti un\u2019azione di sensibilizzazione nei confronti delle autorit\u00e0 israeliane affinch\u00e9 vengano fornite prove pi\u00f9 circostanziate a sostegno delle gravi accuse mosse alle organizzazioni, poich\u00e9 le informazioni fornite finora da parte israeliana non appaiono sufficienti.\u201d<\/em><\/p>\n<h3>Il nostro impegno per chi si batte per il rispetto dei diritti umani e del diritto internazionale<\/h3>\n<p>Pertanto, <strong>noi riaffermiamo il nostro sostegno al fianco delle 6 ONG palestinesi<\/strong> e chiediamo venga riconosciuto e rispettato il diritto e la libert\u00e0 di espressione, di organizzazione e di protesta pacifica e nonviolenta. Come pure esprimiamo la nostra solidariet\u00e0 all\u2019On. Laura Boldrini, da sempre impegnata a favore dei diritti umani, capace di leggere la complessit\u00e0 della questione israelo-palestinese, di analizzare questioni di diritto internazionale e gli obblighi derivanti per gli Stati terzi in caso di sua violazione. Anche quando pu\u00f2 ricadere verso dei Paesi \u201calleati\u201d e pu\u00f2 dar fastidio.<\/p>\n<p>Le organizzazioni firmatarie di questo comunicato invitano pertanto i giornalisti che hanno rilanciato le affermazioni dell\u2019Ambasciata israeliana e lo staff dell\u2019Ambasciata stessa a fornire pubblicamente prove concrete a sostegno delle tesi diffamatorie nei confronti delle ONG citate.<\/p>\n<p>Comunicato promosso da:<br \/>Amnesty International<br \/>AOI &#8211; Associazione delle organizzazioni italiane di cooperazione e solidariet\u00e0 internazionale<br \/>Human Rights Watch<br \/>Piattaforma delle ONG Italiane in Medio Oriente e nel Mediterraneo<br \/>Rete Italiana Pace e Disarmo<\/p>\n<p>Per adesioni scrivere a:<br \/>segreteria@retepacedisarmo.org<\/p>\n<p><strong>NOTE PER I GIORNALISTI:<\/strong><br \/>&#8211; Anche l\u2019Alto Commissario per Diritti Umani ONU, Michelle Bachelet, ha condannato la decisione del governo israeliano come un attacco ai difensori dei diritti umani ed alle liberta\u2019 di asssociazione ed espressione, chiedendone la revoca immediata: <a href=\"https:\/\/www.ohchr.org\/EN\/NewsEvents\/Pages\/DisplayNews.aspx?NewsID=27708&amp;LangID=E\" target=\"_blank\" rel=\"noopener\">https:\/\/www.ohchr.org\/EN\/NewsEvents\/Pages\/DisplayNews.aspx?NewsID=27708&amp;LangID=E<\/a><br \/>&#8211; Al seguente link si trovano le dichiarazioni del Portavoce EU dove afferma che \u201cCoinvolgeremo le autorit\u00e0 israeliane per ulteriori informazioni sulla base di queste designazioni\u201d e anche \u201cLe precedenti accuse di uso improprio dei fondi dell&#8217;UE in relazione ad alcuni partner palestinesi della CSO non sono state dimostrate\u201d. <a href=\"https:\/\/www.un.org\/unispal\/document\/statement-by-eu-spokesperson-on-the-listing-of-six-palestinian-organisations-as-terrorist-organisations-non-un-document\/\">Leggi il documento<\/a>.<br \/>&#8211; Esiste il sospetto che le 6 ONG siano state hackerate tramite l\u2019uso del famigerato <a href=\"https:\/\/www.frontlinedefenders.org\/en\/statement-report\/statement-targeting-palestinian-hrds-pegasus\">spyware Pegaus<\/a>.<\/p>\n<p>[\/et_pb_text][\/et_pb_column][et_pb_column type=&#8221;1_5&#8243; _builder_version=&#8221;4.16&#8243; custom_padding=&#8221;|||&#8221; global_colors_info=&#8221;{}&#8221; custom_padding__hover=&#8221;|||&#8221;][\/et_pb_column][\/et_pb_row][\/et_pb_section]<\/p>\n","protected":false},"excerpt":{"rendered":"<p>Terre des Hommes si unisce ad AOI e alla Piattaforma delle ONG Italiane in Medio Oriente e nel Mediterraneo nel sostenere la societ\u00e0 civile palestinese e diffondere il seguente comunicato congiunto. Negli ultimi giorni abbiamo letto informazioni del tutto infondate circa le ONG palestinesi audite dal Comitato Diritti Umani alla Camera riprese dal comunicato emesso [&hellip;]<\/p>\n","protected":false},"author":1,"featured_media":2364,"comment_status":"open","ping_status":"open","sticky":false,"template":"","format":"standard","meta":{"_et_pb_use_builder":"on","_et_pb_old_content":"Cras mattis consectetur purus sit amet fermentum. Aenean lacinia bibendum nulla sed consectetur. Donec ullamcorper nulla non metus auctor fringilla. Donec ullamcorper nulla non metus auctor fringilla.","_et_gb_content_width":"","footnotes":""},"categories":[16],"tags":[],"class_list":["post-2362","post","type-post","status-publish","format-standard","has-post-thumbnail","hentry","category-comunicati"],"yoast_head":"<!-- This site is optimized with the Yoast SEO plugin v21.1 - https:\/\/yoast.com\/wordpress\/plugins\/seo\/ -->\n<title>Basta con le campagne denigratorie verso la societ\u00e0 civile palestinese - Terre des Hommes Italia<\/title>\n<meta name=\"robots\" content=\"index, follow, max-snippet:-1, max-image-preview:large, max-video-preview:-1\" \/>\n<link rel=\"canonical\" href=\"https:\/\/terredeshommes.it\/eng\/comunicati\/basta-le-campagne-denigratorie-verso-la-societa-civile-palestinese\/\" \/>\n<meta property=\"og:locale\" content=\"en_US\" \/>\n<meta property=\"og:type\" content=\"article\" \/>\n<meta property=\"og:title\" content=\"Basta con le campagne denigratorie verso la societ\u00e0 civile palestinese - Terre des Hommes Italia\" \/>\n<meta property=\"og:description\" content=\"Terre des Hommes si unisce ad AOI e alla Piattaforma delle ONG Italiane in Medio Oriente e nel Mediterraneo nel sostenere la societ\u00e0 civile palestinese e diffondere il seguente comunicato congiunto. Negli ultimi giorni abbiamo letto informazioni del tutto infondate circa le ONG palestinesi audite dal Comitato Diritti Umani alla Camera riprese dal comunicato emesso [&hellip;]\" \/>\n<meta property=\"og:url\" content=\"https:\/\/terredeshommes.it\/eng\/comunicati\/basta-le-campagne-denigratorie-verso-la-societa-civile-palestinese\/\" \/>\n<meta property=\"og:site_name\" content=\"Terre des Hommes Italia\" \/>\n<meta property=\"article:published_time\" content=\"2021-12-23T09:03:17+00:00\" \/>\n<meta property=\"article:modified_time\" content=\"2022-07-28T10:09:32+00:00\" \/>\n<meta property=\"og:image\" content=\"https:\/\/terredeshommes.it\/eng\/wp-content\/uploads\/Palestina.png\" \/>\n\t<meta property=\"og:image:width\" content=\"940\" \/>\n\t<meta property=\"og:image:height\" content=\"449\" \/>\n\t<meta property=\"og:image:type\" content=\"image\/png\" \/>\n<meta name=\"author\" content=\"superTDH\" \/>\n<meta name=\"twitter:card\" content=\"summary_large_image\" \/>\n<meta name=\"twitter:label1\" content=\"Written by\" \/>\n\t<meta name=\"twitter:data1\" content=\"superTDH\" \/>\n\t<meta name=\"twitter:label2\" content=\"Est. reading time\" \/>\n\t<meta name=\"twitter:data2\" content=\"5 minutes\" \/>\n<script type=\"application\/ld+json\" class=\"yoast-schema-graph\">{\"@context\":\"https:\/\/schema.org\",\"@graph\":[{\"@type\":\"WebPage\",\"@id\":\"https:\/\/terredeshommes.it\/eng\/comunicati\/basta-le-campagne-denigratorie-verso-la-societa-civile-palestinese\/\",\"url\":\"https:\/\/terredeshommes.it\/eng\/comunicati\/basta-le-campagne-denigratorie-verso-la-societa-civile-palestinese\/\",\"name\":\"Basta con le campagne denigratorie verso la societ\u00e0 civile palestinese - Terre des Hommes Italia\",\"isPartOf\":{\"@id\":\"https:\/\/terredeshommes.it\/eng\/#website\"},\"datePublished\":\"2021-12-23T09:03:17+00:00\",\"dateModified\":\"2022-07-28T10:09:32+00:00\",\"author\":{\"@id\":\"https:\/\/terredeshommes.it\/eng\/#\/schema\/person\/adf40aab21514bbdc483bd807a69efed\"},\"breadcrumb\":{\"@id\":\"https:\/\/terredeshommes.it\/eng\/comunicati\/basta-le-campagne-denigratorie-verso-la-societa-civile-palestinese\/#breadcrumb\"},\"inLanguage\":\"en-US\",\"potentialAction\":[{\"@type\":\"ReadAction\",\"target\":[\"https:\/\/terredeshommes.it\/eng\/comunicati\/basta-le-campagne-denigratorie-verso-la-societa-civile-palestinese\/\"]}]},{\"@type\":\"BreadcrumbList\",\"@id\":\"https:\/\/terredeshommes.it\/eng\/comunicati\/basta-le-campagne-denigratorie-verso-la-societa-civile-palestinese\/#breadcrumb\",\"itemListElement\":[{\"@type\":\"ListItem\",\"position\":1,\"name\":\"Home\",\"item\":\"https:\/\/terredeshommes.it\/eng\/\"},{\"@type\":\"ListItem\",\"position\":2,\"name\":\"Basta con le campagne denigratorie verso la societ\u00e0 civile palestinese\"}]},{\"@type\":\"WebSite\",\"@id\":\"https:\/\/terredeshommes.it\/eng\/#website\",\"url\":\"https:\/\/terredeshommes.it\/eng\/\",\"name\":\"Terre des Hommes Italia\",\"description\":\"Proteggiamo i bambini insieme\",\"potentialAction\":[{\"@type\":\"SearchAction\",\"target\":{\"@type\":\"EntryPoint\",\"urlTemplate\":\"https:\/\/terredeshommes.it\/eng\/?s={search_term_string}\"},\"query-input\":\"required name=search_term_string\"}],\"inLanguage\":\"en-US\"},{\"@type\":\"Person\",\"@id\":\"https:\/\/terredeshommes.it\/eng\/#\/schema\/person\/adf40aab21514bbdc483bd807a69efed\",\"name\":\"superTDH\",\"url\":\"https:\/\/terredeshommes.it\/eng\/author\/supertdh\/\"}]}<\/script>\n<!-- \/ Yoast SEO plugin. -->","yoast_head_json":{"title":"Basta con le campagne denigratorie verso la societ\u00e0 civile palestinese - Terre des Hommes Italia","robots":{"index":"index","follow":"follow","max-snippet":"max-snippet:-1","max-image-preview":"max-image-preview:large","max-video-preview":"max-video-preview:-1"},"canonical":"https:\/\/terredeshommes.it\/eng\/comunicati\/basta-le-campagne-denigratorie-verso-la-societa-civile-palestinese\/","og_locale":"en_US","og_type":"article","og_title":"Basta con le campagne denigratorie verso la societ\u00e0 civile palestinese - Terre des Hommes Italia","og_description":"Terre des Hommes si unisce ad AOI e alla Piattaforma delle ONG Italiane in Medio Oriente e nel Mediterraneo nel sostenere la societ\u00e0 civile palestinese e diffondere il seguente comunicato congiunto. Negli ultimi giorni abbiamo letto informazioni del tutto infondate circa le ONG palestinesi audite dal Comitato Diritti Umani alla Camera riprese dal comunicato emesso [&hellip;]","og_url":"https:\/\/terredeshommes.it\/eng\/comunicati\/basta-le-campagne-denigratorie-verso-la-societa-civile-palestinese\/","og_site_name":"Terre des Hommes Italia","article_published_time":"2021-12-23T09:03:17+00:00","article_modified_time":"2022-07-28T10:09:32+00:00","og_image":[{"width":940,"height":449,"url":"https:\/\/terredeshommes.it\/eng\/wp-content\/uploads\/Palestina.png","type":"image\/png"}],"author":"superTDH","twitter_card":"summary_large_image","twitter_misc":{"Written by":"superTDH","Est. reading time":"5 minutes"},"schema":{"@context":"https:\/\/schema.org","@graph":[{"@type":"WebPage","@id":"https:\/\/terredeshommes.it\/eng\/comunicati\/basta-le-campagne-denigratorie-verso-la-societa-civile-palestinese\/","url":"https:\/\/terredeshommes.it\/eng\/comunicati\/basta-le-campagne-denigratorie-verso-la-societa-civile-palestinese\/","name":"Basta con le campagne denigratorie verso la societ\u00e0 civile palestinese - Terre des Hommes Italia","isPartOf":{"@id":"https:\/\/terredeshommes.it\/eng\/#website"},"datePublished":"2021-12-23T09:03:17+00:00","dateModified":"2022-07-28T10:09:32+00:00","author":{"@id":"https:\/\/terredeshommes.it\/eng\/#\/schema\/person\/adf40aab21514bbdc483bd807a69efed"},"breadcrumb":{"@id":"https:\/\/terredeshommes.it\/eng\/comunicati\/basta-le-campagne-denigratorie-verso-la-societa-civile-palestinese\/#breadcrumb"},"inLanguage":"en-US","potentialAction":[{"@type":"ReadAction","target":["https:\/\/terredeshommes.it\/eng\/comunicati\/basta-le-campagne-denigratorie-verso-la-societa-civile-palestinese\/"]}]},{"@type":"BreadcrumbList","@id":"https:\/\/terredeshommes.it\/eng\/comunicati\/basta-le-campagne-denigratorie-verso-la-societa-civile-palestinese\/#breadcrumb","itemListElement":[{"@type":"ListItem","position":1,"name":"Home","item":"https:\/\/terredeshommes.it\/eng\/"},{"@type":"ListItem","position":2,"name":"Basta con le campagne denigratorie verso la societ\u00e0 civile palestinese"}]},{"@type":"WebSite","@id":"https:\/\/terredeshommes.it\/eng\/#website","url":"https:\/\/terredeshommes.it\/eng\/","name":"Terre des Hommes Italia","description":"Proteggiamo i bambini insieme","potentialAction":[{"@type":"SearchAction","target":{"@type":"EntryPoint","urlTemplate":"https:\/\/terredeshommes.it\/eng\/?s={search_term_string}"},"query-input":"required name=search_term_string"}],"inLanguage":"en-US"},{"@type":"Person","@id":"https:\/\/terredeshommes.it\/eng\/#\/schema\/person\/adf40aab21514bbdc483bd807a69efed","name":"superTDH","url":"https:\/\/terredeshommes.it\/eng\/author\/supertdh\/"}]}},"_links":{"self":[{"href":"https:\/\/terredeshommes.it\/eng\/wp-json\/wp\/v2\/posts\/2362","targetHints":{"allow":["GET"]}}],"collection":[{"href":"https:\/\/terredeshommes.it\/eng\/wp-json\/wp\/v2\/posts"}],"about":[{"href":"https:\/\/terredeshommes.it\/eng\/wp-json\/wp\/v2\/types\/post"}],"author":[{"embeddable":true,"href":"https:\/\/terredeshommes.it\/eng\/wp-json\/wp\/v2\/users\/1"}],"replies":[{"embeddable":true,"href":"https:\/\/terredeshommes.it\/eng\/wp-json\/wp\/v2\/comments?post=2362"}],"version-history":[{"count":0,"href":"https:\/\/terredeshommes.it\/eng\/wp-json\/wp\/v2\/posts\/2362\/revisions"}],"wp:featuredmedia":[{"embeddable":true,"href":"https:\/\/terredeshommes.it\/eng\/wp-json\/wp\/v2\/media\/2364"}],"wp:attachment":[{"href":"https:\/\/terredeshommes.it\/eng\/wp-json\/wp\/v2\/media?parent=2362"}],"wp:term":[{"taxonomy":"category","embeddable":true,"href":"https:\/\/terredeshommes.it\/eng\/wp-json\/wp\/v2\/categories?post=2362"},{"taxonomy":"post_tag","embeddable":true,"href":"https:\/\/terredeshommes.it\/eng\/wp-json\/wp\/v2\/tags?post=2362"}],"curies":[{"name":"wp","href":"https:\/\/api.w.org\/{rel}","templated":true}]}}