{"id":2368,"date":"2022-02-03T10:11:20","date_gmt":"2022-02-03T09:11:20","guid":{"rendered":"https:\/\/terredeshommes.it\/?p=2368"},"modified":"2022-07-28T10:43:06","modified_gmt":"2022-07-28T08:43:06","slug":"osservatorio-indifesa-1-adolescente-2-vittima-bullismo","status":"publish","type":"post","link":"https:\/\/terredeshommes.it\/eng\/comunicati\/osservatorio-indifesa-1-adolescente-2-vittima-bullismo\/","title":{"rendered":"Osservatorio indifesa: 1 adolescente su 2 \u00e8 vittima di bullismo e il web fa sempre pi\u00f9 paura"},"content":{"rendered":"<p>[et_pb_section fb_built=&#8221;1&#8243; _builder_version=&#8221;4.16&#8243; global_colors_info=&#8221;{}&#8221;][et_pb_row column_structure=&#8221;1_5,3_5,1_5&#8243; _builder_version=&#8221;4.16&#8243; background_size=&#8221;initial&#8221; background_position=&#8221;top_left&#8221; background_repeat=&#8221;repeat&#8221; global_colors_info=&#8221;{}&#8221;][et_pb_column type=&#8221;1_5&#8243; _builder_version=&#8221;4.16&#8243; custom_padding=&#8221;|||&#8221; global_colors_info=&#8221;{}&#8221; custom_padding__hover=&#8221;|||&#8221;][\/et_pb_column][et_pb_column type=&#8221;3_5&#8243; _builder_version=&#8221;4.16&#8243; custom_padding=&#8221;|||&#8221; global_colors_info=&#8221;{}&#8221; custom_padding__hover=&#8221;|||&#8221;][et_pb_text admin_label=&#8221;Testo&#8221; _builder_version=&#8221;4.17.6&#8243; background_size=&#8221;initial&#8221; background_position=&#8221;top_left&#8221; background_repeat=&#8221;repeat&#8221; hover_enabled=&#8221;0&#8243; global_colors_info=&#8221;{}&#8221; sticky_enabled=&#8221;0&#8243;]<\/p>\n<h3>La Gen Z fa sentire la sua voce attraverso l\u2019Osservatorio indifesa di Terre des Hommes e OneDay.<\/h3>\n<p>Bullismo e Cyberbullismo continuano a essere minacce reali. Lo raccontano i dati raccolti dall\u2019<strong>Osservatorio indifesa<\/strong> realizzato da <strong>Terre des Hommes<\/strong> e <strong>OneDay<\/strong>, con l\u2019aiuto di <strong>ScuolaZoo e delle sue community<\/strong>, che ha coinvolto <strong>pi\u00f9 di 1700 ragazzi e ragazze dai 14 ai 26 anni in tutta Italia.<\/strong><\/p>\n<p><strong>1 adolescente su 2 ha subito atti di bullismo<\/strong> e, insieme al cyberbullismo, i due fenomeni sono tra i principali rischi percepiti dagli adolescenti. I commenti raccolti dalla survey denunciano anche il profondo dolore provato da ragazzi e ragazze per discriminazioni a causa dell\u2019<strong>orientamento sessuale, offese razziste, bodyshaming,<\/strong> atti di denigrazione, violenza e <strong>incitazione al suicidio.<\/strong><\/p>\n<p>Le giovani generazioni sono molto <strong>consapevoli dei pericoli del web<\/strong>: ben <strong>7 su 10 dichiarano di non sentirsi al sicuro quando navigano in rete.<\/strong> A preoccuparli maggiormente \u00e8 proprio il rischio di <strong>cyberbullismo (68,8%)<\/strong> seguito da <strong>revenge porn (60%)<\/strong> <strong>furto di identit\u00e0 (40,6%)<\/strong> e <strong>stalking (35%)<\/strong> ma anche <strong>l\u2019alienazione dalla vita reale (32,4%)<\/strong> con la creazione di modelli e standard irraggiungibili, \u00e8 fonte di enorme frustrazione.<br \/>\nAl di fuori degli schermi virtuali, invece, il <strong>50%<\/strong> degli adolescenti dice di aver paura di subire <strong>violenza psicologica e bullismo (44%).<\/strong><\/p>\n<p>Emerge chiaramente anche il <strong>fortissimo disagio psicologico causato<\/strong>, o esasperato, dai due anni di pandemia. Il <strong>37,5% degli intervistati teme l\u2019isolamento sociale <\/strong>e <strong>il 35% ha paura di soffrire di depressione, il 22% di solitudine. <\/strong><\/p>\n<p><strong>L\u201988% dei partecipanti al sondaggio afferma di sentirsi solo o molto solo <\/strong>(un dato in linea con quello espresso l\u2019anno scorso quando la percentuale registrata era del 93%). Tra le cause della solitudine <strong>il 31% dice di non sentirsi ascoltato in famiglia<\/strong> e <strong>il 30% non si sente amato,<\/strong> mentre il <strong>29,2% non frequenta luoghi di aggregazione. <\/strong><br \/>\n[\/et_pb_text][et_pb_text _builder_version=&#8221;4.17.6&#8243; _module_preset=&#8221;default&#8221; global_colors_info=&#8221;{}&#8221;]<\/p>\n<h3>Guarda il video evento del 7 Febbraio 2022<\/h3>\n<p>[\/et_pb_text][et_pb_video src=&#8221;https:\/\/youtu.be\/bDavn0IzT_Y&#8221; _builder_version=&#8221;4.17.6&#8243; _module_preset=&#8221;default&#8221; global_colors_info=&#8221;{}&#8221;][\/et_pb_video][et_pb_text admin_label=&#8221;Testo&#8221; _builder_version=&#8221;4.17.6&#8243; background_size=&#8221;initial&#8221; background_position=&#8221;top_left&#8221; background_repeat=&#8221;repeat&#8221; global_colors_info=&#8221;{}&#8221;]LA GEN Z CHIEDE SUPPORTO PSICOLOGICO E PI\u00d9 ATTENZIONE ALLA SALUTE MENTALE<\/p>\n<p>Dalle risposte dei ragazzi e delle ragazze che hanno partecipato all\u2019Osservatorio emerge tutto il dolore provocato da bullismo e cyberbullismo, cos\u00ec come la sofferenza per la profonda solitudine provata in questo momento storico, tuttavia non mancano <strong>suggerimenti, riflessioni e stimoli proposti dai pi\u00f9 giovani per combattere questi problemi. <\/strong><br \/>\nQuello che emerge \u00e8 un grido di allarme, <strong>gli adolescenti sono preoccupati per la loro salute mentale<\/strong> e chiedono a gran voce che il loro disagio venga considerato seriamente da parte degli adulti (insegnanti e genitori in primis) \u201cGli adulti dovrebbero stare attenti ai sentimenti nascosti de* ragazz* e nel caso notassero qualcosa di strano (tipo solitudine che \u00e8 una delle ripercussioni del bullismo), dovrebbero dare importanza a questo sentimento e non rispondere che &#8220;la facciamo pi\u00f9 grande del dovuto&#8221; o che &#8220;\u00e8 normale perch\u00e9 \u00e8 cos\u00ec che si forma il carattere\u201d. <strong>Giada, 13 anni.<\/strong> Ma non solo: \u00e8 forte e chiara la <strong>richiesta di poter accedere ad un supporto psicologico<\/strong> per superare momenti di difficolt\u00e0.<br \/>\nInoltre, la Gen Z considera fondamentale non restare indifferente e <strong>parlare sempre di pi\u00f9 di questi temi con i coetanei,<\/strong> poter fare corsi di <strong>educazione all\u2019emotivit\u00e0<\/strong> e partecipare a pi\u00f9 <strong>iniziative di sensibilizzazione.<\/strong><br \/>\nRagazzi e ragazze riconoscono l\u2019importanza di iniziare fin da subito a <strong>insegnare a bambini e bambine una cultura di rispetto<\/strong> <strong>e accoglienza verso l\u2019altro<\/strong> e tra le proposte avanzate compare anche quella di <strong>coinvolgere<\/strong> i principali <strong>social network <\/strong>richiedendo loro di rafforzare i meccanismi di <strong>segnalazione di contenuti inappropriati.<\/strong><\/p>\n<p>LE RISPOSTE DAI SOCIAL<\/p>\n<p>L\u2019indagine dell\u2019Osservatorio <strong>indifesa <\/strong>quest\u2019anno \u00e8 stata ampliata attraverso <strong>un sondaggio sui profili Instagram OneDay e ScuolaZoo,<\/strong> che riconfermano il trend dell\u2019indagine: su un totale di 23.292 risposte il 45% degli adolescenti afferma di aver subito bullismo. Inoltre, dal sondaggio social emergono ulteriori dati, fondamentali per comprendere il fenomeno: i principali luoghi <strong>dove ragazzi e ragazze subiscono bullismo sono la scuola, l\u2019ambiente sportivo e gli spazi pubblici <\/strong>(le vicinanze della scuola, parchi, piazze cittadine, in strada).<br \/>\nSolo una minima parte dei ragazzi e delle ragazze vittime di bullismo \u00e8 stato aiutato: su <strong>11.394<\/strong> risposte, <strong>solo 2.995 hanno ricevuto una forma di aiuto,<\/strong> che principalmente proviene dai <strong>genitori<\/strong>, da <strong>amici<\/strong>, <strong>insegnanti<\/strong>, <strong>psicologi <\/strong>della scuola e <strong>allenatori sportivi<\/strong>.<\/p>\n<p><em>\u201cNel 2021 raccogliamo dall\u2019Osservatorio indifesa una fotografia drammatica in cui bullismo e violenza sono esperienze quotidiane nella vita dei ragazzi e delle ragazze in Italia; i due anni di pandemia hanno portato ad un forte aumento dei disturbi piscologici e psichiatrici tra i pi\u00f9 giovani. Un disagio che gli adulti non possono pi\u00f9 fare finta di non vedere. Il bonus psicologo poteva essere una risposta temporanea a tale emergenza; tuttavia, l\u2019assistenza piscologica per gli adolescenti dovrebbe essere una misura strutturale che assicuri una maggior attenzione per la salute mentale di ragazzi e ragazze.\u201d <\/em>Afferma <strong>Paolo Ferrara, Direttore Generale Terre des Hommes Italia<\/strong> <em>\u201cCon l\u2019Osservatorio indifesa Terre des Hommes vuole continuare a mettere al centro l\u2019ascolto dei ragazzi e delle ragazze con proposte e occasioni di incontro per favorire una reale partecipazione alle decisioni che li riguardano e che possono apportare un reale cambiamento nella nostra societ\u00e0.\u201d<\/em><\/p>\n<p><em>\u201cDa anni, OneDay e Terre des Hommes portano avanti insieme campagne di sensibilizzazione sociale per i giovani sui temi di inclusion, diversity e pericoli della rete. Anche quest\u2019anno con l\u2019Osservatorio sulle Nuove Generazioni abbiamo indagato i temi di bullismo e cyberbullismo e purtroppo abbiamo rilevato come restano un problema centrale nella vita degli adolescenti.\u201d <\/em>Afferma <strong>Gaia Marzo, Corporata Communication Director e Equity partner di OneDay Group.<\/strong> <em>\u201cI giovani sono gli architetti che disegneranno il mondo di domani, ed \u00e8 nostro dovere aiutarli affinch\u00e9 possano immaginarlo e viverlo libero, giusto, senza discriminazioni. Noi con questo Osservatorio cerchiamo di fare la nostra parte dal 2014: prendendo la parte dei ragazzi e diventando il loro portavoce davanti alle istituzioni\u201d.<\/em><\/p>\n<p><em>\u201cQuesta partnership \u00e8 importante per la BIC Corporate Foundation perch\u00e9 invita i ragazzi e le ragazze ad essere creativi ed innovativi e allo stesso tempo ad affrontare i grandi problemi con i quali si confrontano come il bullismo, la discriminazione, la parit\u00e0 di genere e tanti altri.\u201d<\/em> Afferma <strong>Alicia Ruiz Huidobro BIC Corporate Foundation Project Manager<\/strong> <em>\u201cCrediamo che questa partnership ci permetta di aiutare questi ragazzi e ragazze grazie all\u2019aumento di consapevolezza generato dalle webradio.\u201d<\/em><\/p>\n<p>L\u2019Osservatorio sugli adolescenti italiani e il Network Indifesa<\/p>\n<p>Dal 2014 Terre des Hommes, in collaborazione con OneDay e ScuolaZoo, porta avanti l\u2019<strong>Osservatorio indifesa<\/strong>, uno strumento per ascoltare la voce dei ragazzi e delle ragazze italiane su violenza di genere, discriminazioni, bullismo, cyberbullismo e sexting. <strong>Dal suo avvio a oggi pi\u00f9 di 50.000 ragazzi e ragazze di tutta Italia<\/strong> sono stati coinvolti tramite i canali social di OneDay e ScuolaZoo, per un totale di pi\u00f9 di 10 milioni di contatti online in quello che rappresenta, a oggi, l\u2019<strong>unico punto d\u2019osservazione permanente su questi temi.<\/strong> Uno strumento fondamentale per orientare le politiche delle istituzioni e della comunit\u00e0 educante italiana.<\/p>\n<p>L\u2019Osservatorio indifesa 2021 \u00e8 stato realizzato grazie al prezioso supporto di <strong>BIC\u00ae<\/strong> che \u00e8 a fianco di Terre des Hommes e rinnova la sua collaborazione con la Fondazione per la <strong>Campagna indifesa <\/strong> e il progetto <strong>Network indifesa la prima rete italiana di WebRadio e giovani ambasciatori contro la discriminazione, gli stereotipi e la violenza di genere, bullismo, cyber-bullismo e sexting <\/strong>per promuovere la partecipazione e il protagonismo dei ragazzi e delle ragazze attraverso il loro coinvolgimento attivo in tutte le fasi del progetto per realizzare programmi radio mirati alla conoscenza e alla riflessione su violenza, discriminazioni e stereotipi di genere.<\/p>\n<p><strong>La Campagna <a href=\"https:\/\/terredeshommes.it\/eng\/indifesa\/\">indifesa<\/a><\/strong> di Terre des Hommes \u00e8 nata per garantire alle bambine di tutto il mondo istruzione, salute, protezione da violenza, discriminazioni e abusi. Con questa grande campagna di sensibilizzazione Terre des Hommes ha messo al centro del proprio intervento la <strong>promozione dei diritti delle bambine nel mondo<\/strong> a partire da interventi sul campo volti a dare risultati concreti per rompere il ciclo della povert\u00e0 e offrire migliori opportunit\u00e0 di vita a migliaia di bambine e ragazze nel mondo.<br \/>\nSostengono la campagna indifesa: <strong>Bata, Benefit Cosmetics, BIC\u00ae, BIC Foundation, C&amp;A, Douglas, Esserbella, catena di profumerie del Gruppo Esselunga, Fondazione Milan, Fondazione Zanetti, MainAD, Sorgenia, RGI Group, Valvorobica. <\/strong>[\/et_pb_text][\/et_pb_column][et_pb_column type=&#8221;1_5&#8243; _builder_version=&#8221;4.16&#8243; custom_padding=&#8221;|||&#8221; global_colors_info=&#8221;{}&#8221; custom_padding__hover=&#8221;|||&#8221;][\/et_pb_column][\/et_pb_row][\/et_pb_section]<\/p>\n","protected":false},"excerpt":{"rendered":"<p>La Gen Z fa sentire la sua voce attraverso l\u2019Osservatorio indifesa di Terre des Hommes e OneDay. Bullismo e Cyberbullismo continuano a essere minacce reali. Lo raccontano i dati raccolti dall\u2019Osservatorio indifesa realizzato da Terre des Hommes e OneDay, con l\u2019aiuto di ScuolaZoo e delle sue community, che ha coinvolto pi\u00f9 di 1700 ragazzi e [&hellip;]<\/p>\n","protected":false},"author":1,"featured_media":2371,"comment_status":"open","ping_status":"open","sticky":false,"template":"","format":"standard","meta":{"_et_pb_use_builder":"on","_et_pb_old_content":"Cras mattis consectetur purus sit amet fermentum. Aenean lacinia bibendum nulla sed consectetur. Donec ullamcorper nulla non metus auctor fringilla. Donec ullamcorper nulla non metus auctor fringilla.","_et_gb_content_width":"","footnotes":""},"categories":[16],"tags":[],"class_list":["post-2368","post","type-post","status-publish","format-standard","has-post-thumbnail","hentry","category-comunicati"],"yoast_head":"<!-- This site is optimized with the Yoast SEO plugin v21.1 - https:\/\/yoast.com\/wordpress\/plugins\/seo\/ -->\n<title>Osservatorio indifesa: 1 adolescente su 2 \u00e8 vittima di bullismo e il web fa sempre pi\u00f9 paura - Terre des Hommes Italia<\/title>\n<meta name=\"robots\" content=\"index, follow, max-snippet:-1, max-image-preview:large, max-video-preview:-1\" \/>\n<link rel=\"canonical\" href=\"https:\/\/terredeshommes.it\/eng\/comunicati\/osservatorio-indifesa-1-adolescente-2-vittima-bullismo\/\" \/>\n<meta property=\"og:locale\" content=\"en_US\" \/>\n<meta property=\"og:type\" content=\"article\" \/>\n<meta property=\"og:title\" content=\"Osservatorio indifesa: 1 adolescente su 2 \u00e8 vittima di bullismo e il web fa sempre pi\u00f9 paura - Terre des Hommes Italia\" \/>\n<meta property=\"og:description\" content=\"La Gen Z fa sentire la sua voce attraverso l\u2019Osservatorio indifesa di Terre des Hommes e OneDay. Bullismo e Cyberbullismo continuano a essere minacce reali. Lo raccontano i dati raccolti dall\u2019Osservatorio indifesa realizzato da Terre des Hommes e OneDay, con l\u2019aiuto di ScuolaZoo e delle sue community, che ha coinvolto pi\u00f9 di 1700 ragazzi e [&hellip;]\" \/>\n<meta property=\"og:url\" content=\"https:\/\/terredeshommes.it\/eng\/comunicati\/osservatorio-indifesa-1-adolescente-2-vittima-bullismo\/\" \/>\n<meta property=\"og:site_name\" content=\"Terre des Hommes Italia\" \/>\n<meta property=\"article:published_time\" content=\"2022-02-03T09:11:20+00:00\" \/>\n<meta property=\"article:modified_time\" content=\"2022-07-28T08:43:06+00:00\" \/>\n<meta property=\"og:image\" content=\"https:\/\/terredeshommes.it\/eng\/wp-content\/uploads\/cyberbullismo-sito.jpeg\" \/>\n\t<meta property=\"og:image:width\" content=\"940\" \/>\n\t<meta property=\"og:image:height\" content=\"528\" \/>\n\t<meta property=\"og:image:type\" content=\"image\/jpeg\" \/>\n<meta name=\"author\" content=\"superTDH\" \/>\n<meta name=\"twitter:card\" content=\"summary_large_image\" \/>\n<meta name=\"twitter:label1\" content=\"Written by\" \/>\n\t<meta name=\"twitter:data1\" content=\"superTDH\" \/>\n\t<meta name=\"twitter:label2\" content=\"Est. reading time\" \/>\n\t<meta name=\"twitter:data2\" content=\"8 minutes\" \/>\n<script type=\"application\/ld+json\" class=\"yoast-schema-graph\">{\"@context\":\"https:\/\/schema.org\",\"@graph\":[{\"@type\":\"WebPage\",\"@id\":\"https:\/\/terredeshommes.it\/eng\/comunicati\/osservatorio-indifesa-1-adolescente-2-vittima-bullismo\/\",\"url\":\"https:\/\/terredeshommes.it\/eng\/comunicati\/osservatorio-indifesa-1-adolescente-2-vittima-bullismo\/\",\"name\":\"Osservatorio indifesa: 1 adolescente su 2 \u00e8 vittima di bullismo e il web fa sempre pi\u00f9 paura - Terre des Hommes Italia\",\"isPartOf\":{\"@id\":\"https:\/\/terredeshommes.it\/eng\/#website\"},\"datePublished\":\"2022-02-03T09:11:20+00:00\",\"dateModified\":\"2022-07-28T08:43:06+00:00\",\"author\":{\"@id\":\"https:\/\/terredeshommes.it\/eng\/#\/schema\/person\/adf40aab21514bbdc483bd807a69efed\"},\"breadcrumb\":{\"@id\":\"https:\/\/terredeshommes.it\/eng\/comunicati\/osservatorio-indifesa-1-adolescente-2-vittima-bullismo\/#breadcrumb\"},\"inLanguage\":\"en-US\",\"potentialAction\":[{\"@type\":\"ReadAction\",\"target\":[\"https:\/\/terredeshommes.it\/eng\/comunicati\/osservatorio-indifesa-1-adolescente-2-vittima-bullismo\/\"]}]},{\"@type\":\"BreadcrumbList\",\"@id\":\"https:\/\/terredeshommes.it\/eng\/comunicati\/osservatorio-indifesa-1-adolescente-2-vittima-bullismo\/#breadcrumb\",\"itemListElement\":[{\"@type\":\"ListItem\",\"position\":1,\"name\":\"Home\",\"item\":\"https:\/\/terredeshommes.it\/eng\/\"},{\"@type\":\"ListItem\",\"position\":2,\"name\":\"Osservatorio indifesa: 1 adolescente su 2 \u00e8 vittima di bullismo e il web fa sempre pi\u00f9 paura\"}]},{\"@type\":\"WebSite\",\"@id\":\"https:\/\/terredeshommes.it\/eng\/#website\",\"url\":\"https:\/\/terredeshommes.it\/eng\/\",\"name\":\"Terre des Hommes Italia\",\"description\":\"Proteggiamo i bambini insieme\",\"potentialAction\":[{\"@type\":\"SearchAction\",\"target\":{\"@type\":\"EntryPoint\",\"urlTemplate\":\"https:\/\/terredeshommes.it\/eng\/?s={search_term_string}\"},\"query-input\":\"required name=search_term_string\"}],\"inLanguage\":\"en-US\"},{\"@type\":\"Person\",\"@id\":\"https:\/\/terredeshommes.it\/eng\/#\/schema\/person\/adf40aab21514bbdc483bd807a69efed\",\"name\":\"superTDH\",\"url\":\"https:\/\/terredeshommes.it\/eng\/author\/supertdh\/\"}]}<\/script>\n<!-- \/ Yoast SEO plugin. -->","yoast_head_json":{"title":"Osservatorio indifesa: 1 adolescente su 2 \u00e8 vittima di bullismo e il web fa sempre pi\u00f9 paura - Terre des Hommes Italia","robots":{"index":"index","follow":"follow","max-snippet":"max-snippet:-1","max-image-preview":"max-image-preview:large","max-video-preview":"max-video-preview:-1"},"canonical":"https:\/\/terredeshommes.it\/eng\/comunicati\/osservatorio-indifesa-1-adolescente-2-vittima-bullismo\/","og_locale":"en_US","og_type":"article","og_title":"Osservatorio indifesa: 1 adolescente su 2 \u00e8 vittima di bullismo e il web fa sempre pi\u00f9 paura - Terre des Hommes Italia","og_description":"La Gen Z fa sentire la sua voce attraverso l\u2019Osservatorio indifesa di Terre des Hommes e OneDay. Bullismo e Cyberbullismo continuano a essere minacce reali. Lo raccontano i dati raccolti dall\u2019Osservatorio indifesa realizzato da Terre des Hommes e OneDay, con l\u2019aiuto di ScuolaZoo e delle sue community, che ha coinvolto pi\u00f9 di 1700 ragazzi e [&hellip;]","og_url":"https:\/\/terredeshommes.it\/eng\/comunicati\/osservatorio-indifesa-1-adolescente-2-vittima-bullismo\/","og_site_name":"Terre des Hommes Italia","article_published_time":"2022-02-03T09:11:20+00:00","article_modified_time":"2022-07-28T08:43:06+00:00","og_image":[{"width":940,"height":528,"url":"https:\/\/terredeshommes.it\/eng\/wp-content\/uploads\/cyberbullismo-sito.jpeg","type":"image\/jpeg"}],"author":"superTDH","twitter_card":"summary_large_image","twitter_misc":{"Written by":"superTDH","Est. reading time":"8 minutes"},"schema":{"@context":"https:\/\/schema.org","@graph":[{"@type":"WebPage","@id":"https:\/\/terredeshommes.it\/eng\/comunicati\/osservatorio-indifesa-1-adolescente-2-vittima-bullismo\/","url":"https:\/\/terredeshommes.it\/eng\/comunicati\/osservatorio-indifesa-1-adolescente-2-vittima-bullismo\/","name":"Osservatorio indifesa: 1 adolescente su 2 \u00e8 vittima di bullismo e il web fa sempre pi\u00f9 paura - Terre des Hommes Italia","isPartOf":{"@id":"https:\/\/terredeshommes.it\/eng\/#website"},"datePublished":"2022-02-03T09:11:20+00:00","dateModified":"2022-07-28T08:43:06+00:00","author":{"@id":"https:\/\/terredeshommes.it\/eng\/#\/schema\/person\/adf40aab21514bbdc483bd807a69efed"},"breadcrumb":{"@id":"https:\/\/terredeshommes.it\/eng\/comunicati\/osservatorio-indifesa-1-adolescente-2-vittima-bullismo\/#breadcrumb"},"inLanguage":"en-US","potentialAction":[{"@type":"ReadAction","target":["https:\/\/terredeshommes.it\/eng\/comunicati\/osservatorio-indifesa-1-adolescente-2-vittima-bullismo\/"]}]},{"@type":"BreadcrumbList","@id":"https:\/\/terredeshommes.it\/eng\/comunicati\/osservatorio-indifesa-1-adolescente-2-vittima-bullismo\/#breadcrumb","itemListElement":[{"@type":"ListItem","position":1,"name":"Home","item":"https:\/\/terredeshommes.it\/eng\/"},{"@type":"ListItem","position":2,"name":"Osservatorio indifesa: 1 adolescente su 2 \u00e8 vittima di bullismo e il web fa sempre pi\u00f9 paura"}]},{"@type":"WebSite","@id":"https:\/\/terredeshommes.it\/eng\/#website","url":"https:\/\/terredeshommes.it\/eng\/","name":"Terre des Hommes Italia","description":"Proteggiamo i bambini insieme","potentialAction":[{"@type":"SearchAction","target":{"@type":"EntryPoint","urlTemplate":"https:\/\/terredeshommes.it\/eng\/?s={search_term_string}"},"query-input":"required name=search_term_string"}],"inLanguage":"en-US"},{"@type":"Person","@id":"https:\/\/terredeshommes.it\/eng\/#\/schema\/person\/adf40aab21514bbdc483bd807a69efed","name":"superTDH","url":"https:\/\/terredeshommes.it\/eng\/author\/supertdh\/"}]}},"_links":{"self":[{"href":"https:\/\/terredeshommes.it\/eng\/wp-json\/wp\/v2\/posts\/2368","targetHints":{"allow":["GET"]}}],"collection":[{"href":"https:\/\/terredeshommes.it\/eng\/wp-json\/wp\/v2\/posts"}],"about":[{"href":"https:\/\/terredeshommes.it\/eng\/wp-json\/wp\/v2\/types\/post"}],"author":[{"embeddable":true,"href":"https:\/\/terredeshommes.it\/eng\/wp-json\/wp\/v2\/users\/1"}],"replies":[{"embeddable":true,"href":"https:\/\/terredeshommes.it\/eng\/wp-json\/wp\/v2\/comments?post=2368"}],"version-history":[{"count":0,"href":"https:\/\/terredeshommes.it\/eng\/wp-json\/wp\/v2\/posts\/2368\/revisions"}],"wp:featuredmedia":[{"embeddable":true,"href":"https:\/\/terredeshommes.it\/eng\/wp-json\/wp\/v2\/media\/2371"}],"wp:attachment":[{"href":"https:\/\/terredeshommes.it\/eng\/wp-json\/wp\/v2\/media?parent=2368"}],"wp:term":[{"taxonomy":"category","embeddable":true,"href":"https:\/\/terredeshommes.it\/eng\/wp-json\/wp\/v2\/categories?post=2368"},{"taxonomy":"post_tag","embeddable":true,"href":"https:\/\/terredeshommes.it\/eng\/wp-json\/wp\/v2\/tags?post=2368"}],"curies":[{"name":"wp","href":"https:\/\/api.w.org\/{rel}","templated":true}]}}