{"id":2374,"date":"2022-02-13T10:43:32","date_gmt":"2022-02-13T09:43:32","guid":{"rendered":"https:\/\/terredeshommes.it\/?p=2374"},"modified":"2022-07-28T10:48:37","modified_gmt":"2022-07-28T08:48:37","slug":"le-webradio-del-network-indifesa-terre-des-hommes","status":"publish","type":"post","link":"https:\/\/terredeshommes.it\/eng\/comunicati\/le-webradio-del-network-indifesa-terre-des-hommes\/","title":{"rendered":"Le webradio del Network Indifesa di Terre des Hommes contro discriminazioni di genere e bullismi"},"content":{"rendered":"<p>[et_pb_section fb_built=&#8221;1&#8243; _builder_version=&#8221;4.16&#8243; global_colors_info=&#8221;{}&#8221;][et_pb_row column_structure=&#8221;1_5,3_5,1_5&#8243; _builder_version=&#8221;4.16&#8243; background_size=&#8221;initial&#8221; background_position=&#8221;top_left&#8221; background_repeat=&#8221;repeat&#8221; global_colors_info=&#8221;{}&#8221;][et_pb_column type=&#8221;1_5&#8243; _builder_version=&#8221;4.16&#8243; custom_padding=&#8221;|||&#8221; global_colors_info=&#8221;{}&#8221; custom_padding__hover=&#8221;|||&#8221;][\/et_pb_column][et_pb_column type=&#8221;3_5&#8243; _builder_version=&#8221;4.16&#8243; custom_padding=&#8221;|||&#8221; global_colors_info=&#8221;{}&#8221; custom_padding__hover=&#8221;|||&#8221;][et_pb_text admin_label=&#8221;Testo&#8221; _builder_version=&#8221;4.17.6&#8243; background_size=&#8221;initial&#8221; background_position=&#8221;top_left&#8221; background_repeat=&#8221;repeat&#8221; global_colors_info=&#8221;{}&#8221;]<\/p>\n<h3>Negli ultimi 3 anni 14 webradio hanno coinvolto quasi 300 adolescenti e raggiunto altre 35.000 persone tramite attivit\u00e0 di peer education.<\/h3>\n<p>A distanza di pi\u00f9 di cento anni dalla sua invenzione <strong>la radio \u00e8 ancora strumento ascoltato e apprezzato dai giovani<\/strong>, ne \u00e8 la prova il successo del <strong>Network indifesa<\/strong>, promosso a partire dal 2018 da <strong>Terre des Hommes<\/strong>, anche grazie al supporto di <strong>BIC\u00ae<\/strong> e di <strong>BIC Corporate Foundation.<\/strong><\/p>\n<p>Il Network indifesa \u00e8 <strong>la prima rete di web radio e giovani ambasciatori contro la violenza e le discriminazioni di genere e per il contrasto al bullismo e al cyberbullismo. <\/strong><\/p>\n<p>Soprattutto dopo due anni di pandemia i ragazzi esprimono sempre pi\u00f9 chiaramente il senso di solitudine che provano. <strong>Dai recenti dati dell\u2019Osservatorio indifesa l\u201988% dice di sentirsi solo e il 37,5% ha paura dell\u2019isolamento sociale. <\/strong><\/p>\n<p>Ecco che in questo contesto lo strumento della <strong>radio<\/strong> pu\u00f2 essere ed \u00e8 a tutti gli effetti un potente collettore di energie dove ragazzi e ragazze trovano lo <strong>spazio per esprimere le proprie idee, i propri sogni e per dialogare tra pari e mettersi alla prova. <\/strong><\/p>\n<p>Dal <strong>2018 <\/strong>Terre des Hommes e i suoi partner, tra cui l\u2019associazione <strong>Kreattiva<\/strong>, hanno attivato direttamente quasi <strong>300 ragazzi e ragazze nelle attivit\u00e0 del Network indifesa<\/strong> invitandoli a partecipare attivamente alla redazione e alla realizzazione dei podcast delle <strong>14 webradio giovanili <\/strong>coinvolte nel progetto. Sono stati prodotti <strong>pi\u00f9 di 500 ore di broadcasting e 18 format diversi di podcast.<\/strong><\/p>\n<p>Sono circa <strong>15.000 gli studenti che sono stati raggiunti<\/strong> da un <a href=\"https:\/\/networkindifesa.terredeshommes.it\/\">toolkit <\/a>predisposto e diffuso anche grazie alla <strong>collaborazione di circa 200 insegnanti.<\/strong> E sono circa <strong>2500 i giovani coinvolti direttamente in attivit\u00e0 di formazione e workshop.<\/strong> I ragazzi sono stati formati e ingaggiati come ambasciatori e tramite varie attivit\u00e0 di peer education hanno a loro volta <strong>raggiunto altre 35.000 persone <\/strong>del proprio network personale diffondendo i temi di indifesa.<\/p>\n<p><em>\u201cI ragazzi e le ragazze della generazione Z, che ogni anno interpelliamo attraverso il nostro Osservatorio indifesa su bullismi e violenza di genere, ci dicono chiaramente che vogliono essere ascoltati e presi sul serio dagli adulti. E la radio si dimostra ancora oggi uno strumento efficace per dare loro voce.\u201d<\/em> Afferma <strong>Paolo Ferrara, Direttore Generale di Terre des Hommes <\/strong><em>\u201cSiamo felici di avere BIC\u00ae al nostro fianco in questo percorso, che non solo offre ai pi\u00f9 giovani la possibilit\u00e0 di mettersi in gioco e partecipare per esprimere le loro idee, ma permette a ragazzi e ragazze di sviluppare la consapevolezza nei propri mezzi e quelle soft skill che saranno sempre pi\u00f9 necessarie per realizzarsi e diventare leader del cambiamento.\u201d<\/em><\/p>\n<p>Il <strong>Network indifesa<\/strong> nasce dall\u2019esperienza della <strong>campagna indifesa <\/strong>di Terre des Hommes, la prima campagna <strong>contro la violenza e le discriminazioni di genere nei confronti delle bambine e delle ragazze.<\/strong> Con questa grande iniziativa di sensibilizzazione Terre des Hommes ha messo al centro del proprio intervento la promozione dei diritti delle bambine nel mondo a partire da interventi sul campo volti a dare risultati concreti per rompere il ciclo della povert\u00e0 e offrire migliori opportunit\u00e0 di vita a migliaia di bambine e ragazze nel mondo.<\/p>\n<p>Sostengono la campagna indifesa: Bata, Benefit Cosmetics, BIC\u00ae, BIC Foundation, C&amp;A, Douglas, Esserbella, catena di profumerie del Gruppo Esselunga, Fondazione Milan, Fondazione Zanetti, MainAD, Sorgenia, RGI Group, Valvorobica.<\/p>\n<p>[\/et_pb_text][\/et_pb_column][et_pb_column type=&#8221;1_5&#8243; _builder_version=&#8221;4.16&#8243; custom_padding=&#8221;|||&#8221; global_colors_info=&#8221;{}&#8221; custom_padding__hover=&#8221;|||&#8221;][\/et_pb_column][\/et_pb_row][\/et_pb_section]<\/p>\n","protected":false},"excerpt":{"rendered":"<p>Negli ultimi 3 anni 14 webradio hanno coinvolto quasi 300 adolescenti e raggiunto altre 35.000 persone tramite attivit\u00e0 di peer education. A distanza di pi\u00f9 di cento anni dalla sua invenzione la radio \u00e8 ancora strumento ascoltato e apprezzato dai giovani, ne \u00e8 la prova il successo del Network indifesa, promosso a partire dal 2018 [&hellip;]<\/p>\n","protected":false},"author":1,"featured_media":2376,"comment_status":"open","ping_status":"open","sticky":false,"template":"","format":"standard","meta":{"_et_pb_use_builder":"on","_et_pb_old_content":"Cras mattis consectetur purus sit amet fermentum. Aenean lacinia bibendum nulla sed consectetur. Donec ullamcorper nulla non metus auctor fringilla. Donec ullamcorper nulla non metus auctor fringilla.","_et_gb_content_width":"","footnotes":""},"categories":[16],"tags":[],"class_list":["post-2374","post","type-post","status-publish","format-standard","has-post-thumbnail","hentry","category-comunicati"],"yoast_head":"<!-- This site is optimized with the Yoast SEO plugin v21.1 - https:\/\/yoast.com\/wordpress\/plugins\/seo\/ -->\n<title>Le webradio del Network Indifesa di Terre des Hommes contro discriminazioni di genere e bullismi - Terre des Hommes Italia<\/title>\n<meta name=\"robots\" content=\"index, follow, max-snippet:-1, max-image-preview:large, max-video-preview:-1\" \/>\n<link rel=\"canonical\" href=\"https:\/\/terredeshommes.it\/eng\/comunicati\/le-webradio-del-network-indifesa-terre-des-hommes\/\" \/>\n<meta property=\"og:locale\" content=\"en_US\" \/>\n<meta property=\"og:type\" content=\"article\" \/>\n<meta property=\"og:title\" content=\"Le webradio del Network Indifesa di Terre des Hommes contro discriminazioni di genere e bullismi - Terre des Hommes Italia\" \/>\n<meta property=\"og:description\" content=\"Negli ultimi 3 anni 14 webradio hanno coinvolto quasi 300 adolescenti e raggiunto altre 35.000 persone tramite attivit\u00e0 di peer education. A distanza di pi\u00f9 di cento anni dalla sua invenzione la radio \u00e8 ancora strumento ascoltato e apprezzato dai giovani, ne \u00e8 la prova il successo del Network indifesa, promosso a partire dal 2018 [&hellip;]\" \/>\n<meta property=\"og:url\" content=\"https:\/\/terredeshommes.it\/eng\/comunicati\/le-webradio-del-network-indifesa-terre-des-hommes\/\" \/>\n<meta property=\"og:site_name\" content=\"Terre des Hommes Italia\" \/>\n<meta property=\"article:published_time\" content=\"2022-02-13T09:43:32+00:00\" \/>\n<meta property=\"article:modified_time\" content=\"2022-07-28T08:48:37+00:00\" \/>\n<meta property=\"og:image\" content=\"https:\/\/terredeshommes.it\/eng\/wp-content\/uploads\/Webradio-indifesa1.png\" \/>\n\t<meta property=\"og:image:width\" content=\"940\" \/>\n\t<meta property=\"og:image:height\" content=\"449\" \/>\n\t<meta property=\"og:image:type\" content=\"image\/png\" \/>\n<meta name=\"author\" content=\"superTDH\" \/>\n<meta name=\"twitter:card\" content=\"summary_large_image\" \/>\n<meta name=\"twitter:label1\" content=\"Written by\" \/>\n\t<meta name=\"twitter:data1\" content=\"superTDH\" \/>\n\t<meta name=\"twitter:label2\" content=\"Est. reading time\" \/>\n\t<meta name=\"twitter:data2\" content=\"9 minutes\" \/>\n<script type=\"application\/ld+json\" class=\"yoast-schema-graph\">{\"@context\":\"https:\/\/schema.org\",\"@graph\":[{\"@type\":\"WebPage\",\"@id\":\"https:\/\/terredeshommes.it\/eng\/comunicati\/le-webradio-del-network-indifesa-terre-des-hommes\/\",\"url\":\"https:\/\/terredeshommes.it\/eng\/comunicati\/le-webradio-del-network-indifesa-terre-des-hommes\/\",\"name\":\"Le webradio del Network Indifesa di Terre des Hommes contro discriminazioni di genere e bullismi - Terre des Hommes Italia\",\"isPartOf\":{\"@id\":\"https:\/\/terredeshommes.it\/eng\/#website\"},\"datePublished\":\"2022-02-13T09:43:32+00:00\",\"dateModified\":\"2022-07-28T08:48:37+00:00\",\"author\":{\"@id\":\"https:\/\/terredeshommes.it\/eng\/#\/schema\/person\/adf40aab21514bbdc483bd807a69efed\"},\"breadcrumb\":{\"@id\":\"https:\/\/terredeshommes.it\/eng\/comunicati\/le-webradio-del-network-indifesa-terre-des-hommes\/#breadcrumb\"},\"inLanguage\":\"en-US\",\"potentialAction\":[{\"@type\":\"ReadAction\",\"target\":[\"https:\/\/terredeshommes.it\/eng\/comunicati\/le-webradio-del-network-indifesa-terre-des-hommes\/\"]}]},{\"@type\":\"BreadcrumbList\",\"@id\":\"https:\/\/terredeshommes.it\/eng\/comunicati\/le-webradio-del-network-indifesa-terre-des-hommes\/#breadcrumb\",\"itemListElement\":[{\"@type\":\"ListItem\",\"position\":1,\"name\":\"Home\",\"item\":\"https:\/\/terredeshommes.it\/eng\/\"},{\"@type\":\"ListItem\",\"position\":2,\"name\":\"Le webradio del Network Indifesa di Terre des Hommes contro discriminazioni di genere e bullismi\"}]},{\"@type\":\"WebSite\",\"@id\":\"https:\/\/terredeshommes.it\/eng\/#website\",\"url\":\"https:\/\/terredeshommes.it\/eng\/\",\"name\":\"Terre des Hommes Italia\",\"description\":\"Proteggiamo i bambini insieme\",\"potentialAction\":[{\"@type\":\"SearchAction\",\"target\":{\"@type\":\"EntryPoint\",\"urlTemplate\":\"https:\/\/terredeshommes.it\/eng\/?s={search_term_string}\"},\"query-input\":\"required name=search_term_string\"}],\"inLanguage\":\"en-US\"},{\"@type\":\"Person\",\"@id\":\"https:\/\/terredeshommes.it\/eng\/#\/schema\/person\/adf40aab21514bbdc483bd807a69efed\",\"name\":\"superTDH\",\"url\":\"https:\/\/terredeshommes.it\/eng\/author\/supertdh\/\"}]}<\/script>\n<!-- \/ Yoast SEO plugin. -->","yoast_head_json":{"title":"Le webradio del Network Indifesa di Terre des Hommes contro discriminazioni di genere e bullismi - Terre des Hommes Italia","robots":{"index":"index","follow":"follow","max-snippet":"max-snippet:-1","max-image-preview":"max-image-preview:large","max-video-preview":"max-video-preview:-1"},"canonical":"https:\/\/terredeshommes.it\/eng\/comunicati\/le-webradio-del-network-indifesa-terre-des-hommes\/","og_locale":"en_US","og_type":"article","og_title":"Le webradio del Network Indifesa di Terre des Hommes contro discriminazioni di genere e bullismi - Terre des Hommes Italia","og_description":"Negli ultimi 3 anni 14 webradio hanno coinvolto quasi 300 adolescenti e raggiunto altre 35.000 persone tramite attivit\u00e0 di peer education. A distanza di pi\u00f9 di cento anni dalla sua invenzione la radio \u00e8 ancora strumento ascoltato e apprezzato dai giovani, ne \u00e8 la prova il successo del Network indifesa, promosso a partire dal 2018 [&hellip;]","og_url":"https:\/\/terredeshommes.it\/eng\/comunicati\/le-webradio-del-network-indifesa-terre-des-hommes\/","og_site_name":"Terre des Hommes Italia","article_published_time":"2022-02-13T09:43:32+00:00","article_modified_time":"2022-07-28T08:48:37+00:00","og_image":[{"width":940,"height":449,"url":"https:\/\/terredeshommes.it\/eng\/wp-content\/uploads\/Webradio-indifesa1.png","type":"image\/png"}],"author":"superTDH","twitter_card":"summary_large_image","twitter_misc":{"Written by":"superTDH","Est. reading time":"9 minutes"},"schema":{"@context":"https:\/\/schema.org","@graph":[{"@type":"WebPage","@id":"https:\/\/terredeshommes.it\/eng\/comunicati\/le-webradio-del-network-indifesa-terre-des-hommes\/","url":"https:\/\/terredeshommes.it\/eng\/comunicati\/le-webradio-del-network-indifesa-terre-des-hommes\/","name":"Le webradio del Network Indifesa di Terre des Hommes contro discriminazioni di genere e bullismi - Terre des Hommes Italia","isPartOf":{"@id":"https:\/\/terredeshommes.it\/eng\/#website"},"datePublished":"2022-02-13T09:43:32+00:00","dateModified":"2022-07-28T08:48:37+00:00","author":{"@id":"https:\/\/terredeshommes.it\/eng\/#\/schema\/person\/adf40aab21514bbdc483bd807a69efed"},"breadcrumb":{"@id":"https:\/\/terredeshommes.it\/eng\/comunicati\/le-webradio-del-network-indifesa-terre-des-hommes\/#breadcrumb"},"inLanguage":"en-US","potentialAction":[{"@type":"ReadAction","target":["https:\/\/terredeshommes.it\/eng\/comunicati\/le-webradio-del-network-indifesa-terre-des-hommes\/"]}]},{"@type":"BreadcrumbList","@id":"https:\/\/terredeshommes.it\/eng\/comunicati\/le-webradio-del-network-indifesa-terre-des-hommes\/#breadcrumb","itemListElement":[{"@type":"ListItem","position":1,"name":"Home","item":"https:\/\/terredeshommes.it\/eng\/"},{"@type":"ListItem","position":2,"name":"Le webradio del Network Indifesa di Terre des Hommes contro discriminazioni di genere e bullismi"}]},{"@type":"WebSite","@id":"https:\/\/terredeshommes.it\/eng\/#website","url":"https:\/\/terredeshommes.it\/eng\/","name":"Terre des Hommes Italia","description":"Proteggiamo i bambini insieme","potentialAction":[{"@type":"SearchAction","target":{"@type":"EntryPoint","urlTemplate":"https:\/\/terredeshommes.it\/eng\/?s={search_term_string}"},"query-input":"required name=search_term_string"}],"inLanguage":"en-US"},{"@type":"Person","@id":"https:\/\/terredeshommes.it\/eng\/#\/schema\/person\/adf40aab21514bbdc483bd807a69efed","name":"superTDH","url":"https:\/\/terredeshommes.it\/eng\/author\/supertdh\/"}]}},"_links":{"self":[{"href":"https:\/\/terredeshommes.it\/eng\/wp-json\/wp\/v2\/posts\/2374","targetHints":{"allow":["GET"]}}],"collection":[{"href":"https:\/\/terredeshommes.it\/eng\/wp-json\/wp\/v2\/posts"}],"about":[{"href":"https:\/\/terredeshommes.it\/eng\/wp-json\/wp\/v2\/types\/post"}],"author":[{"embeddable":true,"href":"https:\/\/terredeshommes.it\/eng\/wp-json\/wp\/v2\/users\/1"}],"replies":[{"embeddable":true,"href":"https:\/\/terredeshommes.it\/eng\/wp-json\/wp\/v2\/comments?post=2374"}],"version-history":[{"count":0,"href":"https:\/\/terredeshommes.it\/eng\/wp-json\/wp\/v2\/posts\/2374\/revisions"}],"wp:featuredmedia":[{"embeddable":true,"href":"https:\/\/terredeshommes.it\/eng\/wp-json\/wp\/v2\/media\/2376"}],"wp:attachment":[{"href":"https:\/\/terredeshommes.it\/eng\/wp-json\/wp\/v2\/media?parent=2374"}],"wp:term":[{"taxonomy":"category","embeddable":true,"href":"https:\/\/terredeshommes.it\/eng\/wp-json\/wp\/v2\/categories?post=2374"},{"taxonomy":"post_tag","embeddable":true,"href":"https:\/\/terredeshommes.it\/eng\/wp-json\/wp\/v2\/tags?post=2374"}],"curies":[{"name":"wp","href":"https:\/\/api.w.org\/{rel}","templated":true}]}}