{"id":2377,"date":"2022-02-23T10:45:58","date_gmt":"2022-02-23T09:45:58","guid":{"rendered":"https:\/\/terredeshommes.it\/?p=2377"},"modified":"2022-07-28T10:47:53","modified_gmt":"2022-07-28T08:47:53","slug":"al-via-il-nuovo-progetto-respiro-per-gli-orfani-di-femminicidio","status":"publish","type":"post","link":"https:\/\/terredeshommes.it\/eng\/comunicati\/al-via-il-nuovo-progetto-respiro-per-gli-orfani-di-femminicidio\/","title":{"rendered":"Al via il nuovo progetto &#8220;RESPIRO&#8221; per gli orfani di femminicidio"},"content":{"rendered":"<p>[et_pb_section fb_built=&#8221;1&#8243; _builder_version=&#8221;4.16&#8243; global_colors_info=&#8221;{}&#8221;][et_pb_row column_structure=&#8221;1_5,3_5,1_5&#8243; _builder_version=&#8221;4.16&#8243; background_size=&#8221;initial&#8221; background_position=&#8221;top_left&#8221; background_repeat=&#8221;repeat&#8221; global_colors_info=&#8221;{}&#8221;][et_pb_column type=&#8221;1_5&#8243; _builder_version=&#8221;4.16&#8243; custom_padding=&#8221;|||&#8221; global_colors_info=&#8221;{}&#8221; custom_padding__hover=&#8221;|||&#8221;][\/et_pb_column][et_pb_column type=&#8221;3_5&#8243; _builder_version=&#8221;4.16&#8243; custom_padding=&#8221;|||&#8221; global_colors_info=&#8221;{}&#8221; custom_padding__hover=&#8221;|||&#8221;][et_pb_text admin_label=&#8221;Testo&#8221; _builder_version=&#8221;4.17.6&#8243; background_size=&#8221;initial&#8221; background_position=&#8221;top_left&#8221; background_repeat=&#8221;repeat&#8221; global_colors_info=&#8221;{}&#8221;]<\/p>\n<p>Con l\u2019evento online \u201c<a href=\"https:\/\/www.facebook.com\/ProgettoRespiro\/videos\/1903900006468927\" target=\"_blank\" rel=\"noopener\">Orfani di femminicidio e diritto all\u2019infanzia<\/a>\u201d, tenutosi questa mattina alla presenza dell\u2019<strong>Onorevole Paolo Siani<\/strong> e della <strong>Senatrice Valeria Valente<\/strong>, la rete del progetto RESPIRO, selezionato da <a href=\"http:\/\/www.conibambini.org\">Con i Bambini<\/a> nell\u2019ambito del <strong>Fondo per il contrasto della povert\u00e0 educativa minorile<\/strong>, ha portato l\u2019attenzione sulla condizione, complessa e sommersa, dei cosiddetti <strong>orfani speciali, i bambini e le bambine rimasti orfani a seguito di un femminicidio<\/strong>.<\/p>\n<p>Il racconto in prima persona di un orfano e di una <em>caregiver<\/em> (familiare delle vittime, al quale vengono affidati i bambini) ha offerto una <strong>testimonianza di quanto sia devastante l\u2019impatto psicologico del trauma subito da questi bambini e queste bambine<\/strong> che sono orfani due volte. Hanno perso la mamma e il pap\u00e0, e anche la loro capacit\u00e0 di sognare una vita normale e felice.<\/p>\n<p>\u201c<em>Un dolore pazzesco che non passa, il vuoto ti divora, ti manca la terra sotto i piedi<\/em>\u201d ha testimoniato <strong>Giuseppe Delmonte<\/strong>, che ha perso la mamma per mano del padre nel 1997 quando aveva 18 anni. \u201c<em>Pensi di farcela, ma ti rendi conto che da solo non puoi. Non ho avuto nessun sostegno psicologico al tempo. La cosa pi\u00f9 assurda \u00e8 che a mio padre hanno dato uno psicologo gi\u00e0 dalla prima settimana di ingresso in carcere. Io, invece, uno psicoterapeuta l\u2019ho potuto avere solo tre anni fa, pagandomelo di tasca mia<\/em>\u201d.<\/p>\n<p>Ha aggiunto <strong>Vera Squadrito<\/strong>, madre di una vittima di femminicidio e nonna-caregiver della nipotina \u201c<em>Nella tragedia devastante di quei giorni il sentimento prevalente \u00e8 l\u2019invisibilit\u00e0. Molti professionisti vengono a cercarti per questioni legali e burocratiche ma nessuno ti sostiene come persona<\/em>\u201d.<\/p>\n<p>Il <strong>progetto RESPIRO<\/strong> intende <strong>promuovere un modello di intervento<\/strong> e di cura che possa <strong>garantire una risposta efficace per la protezione di bambini e bambine quando si verifica un femminicidio<\/strong>, affinch\u00e9 i pi\u00f9 piccoli e i loro familiari n<strong>on siano pi\u00f9 soli<\/strong>, ma vengano <strong>accompagnati in un percorso di sostegno<\/strong>.<\/p>\n<p>Il progetto vuole inoltre <strong>favorire un cambiamento culturale<\/strong>, costruendo insieme ai media e ai comunicatori un\u2019alleanza per diffondere un nuovo approccio alla prevenzione della violenza domestica.<\/p>\n<p>\u201c<em>La Violenza assistita per i bambini \u00e8 spesso un male invisibile che purtroppo provoca gravi effetti sulla loro salute psicofisica a breve e lungo termine<\/em>\u201d, ha ricordato nel suo saluto <strong>On. Paolo Siani<\/strong>, vicepresidente della Commissione Parlamentare per l\u2019Infanzia e l\u2019Adolescenza. \u201c<em>\u00c8 necessario e urgente approvare una legge \u201cDisposizioni per la prevenzione del maltrattamento sui minori\u201d, depositata alla Camera dei Deputati<\/em>\u201d.<\/p>\n<p>Nel corso del suo intervento la <strong>Senatrice Valeria Valente<\/strong>, presidente della Commissione d\u2019inchiesta sul femminicidio e la violenza di genere del Senato, ha sottolineato: \u201c<em>Si calcola che <strong>ogni anno siano circa 250 i figli e le figlie che vengono resi orfani a causa del femminicidio<\/strong> delle loro madri, accompagnato a volte dal suicidio dei loro padri, autori del delitto. Migliaia sono invece i figli e le figlie che assistono agli abusi e alle violenze in famiglia. Nell\u2019affrontare la violenza contro le donne dobbiamo sempre, necessariamente, tenere conto anche di loro. <strong>Nel 2018 il Parlamento ha approvato la legge n. 4<\/strong>, due anni dopo sono arrivati i regolamenti attuativi, ma sappiamo che tantissimi di questi \u201corfani speciali\u201d \u2013 come li aveva chiamati Anna Costanza Baldry, la studiosa che per prima ha acceso i riflettori sulla loro condizione \u2013 non riescono ancora ad accedere al supporto previsto. <strong>Dobbiamo lavorare tutti insieme \u2013 istituzioni e societ\u00e0 civile \u2013 affinch\u00e9 le criticit\u00e0 siano superate<\/strong>: un obiettivo sul quale la Commissione d\u2019inchiesta sul femminicidio \u00e8 impegnata da sempre e che oggi trova un alleato prezioso nella Fondazione Con i bambini<\/em>\u201d. \u00a0<\/p>\n<p>A dare vita a questo intervento quadriennale \u00e8 una rete di <strong>13 partner<\/strong> attivi su tutto il territorio nazionale e in particolare in Campania, Calabria, Basilicata, Puglia, Sicilia e Sardegna.<\/p>\n<p>\u201c<em>Credo che questa sia una grandissima opportunit\u00e0<\/em>,\u201d ha sostenuto <strong>Fedele Salvatore<\/strong>, presidente della Cooperativa Irene \u201995, capofila del progetto, \u201c<em>oltre che per raggiungere finalmente tutti gli orfani, offrendo a ciascuno risposte per bisogni diversi, anche per costruire le opportune sinergie tra quanti (operatori pubblici e del privato sociale) sono impegnati su questo fronte, in una logica di vera sussidiariet\u00e0 orizzontale e verticale<\/em>\u201d.<\/p>\n<p>\u201c<em>Il bando \u201cA braccia aperte\u201d promosso da Con i Bambini nell\u2019ambito del Fondo per il contrasto della povert\u00e0 educativa minorile e rivolto ai figli delle vittime di femminicidio e alle famiglie affidatarie (all\u2019interno del quale \u00e8 stato finanziato il progetto Respiro) \u00e8 un\u2019iniziativa necessaria e importante<\/em>\u201d, ha sottolineato\u00a0<strong>Marco Rossi-Doria<\/strong>,\u00a0presidente di Con i Bambini, \u201c<em>cos\u00ec come lo \u00e8 stata la decisione di affrontare un fenomeno cos\u00ec grave e delicato. Abbiamo scelto di favorire un processo inclusivo di progettazione partecipata, coniugando sensibilit\u00e0, competenze ed esperienze altamente qualificate. Si tratta infatti di bambini e bambine che hanno perso in modo violentissimo entrambi i genitori, e devono affrontare un presente e un futuro molto difficili, il che richiede un\u2019opera di riparazione attentissima. Noi sosteniamo sia i ragazzi che gli adulti che se ne occupano. \u00c8 una sfida di grande impegno per tutti. Ci auguriamo<\/em> \u2013 ha concluso Rossi-Doria \u2013 <em>che con questo lavoro dedicato a ragazzi\/e cos\u00ec colpiti, le istituzioni e la societ\u00e0 aprano gli occhi anche sulle loro vite come \u00e8 giusto e urgente che faccia tutta la comunit\u00e0 nazionale<\/em>\u201d.<\/p>\n<p>Il progetto \u00e8 stato selezionato da <a href=\"http:\/\/www.conibambini.org\" target=\"_blank\" rel=\"noopener\">Con i Bambini<\/a> nell\u2019ambito del <strong>Fondo per il contrasto della povert\u00e0 educativa minorile<\/strong>. Il Fondo nasce da un\u2019intesa tra le Fondazioni di origine bancaria rappresentate da Acri, il Forum Nazionale del Terzo Settore e il Governo. Sostiene interventi finalizzati a rimuovere gli ostacoli di natura economica, sociale e culturale che impediscono la piena fruizione dei processi educativi da parte dei minori. Per attuare i programmi del Fondo, a giugno 2016 \u00e8 nata l\u2019impresa sociale Con i Bambini, organizzazione senza scopo di lucro interamente partecipata dalla Fondazione CON IL SUD.\u00a0<\/p>\n<p>Il progetto \u00e8 realizzato da <a href=\"https:\/\/www.irene95.it\/\" target=\"_blank\" rel=\"noopener\">IRENE \u201995 Cooperativa Sociale<\/a> in partenariato con: Az. ospedaliero-universitaria Policlinico di Bari-Giovanni XXIII, Centro Famiglie Catania, Cestrim onlus, CISMAI, CIPM Sardegna, Consorzio CO.RE, Progetto Sirio, Save The Children, Terre des Hommes Italia, Centro Antiviolenza Thamaia, Koinos coop.sociale, Associazione Sinapsi<\/p>\n<p>[\/et_pb_text][\/et_pb_column][et_pb_column type=&#8221;1_5&#8243; _builder_version=&#8221;4.16&#8243; custom_padding=&#8221;|||&#8221; global_colors_info=&#8221;{}&#8221; custom_padding__hover=&#8221;|||&#8221;][\/et_pb_column][\/et_pb_row][\/et_pb_section]<\/p>\n","protected":false},"excerpt":{"rendered":"<p>Con l\u2019evento online \u201cOrfani di femminicidio e diritto all\u2019infanzia\u201d, tenutosi questa mattina alla presenza dell\u2019Onorevole Paolo Siani e della Senatrice Valeria Valente, la rete del progetto RESPIRO, selezionato da Con i Bambini nell\u2019ambito del Fondo per il contrasto della povert\u00e0 educativa minorile, ha portato l\u2019attenzione sulla condizione, complessa e sommersa, dei cosiddetti orfani speciali, i [&hellip;]<\/p>\n","protected":false},"author":1,"featured_media":2379,"comment_status":"open","ping_status":"open","sticky":false,"template":"","format":"standard","meta":{"_et_pb_use_builder":"on","_et_pb_old_content":"Cras mattis consectetur purus sit amet fermentum. Aenean lacinia bibendum nulla sed consectetur. Donec ullamcorper nulla non metus auctor fringilla. Donec ullamcorper nulla non metus auctor fringilla.","_et_gb_content_width":"","footnotes":""},"categories":[16],"tags":[],"class_list":["post-2377","post","type-post","status-publish","format-standard","has-post-thumbnail","hentry","category-comunicati"],"yoast_head":"<!-- This site is optimized with the Yoast SEO plugin v21.1 - https:\/\/yoast.com\/wordpress\/plugins\/seo\/ -->\n<title>Al via il nuovo progetto &quot;RESPIRO&quot; per gli orfani di femminicidio - Terre des Hommes Italia<\/title>\n<meta name=\"robots\" content=\"index, follow, max-snippet:-1, max-image-preview:large, max-video-preview:-1\" \/>\n<link rel=\"canonical\" href=\"https:\/\/terredeshommes.it\/eng\/comunicati\/al-via-il-nuovo-progetto-respiro-per-gli-orfani-di-femminicidio\/\" \/>\n<meta property=\"og:locale\" content=\"en_US\" \/>\n<meta property=\"og:type\" content=\"article\" \/>\n<meta property=\"og:title\" content=\"Al via il nuovo progetto &quot;RESPIRO&quot; per gli orfani di femminicidio - Terre des Hommes Italia\" \/>\n<meta property=\"og:description\" content=\"Con l\u2019evento online \u201cOrfani di femminicidio e diritto all\u2019infanzia\u201d, tenutosi questa mattina alla presenza dell\u2019Onorevole Paolo Siani e della Senatrice Valeria Valente, la rete del progetto RESPIRO, selezionato da Con i Bambini nell\u2019ambito del Fondo per il contrasto della povert\u00e0 educativa minorile, ha portato l\u2019attenzione sulla condizione, complessa e sommersa, dei cosiddetti orfani speciali, i [&hellip;]\" \/>\n<meta property=\"og:url\" content=\"https:\/\/terredeshommes.it\/eng\/comunicati\/al-via-il-nuovo-progetto-respiro-per-gli-orfani-di-femminicidio\/\" \/>\n<meta property=\"og:site_name\" content=\"Terre des Hommes Italia\" \/>\n<meta property=\"article:published_time\" content=\"2022-02-23T09:45:58+00:00\" \/>\n<meta property=\"article:modified_time\" content=\"2022-07-28T08:47:53+00:00\" \/>\n<meta property=\"og:image\" content=\"https:\/\/terredeshommes.it\/eng\/wp-content\/uploads\/cover-Respiro-cut.jpeg\" \/>\n\t<meta property=\"og:image:width\" content=\"940\" \/>\n\t<meta property=\"og:image:height\" content=\"520\" \/>\n\t<meta property=\"og:image:type\" content=\"image\/jpeg\" \/>\n<meta name=\"author\" content=\"superTDH\" \/>\n<meta name=\"twitter:card\" content=\"summary_large_image\" \/>\n<meta name=\"twitter:label1\" content=\"Written by\" \/>\n\t<meta name=\"twitter:data1\" content=\"superTDH\" \/>\n\t<meta name=\"twitter:label2\" content=\"Est. reading time\" \/>\n\t<meta name=\"twitter:data2\" content=\"12 minutes\" \/>\n<script type=\"application\/ld+json\" class=\"yoast-schema-graph\">{\"@context\":\"https:\/\/schema.org\",\"@graph\":[{\"@type\":\"WebPage\",\"@id\":\"https:\/\/terredeshommes.it\/eng\/comunicati\/al-via-il-nuovo-progetto-respiro-per-gli-orfani-di-femminicidio\/\",\"url\":\"https:\/\/terredeshommes.it\/eng\/comunicati\/al-via-il-nuovo-progetto-respiro-per-gli-orfani-di-femminicidio\/\",\"name\":\"Al via il nuovo progetto \\\"RESPIRO\\\" per gli orfani di femminicidio - Terre des Hommes Italia\",\"isPartOf\":{\"@id\":\"https:\/\/terredeshommes.it\/eng\/#website\"},\"datePublished\":\"2022-02-23T09:45:58+00:00\",\"dateModified\":\"2022-07-28T08:47:53+00:00\",\"author\":{\"@id\":\"https:\/\/terredeshommes.it\/eng\/#\/schema\/person\/adf40aab21514bbdc483bd807a69efed\"},\"breadcrumb\":{\"@id\":\"https:\/\/terredeshommes.it\/eng\/comunicati\/al-via-il-nuovo-progetto-respiro-per-gli-orfani-di-femminicidio\/#breadcrumb\"},\"inLanguage\":\"en-US\",\"potentialAction\":[{\"@type\":\"ReadAction\",\"target\":[\"https:\/\/terredeshommes.it\/eng\/comunicati\/al-via-il-nuovo-progetto-respiro-per-gli-orfani-di-femminicidio\/\"]}]},{\"@type\":\"BreadcrumbList\",\"@id\":\"https:\/\/terredeshommes.it\/eng\/comunicati\/al-via-il-nuovo-progetto-respiro-per-gli-orfani-di-femminicidio\/#breadcrumb\",\"itemListElement\":[{\"@type\":\"ListItem\",\"position\":1,\"name\":\"Home\",\"item\":\"https:\/\/terredeshommes.it\/eng\/\"},{\"@type\":\"ListItem\",\"position\":2,\"name\":\"Al via il nuovo progetto &#8220;RESPIRO&#8221; per gli orfani di femminicidio\"}]},{\"@type\":\"WebSite\",\"@id\":\"https:\/\/terredeshommes.it\/eng\/#website\",\"url\":\"https:\/\/terredeshommes.it\/eng\/\",\"name\":\"Terre des Hommes Italia\",\"description\":\"Proteggiamo i bambini insieme\",\"potentialAction\":[{\"@type\":\"SearchAction\",\"target\":{\"@type\":\"EntryPoint\",\"urlTemplate\":\"https:\/\/terredeshommes.it\/eng\/?s={search_term_string}\"},\"query-input\":\"required name=search_term_string\"}],\"inLanguage\":\"en-US\"},{\"@type\":\"Person\",\"@id\":\"https:\/\/terredeshommes.it\/eng\/#\/schema\/person\/adf40aab21514bbdc483bd807a69efed\",\"name\":\"superTDH\",\"url\":\"https:\/\/terredeshommes.it\/eng\/author\/supertdh\/\"}]}<\/script>\n<!-- \/ Yoast SEO plugin. -->","yoast_head_json":{"title":"Al via il nuovo progetto \"RESPIRO\" per gli orfani di femminicidio - Terre des Hommes Italia","robots":{"index":"index","follow":"follow","max-snippet":"max-snippet:-1","max-image-preview":"max-image-preview:large","max-video-preview":"max-video-preview:-1"},"canonical":"https:\/\/terredeshommes.it\/eng\/comunicati\/al-via-il-nuovo-progetto-respiro-per-gli-orfani-di-femminicidio\/","og_locale":"en_US","og_type":"article","og_title":"Al via il nuovo progetto \"RESPIRO\" per gli orfani di femminicidio - Terre des Hommes Italia","og_description":"Con l\u2019evento online \u201cOrfani di femminicidio e diritto all\u2019infanzia\u201d, tenutosi questa mattina alla presenza dell\u2019Onorevole Paolo Siani e della Senatrice Valeria Valente, la rete del progetto RESPIRO, selezionato da Con i Bambini nell\u2019ambito del Fondo per il contrasto della povert\u00e0 educativa minorile, ha portato l\u2019attenzione sulla condizione, complessa e sommersa, dei cosiddetti orfani speciali, i [&hellip;]","og_url":"https:\/\/terredeshommes.it\/eng\/comunicati\/al-via-il-nuovo-progetto-respiro-per-gli-orfani-di-femminicidio\/","og_site_name":"Terre des Hommes Italia","article_published_time":"2022-02-23T09:45:58+00:00","article_modified_time":"2022-07-28T08:47:53+00:00","og_image":[{"width":940,"height":520,"url":"https:\/\/terredeshommes.it\/eng\/wp-content\/uploads\/cover-Respiro-cut.jpeg","type":"image\/jpeg"}],"author":"superTDH","twitter_card":"summary_large_image","twitter_misc":{"Written by":"superTDH","Est. reading time":"12 minutes"},"schema":{"@context":"https:\/\/schema.org","@graph":[{"@type":"WebPage","@id":"https:\/\/terredeshommes.it\/eng\/comunicati\/al-via-il-nuovo-progetto-respiro-per-gli-orfani-di-femminicidio\/","url":"https:\/\/terredeshommes.it\/eng\/comunicati\/al-via-il-nuovo-progetto-respiro-per-gli-orfani-di-femminicidio\/","name":"Al via il nuovo progetto \"RESPIRO\" per gli orfani di femminicidio - Terre des Hommes Italia","isPartOf":{"@id":"https:\/\/terredeshommes.it\/eng\/#website"},"datePublished":"2022-02-23T09:45:58+00:00","dateModified":"2022-07-28T08:47:53+00:00","author":{"@id":"https:\/\/terredeshommes.it\/eng\/#\/schema\/person\/adf40aab21514bbdc483bd807a69efed"},"breadcrumb":{"@id":"https:\/\/terredeshommes.it\/eng\/comunicati\/al-via-il-nuovo-progetto-respiro-per-gli-orfani-di-femminicidio\/#breadcrumb"},"inLanguage":"en-US","potentialAction":[{"@type":"ReadAction","target":["https:\/\/terredeshommes.it\/eng\/comunicati\/al-via-il-nuovo-progetto-respiro-per-gli-orfani-di-femminicidio\/"]}]},{"@type":"BreadcrumbList","@id":"https:\/\/terredeshommes.it\/eng\/comunicati\/al-via-il-nuovo-progetto-respiro-per-gli-orfani-di-femminicidio\/#breadcrumb","itemListElement":[{"@type":"ListItem","position":1,"name":"Home","item":"https:\/\/terredeshommes.it\/eng\/"},{"@type":"ListItem","position":2,"name":"Al via il nuovo progetto &#8220;RESPIRO&#8221; per gli orfani di femminicidio"}]},{"@type":"WebSite","@id":"https:\/\/terredeshommes.it\/eng\/#website","url":"https:\/\/terredeshommes.it\/eng\/","name":"Terre des Hommes Italia","description":"Proteggiamo i bambini insieme","potentialAction":[{"@type":"SearchAction","target":{"@type":"EntryPoint","urlTemplate":"https:\/\/terredeshommes.it\/eng\/?s={search_term_string}"},"query-input":"required name=search_term_string"}],"inLanguage":"en-US"},{"@type":"Person","@id":"https:\/\/terredeshommes.it\/eng\/#\/schema\/person\/adf40aab21514bbdc483bd807a69efed","name":"superTDH","url":"https:\/\/terredeshommes.it\/eng\/author\/supertdh\/"}]}},"_links":{"self":[{"href":"https:\/\/terredeshommes.it\/eng\/wp-json\/wp\/v2\/posts\/2377","targetHints":{"allow":["GET"]}}],"collection":[{"href":"https:\/\/terredeshommes.it\/eng\/wp-json\/wp\/v2\/posts"}],"about":[{"href":"https:\/\/terredeshommes.it\/eng\/wp-json\/wp\/v2\/types\/post"}],"author":[{"embeddable":true,"href":"https:\/\/terredeshommes.it\/eng\/wp-json\/wp\/v2\/users\/1"}],"replies":[{"embeddable":true,"href":"https:\/\/terredeshommes.it\/eng\/wp-json\/wp\/v2\/comments?post=2377"}],"version-history":[{"count":0,"href":"https:\/\/terredeshommes.it\/eng\/wp-json\/wp\/v2\/posts\/2377\/revisions"}],"wp:featuredmedia":[{"embeddable":true,"href":"https:\/\/terredeshommes.it\/eng\/wp-json\/wp\/v2\/media\/2379"}],"wp:attachment":[{"href":"https:\/\/terredeshommes.it\/eng\/wp-json\/wp\/v2\/media?parent=2377"}],"wp:term":[{"taxonomy":"category","embeddable":true,"href":"https:\/\/terredeshommes.it\/eng\/wp-json\/wp\/v2\/categories?post=2377"},{"taxonomy":"post_tag","embeddable":true,"href":"https:\/\/terredeshommes.it\/eng\/wp-json\/wp\/v2\/tags?post=2377"}],"curies":[{"name":"wp","href":"https:\/\/api.w.org\/{rel}","templated":true}]}}