{"id":2386,"date":"2022-03-03T10:51:16","date_gmt":"2022-03-03T09:51:16","guid":{"rendered":"https:\/\/terredeshommes.it\/?p=2386"},"modified":"2022-07-28T10:52:36","modified_gmt":"2022-07-28T08:52:36","slug":"8-marzo-la-violenza-ferma-la-parita-genere-anche-la-gen-z","status":"publish","type":"post","link":"https:\/\/terredeshommes.it\/eng\/comunicati\/8-marzo-la-violenza-ferma-la-parita-genere-anche-la-gen-z\/","title":{"rendered":"8 marzo la violenza ferma la parit\u00e0 di genere anche per la Gen Z"},"content":{"rendered":"<p>[et_pb_section fb_built=&#8221;1&#8243; _builder_version=&#8221;4.16&#8243; global_colors_info=&#8221;{}&#8221;][et_pb_row column_structure=&#8221;1_5,3_5,1_5&#8243; _builder_version=&#8221;4.16&#8243; background_size=&#8221;initial&#8221; background_position=&#8221;top_left&#8221; background_repeat=&#8221;repeat&#8221; global_colors_info=&#8221;{}&#8221;][et_pb_column type=&#8221;1_5&#8243; _builder_version=&#8221;4.16&#8243; custom_padding=&#8221;|||&#8221; global_colors_info=&#8221;{}&#8221; custom_padding__hover=&#8221;|||&#8221;][\/et_pb_column][et_pb_column type=&#8221;3_5&#8243; _builder_version=&#8221;4.16&#8243; custom_padding=&#8221;|||&#8221; global_colors_info=&#8221;{}&#8221; custom_padding__hover=&#8221;|||&#8221;][et_pb_text admin_label=&#8221;Testo&#8221; _builder_version=&#8221;4.17.6&#8243; background_size=&#8221;initial&#8221; background_position=&#8221;top_left&#8221; background_repeat=&#8221;repeat&#8221; hover_enabled=&#8221;0&#8243; global_colors_info=&#8221;{}&#8221; sticky_enabled=&#8221;0&#8243;]<\/p>\n<p>La giornata internazionale della donna diventa il megafono per amplificare la <strong>voce delle ragazze e dei ragazzi della Gen Z<\/strong>, rispetto alla pi\u00f9 grande e trasversale sfida del nostro secolo, il raggiungimento della <strong>parit\u00e0 di genere.<\/strong><br \/>Sono <strong>oltre 1700 <\/strong>gli adolescenti coinvolti nell\u2019<strong>Osservatorio indifesa<\/strong> realizzato da <strong>Terre des Hommes<\/strong> e <strong>OneDay Group<\/strong>, anche grazie al supporto di <strong>BIC\u00ae<\/strong> e <strong>BIC Corporate Foundation<\/strong>, che hanno voluto esprimere l\u2019insofferenza verso pregiudizi e retaggi culturali che ancora frenano l\u2019uguaglianza tra uomini donne nella nostra societ\u00e0.<\/p>\n<p>In effetti i dati parlano chiaro e anche tra le ragazze pi\u00f9 giovani le discriminazioni di genere sono una certezza difficile da scalfire. <strong>Il 68,7%<\/strong> di loro pensa che il proprio futuro e le proprie <strong>scelte saranno limitate da retaggi culturali maschilisti e retrogradi, pregiudizi e stereotipi.<\/strong><br \/>Come afferma il <strong>43,4% <\/strong>delle ragazze la <strong>scuola <\/strong>\u00e8 <strong>uno degli ambienti dove avvengono pi\u00f9 discriminazioni, o violenza<\/strong>, seguito da <strong>social network<\/strong>, <strong>mass media<\/strong> (rispettivamente con il <strong>42%<\/strong> e il <strong>35%<\/strong>) e la <strong>politica <\/strong>(<strong>38%<\/strong>), ma a stupire \u00e8 soprattutto la percentuale di ragazze che si immagina il <strong>mondo del lavoro<\/strong> come luogo pi\u00f9 a rischio, ne \u00e8 convinta il <strong>63,5%. <\/strong><\/p>\n<p>Visto dalla prospettiva delle giovani donne anche il <strong>web<\/strong> \u00e8 un luogo pericoloso, il <strong>65% teme di subire Revenge porn quando \u00e8 in rete. <\/strong><\/p>\n<p>Le ragazze inoltre hanno piena <strong>consapevolezza<\/strong> delle diverse forme che pu\u00f2 assumere la violenza di genere, o perch\u00e9 vi hanno assistito, il <strong>70%<\/strong> tra le intervistate <strong>ha assistito a violenza verbale<\/strong> (insulti e parolacce) e il <strong>53,6%<\/strong> tra loro ha assistito a violenza<strong>psicologica<\/strong> contro altre donne, oppure perch\u00e9 ne sono le prime vittime: 4 ragazze su 10 hanno subito violenza fisica, psicologica, sessuale o verbale e il 53% ci dice di subire molestie per strada (cat calling).<\/p>\n<p>Le nuove generazioni sono stanche di aspettare e sanno di dover scendere in campo da protagoniste per cambiare le cose, lo afferma il <strong>54% dei giovani<\/strong>, ma un maggior impegno \u00e8 richiesto anche a insegnanti (56%) alla famiglia (49,4%) e ai politici (44,4%).<br \/>Sono tante le <strong>proposte concrete<\/strong> emerse dalle risposte dei ragazzi ed evidenziate nei loro commenti. A formare una <em>to do list<\/em> che riflette la consapevolezza delle nuove generazioni: affinch\u00e9 ogni ragazza e ogni ragazzo possano giocare alla pari il cambiamento necessario \u00e8 prima di tutto, culturale.<\/p>\n<ul>\n<li>\u201cMagari potrebbe essere utile trasmettere tramite i mass media un tot di giorni a settimana solo post, testi e video che parlino di questo argomento cos\u00ec importante. Anche a scuola sarebbe utile parlare almeno due volte al mese di questo argomento\u201d<\/li>\n<li>\u201cdovremmo far capire alle persone che non serve a niente educare le ragazze su queste cose, ma, invece, si dovrebbero educare i ragazzi a rispettare tutte\u201d<\/li>\n<li>\u201cPenso, prendo come esempio il settore lavorativo, che servirebbe un sistema di valutazione e retribuzione dei dipendenti pi\u00f9 meritocratico: bisognerebbe pagare la qualit\u00e0 effettiva del lavoro svolto. Mostrare pi\u00f9 spesso in televisione lavori tipicamente visti come &#8220;da donna&#8221; svolti da un uomo potrebbe aiutare a normalizzare la cosa col tempo&#8221;<\/li>\n<li>\u201cAvere pi\u00f9 modelli femminili, insegnare fin da bambini l&#8217;uguaglianza, punire davvero chi discrimina, vietare determinati atteggiamenti e parole in ambiti dove c&#8217;\u00e8 un grosso pubblico\u201d<\/li>\n<\/ul>\n<p><em>&#8220;Ragazzi e ragazze della GenZ conoscono bene i meccanismi delle discriminazioni di genere e fa male leggere i dati dell\u2019Osservatorio indifesa e vedere che molestie e violenza sono presenti nella quotidianit\u00e0 di tante ragazze\u201d<\/em> Dichiara <strong>Paolo Ferrara, Direttore Generale di Terre des Hommes<\/strong> <em>\u201cOgni anno con la nostra campagna indifesa ci impegniamo a diffondere i dati della violenza e delle discriminazioni, ma cerchiamo anche di offrire a ragazze e ragazzi percorsi che possano accrescere la loro consapevolezza su queste tematiche e proporre nuovi modelli femminili nonch\u00e9 opportunit\u00e0 di formazione e percorsi di empowerment che possano dotarli degli strumenti necessari per essere davvero leader del cambiamento per una societ\u00e0 pi\u00f9 equa e inclusiva\u201d<\/em><\/p>\n<p><em>\u201cDa diversi anni OneDay conduce un Osservatorio insieme a Terre des Hommes sui temi della discriminazione di genere e del bullismo per il target giovani. Lo scenario che emerge da questi preziosi momenti di ascolto \u00e8 chiaro: i giovani sono sensibili e socialmente attenti alle dinamiche legate all&#8217;inclusion &amp; alla diversity e alle violenze di genere, ma soprattutto vogliono modelli di riferimento solidi. Chiedono che la sensibilizzazione parta dalla scuola e dai social media, coinvolgendo cos\u00ec i contesti pi\u00f9 influenti della loro vita. Per OneDay le nuove generazioni sono sempre al centro, per questo continua con impegno a portare avanti momenti di ascolto e campagne di sensibilizzazione\u201d <\/em>dice <strong>Gaia Marzo, Corporate Communication Director &amp; Equity Partner di OneDay Group.<\/strong><\/p>\n<p>[\/et_pb_text][\/et_pb_column][et_pb_column type=&#8221;1_5&#8243; _builder_version=&#8221;4.16&#8243; custom_padding=&#8221;|||&#8221; global_colors_info=&#8221;{}&#8221; custom_padding__hover=&#8221;|||&#8221;][\/et_pb_column][\/et_pb_row][\/et_pb_section]<\/p>\n","protected":false},"excerpt":{"rendered":"<p>La giornata internazionale della donna diventa il megafono per amplificare la voce delle ragazze e dei ragazzi della Gen Z, rispetto alla pi\u00f9 grande e trasversale sfida del nostro secolo, il raggiungimento della parit\u00e0 di genere.Sono oltre 1700 gli adolescenti coinvolti nell\u2019Osservatorio indifesa realizzato da Terre des Hommes e OneDay Group, anche grazie al supporto [&hellip;]<\/p>\n","protected":false},"author":1,"featured_media":2388,"comment_status":"open","ping_status":"open","sticky":false,"template":"","format":"standard","meta":{"_et_pb_use_builder":"on","_et_pb_old_content":"Cras mattis consectetur purus sit amet fermentum. Aenean lacinia bibendum nulla sed consectetur. Donec ullamcorper nulla non metus auctor fringilla. Donec ullamcorper nulla non metus auctor fringilla.","_et_gb_content_width":"","footnotes":""},"categories":[16],"tags":[],"class_list":["post-2386","post","type-post","status-publish","format-standard","has-post-thumbnail","hentry","category-comunicati"],"yoast_head":"<!-- This site is optimized with the Yoast SEO plugin v21.1 - https:\/\/yoast.com\/wordpress\/plugins\/seo\/ -->\n<title>8 marzo la violenza ferma la parit\u00e0 di genere anche per la Gen Z - Terre des Hommes Italia<\/title>\n<meta name=\"robots\" content=\"index, follow, max-snippet:-1, max-image-preview:large, max-video-preview:-1\" \/>\n<link rel=\"canonical\" href=\"https:\/\/terredeshommes.it\/eng\/comunicati\/8-marzo-la-violenza-ferma-la-parita-genere-anche-la-gen-z\/\" \/>\n<meta property=\"og:locale\" content=\"en_US\" \/>\n<meta property=\"og:type\" content=\"article\" \/>\n<meta property=\"og:title\" content=\"8 marzo la violenza ferma la parit\u00e0 di genere anche per la Gen Z - Terre des Hommes Italia\" \/>\n<meta property=\"og:description\" content=\"La giornata internazionale della donna diventa il megafono per amplificare la voce delle ragazze e dei ragazzi della Gen Z, rispetto alla pi\u00f9 grande e trasversale sfida del nostro secolo, il raggiungimento della parit\u00e0 di genere.Sono oltre 1700 gli adolescenti coinvolti nell\u2019Osservatorio indifesa realizzato da Terre des Hommes e OneDay Group, anche grazie al supporto [&hellip;]\" \/>\n<meta property=\"og:url\" content=\"https:\/\/terredeshommes.it\/eng\/comunicati\/8-marzo-la-violenza-ferma-la-parita-genere-anche-la-gen-z\/\" \/>\n<meta property=\"og:site_name\" content=\"Terre des Hommes Italia\" \/>\n<meta property=\"article:published_time\" content=\"2022-03-03T09:51:16+00:00\" \/>\n<meta property=\"article:modified_time\" content=\"2022-07-28T08:52:36+00:00\" \/>\n<meta property=\"og:image\" content=\"https:\/\/terredeshommes.it\/eng\/wp-content\/uploads\/slide_home_indifesa_oss_discr.jpeg\" \/>\n\t<meta property=\"og:image:width\" content=\"940\" \/>\n\t<meta property=\"og:image:height\" content=\"449\" \/>\n\t<meta property=\"og:image:type\" content=\"image\/jpeg\" \/>\n<meta name=\"author\" content=\"superTDH\" \/>\n<meta name=\"twitter:card\" content=\"summary_large_image\" \/>\n<meta name=\"twitter:label1\" content=\"Written by\" \/>\n\t<meta name=\"twitter:data1\" content=\"superTDH\" \/>\n\t<meta name=\"twitter:label2\" content=\"Est. reading time\" \/>\n\t<meta name=\"twitter:data2\" content=\"4 minutes\" \/>\n<script type=\"application\/ld+json\" class=\"yoast-schema-graph\">{\"@context\":\"https:\/\/schema.org\",\"@graph\":[{\"@type\":\"WebPage\",\"@id\":\"https:\/\/terredeshommes.it\/eng\/comunicati\/8-marzo-la-violenza-ferma-la-parita-genere-anche-la-gen-z\/\",\"url\":\"https:\/\/terredeshommes.it\/eng\/comunicati\/8-marzo-la-violenza-ferma-la-parita-genere-anche-la-gen-z\/\",\"name\":\"8 marzo la violenza ferma la parit\u00e0 di genere anche per la Gen Z - Terre des Hommes Italia\",\"isPartOf\":{\"@id\":\"https:\/\/terredeshommes.it\/eng\/#website\"},\"datePublished\":\"2022-03-03T09:51:16+00:00\",\"dateModified\":\"2022-07-28T08:52:36+00:00\",\"author\":{\"@id\":\"https:\/\/terredeshommes.it\/eng\/#\/schema\/person\/adf40aab21514bbdc483bd807a69efed\"},\"breadcrumb\":{\"@id\":\"https:\/\/terredeshommes.it\/eng\/comunicati\/8-marzo-la-violenza-ferma-la-parita-genere-anche-la-gen-z\/#breadcrumb\"},\"inLanguage\":\"en-US\",\"potentialAction\":[{\"@type\":\"ReadAction\",\"target\":[\"https:\/\/terredeshommes.it\/eng\/comunicati\/8-marzo-la-violenza-ferma-la-parita-genere-anche-la-gen-z\/\"]}]},{\"@type\":\"BreadcrumbList\",\"@id\":\"https:\/\/terredeshommes.it\/eng\/comunicati\/8-marzo-la-violenza-ferma-la-parita-genere-anche-la-gen-z\/#breadcrumb\",\"itemListElement\":[{\"@type\":\"ListItem\",\"position\":1,\"name\":\"Home\",\"item\":\"https:\/\/terredeshommes.it\/eng\/\"},{\"@type\":\"ListItem\",\"position\":2,\"name\":\"8 marzo la violenza ferma la parit\u00e0 di genere anche per la Gen Z\"}]},{\"@type\":\"WebSite\",\"@id\":\"https:\/\/terredeshommes.it\/eng\/#website\",\"url\":\"https:\/\/terredeshommes.it\/eng\/\",\"name\":\"Terre des Hommes Italia\",\"description\":\"Proteggiamo i bambini insieme\",\"potentialAction\":[{\"@type\":\"SearchAction\",\"target\":{\"@type\":\"EntryPoint\",\"urlTemplate\":\"https:\/\/terredeshommes.it\/eng\/?s={search_term_string}\"},\"query-input\":\"required name=search_term_string\"}],\"inLanguage\":\"en-US\"},{\"@type\":\"Person\",\"@id\":\"https:\/\/terredeshommes.it\/eng\/#\/schema\/person\/adf40aab21514bbdc483bd807a69efed\",\"name\":\"superTDH\",\"url\":\"https:\/\/terredeshommes.it\/eng\/author\/supertdh\/\"}]}<\/script>\n<!-- \/ Yoast SEO plugin. -->","yoast_head_json":{"title":"8 marzo la violenza ferma la parit\u00e0 di genere anche per la Gen Z - Terre des Hommes Italia","robots":{"index":"index","follow":"follow","max-snippet":"max-snippet:-1","max-image-preview":"max-image-preview:large","max-video-preview":"max-video-preview:-1"},"canonical":"https:\/\/terredeshommes.it\/eng\/comunicati\/8-marzo-la-violenza-ferma-la-parita-genere-anche-la-gen-z\/","og_locale":"en_US","og_type":"article","og_title":"8 marzo la violenza ferma la parit\u00e0 di genere anche per la Gen Z - Terre des Hommes Italia","og_description":"La giornata internazionale della donna diventa il megafono per amplificare la voce delle ragazze e dei ragazzi della Gen Z, rispetto alla pi\u00f9 grande e trasversale sfida del nostro secolo, il raggiungimento della parit\u00e0 di genere.Sono oltre 1700 gli adolescenti coinvolti nell\u2019Osservatorio indifesa realizzato da Terre des Hommes e OneDay Group, anche grazie al supporto [&hellip;]","og_url":"https:\/\/terredeshommes.it\/eng\/comunicati\/8-marzo-la-violenza-ferma-la-parita-genere-anche-la-gen-z\/","og_site_name":"Terre des Hommes Italia","article_published_time":"2022-03-03T09:51:16+00:00","article_modified_time":"2022-07-28T08:52:36+00:00","og_image":[{"width":940,"height":449,"url":"https:\/\/terredeshommes.it\/eng\/wp-content\/uploads\/slide_home_indifesa_oss_discr.jpeg","type":"image\/jpeg"}],"author":"superTDH","twitter_card":"summary_large_image","twitter_misc":{"Written by":"superTDH","Est. reading time":"4 minutes"},"schema":{"@context":"https:\/\/schema.org","@graph":[{"@type":"WebPage","@id":"https:\/\/terredeshommes.it\/eng\/comunicati\/8-marzo-la-violenza-ferma-la-parita-genere-anche-la-gen-z\/","url":"https:\/\/terredeshommes.it\/eng\/comunicati\/8-marzo-la-violenza-ferma-la-parita-genere-anche-la-gen-z\/","name":"8 marzo la violenza ferma la parit\u00e0 di genere anche per la Gen Z - Terre des Hommes Italia","isPartOf":{"@id":"https:\/\/terredeshommes.it\/eng\/#website"},"datePublished":"2022-03-03T09:51:16+00:00","dateModified":"2022-07-28T08:52:36+00:00","author":{"@id":"https:\/\/terredeshommes.it\/eng\/#\/schema\/person\/adf40aab21514bbdc483bd807a69efed"},"breadcrumb":{"@id":"https:\/\/terredeshommes.it\/eng\/comunicati\/8-marzo-la-violenza-ferma-la-parita-genere-anche-la-gen-z\/#breadcrumb"},"inLanguage":"en-US","potentialAction":[{"@type":"ReadAction","target":["https:\/\/terredeshommes.it\/eng\/comunicati\/8-marzo-la-violenza-ferma-la-parita-genere-anche-la-gen-z\/"]}]},{"@type":"BreadcrumbList","@id":"https:\/\/terredeshommes.it\/eng\/comunicati\/8-marzo-la-violenza-ferma-la-parita-genere-anche-la-gen-z\/#breadcrumb","itemListElement":[{"@type":"ListItem","position":1,"name":"Home","item":"https:\/\/terredeshommes.it\/eng\/"},{"@type":"ListItem","position":2,"name":"8 marzo la violenza ferma la parit\u00e0 di genere anche per la Gen Z"}]},{"@type":"WebSite","@id":"https:\/\/terredeshommes.it\/eng\/#website","url":"https:\/\/terredeshommes.it\/eng\/","name":"Terre des Hommes Italia","description":"Proteggiamo i bambini insieme","potentialAction":[{"@type":"SearchAction","target":{"@type":"EntryPoint","urlTemplate":"https:\/\/terredeshommes.it\/eng\/?s={search_term_string}"},"query-input":"required name=search_term_string"}],"inLanguage":"en-US"},{"@type":"Person","@id":"https:\/\/terredeshommes.it\/eng\/#\/schema\/person\/adf40aab21514bbdc483bd807a69efed","name":"superTDH","url":"https:\/\/terredeshommes.it\/eng\/author\/supertdh\/"}]}},"_links":{"self":[{"href":"https:\/\/terredeshommes.it\/eng\/wp-json\/wp\/v2\/posts\/2386","targetHints":{"allow":["GET"]}}],"collection":[{"href":"https:\/\/terredeshommes.it\/eng\/wp-json\/wp\/v2\/posts"}],"about":[{"href":"https:\/\/terredeshommes.it\/eng\/wp-json\/wp\/v2\/types\/post"}],"author":[{"embeddable":true,"href":"https:\/\/terredeshommes.it\/eng\/wp-json\/wp\/v2\/users\/1"}],"replies":[{"embeddable":true,"href":"https:\/\/terredeshommes.it\/eng\/wp-json\/wp\/v2\/comments?post=2386"}],"version-history":[{"count":0,"href":"https:\/\/terredeshommes.it\/eng\/wp-json\/wp\/v2\/posts\/2386\/revisions"}],"wp:featuredmedia":[{"embeddable":true,"href":"https:\/\/terredeshommes.it\/eng\/wp-json\/wp\/v2\/media\/2388"}],"wp:attachment":[{"href":"https:\/\/terredeshommes.it\/eng\/wp-json\/wp\/v2\/media?parent=2386"}],"wp:term":[{"taxonomy":"category","embeddable":true,"href":"https:\/\/terredeshommes.it\/eng\/wp-json\/wp\/v2\/categories?post=2386"},{"taxonomy":"post_tag","embeddable":true,"href":"https:\/\/terredeshommes.it\/eng\/wp-json\/wp\/v2\/tags?post=2386"}],"curies":[{"name":"wp","href":"https:\/\/api.w.org\/{rel}","templated":true}]}}