{"id":2413,"date":"2022-05-10T11:14:38","date_gmt":"2022-05-10T09:14:38","guid":{"rendered":"https:\/\/terredeshommes.it\/?p=2413"},"modified":"2022-11-13T17:37:54","modified_gmt":"2022-11-13T16:37:54","slug":"terre-des-hommes-presenta-le-proposte-riforma-la-protezione-dei-minori-dalla-violenza-online","status":"publish","type":"post","link":"https:\/\/terredeshommes.it\/eng\/comunicati\/terre-des-hommes-presenta-le-proposte-riforma-la-protezione-dei-minori-dalla-violenza-online\/","title":{"rendered":"Terre des Hommes presenta le proposte di riforma per la protezione dei minori dalla violenza online"},"content":{"rendered":"<p>[et_pb_section fb_built=&#8221;1&#8243; _builder_version=&#8221;4.16&#8243; global_colors_info=&#8221;{}&#8221;][et_pb_row column_structure=&#8221;1_5,3_5,1_5&#8243; _builder_version=&#8221;4.16&#8243; background_size=&#8221;initial&#8221; background_position=&#8221;top_left&#8221; background_repeat=&#8221;repeat&#8221; global_colors_info=&#8221;{}&#8221;][et_pb_column type=&#8221;1_5&#8243; _builder_version=&#8221;4.16&#8243; custom_padding=&#8221;|||&#8221; global_colors_info=&#8221;{}&#8221; custom_padding__hover=&#8221;|||&#8221;][\/et_pb_column][et_pb_column type=&#8221;3_5&#8243; _builder_version=&#8221;4.16&#8243; custom_padding=&#8221;|||&#8221; global_colors_info=&#8221;{}&#8221; custom_padding__hover=&#8221;|||&#8221;][et_pb_text admin_label=&#8221;Testo&#8221; _builder_version=&#8221;4.18.0&#8243; background_size=&#8221;initial&#8221; background_position=&#8221;top_left&#8221; background_repeat=&#8221;repeat&#8221; hover_enabled=&#8221;0&#8243; global_colors_info=&#8221;{}&#8221; sticky_enabled=&#8221;0&#8243;]<\/p>\n<h3 class=\"et_pb_module_header\" style=\"text-align: center;\"><span style=\"color: #ff6600;\">Terre des Hommes presenta le proposte di riforma per la protezione dei minori dalla violenza online<\/span><\/h3>\n<p><span style=\"color: #ff6600;\"><\/span><\/p>\n<p>All\u2019indomani dell\u2019accordo politico sul <strong>Digital Services Act<\/strong>, <strong>Terre des Hommes<\/strong> ha presentato oggi alla presenza della <strong>Ministra per le Pari Opportunit\u00e0 e la Famiglia Elena Bonetti<\/strong>, alcune proposte di riforma normativa atte a rendere pi\u00f9 effettiva la difesa delle giovani vittime di reati informatici e a proteggere quindi centinaia di bambini e adolescenti. Sono loro, infatti, a confermare paura e insicurezza quando navigano in rete.<br \/>A livello globale, infatti, una ricerca della World Wide Web Foundation riporta che <strong>il 52% delle adolescenti e giovani donne<\/strong> di 180 Paesi ha subito <strong>molestie e abusi online. <\/strong><\/p>\n<p><strong>In Italia<\/strong> l\u2019Osservatorio <strong>indifesa<\/strong>, condotto ogni anno da Terre des Hommes e OneDay Group, conferma che <strong>7 ragazzi su 10 dichiarano di non sentirsi al sicuro quando navigano in rete<\/strong>, e soprattutto le femmine sono spaventate dai rischi di subire molestie e abusi.<\/p>\n<p><strong>Diffamazioni, hate speech, sfide pericolose on line sono purtroppo sempre pi\u00f9 diffusi causando sofferenza, dolore e a volte conseguenze irrecuperabili nelle vittime.<\/strong> L\u2019ultimo in ordine di tempo \u00e8 il caso che ha visto coinvolto un ragazzo quattordicenne, che si \u00e8 provocato gravi ustioni, mentre partecipava ad una challenge sui social network; <strong>fenomeni difficili da individuare e purtroppo anche da punire. <\/strong><\/p>\n<p>Le ottime leggi di cui il Paese si \u00e8 dotato, infatti, non riescono ancora a garantire la punibilit\u00e0 dell\u2019autore, sia perch\u00e9 le fattispecie di reato non sempre possono rientrare nelle loro maglie, sia perch\u00e9 sussistono ancora molti elementi che limitano le indagini, la possibilit\u00e0 di identificare l\u2019autore dei reati o la rimozione rapida dei contenuti.<br \/>E tali difficolt\u00e0 si traducono nelle frequenti, inevitabili, assoluzioni. Dal 2016 al 2021 l\u2019<strong>80%<\/strong> dei procedimenti penali per discorsi di odio \u00e8 finito con <strong>archiviazione o assoluzione. <\/strong><br \/>L\u2019obiettivo della conferenza tenutasi oggi a Roma \u00e8 quindi quello di avanzare modifiche e correzioni normative che garantiscano a chi subisce comportamenti illeciti online una tutela pi\u00f9 effettiva e la possibilit\u00e0 di ottenere giustizia e vedere riconosciuti i propri diritti.<\/p>\n<p>Le proposte avanzate durante la conferenza, elaborate da un team di esperti legali, chiedono che:<\/p>\n<ul>\n<li>Si istituisca quale prestazione obbligatoria delle piattaforme <strong>un canale di contatto telematico <\/strong>attraverso il quale qualsiasi persona, ente, o autorit\u00e0 possa <strong>notificare la presenza sulla piattaforma di contenuti ritenuti illegali<\/strong> o inviare qualsiasi altra comunicazione di natura legale. Le notifiche e le comunicazioni inviate al contatto telematico devono essere considerate idonee e sufficienti per la formale messa a conoscenza dei contenuti segnalati.<\/li>\n<li><strong>Si renda effettivamente perseguibile l\u2019autore del reato<\/strong>, identificandolo nei casi previsti dalla legge. La collaborazione con le autorit\u00e0 procedenti dovr\u00e0 essere considerata una prestazione obbligatoria delle piattaforme con relative sanzioni amministrative in caso di inadempimento.<\/li>\n<li>Sia <strong>individuata con certezza<\/strong>, anche per i reati commessi via social, <strong>la relativa giurisdizione,<\/strong> intendendosi in ogni caso commesso nel territorio dello Stato il reato posto in essere mediante l\u2019impiego di sistemi informatici o telematici in danno di persona offesa che su tale territorio abbia la residenza, la dimora o il domicilio.<\/li>\n<li>Sia individuata con certezza anche la <strong>competenza territoriale dei reati commessi <\/strong>attraverso la rete, analogamente a quanto previsto per quelli commessi attraverso trasmissioni televisive o radiofoniche, la competenza dovr\u00e0 essere determinata con riferimento al luogo di residenza della persona offesa dal reato.<\/li>\n<li>Si istituisca un\u2019<strong>Autorit\u00e0 Garante dei Diritti degli Utenti della Rete e di Protezione dei Minori <\/strong>per rendere pi\u00f9 effettiva la protezione dei minori nei casi in cui esiste oggi un vuoto di tutela, assicurando una rapida presa in carico delle segnalazioni per permettere una tempestiva rimozione dei contenuti illeciti senza costi per gli utenti e sanzioni amministrative in caso di inadempimento.<\/li>\n<\/ul>\n<p>Il commento della <strong>Ministra per le Pari Opportunit\u00e0 e La Famiglia Elena Bonetti:<\/strong> <em>\u201cGrazie a Terre des Hommes per questa importante occasione, che serve a riconfermare un impegno da parte del Governo e delle Istituzioni su una tematica cos\u00ec cruciale come quella della protezione e prevenzione dei pi\u00f9 giovani dalla violenza online.<br \/>Abbiamo bisogno di azioni sinergiche che educhino le giovani generazioni ad utilizzare questi nuovi strumenti in modo consapevole e umano. In modo tale che ragazze e ragazzi riconoscano i pericoli della violenza in rete e anche che siano essi stessi ad avere strumenti per contrastarla.<br \/>\u00c8 importante ascoltare oggi le proposte di riforma normativa presentate da Terre des Hommes, che sono perfettamente in linea con le azioni del Governo che ha appena presentato il Piano Nazionale di Contrasto alla Pedofilia e Pedopornografia, inserito nel Piano Nazionale Infanzia.<br \/>L\u2019impegno sinergico di Istituzioni, social network e societ\u00e0 civile \u00e8 essenziale per affrontare queste tematiche con il giusto approccio interistituzionale e intersezionale che miri a una reale protezione di ragazze e ragazzi.\u201d<\/em><\/p>\n<p><em>\u201cLe proposte che Terre des Hommes ha presentato oggi sono il risultato di un lavoro di valutazione e analisi dei limiti che, ancora oggi incontra chi cerca giustizia per i crimini di violenza sul web. Non \u00e8 accettabile che a pagare le conseguenze di tutto ci\u00f2 siano dei minori.\u201d <\/em>Afferma <strong>Federica Giannotta Responsabile Advocacy Terre des Hommes <\/strong><em>\u201cIl Digital Service Act emanato dall\u2019Unione Europea ci conferma che sono maturi i tempi per avviare i passi necessari a rafforzare gli strumenti di tutela delle vittime e la conferenza di oggi ci ha dimostrato come sia fondamentale l\u2019impegno e la collaborazione di tutte le parti coinvolte: le istituzioni parlamentari e governative, le forze di polizia e le autorit\u00e0 giudiziarie cos\u00ec come i social network.\u201d <\/em><\/p>\n<p>Qui un estratto della testimonianza di <strong>Ramon Maj<\/strong>, padre di Igor, vittima della sfida \u201cBlack out game\u201d a 14 anni.<br \/><em>\u201cIgor, come tanti ragazzi, amava le sfide ed io, appassionato di montagna e arrampicata, cercavo di \u201ccanalizzare\u201d questa sua necessit\u00e0 in questo sport. Io non gli ho mai negato\/proibito di farle, per\u00f2 lo ho sempre indirizzato sul come farle e sul non farle da solo e pensavo (evidentemente sbagliando) che lui avesse capito, che avesse gli strumenti per valutare. E invece proprio la cosa pi\u00f9 pericolosa l&#8217;ha fatta da solo, senza chiedere e senza confrontarsi e l&#8217;ha sbagliata. \u00c8 stato molto stupido e molto sfortunato. Il risultato \u00e8 che lui non c&#8217;\u00e8 pi\u00f9, ha distrutto il suo futuro e tutta la nostra famiglia che non sa come andare avanti. Tutto questo non lo dico per indurvi a \u201cspegnere\u201d il bisogno degli adolescenti di sfidare la paura, perch\u00e9 \u00e8 quello che anima ogni persona. Il messaggio che voglio portare ai ragazzi \u00e8 \u201cnon affrontatelo da soli\u201d. Cercate il confronto reale di un amico, di un gruppo, persino di un rivale, ma non restate soli. E non confondete il web come un compagno, perch\u00e9 sar\u00e0 solo lui a confondere voi. In questo ambito si inserisce questa iniziativa di Terres des Hommes che va nella direzione di portare degli strumenti in ausilio a famiglie ed educatori.\u201d<\/em><\/p>\n<p>[\/et_pb_text][\/et_pb_column][et_pb_column type=&#8221;1_5&#8243; _builder_version=&#8221;4.16&#8243; custom_padding=&#8221;|||&#8221; global_colors_info=&#8221;{}&#8221; custom_padding__hover=&#8221;|||&#8221;][\/et_pb_column][\/et_pb_row][\/et_pb_section]<\/p>\n","protected":false},"excerpt":{"rendered":"<p>Terre des Hommes presenta le proposte di riforma per la protezione dei minori dalla violenza online All\u2019indomani dell\u2019accordo politico sul Digital Services Act, Terre des Hommes ha presentato oggi alla presenza della Ministra per le Pari Opportunit\u00e0 e la Famiglia Elena Bonetti, alcune proposte di riforma normativa atte a rendere pi\u00f9 effettiva la difesa delle [&hellip;]<\/p>\n","protected":false},"author":1,"featured_media":2121,"comment_status":"open","ping_status":"open","sticky":false,"template":"","format":"standard","meta":{"_et_pb_use_builder":"on","_et_pb_old_content":"Cras mattis consectetur purus sit amet fermentum. Aenean lacinia bibendum nulla sed consectetur. Donec ullamcorper nulla non metus auctor fringilla. Donec ullamcorper nulla non metus auctor fringilla.","_et_gb_content_width":"","footnotes":""},"categories":[16],"tags":[],"class_list":["post-2413","post","type-post","status-publish","format-standard","has-post-thumbnail","hentry","category-comunicati"],"yoast_head":"<!-- This site is optimized with the Yoast SEO plugin v21.1 - https:\/\/yoast.com\/wordpress\/plugins\/seo\/ -->\n<title>Terre des Hommes presenta le proposte di riforma per la protezione dei minori dalla violenza online - Terre des Hommes Italia<\/title>\n<meta name=\"robots\" content=\"index, follow, max-snippet:-1, max-image-preview:large, max-video-preview:-1\" \/>\n<link rel=\"canonical\" href=\"https:\/\/terredeshommes.it\/eng\/comunicati\/terre-des-hommes-presenta-le-proposte-riforma-la-protezione-dei-minori-dalla-violenza-online\/\" \/>\n<meta property=\"og:locale\" content=\"en_US\" \/>\n<meta property=\"og:type\" content=\"article\" \/>\n<meta property=\"og:title\" content=\"Terre des Hommes presenta le proposte di riforma per la protezione dei minori dalla violenza online - Terre des Hommes Italia\" \/>\n<meta property=\"og:description\" content=\"Terre des Hommes presenta le proposte di riforma per la protezione dei minori dalla violenza online All\u2019indomani dell\u2019accordo politico sul Digital Services Act, Terre des Hommes ha presentato oggi alla presenza della Ministra per le Pari Opportunit\u00e0 e la Famiglia Elena Bonetti, alcune proposte di riforma normativa atte a rendere pi\u00f9 effettiva la difesa delle [&hellip;]\" \/>\n<meta property=\"og:url\" content=\"https:\/\/terredeshommes.it\/eng\/comunicati\/terre-des-hommes-presenta-le-proposte-riforma-la-protezione-dei-minori-dalla-violenza-online\/\" \/>\n<meta property=\"og:site_name\" content=\"Terre des Hommes Italia\" \/>\n<meta property=\"article:published_time\" content=\"2022-05-10T09:14:38+00:00\" \/>\n<meta property=\"article:modified_time\" content=\"2022-11-13T16:37:54+00:00\" \/>\n<meta property=\"og:image\" content=\"https:\/\/terredeshommes.it\/eng\/wp-content\/uploads\/slide_conferenza_sito.jpeg\" \/>\n\t<meta property=\"og:image:width\" content=\"940\" \/>\n\t<meta property=\"og:image:height\" content=\"450\" \/>\n\t<meta property=\"og:image:type\" content=\"image\/jpeg\" \/>\n<meta name=\"author\" content=\"superTDH\" \/>\n<meta name=\"twitter:card\" content=\"summary_large_image\" \/>\n<meta name=\"twitter:label1\" content=\"Written by\" \/>\n\t<meta name=\"twitter:data1\" content=\"superTDH\" \/>\n\t<meta name=\"twitter:label2\" content=\"Est. reading time\" \/>\n\t<meta name=\"twitter:data2\" content=\"7 minutes\" \/>\n<script type=\"application\/ld+json\" class=\"yoast-schema-graph\">{\"@context\":\"https:\/\/schema.org\",\"@graph\":[{\"@type\":\"WebPage\",\"@id\":\"https:\/\/terredeshommes.it\/eng\/comunicati\/terre-des-hommes-presenta-le-proposte-riforma-la-protezione-dei-minori-dalla-violenza-online\/\",\"url\":\"https:\/\/terredeshommes.it\/eng\/comunicati\/terre-des-hommes-presenta-le-proposte-riforma-la-protezione-dei-minori-dalla-violenza-online\/\",\"name\":\"Terre des Hommes presenta le proposte di riforma per la protezione dei minori dalla violenza online - Terre des Hommes Italia\",\"isPartOf\":{\"@id\":\"https:\/\/terredeshommes.it\/eng\/#website\"},\"datePublished\":\"2022-05-10T09:14:38+00:00\",\"dateModified\":\"2022-11-13T16:37:54+00:00\",\"author\":{\"@id\":\"https:\/\/terredeshommes.it\/eng\/#\/schema\/person\/adf40aab21514bbdc483bd807a69efed\"},\"breadcrumb\":{\"@id\":\"https:\/\/terredeshommes.it\/eng\/comunicati\/terre-des-hommes-presenta-le-proposte-riforma-la-protezione-dei-minori-dalla-violenza-online\/#breadcrumb\"},\"inLanguage\":\"en-US\",\"potentialAction\":[{\"@type\":\"ReadAction\",\"target\":[\"https:\/\/terredeshommes.it\/eng\/comunicati\/terre-des-hommes-presenta-le-proposte-riforma-la-protezione-dei-minori-dalla-violenza-online\/\"]}]},{\"@type\":\"BreadcrumbList\",\"@id\":\"https:\/\/terredeshommes.it\/eng\/comunicati\/terre-des-hommes-presenta-le-proposte-riforma-la-protezione-dei-minori-dalla-violenza-online\/#breadcrumb\",\"itemListElement\":[{\"@type\":\"ListItem\",\"position\":1,\"name\":\"Home\",\"item\":\"https:\/\/terredeshommes.it\/eng\/\"},{\"@type\":\"ListItem\",\"position\":2,\"name\":\"Terre des Hommes presenta le proposte di riforma per la protezione dei minori dalla violenza online\"}]},{\"@type\":\"WebSite\",\"@id\":\"https:\/\/terredeshommes.it\/eng\/#website\",\"url\":\"https:\/\/terredeshommes.it\/eng\/\",\"name\":\"Terre des Hommes Italia\",\"description\":\"Proteggiamo i bambini insieme\",\"potentialAction\":[{\"@type\":\"SearchAction\",\"target\":{\"@type\":\"EntryPoint\",\"urlTemplate\":\"https:\/\/terredeshommes.it\/eng\/?s={search_term_string}\"},\"query-input\":\"required name=search_term_string\"}],\"inLanguage\":\"en-US\"},{\"@type\":\"Person\",\"@id\":\"https:\/\/terredeshommes.it\/eng\/#\/schema\/person\/adf40aab21514bbdc483bd807a69efed\",\"name\":\"superTDH\",\"url\":\"https:\/\/terredeshommes.it\/eng\/author\/supertdh\/\"}]}<\/script>\n<!-- \/ Yoast SEO plugin. -->","yoast_head_json":{"title":"Terre des Hommes presenta le proposte di riforma per la protezione dei minori dalla violenza online - Terre des Hommes Italia","robots":{"index":"index","follow":"follow","max-snippet":"max-snippet:-1","max-image-preview":"max-image-preview:large","max-video-preview":"max-video-preview:-1"},"canonical":"https:\/\/terredeshommes.it\/eng\/comunicati\/terre-des-hommes-presenta-le-proposte-riforma-la-protezione-dei-minori-dalla-violenza-online\/","og_locale":"en_US","og_type":"article","og_title":"Terre des Hommes presenta le proposte di riforma per la protezione dei minori dalla violenza online - Terre des Hommes Italia","og_description":"Terre des Hommes presenta le proposte di riforma per la protezione dei minori dalla violenza online All\u2019indomani dell\u2019accordo politico sul Digital Services Act, Terre des Hommes ha presentato oggi alla presenza della Ministra per le Pari Opportunit\u00e0 e la Famiglia Elena Bonetti, alcune proposte di riforma normativa atte a rendere pi\u00f9 effettiva la difesa delle [&hellip;]","og_url":"https:\/\/terredeshommes.it\/eng\/comunicati\/terre-des-hommes-presenta-le-proposte-riforma-la-protezione-dei-minori-dalla-violenza-online\/","og_site_name":"Terre des Hommes Italia","article_published_time":"2022-05-10T09:14:38+00:00","article_modified_time":"2022-11-13T16:37:54+00:00","og_image":[{"width":940,"height":450,"url":"https:\/\/terredeshommes.it\/eng\/wp-content\/uploads\/slide_conferenza_sito.jpeg","type":"image\/jpeg"}],"author":"superTDH","twitter_card":"summary_large_image","twitter_misc":{"Written by":"superTDH","Est. reading time":"7 minutes"},"schema":{"@context":"https:\/\/schema.org","@graph":[{"@type":"WebPage","@id":"https:\/\/terredeshommes.it\/eng\/comunicati\/terre-des-hommes-presenta-le-proposte-riforma-la-protezione-dei-minori-dalla-violenza-online\/","url":"https:\/\/terredeshommes.it\/eng\/comunicati\/terre-des-hommes-presenta-le-proposte-riforma-la-protezione-dei-minori-dalla-violenza-online\/","name":"Terre des Hommes presenta le proposte di riforma per la protezione dei minori dalla violenza online - Terre des Hommes Italia","isPartOf":{"@id":"https:\/\/terredeshommes.it\/eng\/#website"},"datePublished":"2022-05-10T09:14:38+00:00","dateModified":"2022-11-13T16:37:54+00:00","author":{"@id":"https:\/\/terredeshommes.it\/eng\/#\/schema\/person\/adf40aab21514bbdc483bd807a69efed"},"breadcrumb":{"@id":"https:\/\/terredeshommes.it\/eng\/comunicati\/terre-des-hommes-presenta-le-proposte-riforma-la-protezione-dei-minori-dalla-violenza-online\/#breadcrumb"},"inLanguage":"en-US","potentialAction":[{"@type":"ReadAction","target":["https:\/\/terredeshommes.it\/eng\/comunicati\/terre-des-hommes-presenta-le-proposte-riforma-la-protezione-dei-minori-dalla-violenza-online\/"]}]},{"@type":"BreadcrumbList","@id":"https:\/\/terredeshommes.it\/eng\/comunicati\/terre-des-hommes-presenta-le-proposte-riforma-la-protezione-dei-minori-dalla-violenza-online\/#breadcrumb","itemListElement":[{"@type":"ListItem","position":1,"name":"Home","item":"https:\/\/terredeshommes.it\/eng\/"},{"@type":"ListItem","position":2,"name":"Terre des Hommes presenta le proposte di riforma per la protezione dei minori dalla violenza online"}]},{"@type":"WebSite","@id":"https:\/\/terredeshommes.it\/eng\/#website","url":"https:\/\/terredeshommes.it\/eng\/","name":"Terre des Hommes Italia","description":"Proteggiamo i bambini insieme","potentialAction":[{"@type":"SearchAction","target":{"@type":"EntryPoint","urlTemplate":"https:\/\/terredeshommes.it\/eng\/?s={search_term_string}"},"query-input":"required name=search_term_string"}],"inLanguage":"en-US"},{"@type":"Person","@id":"https:\/\/terredeshommes.it\/eng\/#\/schema\/person\/adf40aab21514bbdc483bd807a69efed","name":"superTDH","url":"https:\/\/terredeshommes.it\/eng\/author\/supertdh\/"}]}},"_links":{"self":[{"href":"https:\/\/terredeshommes.it\/eng\/wp-json\/wp\/v2\/posts\/2413","targetHints":{"allow":["GET"]}}],"collection":[{"href":"https:\/\/terredeshommes.it\/eng\/wp-json\/wp\/v2\/posts"}],"about":[{"href":"https:\/\/terredeshommes.it\/eng\/wp-json\/wp\/v2\/types\/post"}],"author":[{"embeddable":true,"href":"https:\/\/terredeshommes.it\/eng\/wp-json\/wp\/v2\/users\/1"}],"replies":[{"embeddable":true,"href":"https:\/\/terredeshommes.it\/eng\/wp-json\/wp\/v2\/comments?post=2413"}],"version-history":[{"count":2,"href":"https:\/\/terredeshommes.it\/eng\/wp-json\/wp\/v2\/posts\/2413\/revisions"}],"predecessor-version":[{"id":3257,"href":"https:\/\/terredeshommes.it\/eng\/wp-json\/wp\/v2\/posts\/2413\/revisions\/3257"}],"wp:featuredmedia":[{"embeddable":true,"href":"https:\/\/terredeshommes.it\/eng\/wp-json\/wp\/v2\/media\/2121"}],"wp:attachment":[{"href":"https:\/\/terredeshommes.it\/eng\/wp-json\/wp\/v2\/media?parent=2413"}],"wp:term":[{"taxonomy":"category","embeddable":true,"href":"https:\/\/terredeshommes.it\/eng\/wp-json\/wp\/v2\/categories?post=2413"},{"taxonomy":"post_tag","embeddable":true,"href":"https:\/\/terredeshommes.it\/eng\/wp-json\/wp\/v2\/tags?post=2413"}],"curies":[{"name":"wp","href":"https:\/\/api.w.org\/{rel}","templated":true}]}}