{"id":2494,"date":"2022-08-03T10:06:48","date_gmt":"2022-08-03T08:06:48","guid":{"rendered":"https:\/\/terredeshommes.it\/?p=2494"},"modified":"2022-08-08T17:05:35","modified_gmt":"2022-08-08T15:05:35","slug":"libano-2-anniversario-dellesplosione-a-beirut","status":"publish","type":"post","link":"https:\/\/terredeshommes.it\/eng\/comunicati\/libano-2-anniversario-dellesplosione-a-beirut\/","title":{"rendered":"Libano \u2013 2\u00b0 anniversario dell\u2019esplosione a Beirut"},"content":{"rendered":"<p>[et_pb_section fb_built=&#8221;1&#8243; _builder_version=&#8221;4.16&#8243; global_colors_info=&#8221;{}&#8221;][et_pb_row column_structure=&#8221;1_5,3_5,1_5&#8243; _builder_version=&#8221;4.16&#8243; background_size=&#8221;initial&#8221; background_position=&#8221;top_left&#8221; background_repeat=&#8221;repeat&#8221; global_colors_info=&#8221;{}&#8221;][et_pb_column type=&#8221;1_5&#8243; _builder_version=&#8221;4.16&#8243; custom_padding=&#8221;|||&#8221; global_colors_info=&#8221;{}&#8221; custom_padding__hover=&#8221;|||&#8221;][\/et_pb_column][et_pb_column type=&#8221;3_5&#8243; _builder_version=&#8221;4.16&#8243; custom_padding=&#8221;|||&#8221; global_colors_info=&#8221;{}&#8221; custom_padding__hover=&#8221;|||&#8221;][et_pb_text admin_label=&#8221;Testo&#8221; _builder_version=&#8221;4.17.6&#8243; background_size=&#8221;initial&#8221; background_position=&#8221;top_left&#8221; background_repeat=&#8221;repeat&#8221; global_colors_info=&#8221;{}&#8221;]<\/p>\n<h4>A due anni dall\u2019esplosione del porto di Beirut<\/h4>\n<h4>Terre des Hommes supporta le comunit\u00e0 pi\u00f9 vulnerabili, in particolare bambini e bambine.<\/h4>\n<p>&nbsp;<\/p>\n<p><em>Attraverso il progetto finanziato dall\u2019AICS, nuovi spazi ristrutturati a misura di bambino e aiuti concerti alle famiglie pi\u00f9 fragili. <\/em><\/p>\n<p><em>\u00a0548 bambini hanno ricevuto un sostegno psicosociale personalizzato, abbiamo distribuito\u00a0kit scolastici\u00a0a 815 bambini e 618 tra loro hanno ricevuto contributi in denaro per frequentare la scuola.<\/em><\/p>\n<p><em>Milano, 03 agosto 2022<\/em> &#8211; Il <strong>4 agosto del 2020<\/strong> l\u2019esplosione del porto di Beirut ha devastato il 40% della citt\u00e0, causando oltre 200 morti e pi\u00f9 di 6000 feriti. Ha lasciato senza casa 300.000 persone e ha distrutto 163 scuole impattando il percorso educativo di oltre 85.000 studenti.<\/p>\n<p>Sono passati due anni dalla tragedia e non solo Beirut, ma tutto il Paese \u00e8 immerso in una crisi economica e politica che sembra essere senza fine (la Banca Mondiale l\u2019ha inclusa <strong>tra le 10 crisi peggiori dalla met\u00e0 del 1800). <\/strong>In questi giorni, inoltre, proprio nella zona del porto stanno crollando i silos, che avevano protetto una parte di citt\u00e0, e che ora rischiano di rilasciare agenti chimici potenzialmente tossici.<\/p>\n<p>A ci\u00f2 bisogna aggiungere le conseguenze negative del Covid 19 e, con lo scoppio della guerra in Ucraina, la crisi alimentare per la mancanza delle materie prime, (grano e olio di semi prima di tutto) che non risparmia il Libano.<\/p>\n<p>Come sempre, nelle situazioni di emergenza, a soffrire maggiormente, sono le categorie pi\u00f9 vulnerabili, tra cui bambine e bambini, che in queste condizioni non solo sono privati dei loro diritti, dell\u2019opportunit\u00e0 di un percorso educativo, ma anche pi\u00f9 esposti al rischio di violenza e sfruttamento.<\/p>\n<p>Ricordando i tragici avvenimenti di due anni fa, <strong>Terre des Hommes Italia<\/strong>, che \u00e8 presente in Libano dal 2006, vuole riportare all\u2019attenzione dei media le gravissime difficolt\u00e0 in cui si trova il Paese, ma anche condividere un ulteriore passo avanti nella ricostruzione di alcune aree del <strong>quartiere Karantina<\/strong>, <strong>adiacente al porto e fortemente danneggiato dall\u2019esplosione del 2020<\/strong>.<\/p>\n<p>Proprio in questi giorni, infatti, \u00e8 stato inaugurato un nuovo spazio comunitario totalmente ristrutturato, che accoglier\u00e0 attivit\u00e0 per bambini e bambine e per le loro famiglie, ma sar\u00e0 anche a disposizione della cittadinanza e del municipio di Beirut per eventi ed incontri pubblici.<\/p>\n<p>La ristrutturazione si inserisce all\u2019interno del progetto finanziato dall<strong>\u2019Agenzia Italiana per la Cooperazione allo Sviluppo<\/strong>, che ha permesso a Terre des Hommes, grazie alla collaborazione con i partner locali <strong>Katalytic Action<\/strong>, <strong>Borderless<\/strong> e <strong>HOOPs<\/strong>, non solo di rinnovare lo spazio ma di essere a fianco della comunit\u00e0. <strong>618<\/strong> bambini hanno ricevuto contributi in denaro per frequentare la scuola, mentre\u00a0abbiamo distribuito\u00a0kit scolastici\u00a0a <strong>815<\/strong> bambini e <strong>548<\/strong> hanno ricevuto un sostegno psicosociale personalizzato. Inoltre, <strong>380<\/strong> genitori sono stati coinvolti in attivit\u00e0 di supporto genitoriale, <strong>503 <\/strong>tra essi hanno ricevuto consulenza individuali e <strong>60<\/strong> sono riusciti a completare percorsi di alfabetizzazione per adulti.<\/p>\n<p>Questo intervento segue all\u2019aiuto emergenziale fornito all\u2019indomani dell\u2019esplosione, con <strong>distribuzione di kit igienici<\/strong> per mamme e bambini\/e e di dispositivi di <strong>protezione individuale anti Covid, <\/strong>ma anche <strong>attivit\u00e0 ricreative e psicosociali <\/strong>e al recupero di un parco giochi, che ha coinvolto anche i giovani abitanti del quartiere in un percorso di co-progettazione, e che oggi \u00e8 di nuovo un luogo sicuro per il gioco e la crescita di bambini e bambine.<\/p>\n<p><em>\u201cIl ricordo dell\u2019esplosione di 2 anni fa \u00e8 ancora vivo nella mente della popolazione di Beirut, indubbiamente le vittime pi\u00f9 fragili sono i bambini e le bambine che hanno subito e tuttora soffrono pesanti traumi psicologici.\u201d Afferma <\/em><strong>Ilaria Masieri, Desk Officer di Terre des Hommes per il Libano<\/strong><em> \u201cLo staff di Terre des Hommes \u00e8 al fianco delle famiglie pi\u00f9 vulnerabili dal primo giorno dopo l\u2019esplosione e continueremo a dare tutto il supporto necessario per ritornare alla normalit\u00e0. Vedere il parco giochi di nuovo frequentato dai ragazzi, e questo nuovo spazio riaperto e rinnovato per tutta la comunit\u00e0 \u00e8 un segnale di speranza che si \u00e8 concretizzato grazie alla preziosa collaborazione tra la Municipalit\u00e0, i partner locali e tutta la comunit\u00e0 di Karantina, nonch\u00e9 grazie al sostegno indispensabile dell\u2019AICS.\u201d <\/em><\/p>\n<p>&nbsp;<\/p>\n<p><strong>Terre des Hommes Italia in Libano<\/strong><\/p>\n<p><em>Con circa\u00a01,5 milioni di rifugiati siriani e 475.000 rifugiati Palestinesi, il <strong>Libano<\/strong> \u00e8 il Paese con il pi\u00f9 alto numero di rifugiati per abitante al mondo. <\/em><\/p>\n<p><em>Il tasso di frequenza scolastica in Libano rimane basso a causa della povert\u00e0, dalla scarsa sicurezza nel tragitto da casa a scuola e dalla mancanza di strutture scolastiche a basso costo. <\/em><\/p>\n<p><em>Stiamo aiutando i bambini pi\u00f9 vulnerabili ad acquisire\u00a0competenze di alfabetizzazione e di matematica di base\u00a0specialmente a coloro che non hanno frequentato la scuola per pi\u00f9 di due anni. Contribuiamo alla lotta contro la violenza domestica e di genere, e lo sfruttamento sui minori, attraverso la promozione di attivit\u00e0 di formazione e campagne di sensibilizzazione sui diritti dell\u2019infanzia. Abbiamo sostenuto l\u2019istruzione superiore degli studenti rifugiati.<\/em><em>\u00a0<\/em><\/p>\n<p><em>\u00a0<\/em><\/p>\n<p><em>\u00a0<\/em><\/p>\n<p><em>\u00a0<\/em><\/p>\n<p>[\/et_pb_text][\/et_pb_column][et_pb_column type=&#8221;1_5&#8243; _builder_version=&#8221;4.16&#8243; custom_padding=&#8221;|||&#8221; global_colors_info=&#8221;{}&#8221; custom_padding__hover=&#8221;|||&#8221;][\/et_pb_column][\/et_pb_row][\/et_pb_section]<\/p>\n","protected":false},"excerpt":{"rendered":"<p>A due anni dall\u2019esplosione del porto di Beirut Terre des Hommes supporta le comunit\u00e0 pi\u00f9 vulnerabili, in particolare bambini e bambine. &nbsp; Attraverso il progetto finanziato dall\u2019AICS, nuovi spazi ristrutturati a misura di bambino e aiuti concerti alle famiglie pi\u00f9 fragili. \u00a0548 bambini hanno ricevuto un sostegno psicosociale personalizzato, abbiamo distribuito\u00a0kit scolastici\u00a0a 815 bambini e [&hellip;]<\/p>\n","protected":false},"author":5,"featured_media":2496,"comment_status":"open","ping_status":"open","sticky":false,"template":"","format":"standard","meta":{"_et_pb_use_builder":"on","_et_pb_old_content":"Cras mattis consectetur purus sit amet fermentum. Aenean lacinia bibendum nulla sed consectetur. Donec ullamcorper nulla non metus auctor fringilla. Donec ullamcorper nulla non metus auctor fringilla.","_et_gb_content_width":"","footnotes":""},"categories":[16],"tags":[],"class_list":["post-2494","post","type-post","status-publish","format-standard","has-post-thumbnail","hentry","category-comunicati"],"yoast_head":"<!-- This site is optimized with the Yoast SEO plugin v21.1 - https:\/\/yoast.com\/wordpress\/plugins\/seo\/ -->\n<title>Libano \u2013 2\u00b0 anniversario dell\u2019esplosione a Beirut - Terre des Hommes Italia<\/title>\n<meta name=\"robots\" content=\"index, follow, max-snippet:-1, max-image-preview:large, max-video-preview:-1\" \/>\n<link rel=\"canonical\" href=\"https:\/\/terredeshommes.it\/eng\/comunicati\/libano-2-anniversario-dellesplosione-a-beirut\/\" \/>\n<meta property=\"og:locale\" content=\"en_US\" \/>\n<meta property=\"og:type\" content=\"article\" \/>\n<meta property=\"og:title\" content=\"Libano \u2013 2\u00b0 anniversario dell\u2019esplosione a Beirut - Terre des Hommes Italia\" \/>\n<meta property=\"og:description\" content=\"A due anni dall\u2019esplosione del porto di Beirut Terre des Hommes supporta le comunit\u00e0 pi\u00f9 vulnerabili, in particolare bambini e bambine. &nbsp; Attraverso il progetto finanziato dall\u2019AICS, nuovi spazi ristrutturati a misura di bambino e aiuti concerti alle famiglie pi\u00f9 fragili. \u00a0548 bambini hanno ricevuto un sostegno psicosociale personalizzato, abbiamo distribuito\u00a0kit scolastici\u00a0a 815 bambini e [&hellip;]\" \/>\n<meta property=\"og:url\" content=\"https:\/\/terredeshommes.it\/eng\/comunicati\/libano-2-anniversario-dellesplosione-a-beirut\/\" \/>\n<meta property=\"og:site_name\" content=\"Terre des Hommes Italia\" \/>\n<meta property=\"article:published_time\" content=\"2022-08-03T08:06:48+00:00\" \/>\n<meta property=\"article:modified_time\" content=\"2022-08-08T15:05:35+00:00\" \/>\n<meta property=\"og:image\" content=\"https:\/\/terredeshommes.it\/eng\/wp-content\/uploads\/libano_anniversario.jpg\" \/>\n\t<meta property=\"og:image:width\" content=\"1984\" \/>\n\t<meta property=\"og:image:height\" content=\"1323\" \/>\n\t<meta property=\"og:image:type\" content=\"image\/jpeg\" \/>\n<meta name=\"author\" content=\"Stefano Carboni\" \/>\n<meta name=\"twitter:card\" content=\"summary_large_image\" \/>\n<meta name=\"twitter:label1\" content=\"Written by\" \/>\n\t<meta name=\"twitter:data1\" content=\"Stefano Carboni\" \/>\n\t<meta name=\"twitter:label2\" content=\"Est. reading time\" \/>\n\t<meta name=\"twitter:data2\" content=\"5 minutes\" \/>\n<script type=\"application\/ld+json\" class=\"yoast-schema-graph\">{\"@context\":\"https:\/\/schema.org\",\"@graph\":[{\"@type\":\"WebPage\",\"@id\":\"https:\/\/terredeshommes.it\/eng\/comunicati\/libano-2-anniversario-dellesplosione-a-beirut\/\",\"url\":\"https:\/\/terredeshommes.it\/eng\/comunicati\/libano-2-anniversario-dellesplosione-a-beirut\/\",\"name\":\"Libano \u2013 2\u00b0 anniversario dell\u2019esplosione a Beirut - Terre des Hommes Italia\",\"isPartOf\":{\"@id\":\"https:\/\/terredeshommes.it\/eng\/#website\"},\"datePublished\":\"2022-08-03T08:06:48+00:00\",\"dateModified\":\"2022-08-08T15:05:35+00:00\",\"author\":{\"@id\":\"https:\/\/terredeshommes.it\/eng\/#\/schema\/person\/e3fac88daa9a659510126be4d6d1569a\"},\"breadcrumb\":{\"@id\":\"https:\/\/terredeshommes.it\/eng\/comunicati\/libano-2-anniversario-dellesplosione-a-beirut\/#breadcrumb\"},\"inLanguage\":\"en-US\",\"potentialAction\":[{\"@type\":\"ReadAction\",\"target\":[\"https:\/\/terredeshommes.it\/eng\/comunicati\/libano-2-anniversario-dellesplosione-a-beirut\/\"]}]},{\"@type\":\"BreadcrumbList\",\"@id\":\"https:\/\/terredeshommes.it\/eng\/comunicati\/libano-2-anniversario-dellesplosione-a-beirut\/#breadcrumb\",\"itemListElement\":[{\"@type\":\"ListItem\",\"position\":1,\"name\":\"Home\",\"item\":\"https:\/\/terredeshommes.it\/eng\/\"},{\"@type\":\"ListItem\",\"position\":2,\"name\":\"Libano \u2013 2\u00b0 anniversario dell\u2019esplosione a Beirut\"}]},{\"@type\":\"WebSite\",\"@id\":\"https:\/\/terredeshommes.it\/eng\/#website\",\"url\":\"https:\/\/terredeshommes.it\/eng\/\",\"name\":\"Terre des Hommes Italia\",\"description\":\"Proteggiamo i bambini insieme\",\"potentialAction\":[{\"@type\":\"SearchAction\",\"target\":{\"@type\":\"EntryPoint\",\"urlTemplate\":\"https:\/\/terredeshommes.it\/eng\/?s={search_term_string}\"},\"query-input\":\"required name=search_term_string\"}],\"inLanguage\":\"en-US\"},{\"@type\":\"Person\",\"@id\":\"https:\/\/terredeshommes.it\/eng\/#\/schema\/person\/e3fac88daa9a659510126be4d6d1569a\",\"name\":\"Stefano Carboni\",\"url\":\"https:\/\/terredeshommes.it\/eng\/author\/stefano\/\"}]}<\/script>\n<!-- \/ Yoast SEO plugin. -->","yoast_head_json":{"title":"Libano \u2013 2\u00b0 anniversario dell\u2019esplosione a Beirut - Terre des Hommes Italia","robots":{"index":"index","follow":"follow","max-snippet":"max-snippet:-1","max-image-preview":"max-image-preview:large","max-video-preview":"max-video-preview:-1"},"canonical":"https:\/\/terredeshommes.it\/eng\/comunicati\/libano-2-anniversario-dellesplosione-a-beirut\/","og_locale":"en_US","og_type":"article","og_title":"Libano \u2013 2\u00b0 anniversario dell\u2019esplosione a Beirut - Terre des Hommes Italia","og_description":"A due anni dall\u2019esplosione del porto di Beirut Terre des Hommes supporta le comunit\u00e0 pi\u00f9 vulnerabili, in particolare bambini e bambine. &nbsp; Attraverso il progetto finanziato dall\u2019AICS, nuovi spazi ristrutturati a misura di bambino e aiuti concerti alle famiglie pi\u00f9 fragili. \u00a0548 bambini hanno ricevuto un sostegno psicosociale personalizzato, abbiamo distribuito\u00a0kit scolastici\u00a0a 815 bambini e [&hellip;]","og_url":"https:\/\/terredeshommes.it\/eng\/comunicati\/libano-2-anniversario-dellesplosione-a-beirut\/","og_site_name":"Terre des Hommes Italia","article_published_time":"2022-08-03T08:06:48+00:00","article_modified_time":"2022-08-08T15:05:35+00:00","og_image":[{"width":1984,"height":1323,"url":"https:\/\/terredeshommes.it\/eng\/wp-content\/uploads\/libano_anniversario.jpg","type":"image\/jpeg"}],"author":"Stefano Carboni","twitter_card":"summary_large_image","twitter_misc":{"Written by":"Stefano Carboni","Est. reading time":"5 minutes"},"schema":{"@context":"https:\/\/schema.org","@graph":[{"@type":"WebPage","@id":"https:\/\/terredeshommes.it\/eng\/comunicati\/libano-2-anniversario-dellesplosione-a-beirut\/","url":"https:\/\/terredeshommes.it\/eng\/comunicati\/libano-2-anniversario-dellesplosione-a-beirut\/","name":"Libano \u2013 2\u00b0 anniversario dell\u2019esplosione a Beirut - Terre des Hommes Italia","isPartOf":{"@id":"https:\/\/terredeshommes.it\/eng\/#website"},"datePublished":"2022-08-03T08:06:48+00:00","dateModified":"2022-08-08T15:05:35+00:00","author":{"@id":"https:\/\/terredeshommes.it\/eng\/#\/schema\/person\/e3fac88daa9a659510126be4d6d1569a"},"breadcrumb":{"@id":"https:\/\/terredeshommes.it\/eng\/comunicati\/libano-2-anniversario-dellesplosione-a-beirut\/#breadcrumb"},"inLanguage":"en-US","potentialAction":[{"@type":"ReadAction","target":["https:\/\/terredeshommes.it\/eng\/comunicati\/libano-2-anniversario-dellesplosione-a-beirut\/"]}]},{"@type":"BreadcrumbList","@id":"https:\/\/terredeshommes.it\/eng\/comunicati\/libano-2-anniversario-dellesplosione-a-beirut\/#breadcrumb","itemListElement":[{"@type":"ListItem","position":1,"name":"Home","item":"https:\/\/terredeshommes.it\/eng\/"},{"@type":"ListItem","position":2,"name":"Libano \u2013 2\u00b0 anniversario dell\u2019esplosione a Beirut"}]},{"@type":"WebSite","@id":"https:\/\/terredeshommes.it\/eng\/#website","url":"https:\/\/terredeshommes.it\/eng\/","name":"Terre des Hommes Italia","description":"Proteggiamo i bambini insieme","potentialAction":[{"@type":"SearchAction","target":{"@type":"EntryPoint","urlTemplate":"https:\/\/terredeshommes.it\/eng\/?s={search_term_string}"},"query-input":"required name=search_term_string"}],"inLanguage":"en-US"},{"@type":"Person","@id":"https:\/\/terredeshommes.it\/eng\/#\/schema\/person\/e3fac88daa9a659510126be4d6d1569a","name":"Stefano Carboni","url":"https:\/\/terredeshommes.it\/eng\/author\/stefano\/"}]}},"_links":{"self":[{"href":"https:\/\/terredeshommes.it\/eng\/wp-json\/wp\/v2\/posts\/2494","targetHints":{"allow":["GET"]}}],"collection":[{"href":"https:\/\/terredeshommes.it\/eng\/wp-json\/wp\/v2\/posts"}],"about":[{"href":"https:\/\/terredeshommes.it\/eng\/wp-json\/wp\/v2\/types\/post"}],"author":[{"embeddable":true,"href":"https:\/\/terredeshommes.it\/eng\/wp-json\/wp\/v2\/users\/5"}],"replies":[{"embeddable":true,"href":"https:\/\/terredeshommes.it\/eng\/wp-json\/wp\/v2\/comments?post=2494"}],"version-history":[{"count":1,"href":"https:\/\/terredeshommes.it\/eng\/wp-json\/wp\/v2\/posts\/2494\/revisions"}],"predecessor-version":[{"id":2595,"href":"https:\/\/terredeshommes.it\/eng\/wp-json\/wp\/v2\/posts\/2494\/revisions\/2595"}],"wp:featuredmedia":[{"embeddable":true,"href":"https:\/\/terredeshommes.it\/eng\/wp-json\/wp\/v2\/media\/2496"}],"wp:attachment":[{"href":"https:\/\/terredeshommes.it\/eng\/wp-json\/wp\/v2\/media?parent=2494"}],"wp:term":[{"taxonomy":"category","embeddable":true,"href":"https:\/\/terredeshommes.it\/eng\/wp-json\/wp\/v2\/categories?post=2494"},{"taxonomy":"post_tag","embeddable":true,"href":"https:\/\/terredeshommes.it\/eng\/wp-json\/wp\/v2\/tags?post=2494"}],"curies":[{"name":"wp","href":"https:\/\/api.w.org\/{rel}","templated":true}]}}