{"id":2684,"date":"2022-09-06T18:49:47","date_gmt":"2022-09-06T16:49:47","guid":{"rendered":"https:\/\/terredeshommes.it\/?p=2684"},"modified":"2022-09-06T18:49:50","modified_gmt":"2022-09-06T16:49:50","slug":"limportanza-dei-primi-1000-giorni","status":"publish","type":"post","link":"https:\/\/terredeshommes.it\/eng\/comunicati\/limportanza-dei-primi-1000-giorni\/","title":{"rendered":"L&#8217;importanza dei primi 1000 giorni"},"content":{"rendered":"<p>[et_pb_section fb_built=&#8221;1&#8243; _builder_version=&#8221;4.16&#8243; global_colors_info=&#8221;{}&#8221;][et_pb_row column_structure=&#8221;1_5,3_5,1_5&#8243; _builder_version=&#8221;4.16&#8243; background_size=&#8221;initial&#8221; background_position=&#8221;top_left&#8221; background_repeat=&#8221;repeat&#8221; global_colors_info=&#8221;{}&#8221;][et_pb_column type=&#8221;1_5&#8243; _builder_version=&#8221;4.16&#8243; custom_padding=&#8221;|||&#8221; global_colors_info=&#8221;{}&#8221; custom_padding__hover=&#8221;|||&#8221;][\/et_pb_column][et_pb_column type=&#8221;3_5&#8243; _builder_version=&#8221;4.16&#8243; custom_padding=&#8221;|||&#8221; global_colors_info=&#8221;{}&#8221; custom_padding__hover=&#8221;|||&#8221;][et_pb_text admin_label=&#8221;Testo&#8221; _builder_version=&#8221;4.17.6&#8243; background_size=&#8221;initial&#8221; background_position=&#8221;top_left&#8221; background_repeat=&#8221;repeat&#8221; global_colors_info=&#8221;{}&#8221;]<\/p>\n<pre><\/pre>\n<h4 style=\"text-align: center;\"><span style=\"color: #333333;\">Il 9 settembre porte aperte a Noicattaro nel primo\u00a0spazio per famiglie per prevenire fragilit\u00e0 sociali e tutelare i minori<\/span><\/h4>\n<p style=\"text-align: center;\">La partecipazione \u00e8 gratuita e aperta alla cittadinanza<\/p>\n<p>Educativa domiciliare specialistica, sportello di supporto psicologico alla neogenitorialit\u00e0, atelier per bambini, formazione genitori e operatori, gruppi di mutuo aiuto e azioni di promozione della comunit\u00e0 educante: sono queste le azioni innovative per il sostegno alla genitorialit\u00e0 che la cooperativa sociale <span><a href=\"https:\/\/itaca.coop\/\">Itaca<\/a><\/span> porta avanti sul territorio pugliese nel quadro del progetto nazionale <span><a href=\"https:\/\/percorsiconibambini.it\/pimpi\/\">Promozione Intervento Multilivello di Protezione Infanzia<\/a><\/span> di <span><a href=\"https:\/\/terredeshommes.it\/eng\/\"><strong>Terre des Hommes<\/strong><\/a><\/span>,\u00a0 selezionato da Con i Bambini nell\u2019ambito del Fondo per il contrasto della povert\u00e0 educativa minorile.<\/p>\n<p>&nbsp;<\/p>\n<p>Il 9 settembre, con l\u2019obiettivo di far conoscere e condividere il progetto<strong>, <\/strong>si terr\u00e0 una<strong> festa di prossimit\u00e0,<\/strong> presso il Centro Hopen di Noicattaro<strong>,<\/strong> a partire dalle ore 17<strong>,<\/strong> alla presenza del <strong>Sindaco Raimondo Innamorato<\/strong>, della dott.ssa\u00a0 <strong>Maria Arca<\/strong>, referente nazionale del progetto Promozione Intervento Multilivello di protezione Infanzia \u00a0di Terres des Hommes e della dott.ssa <strong>Pasqua\u00a0 Demarco,<\/strong>\u00a0 presidente\u00a0 della cooperativa sociale Itaca, partner locale\u00a0 di progetto .<\/p>\n<p>Organizzata in momenti di scambio, di gioco, di convivialit\u00e0 e di integrazione per facilitare l\u2019incontro tra servizi, \u00e9quipe e famiglie e consolidare la comunit\u00e0 aiutante, la festa permetter\u00e0 anche di conoscere le attivit\u00e0 del progetto a servizio dei primi mesi di vita dei bambini.<\/p>\n<p>\u201c<strong>Nei primi 1000 giorni di vita si pongono le basi per un adeguato sviluppo fisico e psicologico del bambino\u201d<\/strong> spiega la dott.ssa Maria Arca, di Terre des Hommes \u201cla mancanza di stimoli adeguati, o nel peggiore dei casi situazioni di deprivazioni o maltrattamenti, vissuti nei primi tre anni di vita sono molto difficili da superare. Per questo il progetto ha sviluppato azioni preventive a supporto delle famiglie e dell\u2019inclusione sociale dei minori vulnerabili\u201d<\/p>\n<p>L\u2019iniziativa \u00e8 realizzata in collaborazione con il <em>Centro Hopen<\/em>, che ospita l\u2019evento, e con il Centro Servizi per le famiglie, <em>Insieme per crescere<\/em> dell\u2019Ambito territoriale n. 11, servizi che offrono spazi di apprendimento per bambini e ragazzi, aggregazione e sostegno educativo e alla genitorialit\u00e0 alle famiglie del territorio.<\/p>\n<p>Uno\u00a0 spettacolo di marionette \u201cPulcinella innamorato\u201d a cura di Pantaleo Annese, concluder\u00e0 la festa del 9 settembre.<\/p>\n<p>Per informazioni: <span><a href=\"mailto:info@hopenmind.it\">info@hopenmind.it<\/a><\/span>; sede Centro Hopen,\u00a0 via Didonna contrada Cipierno, Noicattaro, tel. 3271650451<\/p>\n<p><strong>About Terre des Hommes<\/strong><\/p>\n<p><strong><em>Terre des Hommes<\/em><\/strong><em> dal 1960 \u00e8 in prima linea per proteggere i bambini di tutto il mondo dalla violenza, dall\u2019abuso e dallo sfruttamento e per assicurare a ogni bambino scuola, educazione informale, cure mediche e cibo. Attualmente Terre des Hommes \u00e8 presente in 22 paesi con oltre 140 progetti a favore dei bambini. La Fondazione Terre des Hommes Italia fa parte della Terre des Hommes International Federation, lavora in partnership con EU DG ECHO ed \u00e8 accreditata presso l\u2019Unione Europea, l\u2019ONU, USAID e il Ministero degli Esteri italiano &#8211; <\/em><em>Agenzia Italiana per la Cooperazione Internazionale (AICS). Per informazioni: <\/em><span><a href=\"https:\/\/terredeshommes.it\/eng\/\"><em>www.terredeshommes.it<\/em><\/a><\/span><\/p>\n<p><span>\u00a0<\/span><\/p>\n<p><em>Il progetto \u00e8 stato selezionato da Con i Bambini nell\u2019ambito del Fondo per il contrasto della povert\u00e0 educativa minorile. Il Fondo nasce da un\u2019intesa tra le Fondazioni di origine bancaria rappresentate da Acri, il Forum Nazionale del Terzo Settore e il Governo. Sostiene interventi finalizzati a rimuovere gli ostacoli di natura economica, sociale e culturale che impediscono la piena fruizione dei processi educativi da parte dei minori. Per attuare i programmi del Fondo, a giugno 2016 \u00e8 nata l\u2019impresa sociale Con i Bambini, organizzazione senza scopo di lucro interamente partecipata dalla Fondazione CON IL SUD. www.conibambini.org.<\/em><\/p>\n<p>&nbsp;<\/p>\n<p>[\/et_pb_text][\/et_pb_column][et_pb_column type=&#8221;1_5&#8243; _builder_version=&#8221;4.16&#8243; custom_padding=&#8221;|||&#8221; global_colors_info=&#8221;{}&#8221; custom_padding__hover=&#8221;|||&#8221;][\/et_pb_column][\/et_pb_row][\/et_pb_section]<\/p>\n","protected":false},"excerpt":{"rendered":"<p>Il 9 settembre porte aperte a Noicattaro nel primo\u00a0spazio per famiglie per prevenire fragilit\u00e0 sociali e tutelare i minori La partecipazione \u00e8 gratuita e aperta alla cittadinanza Educativa domiciliare specialistica, sportello di supporto psicologico alla neogenitorialit\u00e0, atelier per bambini, formazione genitori e operatori, gruppi di mutuo aiuto e azioni di promozione della comunit\u00e0 educante: sono [&hellip;]<\/p>\n","protected":false},"author":6,"featured_media":2692,"comment_status":"open","ping_status":"open","sticky":false,"template":"","format":"standard","meta":{"_et_pb_use_builder":"on","_et_pb_old_content":"Cras mattis consectetur purus sit amet fermentum. Aenean lacinia bibendum nulla sed consectetur. Donec ullamcorper nulla non metus auctor fringilla. Donec ullamcorper nulla non metus auctor fringilla.","_et_gb_content_width":"","footnotes":""},"categories":[16],"tags":[],"class_list":["post-2684","post","type-post","status-publish","format-standard","has-post-thumbnail","hentry","category-comunicati"],"yoast_head":"<!-- This site is optimized with the Yoast SEO plugin v21.1 - https:\/\/yoast.com\/wordpress\/plugins\/seo\/ -->\n<title>L&#039;importanza dei primi 1000 giorni - Terre des Hommes Italia<\/title>\n<meta name=\"description\" content=\"Il 9 settembre porte aperte a Noicattaro nel primo spazio per la prevenzione e tutela dei minori, specialmente nei loro primi 1000 giorni.\" \/>\n<meta name=\"robots\" content=\"index, follow, max-snippet:-1, max-image-preview:large, max-video-preview:-1\" \/>\n<link rel=\"canonical\" href=\"https:\/\/terredeshommes.it\/eng\/comunicati\/limportanza-dei-primi-1000-giorni\/\" \/>\n<meta property=\"og:locale\" content=\"en_US\" \/>\n<meta property=\"og:type\" content=\"article\" \/>\n<meta property=\"og:title\" content=\"L&#039;importanza dei primi 1000 giorni - Terre des Hommes Italia\" \/>\n<meta property=\"og:description\" content=\"Il 9 settembre porte aperte a Noicattaro nel primo spazio per la prevenzione e tutela dei minori, specialmente nei loro primi 1000 giorni.\" \/>\n<meta property=\"og:url\" content=\"https:\/\/terredeshommes.it\/eng\/comunicati\/limportanza-dei-primi-1000-giorni\/\" \/>\n<meta property=\"og:site_name\" content=\"Terre des Hommes Italia\" \/>\n<meta property=\"article:published_time\" content=\"2022-09-06T16:49:47+00:00\" \/>\n<meta property=\"article:modified_time\" content=\"2022-09-06T16:49:50+00:00\" \/>\n<meta property=\"og:image\" content=\"https:\/\/terredeshommes.it\/eng\/wp-content\/uploads\/\u00a9Marta-Zaccaron-1.png\" \/>\n\t<meta property=\"og:image:width\" content=\"940\" \/>\n\t<meta property=\"og:image:height\" content=\"788\" \/>\n\t<meta property=\"og:image:type\" content=\"image\/png\" \/>\n<meta name=\"author\" content=\"Anna Bianchi\" \/>\n<meta name=\"twitter:card\" content=\"summary_large_image\" \/>\n<meta name=\"twitter:label1\" content=\"Written by\" \/>\n\t<meta name=\"twitter:data1\" content=\"Anna Bianchi\" \/>\n\t<meta name=\"twitter:label2\" content=\"Est. reading time\" \/>\n\t<meta name=\"twitter:data2\" content=\"4 minutes\" \/>\n<script type=\"application\/ld+json\" class=\"yoast-schema-graph\">{\"@context\":\"https:\/\/schema.org\",\"@graph\":[{\"@type\":\"WebPage\",\"@id\":\"https:\/\/terredeshommes.it\/eng\/comunicati\/limportanza-dei-primi-1000-giorni\/\",\"url\":\"https:\/\/terredeshommes.it\/eng\/comunicati\/limportanza-dei-primi-1000-giorni\/\",\"name\":\"L'importanza dei primi 1000 giorni - Terre des Hommes Italia\",\"isPartOf\":{\"@id\":\"https:\/\/terredeshommes.it\/eng\/#website\"},\"datePublished\":\"2022-09-06T16:49:47+00:00\",\"dateModified\":\"2022-09-06T16:49:50+00:00\",\"author\":{\"@id\":\"https:\/\/terredeshommes.it\/eng\/#\/schema\/person\/dbba823406adc60a974a3434150e38d5\"},\"description\":\"Il 9 settembre porte aperte a Noicattaro nel primo spazio per la prevenzione e tutela dei minori, specialmente nei loro primi 1000 giorni.\",\"breadcrumb\":{\"@id\":\"https:\/\/terredeshommes.it\/eng\/comunicati\/limportanza-dei-primi-1000-giorni\/#breadcrumb\"},\"inLanguage\":\"en-US\",\"potentialAction\":[{\"@type\":\"ReadAction\",\"target\":[\"https:\/\/terredeshommes.it\/eng\/comunicati\/limportanza-dei-primi-1000-giorni\/\"]}]},{\"@type\":\"BreadcrumbList\",\"@id\":\"https:\/\/terredeshommes.it\/eng\/comunicati\/limportanza-dei-primi-1000-giorni\/#breadcrumb\",\"itemListElement\":[{\"@type\":\"ListItem\",\"position\":1,\"name\":\"Home\",\"item\":\"https:\/\/terredeshommes.it\/eng\/\"},{\"@type\":\"ListItem\",\"position\":2,\"name\":\"L&#8217;importanza dei primi 1000 giorni\"}]},{\"@type\":\"WebSite\",\"@id\":\"https:\/\/terredeshommes.it\/eng\/#website\",\"url\":\"https:\/\/terredeshommes.it\/eng\/\",\"name\":\"Terre des Hommes Italia\",\"description\":\"Proteggiamo i bambini insieme\",\"potentialAction\":[{\"@type\":\"SearchAction\",\"target\":{\"@type\":\"EntryPoint\",\"urlTemplate\":\"https:\/\/terredeshommes.it\/eng\/?s={search_term_string}\"},\"query-input\":\"required name=search_term_string\"}],\"inLanguage\":\"en-US\"},{\"@type\":\"Person\",\"@id\":\"https:\/\/terredeshommes.it\/eng\/#\/schema\/person\/dbba823406adc60a974a3434150e38d5\",\"name\":\"Anna Bianchi\",\"url\":\"https:\/\/terredeshommes.it\/eng\/author\/a-bianchitdhitaly-org\/\"}]}<\/script>\n<!-- \/ Yoast SEO plugin. -->","yoast_head_json":{"title":"L'importanza dei primi 1000 giorni - Terre des Hommes Italia","description":"Il 9 settembre porte aperte a Noicattaro nel primo spazio per la prevenzione e tutela dei minori, specialmente nei loro primi 1000 giorni.","robots":{"index":"index","follow":"follow","max-snippet":"max-snippet:-1","max-image-preview":"max-image-preview:large","max-video-preview":"max-video-preview:-1"},"canonical":"https:\/\/terredeshommes.it\/eng\/comunicati\/limportanza-dei-primi-1000-giorni\/","og_locale":"en_US","og_type":"article","og_title":"L'importanza dei primi 1000 giorni - Terre des Hommes Italia","og_description":"Il 9 settembre porte aperte a Noicattaro nel primo spazio per la prevenzione e tutela dei minori, specialmente nei loro primi 1000 giorni.","og_url":"https:\/\/terredeshommes.it\/eng\/comunicati\/limportanza-dei-primi-1000-giorni\/","og_site_name":"Terre des Hommes Italia","article_published_time":"2022-09-06T16:49:47+00:00","article_modified_time":"2022-09-06T16:49:50+00:00","og_image":[{"width":940,"height":788,"url":"https:\/\/terredeshommes.it\/eng\/wp-content\/uploads\/\u00a9Marta-Zaccaron-1.png","type":"image\/png"}],"author":"Anna Bianchi","twitter_card":"summary_large_image","twitter_misc":{"Written by":"Anna Bianchi","Est. reading time":"4 minutes"},"schema":{"@context":"https:\/\/schema.org","@graph":[{"@type":"WebPage","@id":"https:\/\/terredeshommes.it\/eng\/comunicati\/limportanza-dei-primi-1000-giorni\/","url":"https:\/\/terredeshommes.it\/eng\/comunicati\/limportanza-dei-primi-1000-giorni\/","name":"L'importanza dei primi 1000 giorni - Terre des Hommes Italia","isPartOf":{"@id":"https:\/\/terredeshommes.it\/eng\/#website"},"datePublished":"2022-09-06T16:49:47+00:00","dateModified":"2022-09-06T16:49:50+00:00","author":{"@id":"https:\/\/terredeshommes.it\/eng\/#\/schema\/person\/dbba823406adc60a974a3434150e38d5"},"description":"Il 9 settembre porte aperte a Noicattaro nel primo spazio per la prevenzione e tutela dei minori, specialmente nei loro primi 1000 giorni.","breadcrumb":{"@id":"https:\/\/terredeshommes.it\/eng\/comunicati\/limportanza-dei-primi-1000-giorni\/#breadcrumb"},"inLanguage":"en-US","potentialAction":[{"@type":"ReadAction","target":["https:\/\/terredeshommes.it\/eng\/comunicati\/limportanza-dei-primi-1000-giorni\/"]}]},{"@type":"BreadcrumbList","@id":"https:\/\/terredeshommes.it\/eng\/comunicati\/limportanza-dei-primi-1000-giorni\/#breadcrumb","itemListElement":[{"@type":"ListItem","position":1,"name":"Home","item":"https:\/\/terredeshommes.it\/eng\/"},{"@type":"ListItem","position":2,"name":"L&#8217;importanza dei primi 1000 giorni"}]},{"@type":"WebSite","@id":"https:\/\/terredeshommes.it\/eng\/#website","url":"https:\/\/terredeshommes.it\/eng\/","name":"Terre des Hommes Italia","description":"Proteggiamo i bambini insieme","potentialAction":[{"@type":"SearchAction","target":{"@type":"EntryPoint","urlTemplate":"https:\/\/terredeshommes.it\/eng\/?s={search_term_string}"},"query-input":"required name=search_term_string"}],"inLanguage":"en-US"},{"@type":"Person","@id":"https:\/\/terredeshommes.it\/eng\/#\/schema\/person\/dbba823406adc60a974a3434150e38d5","name":"Anna Bianchi","url":"https:\/\/terredeshommes.it\/eng\/author\/a-bianchitdhitaly-org\/"}]}},"_links":{"self":[{"href":"https:\/\/terredeshommes.it\/eng\/wp-json\/wp\/v2\/posts\/2684","targetHints":{"allow":["GET"]}}],"collection":[{"href":"https:\/\/terredeshommes.it\/eng\/wp-json\/wp\/v2\/posts"}],"about":[{"href":"https:\/\/terredeshommes.it\/eng\/wp-json\/wp\/v2\/types\/post"}],"author":[{"embeddable":true,"href":"https:\/\/terredeshommes.it\/eng\/wp-json\/wp\/v2\/users\/6"}],"replies":[{"embeddable":true,"href":"https:\/\/terredeshommes.it\/eng\/wp-json\/wp\/v2\/comments?post=2684"}],"version-history":[{"count":7,"href":"https:\/\/terredeshommes.it\/eng\/wp-json\/wp\/v2\/posts\/2684\/revisions"}],"predecessor-version":[{"id":2694,"href":"https:\/\/terredeshommes.it\/eng\/wp-json\/wp\/v2\/posts\/2684\/revisions\/2694"}],"wp:featuredmedia":[{"embeddable":true,"href":"https:\/\/terredeshommes.it\/eng\/wp-json\/wp\/v2\/media\/2692"}],"wp:attachment":[{"href":"https:\/\/terredeshommes.it\/eng\/wp-json\/wp\/v2\/media?parent=2684"}],"wp:term":[{"taxonomy":"category","embeddable":true,"href":"https:\/\/terredeshommes.it\/eng\/wp-json\/wp\/v2\/categories?post=2684"},{"taxonomy":"post_tag","embeddable":true,"href":"https:\/\/terredeshommes.it\/eng\/wp-json\/wp\/v2\/tags?post=2684"}],"curies":[{"name":"wp","href":"https:\/\/api.w.org\/{rel}","templated":true}]}}