{"id":2763,"date":"2021-06-21T14:52:07","date_gmt":"2021-06-21T12:52:07","guid":{"rendered":"https:\/\/terredeshommes.it\/?p=2763"},"modified":"2022-09-22T14:53:50","modified_gmt":"2022-09-22T12:53:50","slug":"fir-terre-des-hommes-insieme-un-mondo-dello-sport-misura-delle-bambine-delle-ragazze","status":"publish","type":"post","link":"https:\/\/terredeshommes.it\/eng\/comunicati\/fir-terre-des-hommes-insieme-un-mondo-dello-sport-misura-delle-bambine-delle-ragazze\/","title":{"rendered":"FIR E TERRE DES HOMMES INSIEME PER UN MONDO DELLO SPORT A MISURA DELLE BAMBINE E DELLE RAGAZZE"},"content":{"rendered":"<p>[et_pb_section fb_built=&#8221;1&#8243; _builder_version=&#8221;4.16&#8243; global_colors_info=&#8221;{}&#8221;][et_pb_row column_structure=&#8221;1_5,3_5,1_5&#8243; _builder_version=&#8221;4.16&#8243; background_size=&#8221;initial&#8221; background_position=&#8221;top_left&#8221; background_repeat=&#8221;repeat&#8221; global_colors_info=&#8221;{}&#8221;][et_pb_column type=&#8221;1_5&#8243; _builder_version=&#8221;4.16&#8243; custom_padding=&#8221;|||&#8221; global_colors_info=&#8221;{}&#8221; custom_padding__hover=&#8221;|||&#8221;][\/et_pb_column][et_pb_column type=&#8221;3_5&#8243; _builder_version=&#8221;4.16&#8243; custom_padding=&#8221;|||&#8221; global_colors_info=&#8221;{}&#8221; custom_padding__hover=&#8221;|||&#8221;][et_pb_text admin_label=&#8221;Testo&#8221; _builder_version=&#8221;4.17.6&#8243; background_size=&#8221;initial&#8221; background_position=&#8221;top_left&#8221; background_repeat=&#8221;repeat&#8221; global_colors_info=&#8221;{}&#8221;]<\/p>\n<pre>\u00a0<\/pre>\n<p>La\u00a0<strong>Federazione Italiana Rugby<\/strong>\u00a0scende in campo al fianco di\u00a0<strong>Terre des Hommes\u00a0<\/strong>per la difesa dei diritti delle bambine e delle ragazze, per il loro empowerment e per la prevenzione e il contrasto alla violenza e discriminazione di genere.<\/p>\n<p>In coerenza con la propria visione di una disciplina capace, attraverso l\u2019applicazione dei propri valori, di incidere concretamente sulla cultura del nostro Paese, la Federazione Italiana Rugby aderisce alla campagna\u00a0<strong>indifesa<\/strong>\u00a0con cui, da 10 anni, Terre des Hommes mette al centro del proprio intervento la protezione delle bambine e delle ragazze, in Italia e nel mondo, impegnandosi a difendere il loro diritto alla vita, alla libert\u00e0, all\u2019istruzione e all\u2019uguaglianza.<\/p>\n<p>Parit\u00e0 di genere, empowerment ed eque opportunit\u00e0 sono i punti cardine della partnership biennale che vedr\u00e0 le due realt\u00e0 unite insieme per sensibilizzare il grande pubblico e gli appassionati del mondo del Rugby attraverso attivit\u00e0 di informazione e sensibilizzazione e un percorso di formazione che coinvolger\u00e0 dirigenti, formatori, allenatori, nonch\u00e9 atleti e le loro famiglie.<\/p>\n<p>Il\u00a0<strong>Presidente della FIR<\/strong>,\u00a0<strong>Marzio Innocenti<\/strong>, ha dichiarato:\u00a0<em>\u201cGiocare alla pari fa parte dei principi dello sport e riguarda tutti, maschi e femmine. L\u2019impegno del rugby italiano contro ogni forma di discriminazione \u00e8 sancito dal nostro Statuto e trova oggi vita nell\u2019opera di tutti i nostri Club che, quotidianamente, sui campi da gioco si impegnano a combattere gli stereotipi e a promuovere la parit\u00e0 di genere, tra ragazzi e ragazze. Dobbiamo lavorare ancora molto, siamo pienamente consapevoli che la parit\u00e0 di genere in Italia e nel mondo sportivo \u00e8 un obiettivo ancora non completamente raggiunto. Offrirci quindi ulteriori strumenti che, attraverso il rugby, permettano di accrescere la nostra consapevolezza del gap ancora presente e contribuire a rendere la societ\u00e0 di oggi e di domani pi\u00f9 paritaria e inclusiva, fa parte dell\u2019impegno di FIR verso la societ\u00e0 civile, un impegno che la partnership con Terre des Hommes e la partecipazione ad indifesa ci aiuter\u00e0 a sviluppare in modo ancor pi\u00f9 concreto\u201d<\/em>.<\/p>\n<p><em>\u201cLo sport riveste un ruolo fondamentale nella crescita ed educazione dei nostri ragazzi e ragazze, per questo la partnership che avviamo oggi \u00e8 un\u2019opportunit\u00e0 preziosa per collaborare con la Federazione Italiana Rugby nella promozione di una reale parit\u00e0 di genere nel mondo dello sport perch\u00e9 ogni bambina e ogni ragazza deve avere il diritto di inseguire i propri sogni, coltivare i propri talenti e giocare alle stesse condizioni dei maschi, vedendosi riconosciuti, anche economicamente, il proprio impegno e i propri risultati.\u201d<\/em>\u00a0Afferma\u00a0<strong>Paolo Ferrara, Direttore Generale di Terre des Hommes<\/strong>.<\/p>\n<p><strong>Contatti:<\/strong><br \/><strong>FIR \u2013 Simona De Toma<\/strong><br \/>Area Comunicazione e Relazioni con i Media<br \/>Comunicazione<br \/>Media Operations Manager<br \/>tel. +39 06 45213112<br \/>mobile +39 339 3786245<br \/>simona.detoma@federugby.it<\/p>\n<p>Ufficio Stampa Terre des Hommes \u2013 Anna Bianchi +39 3341691927, a.bianchi@tdhitaly.org<\/p>\n<p>[\/et_pb_text][\/et_pb_column][et_pb_column type=&#8221;1_5&#8243; _builder_version=&#8221;4.16&#8243; custom_padding=&#8221;|||&#8221; global_colors_info=&#8221;{}&#8221; custom_padding__hover=&#8221;|||&#8221;][\/et_pb_column][\/et_pb_row][\/et_pb_section]<\/p>\n","protected":false},"excerpt":{"rendered":"<p>\u00a0 La\u00a0Federazione Italiana Rugby\u00a0scende in campo al fianco di\u00a0Terre des Hommes\u00a0per la difesa dei diritti delle bambine e delle ragazze, per il loro empowerment e per la prevenzione e il contrasto alla violenza e discriminazione di genere. In coerenza con la propria visione di una disciplina capace, attraverso l\u2019applicazione dei propri valori, di incidere concretamente [&hellip;]<\/p>\n","protected":false},"author":5,"featured_media":2765,"comment_status":"open","ping_status":"open","sticky":false,"template":"","format":"standard","meta":{"_et_pb_use_builder":"on","_et_pb_old_content":"Cras mattis consectetur purus sit amet fermentum. Aenean lacinia bibendum nulla sed consectetur. Donec ullamcorper nulla non metus auctor fringilla. Donec ullamcorper nulla non metus auctor fringilla.","_et_gb_content_width":"","footnotes":""},"categories":[16],"tags":[],"class_list":["post-2763","post","type-post","status-publish","format-standard","has-post-thumbnail","hentry","category-comunicati"],"yoast_head":"<!-- This site is optimized with the Yoast SEO plugin v21.1 - https:\/\/yoast.com\/wordpress\/plugins\/seo\/ -->\n<title>FIR E TERRE DES HOMMES INSIEME PER UN MONDO DELLO SPORT A MISURA DELLE BAMBINE E DELLE RAGAZZE - Terre des Hommes Italia<\/title>\n<meta name=\"description\" content=\"La Federazione Italiana Rugby scende in campo al fianco di Terre des Hommes per la difesa dei diritti delle bambine e delle ragazze, per il loro empowerment e per la prevenzione e il contrasto alla violenza e discriminazione di genere.\" \/>\n<meta name=\"robots\" content=\"index, follow, max-snippet:-1, max-image-preview:large, max-video-preview:-1\" \/>\n<link rel=\"canonical\" href=\"https:\/\/terredeshommes.it\/eng\/comunicati\/fir-terre-des-hommes-insieme-un-mondo-dello-sport-misura-delle-bambine-delle-ragazze\/\" \/>\n<meta property=\"og:locale\" content=\"en_US\" \/>\n<meta property=\"og:type\" content=\"article\" \/>\n<meta property=\"og:title\" content=\"FIR E TERRE DES HOMMES INSIEME PER UN MONDO DELLO SPORT A MISURA DELLE BAMBINE E DELLE RAGAZZE - Terre des Hommes Italia\" \/>\n<meta property=\"og:description\" content=\"La Federazione Italiana Rugby scende in campo al fianco di Terre des Hommes per la difesa dei diritti delle bambine e delle ragazze, per il loro empowerment e per la prevenzione e il contrasto alla violenza e discriminazione di genere.\" \/>\n<meta property=\"og:url\" content=\"https:\/\/terredeshommes.it\/eng\/comunicati\/fir-terre-des-hommes-insieme-un-mondo-dello-sport-misura-delle-bambine-delle-ragazze\/\" \/>\n<meta property=\"og:site_name\" content=\"Terre des Hommes Italia\" \/>\n<meta property=\"article:published_time\" content=\"2021-06-21T12:52:07+00:00\" \/>\n<meta property=\"article:modified_time\" content=\"2022-09-22T12:53:50+00:00\" \/>\n<meta property=\"og:image\" content=\"https:\/\/terredeshommes.it\/eng\/wp-content\/uploads\/cover-rugby-1.jpeg\" \/>\n\t<meta property=\"og:image:width\" content=\"940\" \/>\n\t<meta property=\"og:image:height\" content=\"449\" \/>\n\t<meta property=\"og:image:type\" content=\"image\/jpeg\" \/>\n<meta name=\"author\" content=\"Stefano Carboni\" \/>\n<meta name=\"twitter:card\" content=\"summary_large_image\" \/>\n<meta name=\"twitter:label1\" content=\"Written by\" \/>\n\t<meta name=\"twitter:data1\" content=\"Stefano Carboni\" \/>\n\t<meta name=\"twitter:label2\" content=\"Est. reading time\" \/>\n\t<meta name=\"twitter:data2\" content=\"3 minutes\" \/>\n<script type=\"application\/ld+json\" class=\"yoast-schema-graph\">{\"@context\":\"https:\/\/schema.org\",\"@graph\":[{\"@type\":\"WebPage\",\"@id\":\"https:\/\/terredeshommes.it\/eng\/comunicati\/fir-terre-des-hommes-insieme-un-mondo-dello-sport-misura-delle-bambine-delle-ragazze\/\",\"url\":\"https:\/\/terredeshommes.it\/eng\/comunicati\/fir-terre-des-hommes-insieme-un-mondo-dello-sport-misura-delle-bambine-delle-ragazze\/\",\"name\":\"FIR E TERRE DES HOMMES INSIEME PER UN MONDO DELLO SPORT A MISURA DELLE BAMBINE E DELLE RAGAZZE - Terre des Hommes Italia\",\"isPartOf\":{\"@id\":\"https:\/\/terredeshommes.it\/eng\/#website\"},\"datePublished\":\"2021-06-21T12:52:07+00:00\",\"dateModified\":\"2022-09-22T12:53:50+00:00\",\"author\":{\"@id\":\"https:\/\/terredeshommes.it\/eng\/#\/schema\/person\/e3fac88daa9a659510126be4d6d1569a\"},\"description\":\"La Federazione Italiana Rugby scende in campo al fianco di Terre des Hommes per la difesa dei diritti delle bambine e delle ragazze, per il loro empowerment e per la prevenzione e il contrasto alla violenza e discriminazione di genere.\",\"breadcrumb\":{\"@id\":\"https:\/\/terredeshommes.it\/eng\/comunicati\/fir-terre-des-hommes-insieme-un-mondo-dello-sport-misura-delle-bambine-delle-ragazze\/#breadcrumb\"},\"inLanguage\":\"en-US\",\"potentialAction\":[{\"@type\":\"ReadAction\",\"target\":[\"https:\/\/terredeshommes.it\/eng\/comunicati\/fir-terre-des-hommes-insieme-un-mondo-dello-sport-misura-delle-bambine-delle-ragazze\/\"]}]},{\"@type\":\"BreadcrumbList\",\"@id\":\"https:\/\/terredeshommes.it\/eng\/comunicati\/fir-terre-des-hommes-insieme-un-mondo-dello-sport-misura-delle-bambine-delle-ragazze\/#breadcrumb\",\"itemListElement\":[{\"@type\":\"ListItem\",\"position\":1,\"name\":\"Home\",\"item\":\"https:\/\/terredeshommes.it\/eng\/\"},{\"@type\":\"ListItem\",\"position\":2,\"name\":\"FIR E TERRE DES HOMMES INSIEME PER UN MONDO DELLO SPORT A MISURA DELLE BAMBINE E DELLE RAGAZZE\"}]},{\"@type\":\"WebSite\",\"@id\":\"https:\/\/terredeshommes.it\/eng\/#website\",\"url\":\"https:\/\/terredeshommes.it\/eng\/\",\"name\":\"Terre des Hommes Italia\",\"description\":\"Proteggiamo i bambini insieme\",\"potentialAction\":[{\"@type\":\"SearchAction\",\"target\":{\"@type\":\"EntryPoint\",\"urlTemplate\":\"https:\/\/terredeshommes.it\/eng\/?s={search_term_string}\"},\"query-input\":\"required name=search_term_string\"}],\"inLanguage\":\"en-US\"},{\"@type\":\"Person\",\"@id\":\"https:\/\/terredeshommes.it\/eng\/#\/schema\/person\/e3fac88daa9a659510126be4d6d1569a\",\"name\":\"Stefano Carboni\",\"url\":\"https:\/\/terredeshommes.it\/eng\/author\/stefano\/\"}]}<\/script>\n<!-- \/ Yoast SEO plugin. -->","yoast_head_json":{"title":"FIR E TERRE DES HOMMES INSIEME PER UN MONDO DELLO SPORT A MISURA DELLE BAMBINE E DELLE RAGAZZE - Terre des Hommes Italia","description":"La Federazione Italiana Rugby scende in campo al fianco di Terre des Hommes per la difesa dei diritti delle bambine e delle ragazze, per il loro empowerment e per la prevenzione e il contrasto alla violenza e discriminazione di genere.","robots":{"index":"index","follow":"follow","max-snippet":"max-snippet:-1","max-image-preview":"max-image-preview:large","max-video-preview":"max-video-preview:-1"},"canonical":"https:\/\/terredeshommes.it\/eng\/comunicati\/fir-terre-des-hommes-insieme-un-mondo-dello-sport-misura-delle-bambine-delle-ragazze\/","og_locale":"en_US","og_type":"article","og_title":"FIR E TERRE DES HOMMES INSIEME PER UN MONDO DELLO SPORT A MISURA DELLE BAMBINE E DELLE RAGAZZE - Terre des Hommes Italia","og_description":"La Federazione Italiana Rugby scende in campo al fianco di Terre des Hommes per la difesa dei diritti delle bambine e delle ragazze, per il loro empowerment e per la prevenzione e il contrasto alla violenza e discriminazione di genere.","og_url":"https:\/\/terredeshommes.it\/eng\/comunicati\/fir-terre-des-hommes-insieme-un-mondo-dello-sport-misura-delle-bambine-delle-ragazze\/","og_site_name":"Terre des Hommes Italia","article_published_time":"2021-06-21T12:52:07+00:00","article_modified_time":"2022-09-22T12:53:50+00:00","og_image":[{"width":940,"height":449,"url":"https:\/\/terredeshommes.it\/eng\/wp-content\/uploads\/cover-rugby-1.jpeg","type":"image\/jpeg"}],"author":"Stefano Carboni","twitter_card":"summary_large_image","twitter_misc":{"Written by":"Stefano Carboni","Est. reading time":"3 minutes"},"schema":{"@context":"https:\/\/schema.org","@graph":[{"@type":"WebPage","@id":"https:\/\/terredeshommes.it\/eng\/comunicati\/fir-terre-des-hommes-insieme-un-mondo-dello-sport-misura-delle-bambine-delle-ragazze\/","url":"https:\/\/terredeshommes.it\/eng\/comunicati\/fir-terre-des-hommes-insieme-un-mondo-dello-sport-misura-delle-bambine-delle-ragazze\/","name":"FIR E TERRE DES HOMMES INSIEME PER UN MONDO DELLO SPORT A MISURA DELLE BAMBINE E DELLE RAGAZZE - Terre des Hommes Italia","isPartOf":{"@id":"https:\/\/terredeshommes.it\/eng\/#website"},"datePublished":"2021-06-21T12:52:07+00:00","dateModified":"2022-09-22T12:53:50+00:00","author":{"@id":"https:\/\/terredeshommes.it\/eng\/#\/schema\/person\/e3fac88daa9a659510126be4d6d1569a"},"description":"La Federazione Italiana Rugby scende in campo al fianco di Terre des Hommes per la difesa dei diritti delle bambine e delle ragazze, per il loro empowerment e per la prevenzione e il contrasto alla violenza e discriminazione di genere.","breadcrumb":{"@id":"https:\/\/terredeshommes.it\/eng\/comunicati\/fir-terre-des-hommes-insieme-un-mondo-dello-sport-misura-delle-bambine-delle-ragazze\/#breadcrumb"},"inLanguage":"en-US","potentialAction":[{"@type":"ReadAction","target":["https:\/\/terredeshommes.it\/eng\/comunicati\/fir-terre-des-hommes-insieme-un-mondo-dello-sport-misura-delle-bambine-delle-ragazze\/"]}]},{"@type":"BreadcrumbList","@id":"https:\/\/terredeshommes.it\/eng\/comunicati\/fir-terre-des-hommes-insieme-un-mondo-dello-sport-misura-delle-bambine-delle-ragazze\/#breadcrumb","itemListElement":[{"@type":"ListItem","position":1,"name":"Home","item":"https:\/\/terredeshommes.it\/eng\/"},{"@type":"ListItem","position":2,"name":"FIR E TERRE DES HOMMES INSIEME PER UN MONDO DELLO SPORT A MISURA DELLE BAMBINE E DELLE RAGAZZE"}]},{"@type":"WebSite","@id":"https:\/\/terredeshommes.it\/eng\/#website","url":"https:\/\/terredeshommes.it\/eng\/","name":"Terre des Hommes Italia","description":"Proteggiamo i bambini insieme","potentialAction":[{"@type":"SearchAction","target":{"@type":"EntryPoint","urlTemplate":"https:\/\/terredeshommes.it\/eng\/?s={search_term_string}"},"query-input":"required name=search_term_string"}],"inLanguage":"en-US"},{"@type":"Person","@id":"https:\/\/terredeshommes.it\/eng\/#\/schema\/person\/e3fac88daa9a659510126be4d6d1569a","name":"Stefano Carboni","url":"https:\/\/terredeshommes.it\/eng\/author\/stefano\/"}]}},"_links":{"self":[{"href":"https:\/\/terredeshommes.it\/eng\/wp-json\/wp\/v2\/posts\/2763","targetHints":{"allow":["GET"]}}],"collection":[{"href":"https:\/\/terredeshommes.it\/eng\/wp-json\/wp\/v2\/posts"}],"about":[{"href":"https:\/\/terredeshommes.it\/eng\/wp-json\/wp\/v2\/types\/post"}],"author":[{"embeddable":true,"href":"https:\/\/terredeshommes.it\/eng\/wp-json\/wp\/v2\/users\/5"}],"replies":[{"embeddable":true,"href":"https:\/\/terredeshommes.it\/eng\/wp-json\/wp\/v2\/comments?post=2763"}],"version-history":[{"count":3,"href":"https:\/\/terredeshommes.it\/eng\/wp-json\/wp\/v2\/posts\/2763\/revisions"}],"predecessor-version":[{"id":2768,"href":"https:\/\/terredeshommes.it\/eng\/wp-json\/wp\/v2\/posts\/2763\/revisions\/2768"}],"wp:featuredmedia":[{"embeddable":true,"href":"https:\/\/terredeshommes.it\/eng\/wp-json\/wp\/v2\/media\/2765"}],"wp:attachment":[{"href":"https:\/\/terredeshommes.it\/eng\/wp-json\/wp\/v2\/media?parent=2763"}],"wp:term":[{"taxonomy":"category","embeddable":true,"href":"https:\/\/terredeshommes.it\/eng\/wp-json\/wp\/v2\/categories?post=2763"},{"taxonomy":"post_tag","embeddable":true,"href":"https:\/\/terredeshommes.it\/eng\/wp-json\/wp\/v2\/tags?post=2763"}],"curies":[{"name":"wp","href":"https:\/\/api.w.org\/{rel}","templated":true}]}}