{"id":3060,"date":"2022-10-20T17:41:06","date_gmt":"2022-10-20T15:41:06","guid":{"rendered":"https:\/\/terredeshommes.it\/?p=3060"},"modified":"2022-10-20T17:41:09","modified_gmt":"2022-10-20T15:41:09","slug":"apre-il-musa-il-museo-universitario-delle-scienze-per-i-diritti-umani","status":"publish","type":"post","link":"https:\/\/terredeshommes.it\/eng\/comunicati\/apre-il-musa-il-museo-universitario-delle-scienze-per-i-diritti-umani\/","title":{"rendered":"Apre il MUSA, il Museo universitario delle scienze per i diritti umani"},"content":{"rendered":"<p>[et_pb_section fb_built=&#8221;1&#8243; _builder_version=&#8221;4.16&#8243; global_colors_info=&#8221;{}&#8221;][et_pb_row column_structure=&#8221;1_5,3_5,1_5&#8243; _builder_version=&#8221;4.16&#8243; background_size=&#8221;initial&#8221; background_position=&#8221;top_left&#8221; background_repeat=&#8221;repeat&#8221; global_colors_info=&#8221;{}&#8221;][et_pb_column type=&#8221;1_5&#8243; _builder_version=&#8221;4.16&#8243; custom_padding=&#8221;|||&#8221; global_colors_info=&#8221;{}&#8221; custom_padding__hover=&#8221;|||&#8221;][\/et_pb_column][et_pb_column type=&#8221;3_5&#8243; _builder_version=&#8221;4.16&#8243; custom_padding=&#8221;|||&#8221; global_colors_info=&#8221;{}&#8221; custom_padding__hover=&#8221;|||&#8221;][et_pb_text admin_label=&#8221;Testo&#8221; _builder_version=&#8221;4.18.0&#8243; background_size=&#8221;initial&#8221; background_position=&#8221;top_left&#8221; background_repeat=&#8221;repeat&#8221; global_colors_info=&#8221;{}&#8221;]<\/p>\n<h3 style=\"text-align: center;\"><span style=\"color: #ff6600;\">Terre des Hommes tra i fondatori, poter\u00e0 la cultura e il messaggio di tutela dei diritti nelle scuole di tutta Italia<\/span><\/h3>\n<pre><\/pre>\n<p><em>\u00a0<\/em><\/p>\n<p>Apre il <strong>MUSA, <\/strong>inaugurato oggi, mercoled\u00ec 19 ottobre, a Citt\u00e0 Studi, il<strong> Museo Universitario delle Scienze Antropologiche, mediche e forensi per i diritti umani<\/strong> \u00e8 nato dall\u2019intuizione e dalla volont\u00e0 del <strong>LABANOF<\/strong> (Laboratorio di Antropologia e Odontologia Forense dell\u2019Universit\u00e0 Statale di Milano<em>)<\/em> insieme a <strong>Terre des Hommes Italia<\/strong>, <strong>Fondazione Cariplo<\/strong>, <strong>Fondazione Isacchi Samaja<\/strong>.<\/p>\n<p>L\u2019obiettivo del Museo \u00e8 di <strong>diffondere il ruolo delle scienze nella lotta alla violenza e nella tutela dei diritti umani. <\/strong><\/p>\n<p>Tutti infatti sanno che la medicina e le discipline scientifiche curano le infezioni, i tumori e molte altre malattie, ma pochi conoscono il ruolo fondamentale che queste hanno nel contrastare le violazioni dei diritti umani.<\/p>\n<p>La collaborazione tra l\u2019Universit\u00e0 degli Studi di Milano e Terre des Hommes, Fondazione Isacchi Samaja e Fondazione Cariplo ha permesso di fondere le competenze specifiche in ambito scientifico e di tutela dei diritti umani, e di creare cos\u00ec <strong>il primo museo in Italia e in Europa dedicato a queste tematiche.<\/strong><\/p>\n<p><em>\u201cMUSA rappresenta un punto di arrivo importante della lunga collaborazione tra Terre des Hommes e Labanof, da anni impegnati insieme, con passione, su battaglie comuni quali il <a href=\"https:\/\/terredeshommes.it\/eng\/progetti\/italia\/\" target=\"_blank\" rel=\"noopener\">contrasto della violenza sui bambini<\/a> e la tutela dei minori migranti.\u201d <\/em><strong>Federica Giannotta, Responsabile Advocacy e Programmi Italia di Terre des Hommes<\/strong> <em>\u201cAbbiamo creduto fin dall\u2019inizio nell\u2019importanza di questo progetto ed \u00e8 per questo motivo che lo abbiamo presentato anche al Ministero degli Affari Esteri presentando una proposta al bando per l\u2019educazione alla cittadinanza globale, che \u00e8 stata riconosciuta meritevole dal Ministero ed approvata.\u201d<\/em><\/p>\n<p>&nbsp;<\/p>\n<p>Grazie alla recente aggiudicazione del Bando ECG 2021 e al conseguente finanziamento dell\u2019Agenzia Italiana per la Cooperazione alla Sviluppo, Terre des Hommes potr\u00e0 portare i messaggi del MUSA &#8211; della Cittadinanza Globale e della tutela dei Diritti Umani &#8211; fuori dalle sue mura, diffondendoli tra i ragazzi e le ragazze delle scuole superiori in tutta Italia cos\u00ec come al grande pubblico mediante una capillare campagna di comunicazione che parler\u00e0 del MUSA sia a livello nazionale che europeo.<\/p>\n<p>Il museo, che ha sede <strong>in via Ponzio 7<\/strong> nel quartiere di Citt\u00e0 Studi, consta di 6 sale in cui tra diorami pannelli, esposizioni, animazioni e video sar\u00e0 possibile approfondire le discipline che si occupano di <strong>studiare<\/strong> il corpo in tutte le sue forme per ricostruire un passato, remoto o recente, e <strong>le violenze perpetrate nel passato, con l\u2019obiettivo di prevenirle nel presente e nel futuro. <\/strong><\/p>\n<p>Il MUSA \u00e8 stato possibile anche grazie al generoso contributo di RAI Per la Sostenibilit\u00e0 ESG e della raccolta straordinaria attivata durante la trasmissione \u201cI Soliti ignoti\u201d nel 2021.<\/p>\n<p>Il logo con cui il MUSA si presenta al pubblico \u00e8 stato ideato e donato da <strong>ACNE \u2013 A Deloitte Business.<br \/><\/strong><\/p>\n<p>Per informazioni e per conoscere gli orari di apertura: <a href=\"http:\/\/www.musa.unimi.it\/\" target=\"_blank\" rel=\"noopener\">musa.unimi.it\u00a0<\/a><strong><\/strong><\/p>\n<p><strong><\/strong><\/p>\n<p>[\/et_pb_text][\/et_pb_column][et_pb_column type=&#8221;1_5&#8243; _builder_version=&#8221;4.16&#8243; custom_padding=&#8221;|||&#8221; global_colors_info=&#8221;{}&#8221; custom_padding__hover=&#8221;|||&#8221;][\/et_pb_column][\/et_pb_row][\/et_pb_section]<\/p>\n","protected":false},"excerpt":{"rendered":"<p>Terre des Hommes tra i fondatori, poter\u00e0 la cultura e il messaggio di tutela dei diritti nelle scuole di tutta Italia \u00a0 Apre il MUSA, inaugurato oggi, mercoled\u00ec 19 ottobre, a Citt\u00e0 Studi, il Museo Universitario delle Scienze Antropologiche, mediche e forensi per i diritti umani \u00e8 nato dall\u2019intuizione e dalla volont\u00e0 del LABANOF (Laboratorio [&hellip;]<\/p>\n","protected":false},"author":6,"featured_media":3069,"comment_status":"open","ping_status":"open","sticky":false,"template":"","format":"standard","meta":{"_et_pb_use_builder":"on","_et_pb_old_content":"Cras mattis consectetur purus sit amet fermentum. Aenean lacinia bibendum nulla sed consectetur. Donec ullamcorper nulla non metus auctor fringilla. Donec ullamcorper nulla non metus auctor fringilla.","_et_gb_content_width":"","footnotes":""},"categories":[16],"tags":[],"class_list":["post-3060","post","type-post","status-publish","format-standard","has-post-thumbnail","hentry","category-comunicati"],"yoast_head":"<!-- This site is optimized with the Yoast SEO plugin v21.1 - https:\/\/yoast.com\/wordpress\/plugins\/seo\/ -->\n<title>Apre il MUSA, il Museo universitario delle scienze per i diritti umani<\/title>\n<meta name=\"description\" content=\"Apre il MUSA, il nuovo museo nato dalla collaborazione tra LABANOF, Terre des Hommes, Fondazione Cariplo e Fondazione Isacchi Samaja.\" \/>\n<meta name=\"robots\" content=\"index, follow, max-snippet:-1, max-image-preview:large, max-video-preview:-1\" \/>\n<link rel=\"canonical\" href=\"https:\/\/terredeshommes.it\/eng\/comunicati\/apre-il-musa-il-museo-universitario-delle-scienze-per-i-diritti-umani\/\" \/>\n<meta property=\"og:locale\" content=\"en_US\" \/>\n<meta property=\"og:type\" content=\"article\" \/>\n<meta property=\"og:title\" content=\"Apre il MUSA, il Museo universitario delle scienze per i diritti umani\" \/>\n<meta property=\"og:description\" content=\"Apre il MUSA, il nuovo museo nato dalla collaborazione tra LABANOF, Terre des Hommes, Fondazione Cariplo e Fondazione Isacchi Samaja.\" \/>\n<meta property=\"og:url\" content=\"https:\/\/terredeshommes.it\/eng\/comunicati\/apre-il-musa-il-museo-universitario-delle-scienze-per-i-diritti-umani\/\" \/>\n<meta property=\"og:site_name\" content=\"Terre des Hommes Italia\" \/>\n<meta property=\"article:published_time\" content=\"2022-10-20T15:41:06+00:00\" \/>\n<meta property=\"article:modified_time\" content=\"2022-10-20T15:41:09+00:00\" \/>\n<meta property=\"og:image\" content=\"https:\/\/terredeshommes.it\/eng\/wp-content\/uploads\/foto-1.jpg\" \/>\n\t<meta property=\"og:image:width\" content=\"1920\" \/>\n\t<meta property=\"og:image:height\" content=\"1080\" \/>\n\t<meta property=\"og:image:type\" content=\"image\/jpeg\" \/>\n<meta name=\"author\" content=\"Anna Bianchi\" \/>\n<meta name=\"twitter:card\" content=\"summary_large_image\" \/>\n<meta name=\"twitter:label1\" content=\"Written by\" \/>\n\t<meta name=\"twitter:data1\" content=\"Anna Bianchi\" \/>\n\t<meta name=\"twitter:label2\" content=\"Est. reading time\" \/>\n\t<meta name=\"twitter:data2\" content=\"3 minutes\" \/>\n<script type=\"application\/ld+json\" class=\"yoast-schema-graph\">{\"@context\":\"https:\/\/schema.org\",\"@graph\":[{\"@type\":\"WebPage\",\"@id\":\"https:\/\/terredeshommes.it\/eng\/comunicati\/apre-il-musa-il-museo-universitario-delle-scienze-per-i-diritti-umani\/\",\"url\":\"https:\/\/terredeshommes.it\/eng\/comunicati\/apre-il-musa-il-museo-universitario-delle-scienze-per-i-diritti-umani\/\",\"name\":\"Apre il MUSA, il Museo universitario delle scienze per i diritti umani\",\"isPartOf\":{\"@id\":\"https:\/\/terredeshommes.it\/eng\/#website\"},\"datePublished\":\"2022-10-20T15:41:06+00:00\",\"dateModified\":\"2022-10-20T15:41:09+00:00\",\"author\":{\"@id\":\"https:\/\/terredeshommes.it\/eng\/#\/schema\/person\/dbba823406adc60a974a3434150e38d5\"},\"description\":\"Apre il MUSA, il nuovo museo nato dalla collaborazione tra LABANOF, Terre des Hommes, Fondazione Cariplo e Fondazione Isacchi Samaja.\",\"breadcrumb\":{\"@id\":\"https:\/\/terredeshommes.it\/eng\/comunicati\/apre-il-musa-il-museo-universitario-delle-scienze-per-i-diritti-umani\/#breadcrumb\"},\"inLanguage\":\"en-US\",\"potentialAction\":[{\"@type\":\"ReadAction\",\"target\":[\"https:\/\/terredeshommes.it\/eng\/comunicati\/apre-il-musa-il-museo-universitario-delle-scienze-per-i-diritti-umani\/\"]}]},{\"@type\":\"BreadcrumbList\",\"@id\":\"https:\/\/terredeshommes.it\/eng\/comunicati\/apre-il-musa-il-museo-universitario-delle-scienze-per-i-diritti-umani\/#breadcrumb\",\"itemListElement\":[{\"@type\":\"ListItem\",\"position\":1,\"name\":\"Home\",\"item\":\"https:\/\/terredeshommes.it\/eng\/\"},{\"@type\":\"ListItem\",\"position\":2,\"name\":\"Apre il MUSA, il Museo universitario delle scienze per i diritti umani\"}]},{\"@type\":\"WebSite\",\"@id\":\"https:\/\/terredeshommes.it\/eng\/#website\",\"url\":\"https:\/\/terredeshommes.it\/eng\/\",\"name\":\"Terre des Hommes Italia\",\"description\":\"Proteggiamo i bambini insieme\",\"potentialAction\":[{\"@type\":\"SearchAction\",\"target\":{\"@type\":\"EntryPoint\",\"urlTemplate\":\"https:\/\/terredeshommes.it\/eng\/?s={search_term_string}\"},\"query-input\":\"required name=search_term_string\"}],\"inLanguage\":\"en-US\"},{\"@type\":\"Person\",\"@id\":\"https:\/\/terredeshommes.it\/eng\/#\/schema\/person\/dbba823406adc60a974a3434150e38d5\",\"name\":\"Anna Bianchi\",\"url\":\"https:\/\/terredeshommes.it\/eng\/author\/a-bianchitdhitaly-org\/\"}]}<\/script>\n<!-- \/ Yoast SEO plugin. -->","yoast_head_json":{"title":"Apre il MUSA, il Museo universitario delle scienze per i diritti umani","description":"Apre il MUSA, il nuovo museo nato dalla collaborazione tra LABANOF, Terre des Hommes, Fondazione Cariplo e Fondazione Isacchi Samaja.","robots":{"index":"index","follow":"follow","max-snippet":"max-snippet:-1","max-image-preview":"max-image-preview:large","max-video-preview":"max-video-preview:-1"},"canonical":"https:\/\/terredeshommes.it\/eng\/comunicati\/apre-il-musa-il-museo-universitario-delle-scienze-per-i-diritti-umani\/","og_locale":"en_US","og_type":"article","og_title":"Apre il MUSA, il Museo universitario delle scienze per i diritti umani","og_description":"Apre il MUSA, il nuovo museo nato dalla collaborazione tra LABANOF, Terre des Hommes, Fondazione Cariplo e Fondazione Isacchi Samaja.","og_url":"https:\/\/terredeshommes.it\/eng\/comunicati\/apre-il-musa-il-museo-universitario-delle-scienze-per-i-diritti-umani\/","og_site_name":"Terre des Hommes Italia","article_published_time":"2022-10-20T15:41:06+00:00","article_modified_time":"2022-10-20T15:41:09+00:00","og_image":[{"width":1920,"height":1080,"url":"https:\/\/terredeshommes.it\/eng\/wp-content\/uploads\/foto-1.jpg","type":"image\/jpeg"}],"author":"Anna Bianchi","twitter_card":"summary_large_image","twitter_misc":{"Written by":"Anna Bianchi","Est. reading time":"3 minutes"},"schema":{"@context":"https:\/\/schema.org","@graph":[{"@type":"WebPage","@id":"https:\/\/terredeshommes.it\/eng\/comunicati\/apre-il-musa-il-museo-universitario-delle-scienze-per-i-diritti-umani\/","url":"https:\/\/terredeshommes.it\/eng\/comunicati\/apre-il-musa-il-museo-universitario-delle-scienze-per-i-diritti-umani\/","name":"Apre il MUSA, il Museo universitario delle scienze per i diritti umani","isPartOf":{"@id":"https:\/\/terredeshommes.it\/eng\/#website"},"datePublished":"2022-10-20T15:41:06+00:00","dateModified":"2022-10-20T15:41:09+00:00","author":{"@id":"https:\/\/terredeshommes.it\/eng\/#\/schema\/person\/dbba823406adc60a974a3434150e38d5"},"description":"Apre il MUSA, il nuovo museo nato dalla collaborazione tra LABANOF, Terre des Hommes, Fondazione Cariplo e Fondazione Isacchi Samaja.","breadcrumb":{"@id":"https:\/\/terredeshommes.it\/eng\/comunicati\/apre-il-musa-il-museo-universitario-delle-scienze-per-i-diritti-umani\/#breadcrumb"},"inLanguage":"en-US","potentialAction":[{"@type":"ReadAction","target":["https:\/\/terredeshommes.it\/eng\/comunicati\/apre-il-musa-il-museo-universitario-delle-scienze-per-i-diritti-umani\/"]}]},{"@type":"BreadcrumbList","@id":"https:\/\/terredeshommes.it\/eng\/comunicati\/apre-il-musa-il-museo-universitario-delle-scienze-per-i-diritti-umani\/#breadcrumb","itemListElement":[{"@type":"ListItem","position":1,"name":"Home","item":"https:\/\/terredeshommes.it\/eng\/"},{"@type":"ListItem","position":2,"name":"Apre il MUSA, il Museo universitario delle scienze per i diritti umani"}]},{"@type":"WebSite","@id":"https:\/\/terredeshommes.it\/eng\/#website","url":"https:\/\/terredeshommes.it\/eng\/","name":"Terre des Hommes Italia","description":"Proteggiamo i bambini insieme","potentialAction":[{"@type":"SearchAction","target":{"@type":"EntryPoint","urlTemplate":"https:\/\/terredeshommes.it\/eng\/?s={search_term_string}"},"query-input":"required name=search_term_string"}],"inLanguage":"en-US"},{"@type":"Person","@id":"https:\/\/terredeshommes.it\/eng\/#\/schema\/person\/dbba823406adc60a974a3434150e38d5","name":"Anna Bianchi","url":"https:\/\/terredeshommes.it\/eng\/author\/a-bianchitdhitaly-org\/"}]}},"_links":{"self":[{"href":"https:\/\/terredeshommes.it\/eng\/wp-json\/wp\/v2\/posts\/3060","targetHints":{"allow":["GET"]}}],"collection":[{"href":"https:\/\/terredeshommes.it\/eng\/wp-json\/wp\/v2\/posts"}],"about":[{"href":"https:\/\/terredeshommes.it\/eng\/wp-json\/wp\/v2\/types\/post"}],"author":[{"embeddable":true,"href":"https:\/\/terredeshommes.it\/eng\/wp-json\/wp\/v2\/users\/6"}],"replies":[{"embeddable":true,"href":"https:\/\/terredeshommes.it\/eng\/wp-json\/wp\/v2\/comments?post=3060"}],"version-history":[{"count":13,"href":"https:\/\/terredeshommes.it\/eng\/wp-json\/wp\/v2\/posts\/3060\/revisions"}],"predecessor-version":[{"id":3080,"href":"https:\/\/terredeshommes.it\/eng\/wp-json\/wp\/v2\/posts\/3060\/revisions\/3080"}],"wp:featuredmedia":[{"embeddable":true,"href":"https:\/\/terredeshommes.it\/eng\/wp-json\/wp\/v2\/media\/3069"}],"wp:attachment":[{"href":"https:\/\/terredeshommes.it\/eng\/wp-json\/wp\/v2\/media?parent=3060"}],"wp:term":[{"taxonomy":"category","embeddable":true,"href":"https:\/\/terredeshommes.it\/eng\/wp-json\/wp\/v2\/categories?post=3060"},{"taxonomy":"post_tag","embeddable":true,"href":"https:\/\/terredeshommes.it\/eng\/wp-json\/wp\/v2\/tags?post=3060"}],"curies":[{"name":"wp","href":"https:\/\/api.w.org\/{rel}","templated":true}]}}