{"id":3187,"date":"2022-11-04T16:29:58","date_gmt":"2022-11-04T15:29:58","guid":{"rendered":"https:\/\/terredeshommes.it\/?p=3187"},"modified":"2022-11-04T17:53:56","modified_gmt":"2022-11-04T16:53:56","slug":"terre-des-hommes-lancia-campagna-di-crowdfunding","status":"publish","type":"post","link":"https:\/\/terredeshommes.it\/eng\/comunicati\/terre-des-hommes-lancia-campagna-di-crowdfunding\/","title":{"rendered":"Terre des Hommes lancia la campagna di Crowdfunding iG.A.M.E. al Galla"},"content":{"rendered":"<p>[et_pb_section fb_built=&#8221;1&#8243; _builder_version=&#8221;4.16&#8243; global_colors_info=&#8221;{}&#8221;][et_pb_row column_structure=&#8221;1_5,3_5,1_5&#8243; _builder_version=&#8221;4.16&#8243; background_size=&#8221;initial&#8221; background_position=&#8221;top_left&#8221; background_repeat=&#8221;repeat&#8221; global_colors_info=&#8221;{}&#8221;][et_pb_column type=&#8221;1_5&#8243; _builder_version=&#8221;4.16&#8243; custom_padding=&#8221;|||&#8221; global_colors_info=&#8221;{}&#8221; custom_padding__hover=&#8221;|||&#8221;][\/et_pb_column][et_pb_column type=&#8221;3_5&#8243; _builder_version=&#8221;4.16&#8243; custom_padding=&#8221;|||&#8221; global_colors_info=&#8221;{}&#8221; custom_padding__hover=&#8221;|||&#8221;][et_pb_text admin_label=&#8221;Testo&#8221; _builder_version=&#8221;4.18.0&#8243; background_size=&#8221;initial&#8221; background_position=&#8221;top_left&#8221; background_repeat=&#8221;repeat&#8221; width=&#8221;100%&#8221; custom_margin=&#8221;|151px||-2px||&#8221; custom_padding=&#8221;|0px||||&#8221; global_colors_info=&#8221;{}&#8221;]<\/p>\n<h3 style=\"text-align: center;\"><\/h3>\n<h3 style=\"text-align: center;\"><span style=\"color: #ff6600;\">iG.A.M.E. al Galla: insieme a te \u00e8 possibile!\u00a0<\/span><\/h3>\n<h3 style=\"text-align: center;\"><span style=\"color: #ff6600;\">L\u2019iniziativa rientra nel Crowdfunding civico promosso dal comune di Milano<\/span><\/h3>\n<p style=\"text-align: center;\"><strong> Scopri come partecipare su <a href=\"https:\/\/www.produzionidalbasso.com\/project\/igame-al-galla-insieme-a-te-e-possibile\/\" target=\"_blank\" rel=\"noopener\">produzionidalbasso.com<\/a><\/strong><\/p>\n<p>Da oggi, 4 novembre, fino al 18 dicembre sar\u00e0 possibile contribuire alla raccolta di fondi per <strong>iG.A.M.E. al Galla<\/strong> <strong>&#8220;Idee, Giovani, Aggregazione, Musica, Eventi nell\u2019Hub Spazio indifesa del quartiere Gallaratese. <\/strong><\/p>\n<p>L\u2019obiettivo ambizioso \u00e8 di <strong>raccogliere 32.000 euro<\/strong> nei prossimi 45 giorni. Se Terre des Hommes raggiunger\u00e0 questa cifra il <strong>Comune di Milano<\/strong> \u2013 grazie alle risorse europee Pon Metro React Eu \u2013 finanzier\u00e0 la parte restante con contributi a fondo perduto.<\/p>\n<p>Tutto ci\u00f2 per realizzare un sogno: mettere al centro i ragazzi e le ragazze di Milano e far crescere l\u2019Hub Spazio <strong>indifesa<\/strong> di Terre des Hommes affinch\u00e9 diventi un punto di riferimento per i pi\u00f9 giovani. Dove ragazzi e ragazze possano essere protagonisti, socializzare, divertirsi e imparare insieme.<\/p>\n<p>&nbsp;<\/p>\n<p>I fondi raccolti serviranno ad ampliare e abbellire gli spazi dell\u2019Hub Spazio <strong>in<\/strong><strong>difesa<\/strong>, costruire uno spazio di registrazione per podcast e trasmissioni radio; offrire un ricco palinsesto di eventi, percorsi formativi, laboratori creativi, appuntamenti musicali che animeranno il quartiere da febbraio fino a luglio 2023, tra cui:<\/p>\n<ul>\n<li><span> <\/span><span>un <strong>ciclo formativo<\/strong> dedicato alle <strong>professioni e agli strumenti digitali;<\/strong><\/span><span><strong><\/strong><\/span><\/li>\n<li><span> <\/span><span>un <strong>laboratorio<\/strong> per la realizzazione di <strong>podcast<\/strong> dedicato alle scienziate del presente e del passato: un\u2019occasione per superare gli stereotipi di genere e avvicinare le ragazze alle materie scientifiche, ma anche un percorso per mettersi alla prova attraverso lo strumento del podcast;<\/span><span><\/span><\/li>\n<li><span> <\/span><span>il <strong>Cineforum dell\u2019Hub indifesa<\/strong> sulle varie tematiche selezionate con i giovani stessi;\u00a0<\/span><\/li>\n<li><span> <\/span><span>due diversi <strong>laboratori teatrali<\/strong> per conoscere gli altri e se stessi e favorire la creativit\u00e0 e le capacit\u00e0 espressive e relazionali attraverso il palcoscenico;\u00a0<\/span><\/li>\n<li><span> <\/span><span>appuntamenti dedicati agli <strong>spettacoli di \u201cstrada\u201d<\/strong>;\u00a0<\/span><\/li>\n<li><span>e ancora <strong>\u201cmusica leggera e open mic\u201d<\/strong>: appuntamenti musicali preceduti da sessione di palco aperto a\u00a0<\/span><span>d<\/span><span>isposizione dei giovani musicisti e gruppi emergenti.<\/span><span><\/span><\/li>\n<\/ul>\n<p><strong>SPAZIO INDIFESA NEL QUARTIERE:<\/strong><\/p>\n<p>Il Gallaratese \u00e8 un quartiere periferico dove giovani e adolescenti non hanno opportunit\u00e0 all\u2019altezza delle proprie aspettative. In via Appennini 50, quello che era un luogo abbandonato, da oltre un anno \u00e8 diventato lo Spazio indifesa. 800m2 dove centinaia di famiglie in difficolt\u00e0 trovano aiuti alimentari e molti servizi alla persona. Con questa iniziativa di Crowdfunding l\u2019Hub potr\u00e0 aprirsi ulteriormente alla fascia di adolescenti e giovani e offrire loro un luogo dove sviluppare i loro talenti e le loro idee.<\/p>\n<p>&nbsp;<\/p>\n<p><strong>COME DONARE?<\/strong><br \/>Per contribuire al progetto \u00e8 sufficiente collegarsi a questo link: \u00a0<a href=\"https:\/\/sostieni.link\/32310\">https:\/\/sostieni.link\/32310<\/a> e donare con PayPal o carta di credito, e in base all\u2019importo scelto si potranno ricevere delle ricompense tutte da scoprire.<\/p>\n<p>&nbsp;<\/p>\n<p>iG.A.M.E. al Galla rientra tra i progetti selezionati dal Comune di Milano nel Crowdfunding Civico sulla piattaforma <strong>Produzioni dal basso<\/strong>, idee e proposte innovative nell\u2019ottica di cura dei quartieri e <strong>\u2018Citt\u00e0 a 15 minuti\u2019<\/strong>.<\/p>\n<p>Il progetto sar\u00e0 possibile grazie a una straordinaria rete di partner, tra questi ringraziamo:\u00a0<strong>Istituto Beata Vergine Addolorata (IBVA), STAG APS, Yunik Aps, la Cooperativa Comunit\u00e0 Progetto, OneDayGroup, Casa delle attivit\u00e0 ETS (Cad\u00e0), Arg\u00f2t, Shareradio, il Network indifesa e il Municipio<\/strong><strong> 8.\u00a0<\/strong><\/p>\n<p>&nbsp;<\/p>\n<p><iframe loading=\"lazy\" title=\"Sostieni il crowdfunding \u201ciGame al Galla: insieme a te \u00e8 possibile!\u201d\" width=\"1080\" height=\"608\" src=\"https:\/\/www.youtube.com\/embed\/LMQTQug6I-I?feature=oembed\"  allow=\"accelerometer; autoplay; clipboard-write; encrypted-media; gyroscope; picture-in-picture\" allowfullscreen><\/iframe><\/p>\n<p>&nbsp;<\/p>\n<p>&nbsp;<\/p>\n<p>[\/et_pb_text][\/et_pb_column][et_pb_column type=&#8221;1_5&#8243; _builder_version=&#8221;4.16&#8243; custom_padding=&#8221;|||&#8221; global_colors_info=&#8221;{}&#8221; custom_padding__hover=&#8221;|||&#8221;][\/et_pb_column][\/et_pb_row][\/et_pb_section]<\/p>\n","protected":false},"excerpt":{"rendered":"<p>iG.A.M.E. al Galla: insieme a te \u00e8 possibile!\u00a0 L\u2019iniziativa rientra nel Crowdfunding civico promosso dal comune di Milano Scopri come partecipare su produzionidalbasso.com Da oggi, 4 novembre, fino al 18 dicembre sar\u00e0 possibile contribuire alla raccolta di fondi per iG.A.M.E. al Galla &#8220;Idee, Giovani, Aggregazione, Musica, Eventi nell\u2019Hub Spazio indifesa del quartiere Gallaratese. L\u2019obiettivo ambizioso [&hellip;]<\/p>\n","protected":false},"author":6,"featured_media":3214,"comment_status":"open","ping_status":"open","sticky":false,"template":"","format":"standard","meta":{"_et_pb_use_builder":"on","_et_pb_old_content":"Cras mattis consectetur purus sit amet fermentum. Aenean lacinia bibendum nulla sed consectetur. Donec ullamcorper nulla non metus auctor fringilla. Donec ullamcorper nulla non metus auctor fringilla.","_et_gb_content_width":"","footnotes":""},"categories":[16],"tags":[],"class_list":["post-3187","post","type-post","status-publish","format-standard","has-post-thumbnail","hentry","category-comunicati"],"yoast_head":"<!-- This site is optimized with the Yoast SEO plugin v21.1 - https:\/\/yoast.com\/wordpress\/plugins\/seo\/ -->\n<title>Terre des Hommes lancia la campagna di Crowdfunding iG.A.M.E. al Galla<\/title>\n<meta name=\"description\" content=\"L&#039;obiettivo del progetto \u00e8 far crescere l\u2019Hub Spazio indifesa di Terre des Hommes affinch\u00e9 diventi un punto di riferimento per i pi\u00f9 giovani.\" \/>\n<meta name=\"robots\" content=\"index, follow, max-snippet:-1, max-image-preview:large, max-video-preview:-1\" \/>\n<link rel=\"canonical\" href=\"https:\/\/terredeshommes.it\/eng\/comunicati\/terre-des-hommes-lancia-campagna-di-crowdfunding\/\" \/>\n<meta property=\"og:locale\" content=\"en_US\" \/>\n<meta property=\"og:type\" content=\"article\" \/>\n<meta property=\"og:title\" content=\"Terre des Hommes lancia la campagna di Crowdfunding iG.A.M.E. al Galla\" \/>\n<meta property=\"og:description\" content=\"L&#039;obiettivo del progetto \u00e8 far crescere l\u2019Hub Spazio indifesa di Terre des Hommes affinch\u00e9 diventi un punto di riferimento per i pi\u00f9 giovani.\" \/>\n<meta property=\"og:url\" content=\"https:\/\/terredeshommes.it\/eng\/comunicati\/terre-des-hommes-lancia-campagna-di-crowdfunding\/\" \/>\n<meta property=\"og:site_name\" content=\"Terre des Hommes Italia\" \/>\n<meta property=\"article:published_time\" content=\"2022-11-04T15:29:58+00:00\" \/>\n<meta property=\"article:modified_time\" content=\"2022-11-04T16:53:56+00:00\" \/>\n<meta property=\"og:image\" content=\"https:\/\/terredeshommes.it\/eng\/wp-content\/uploads\/iGamealGalla-start.jpg\" \/>\n\t<meta property=\"og:image:width\" content=\"1920\" \/>\n\t<meta property=\"og:image:height\" content=\"1080\" \/>\n\t<meta property=\"og:image:type\" content=\"image\/jpeg\" \/>\n<meta name=\"author\" content=\"Anna Bianchi\" \/>\n<meta name=\"twitter:card\" content=\"summary_large_image\" \/>\n<meta name=\"twitter:label1\" content=\"Written by\" \/>\n\t<meta name=\"twitter:data1\" content=\"Anna Bianchi\" \/>\n\t<meta name=\"twitter:label2\" content=\"Est. reading time\" \/>\n\t<meta name=\"twitter:data2\" content=\"3 minutes\" \/>\n<script type=\"application\/ld+json\" class=\"yoast-schema-graph\">{\"@context\":\"https:\/\/schema.org\",\"@graph\":[{\"@type\":\"WebPage\",\"@id\":\"https:\/\/terredeshommes.it\/eng\/comunicati\/terre-des-hommes-lancia-campagna-di-crowdfunding\/\",\"url\":\"https:\/\/terredeshommes.it\/eng\/comunicati\/terre-des-hommes-lancia-campagna-di-crowdfunding\/\",\"name\":\"Terre des Hommes lancia la campagna di Crowdfunding iG.A.M.E. al Galla\",\"isPartOf\":{\"@id\":\"https:\/\/terredeshommes.it\/eng\/#website\"},\"datePublished\":\"2022-11-04T15:29:58+00:00\",\"dateModified\":\"2022-11-04T16:53:56+00:00\",\"author\":{\"@id\":\"https:\/\/terredeshommes.it\/eng\/#\/schema\/person\/dbba823406adc60a974a3434150e38d5\"},\"description\":\"L'obiettivo del progetto \u00e8 far crescere l\u2019Hub Spazio indifesa di Terre des Hommes affinch\u00e9 diventi un punto di riferimento per i pi\u00f9 giovani.\",\"breadcrumb\":{\"@id\":\"https:\/\/terredeshommes.it\/eng\/comunicati\/terre-des-hommes-lancia-campagna-di-crowdfunding\/#breadcrumb\"},\"inLanguage\":\"en-US\",\"potentialAction\":[{\"@type\":\"ReadAction\",\"target\":[\"https:\/\/terredeshommes.it\/eng\/comunicati\/terre-des-hommes-lancia-campagna-di-crowdfunding\/\"]}]},{\"@type\":\"BreadcrumbList\",\"@id\":\"https:\/\/terredeshommes.it\/eng\/comunicati\/terre-des-hommes-lancia-campagna-di-crowdfunding\/#breadcrumb\",\"itemListElement\":[{\"@type\":\"ListItem\",\"position\":1,\"name\":\"Home\",\"item\":\"https:\/\/terredeshommes.it\/eng\/\"},{\"@type\":\"ListItem\",\"position\":2,\"name\":\"Terre des Hommes lancia la campagna di Crowdfunding iG.A.M.E. al Galla\"}]},{\"@type\":\"WebSite\",\"@id\":\"https:\/\/terredeshommes.it\/eng\/#website\",\"url\":\"https:\/\/terredeshommes.it\/eng\/\",\"name\":\"Terre des Hommes Italia\",\"description\":\"Proteggiamo i bambini insieme\",\"potentialAction\":[{\"@type\":\"SearchAction\",\"target\":{\"@type\":\"EntryPoint\",\"urlTemplate\":\"https:\/\/terredeshommes.it\/eng\/?s={search_term_string}\"},\"query-input\":\"required name=search_term_string\"}],\"inLanguage\":\"en-US\"},{\"@type\":\"Person\",\"@id\":\"https:\/\/terredeshommes.it\/eng\/#\/schema\/person\/dbba823406adc60a974a3434150e38d5\",\"name\":\"Anna Bianchi\",\"url\":\"https:\/\/terredeshommes.it\/eng\/author\/a-bianchitdhitaly-org\/\"}]}<\/script>\n<!-- \/ Yoast SEO plugin. -->","yoast_head_json":{"title":"Terre des Hommes lancia la campagna di Crowdfunding iG.A.M.E. al Galla","description":"L'obiettivo del progetto \u00e8 far crescere l\u2019Hub Spazio indifesa di Terre des Hommes affinch\u00e9 diventi un punto di riferimento per i pi\u00f9 giovani.","robots":{"index":"index","follow":"follow","max-snippet":"max-snippet:-1","max-image-preview":"max-image-preview:large","max-video-preview":"max-video-preview:-1"},"canonical":"https:\/\/terredeshommes.it\/eng\/comunicati\/terre-des-hommes-lancia-campagna-di-crowdfunding\/","og_locale":"en_US","og_type":"article","og_title":"Terre des Hommes lancia la campagna di Crowdfunding iG.A.M.E. al Galla","og_description":"L'obiettivo del progetto \u00e8 far crescere l\u2019Hub Spazio indifesa di Terre des Hommes affinch\u00e9 diventi un punto di riferimento per i pi\u00f9 giovani.","og_url":"https:\/\/terredeshommes.it\/eng\/comunicati\/terre-des-hommes-lancia-campagna-di-crowdfunding\/","og_site_name":"Terre des Hommes Italia","article_published_time":"2022-11-04T15:29:58+00:00","article_modified_time":"2022-11-04T16:53:56+00:00","og_image":[{"width":1920,"height":1080,"url":"https:\/\/terredeshommes.it\/eng\/wp-content\/uploads\/iGamealGalla-start.jpg","type":"image\/jpeg"}],"author":"Anna Bianchi","twitter_card":"summary_large_image","twitter_misc":{"Written by":"Anna Bianchi","Est. reading time":"3 minutes"},"schema":{"@context":"https:\/\/schema.org","@graph":[{"@type":"WebPage","@id":"https:\/\/terredeshommes.it\/eng\/comunicati\/terre-des-hommes-lancia-campagna-di-crowdfunding\/","url":"https:\/\/terredeshommes.it\/eng\/comunicati\/terre-des-hommes-lancia-campagna-di-crowdfunding\/","name":"Terre des Hommes lancia la campagna di Crowdfunding iG.A.M.E. al Galla","isPartOf":{"@id":"https:\/\/terredeshommes.it\/eng\/#website"},"datePublished":"2022-11-04T15:29:58+00:00","dateModified":"2022-11-04T16:53:56+00:00","author":{"@id":"https:\/\/terredeshommes.it\/eng\/#\/schema\/person\/dbba823406adc60a974a3434150e38d5"},"description":"L'obiettivo del progetto \u00e8 far crescere l\u2019Hub Spazio indifesa di Terre des Hommes affinch\u00e9 diventi un punto di riferimento per i pi\u00f9 giovani.","breadcrumb":{"@id":"https:\/\/terredeshommes.it\/eng\/comunicati\/terre-des-hommes-lancia-campagna-di-crowdfunding\/#breadcrumb"},"inLanguage":"en-US","potentialAction":[{"@type":"ReadAction","target":["https:\/\/terredeshommes.it\/eng\/comunicati\/terre-des-hommes-lancia-campagna-di-crowdfunding\/"]}]},{"@type":"BreadcrumbList","@id":"https:\/\/terredeshommes.it\/eng\/comunicati\/terre-des-hommes-lancia-campagna-di-crowdfunding\/#breadcrumb","itemListElement":[{"@type":"ListItem","position":1,"name":"Home","item":"https:\/\/terredeshommes.it\/eng\/"},{"@type":"ListItem","position":2,"name":"Terre des Hommes lancia la campagna di Crowdfunding iG.A.M.E. al Galla"}]},{"@type":"WebSite","@id":"https:\/\/terredeshommes.it\/eng\/#website","url":"https:\/\/terredeshommes.it\/eng\/","name":"Terre des Hommes Italia","description":"Proteggiamo i bambini insieme","potentialAction":[{"@type":"SearchAction","target":{"@type":"EntryPoint","urlTemplate":"https:\/\/terredeshommes.it\/eng\/?s={search_term_string}"},"query-input":"required name=search_term_string"}],"inLanguage":"en-US"},{"@type":"Person","@id":"https:\/\/terredeshommes.it\/eng\/#\/schema\/person\/dbba823406adc60a974a3434150e38d5","name":"Anna Bianchi","url":"https:\/\/terredeshommes.it\/eng\/author\/a-bianchitdhitaly-org\/"}]}},"_links":{"self":[{"href":"https:\/\/terredeshommes.it\/eng\/wp-json\/wp\/v2\/posts\/3187","targetHints":{"allow":["GET"]}}],"collection":[{"href":"https:\/\/terredeshommes.it\/eng\/wp-json\/wp\/v2\/posts"}],"about":[{"href":"https:\/\/terredeshommes.it\/eng\/wp-json\/wp\/v2\/types\/post"}],"author":[{"embeddable":true,"href":"https:\/\/terredeshommes.it\/eng\/wp-json\/wp\/v2\/users\/6"}],"replies":[{"embeddable":true,"href":"https:\/\/terredeshommes.it\/eng\/wp-json\/wp\/v2\/comments?post=3187"}],"version-history":[{"count":13,"href":"https:\/\/terredeshommes.it\/eng\/wp-json\/wp\/v2\/posts\/3187\/revisions"}],"predecessor-version":[{"id":3222,"href":"https:\/\/terredeshommes.it\/eng\/wp-json\/wp\/v2\/posts\/3187\/revisions\/3222"}],"wp:featuredmedia":[{"embeddable":true,"href":"https:\/\/terredeshommes.it\/eng\/wp-json\/wp\/v2\/media\/3214"}],"wp:attachment":[{"href":"https:\/\/terredeshommes.it\/eng\/wp-json\/wp\/v2\/media?parent=3187"}],"wp:term":[{"taxonomy":"category","embeddable":true,"href":"https:\/\/terredeshommes.it\/eng\/wp-json\/wp\/v2\/categories?post=3187"},{"taxonomy":"post_tag","embeddable":true,"href":"https:\/\/terredeshommes.it\/eng\/wp-json\/wp\/v2\/tags?post=3187"}],"curies":[{"name":"wp","href":"https:\/\/api.w.org\/{rel}","templated":true}]}}