{"id":3234,"date":"2022-11-11T16:23:45","date_gmt":"2022-11-11T15:23:45","guid":{"rendered":"https:\/\/terredeshommes.it\/?p=3234"},"modified":"2022-11-11T16:23:48","modified_gmt":"2022-11-11T15:23:48","slug":"respiro-podcast-le-storie-degli-orfani-di-femminicidio","status":"publish","type":"post","link":"https:\/\/terredeshommes.it\/eng\/comunicati\/respiro-podcast-le-storie-degli-orfani-di-femminicidio\/","title":{"rendered":"Respiro le storie degli orfani di femminicidio diventano un podcast"},"content":{"rendered":"<p>[et_pb_section fb_built=&#8221;1&#8243; _builder_version=&#8221;4.16&#8243; global_colors_info=&#8221;{}&#8221;][et_pb_row column_structure=&#8221;1_5,3_5,1_5&#8243; _builder_version=&#8221;4.16&#8243; background_size=&#8221;initial&#8221; background_position=&#8221;top_left&#8221; background_repeat=&#8221;repeat&#8221; global_colors_info=&#8221;{}&#8221;][et_pb_column type=&#8221;1_5&#8243; _builder_version=&#8221;4.16&#8243; custom_padding=&#8221;|||&#8221; global_colors_info=&#8221;{}&#8221; custom_padding__hover=&#8221;|||&#8221;][\/et_pb_column][et_pb_column type=&#8221;3_5&#8243; _builder_version=&#8221;4.16&#8243; custom_padding=&#8221;|||&#8221; global_colors_info=&#8221;{}&#8221; custom_padding__hover=&#8221;|||&#8221;][et_pb_text admin_label=&#8221;Testo&#8221; _builder_version=&#8221;4.18.0&#8243; background_size=&#8221;initial&#8221; background_position=&#8221;top_left&#8221; background_repeat=&#8221;repeat&#8221; width=&#8221;100%&#8221; custom_margin=&#8221;|151px||-2px||&#8221; custom_padding=&#8221;|0px||||&#8221; global_colors_info=&#8221;{}&#8221;]<\/p>\n<p>&nbsp;<\/p>\n<h3 style=\"text-align: center;\"><span style=\"color: #ff6600;\">RESPIRO<\/span><\/h3>\n<h3 style=\"text-align: center;\"><span style=\"color: #ff6600;\">Le storie degli orfani di femminicidio diventano un podcast<\/span><\/h3>\n<p><span><em><\/em><\/span><\/p>\n<p><span><em>Milano, 10 Novembre 2022 \u2013 <\/em><\/span><span>\u00c8 online il trailer di <strong>Respiro<\/strong>, il podcast ideato da <strong>Terre des Hommes<\/strong> e scritto da <strong>Roberta Lippi<\/strong> che in 6 puntate racconta le storie degli orfani di femminicidio e delle famiglie che si sono prese cura di loro.<\/span><\/p>\n<p><span> Bambini e bambine che sono orfani due volte: hanno perso la mamma e il pap\u00e0, suicida o in carcere, ma anche la loro capacit\u00e0 di sognare una vita normale e felice.\u00a0<\/span><\/p>\n<p><span><strong>Dal 20 novembre<\/strong><\/span><span> saranno pubblicati su <strong>spreaker<\/strong> e <strong>disponibili su tutte le piattaforme<\/strong> i primi due episodi del podcast, a seguire <strong>le altre puntate la prima settimana di ogni mese.<\/strong>\u00a0<\/span><\/p>\n<p style=\"text-align: center;\"><strong><a href=\"https:\/\/www.spreaker.com\/user\/13324007\/trailer-respiro-mix\" target=\"_blank\" rel=\"noopener\">Ascolta il trailer del podcast\u00a0<\/a><\/strong><\/p>\n<p><span>Anche grazie a questo strumento sempre pi\u00f9 diffuso e che per la sua stessa natura permette un maggior rispetto della privacy dei testimoni, Roberta Lippi ci conduce attraverso <strong>sei storie<\/strong>, perch\u00e9 insieme si possa, non solo ridare il giusto peso alla loro drammatica esperienza, ma <strong>comprendere l\u2019importanza che ha prendersi cura, da subito, di chi resta.\u00a0<\/strong><\/span><\/p>\n<p><em>\u201cQuando si parla di femminicidio pensiamo sempre alla tragedia, inaccettabile, al fatto di cronaca di per s\u00e9. Ricordiamo quanti figli ha la vittima e di che et\u00e0. Inorridiamo pensando all\u2019accaduto, ma poi di quelle vite dimentichiamo tutto\u201d<\/em> sostiene <strong>Roberta Lippi, gi\u00e0 autrice di altri podcast di successo come Love Bombing e Soli<\/strong> <em>\u201cInvece un femminicidio lascia dietro di s\u00e9 un dolore atroce e una solitudine di cui la societ\u00e0 deve farsi responsabile\u201d<\/em><\/p>\n<p><span>Quando si spengono i riflettori sul drammatico fatto di cronaca, infatti, <strong>chi resta deve affrontare un lungo calvario,<\/strong> psicologico, legale e spesso anche economico per ritrovare una qualche forma di normalit\u00e0.<\/span><\/p>\n<h5><span style=\"color: #ff6600;\"><strong>Le prime storie<\/strong><\/span><\/h5>\n<p><span>Il calvario lo chiarisce bene <strong>Giuseppe Delmonte<\/strong>, il <strong>primo testimone<\/strong> a raccontare la sua storia di violenza e riscatto, rimasto orfano il 26 luglio del 1997, quando sua madre Olga \u00e8 stata uccisa per strada a colpi d&#8217;ascia dall&#8217;ex marito. <strong>Giuseppe aveva 18 anni<\/strong> <em>\u201cQuando perdi tua mamma cos\u00ec sei condannato all\u2019ergastolo del dolore\u2026. Per 25 anni non sono riuscito a parlarne con nessuno, non ho avuto nessun supporto psicologico e facevo finta che non fosse mai accaduto, ma ora non voglio pi\u00f9 stare zitto. Il mio grido \u00e8 perch\u00e9 si intervenga subito, gli orfani hanno bisogno di un supporto immediato&#8221;<\/em><\/span><\/p>\n<p><span>Nel <strong>secondo episodio<\/strong> \u00e8 invece <strong>nonna Adriana<\/strong> a parlare: <em>&#8220;Nella tragedia il nostro primo pensiero \u00e8 stato quello dei bimbi, il piccolo aveva solo 19 mesi e il grande 4 anni&#8221;<\/em> A quasi 6 anni dalla morte della figlia Stefania, uccisa dal marito il 19 ottobre 2016, Adriana e Luigi Formicola testimoniano la loro esperienza di nonni-caregiver dei due piccoli orfani.\u00a0 Un percorso a ostacoli che la coppia ha portato avanti con coraggio e dedizione.<\/span><\/p>\n<h5><span style=\"color: #ff6600;\"><strong>Il progetto<\/strong><\/span><\/h5>\n<p><span>Il podcast Respiro \u00e8 realizzato all\u2019interno del <a href=\"https:\/\/terredeshommes.it\/eng\/comunicati\/al-via-il-nuovo-progetto-respiro-per-gli-orfani-di-femminicidio\/\" target=\"_blank\" rel=\"noopener\"><strong>progetto omonimo <\/strong><\/a>(<em>REte di Sostegno per Percorsi di Inclusione e Resilienza con gli Orfani speciali)<\/em>, avviato nel 2021 dalla Cooperativa Irene 95 con una <strong>rete di 13 partner <\/strong>attivi su tutto il territorio nazionale e in particolare in Campania, Calabria, Basilicata, Puglia, Sicilia e Sardegna e <strong>selezionato da <a href=\"https:\/\/percorsiconibambini.it\/respiro\/\" target=\"_blank\" rel=\"noopener\">Con i Bambini<\/a><\/strong> nell\u2019ambito del Fondo per il contrasto della povert\u00e0 educativa minorile.\u00a0<\/span><\/p>\n<p><span>Il progetto Respiro <strong>promuove un modello di intervento e di cura <\/strong>per garantire una <strong>risposta efficace per la protezione di bambini e bambine <\/strong>quando si verifica un femminicidio, affinch\u00e9 i pi\u00f9 piccoli non siano pi\u00f9 soli, ma vengano accompagnati in un percorso di sostegno.<\/span><\/p>\n<p><span>\u00a0<\/span><span><\/span><span><\/span><span>Anche attraverso questo podcast, l\u2019intervento vuole inoltre <strong>favorire un cambiamento culturale<\/strong>, costruendo insieme ai media e ai comunicatori un\u2019alleanza per diffondere un nuovo approccio alla prevenzione della violenza domestica.<\/span><\/p>\n<p><span>Sostiene <strong>Fedele Salvatore<\/strong>, della <strong>Cooperativa Sociale Irene \u201995<\/strong> e coordinatore del progetto <em>\u201cAscoltare il podcast mi ha fatto salire il cuore in gola. Ho compreso ancora meglio l&#8217;espressione dell&#8217;orfana Alessia che ha ispirato il nome del progetto \u2018quando diventi orfana cos\u00ec, il dolore ti spezza le gambe e l&#8217;aria infinita che vola ovunque sembra non esserci pi\u00f9 in te\u2019&#8221;<\/em><\/span><\/p>\n<p><span>Aggiunge <strong>Federica Giannotta, Responsabile Advocacy e Programmi Italia di Terre des Hommes<\/strong>: <em>\u201cPer Terre des Hommes poter raccontare questo tipo di storie rappresenta un contributo essenziale alla conoscenza del dramma dei molti orfani speciali ai quali il nostro Paese deve dare una protezione e tutela che oggi ancora non hanno. La protezione dei diritti fondamentali di bambini, bambine e adolescenti \u00e8 il cuore della mission della nostra Fondazione e in questo caso, purtroppo, ci confrontiamo con una delle peggiori violenze che un minore possa subire nella sua vita\u201d<\/em><\/span><\/p>\n<p><span>\u00a0<\/span><\/p>\n<p><span>\u00a0<\/span><\/p>\n<p><em>Il progetto \u00e8 stato selezionato da Con i Bambini nell\u2019ambito del Fondo per il contrasto della povert\u00e0 educativa minorile. Il Fondo nasce da un\u2019intesa tra le Fondazioni di origine bancaria rappresentate da Acri, il Forum Nazionale del Terzo Settore e il Governo. Sostiene interventi finalizzati a rimuovere gli ostacoli di natura economica, sociale e culturale che impediscono la piena fruizione dei processi educativi da parte dei minori. Per attuare i programmi del Fondo, a giugno 2016 \u00e8 nata l\u2019impresa sociale Con i Bambini, organizzazione senza scopo di lucro interamente partecipata dalla Fondazione CON IL SUD.\u00a0<\/em><a href=\"http:\/\/www.conibambini.org\/\"><span><em>www.conibambini.org<\/em><\/span><\/a><\/p>\n<p><span>\u00a0<\/span><\/p>\n<p><span>Realizzato da <\/span><a href=\"https:\/\/www.irene95.it\/\"><span><strong>IRENE <\/strong><\/span><span><strong>\u201995 Cooperativa Sociale<\/strong><\/span><\/a> <span>in partenariato con: <\/span><strong>Az. Ospedaliera Giovanni XXIII di Bari, Centro Famiglie Catania, Cestrim onlus, CISMAI, CIPM Sardegna, Consorzio CO.RE, Progetto Sirio, Save The Children, Terre des Hommes, Centro Antiviolenza Thamaia, Koinos coop.sociale, Associazione Sinapsi.<\/strong><\/p>\n<p>[\/et_pb_text][\/et_pb_column][et_pb_column type=&#8221;1_5&#8243; _builder_version=&#8221;4.16&#8243; custom_padding=&#8221;|||&#8221; global_colors_info=&#8221;{}&#8221; custom_padding__hover=&#8221;|||&#8221;][\/et_pb_column][\/et_pb_row][\/et_pb_section]<\/p>\n","protected":false},"excerpt":{"rendered":"<p>&nbsp; RESPIRO Le storie degli orfani di femminicidio diventano un podcast Milano, 10 Novembre 2022 \u2013 \u00c8 online il trailer di Respiro, il podcast ideato da Terre des Hommes e scritto da Roberta Lippi che in 6 puntate racconta le storie degli orfani di femminicidio e delle famiglie che si sono prese cura di loro. [&hellip;]<\/p>\n","protected":false},"author":6,"featured_media":3237,"comment_status":"open","ping_status":"open","sticky":false,"template":"","format":"standard","meta":{"_et_pb_use_builder":"on","_et_pb_old_content":"Cras mattis consectetur purus sit amet fermentum. Aenean lacinia bibendum nulla sed consectetur. Donec ullamcorper nulla non metus auctor fringilla. Donec ullamcorper nulla non metus auctor fringilla.","_et_gb_content_width":"","footnotes":""},"categories":[16],"tags":[],"class_list":["post-3234","post","type-post","status-publish","format-standard","has-post-thumbnail","hentry","category-comunicati"],"yoast_head":"<!-- This site is optimized with the Yoast SEO plugin v21.1 - https:\/\/yoast.com\/wordpress\/plugins\/seo\/ -->\n<title>Respiro le storie degli orfani di femminicidio diventano un podcast<\/title>\n<meta name=\"description\" content=\"Il podcast Respiro ideato da Terre des Hommes e scritto da Roberta Lippi, racconta le storie di orfani di femminicidio e delle loro famiglie.\" \/>\n<meta name=\"robots\" content=\"index, follow, max-snippet:-1, max-image-preview:large, max-video-preview:-1\" \/>\n<link rel=\"canonical\" href=\"https:\/\/terredeshommes.it\/eng\/comunicati\/respiro-podcast-le-storie-degli-orfani-di-femminicidio\/\" \/>\n<meta property=\"og:locale\" content=\"en_US\" \/>\n<meta property=\"og:type\" content=\"article\" \/>\n<meta property=\"og:title\" content=\"Respiro le storie degli orfani di femminicidio diventano un podcast\" \/>\n<meta property=\"og:description\" content=\"Il podcast Respiro ideato da Terre des Hommes e scritto da Roberta Lippi, racconta le storie di orfani di femminicidio e delle loro famiglie.\" \/>\n<meta property=\"og:url\" content=\"https:\/\/terredeshommes.it\/eng\/comunicati\/respiro-podcast-le-storie-degli-orfani-di-femminicidio\/\" \/>\n<meta property=\"og:site_name\" content=\"Terre des Hommes Italia\" \/>\n<meta property=\"article:published_time\" content=\"2022-11-11T15:23:45+00:00\" \/>\n<meta property=\"article:modified_time\" content=\"2022-11-11T15:23:48+00:00\" \/>\n<meta property=\"og:image\" content=\"https:\/\/terredeshommes.it\/eng\/wp-content\/uploads\/cover-podcast-arancio_solobimba-2.jpg\" \/>\n\t<meta property=\"og:image:width\" content=\"1080\" \/>\n\t<meta property=\"og:image:height\" content=\"1080\" \/>\n\t<meta property=\"og:image:type\" content=\"image\/jpeg\" \/>\n<meta name=\"author\" content=\"Anna Bianchi\" \/>\n<meta name=\"twitter:card\" content=\"summary_large_image\" \/>\n<meta name=\"twitter:label1\" content=\"Written by\" \/>\n\t<meta name=\"twitter:data1\" content=\"Anna Bianchi\" \/>\n\t<meta name=\"twitter:label2\" content=\"Est. reading time\" \/>\n\t<meta name=\"twitter:data2\" content=\"5 minutes\" \/>\n<script type=\"application\/ld+json\" class=\"yoast-schema-graph\">{\"@context\":\"https:\/\/schema.org\",\"@graph\":[{\"@type\":\"WebPage\",\"@id\":\"https:\/\/terredeshommes.it\/eng\/comunicati\/respiro-podcast-le-storie-degli-orfani-di-femminicidio\/\",\"url\":\"https:\/\/terredeshommes.it\/eng\/comunicati\/respiro-podcast-le-storie-degli-orfani-di-femminicidio\/\",\"name\":\"Respiro le storie degli orfani di femminicidio diventano un podcast\",\"isPartOf\":{\"@id\":\"https:\/\/terredeshommes.it\/eng\/#website\"},\"datePublished\":\"2022-11-11T15:23:45+00:00\",\"dateModified\":\"2022-11-11T15:23:48+00:00\",\"author\":{\"@id\":\"https:\/\/terredeshommes.it\/eng\/#\/schema\/person\/dbba823406adc60a974a3434150e38d5\"},\"description\":\"Il podcast Respiro ideato da Terre des Hommes e scritto da Roberta Lippi, racconta le storie di orfani di femminicidio e delle loro famiglie.\",\"breadcrumb\":{\"@id\":\"https:\/\/terredeshommes.it\/eng\/comunicati\/respiro-podcast-le-storie-degli-orfani-di-femminicidio\/#breadcrumb\"},\"inLanguage\":\"en-US\",\"potentialAction\":[{\"@type\":\"ReadAction\",\"target\":[\"https:\/\/terredeshommes.it\/eng\/comunicati\/respiro-podcast-le-storie-degli-orfani-di-femminicidio\/\"]}]},{\"@type\":\"BreadcrumbList\",\"@id\":\"https:\/\/terredeshommes.it\/eng\/comunicati\/respiro-podcast-le-storie-degli-orfani-di-femminicidio\/#breadcrumb\",\"itemListElement\":[{\"@type\":\"ListItem\",\"position\":1,\"name\":\"Home\",\"item\":\"https:\/\/terredeshommes.it\/eng\/\"},{\"@type\":\"ListItem\",\"position\":2,\"name\":\"Respiro le storie degli orfani di femminicidio diventano un podcast\"}]},{\"@type\":\"WebSite\",\"@id\":\"https:\/\/terredeshommes.it\/eng\/#website\",\"url\":\"https:\/\/terredeshommes.it\/eng\/\",\"name\":\"Terre des Hommes Italia\",\"description\":\"Proteggiamo i bambini insieme\",\"potentialAction\":[{\"@type\":\"SearchAction\",\"target\":{\"@type\":\"EntryPoint\",\"urlTemplate\":\"https:\/\/terredeshommes.it\/eng\/?s={search_term_string}\"},\"query-input\":\"required name=search_term_string\"}],\"inLanguage\":\"en-US\"},{\"@type\":\"Person\",\"@id\":\"https:\/\/terredeshommes.it\/eng\/#\/schema\/person\/dbba823406adc60a974a3434150e38d5\",\"name\":\"Anna Bianchi\",\"url\":\"https:\/\/terredeshommes.it\/eng\/author\/a-bianchitdhitaly-org\/\"}]}<\/script>\n<!-- \/ Yoast SEO plugin. -->","yoast_head_json":{"title":"Respiro le storie degli orfani di femminicidio diventano un podcast","description":"Il podcast Respiro ideato da Terre des Hommes e scritto da Roberta Lippi, racconta le storie di orfani di femminicidio e delle loro famiglie.","robots":{"index":"index","follow":"follow","max-snippet":"max-snippet:-1","max-image-preview":"max-image-preview:large","max-video-preview":"max-video-preview:-1"},"canonical":"https:\/\/terredeshommes.it\/eng\/comunicati\/respiro-podcast-le-storie-degli-orfani-di-femminicidio\/","og_locale":"en_US","og_type":"article","og_title":"Respiro le storie degli orfani di femminicidio diventano un podcast","og_description":"Il podcast Respiro ideato da Terre des Hommes e scritto da Roberta Lippi, racconta le storie di orfani di femminicidio e delle loro famiglie.","og_url":"https:\/\/terredeshommes.it\/eng\/comunicati\/respiro-podcast-le-storie-degli-orfani-di-femminicidio\/","og_site_name":"Terre des Hommes Italia","article_published_time":"2022-11-11T15:23:45+00:00","article_modified_time":"2022-11-11T15:23:48+00:00","og_image":[{"width":1080,"height":1080,"url":"https:\/\/terredeshommes.it\/eng\/wp-content\/uploads\/cover-podcast-arancio_solobimba-2.jpg","type":"image\/jpeg"}],"author":"Anna Bianchi","twitter_card":"summary_large_image","twitter_misc":{"Written by":"Anna Bianchi","Est. reading time":"5 minutes"},"schema":{"@context":"https:\/\/schema.org","@graph":[{"@type":"WebPage","@id":"https:\/\/terredeshommes.it\/eng\/comunicati\/respiro-podcast-le-storie-degli-orfani-di-femminicidio\/","url":"https:\/\/terredeshommes.it\/eng\/comunicati\/respiro-podcast-le-storie-degli-orfani-di-femminicidio\/","name":"Respiro le storie degli orfani di femminicidio diventano un podcast","isPartOf":{"@id":"https:\/\/terredeshommes.it\/eng\/#website"},"datePublished":"2022-11-11T15:23:45+00:00","dateModified":"2022-11-11T15:23:48+00:00","author":{"@id":"https:\/\/terredeshommes.it\/eng\/#\/schema\/person\/dbba823406adc60a974a3434150e38d5"},"description":"Il podcast Respiro ideato da Terre des Hommes e scritto da Roberta Lippi, racconta le storie di orfani di femminicidio e delle loro famiglie.","breadcrumb":{"@id":"https:\/\/terredeshommes.it\/eng\/comunicati\/respiro-podcast-le-storie-degli-orfani-di-femminicidio\/#breadcrumb"},"inLanguage":"en-US","potentialAction":[{"@type":"ReadAction","target":["https:\/\/terredeshommes.it\/eng\/comunicati\/respiro-podcast-le-storie-degli-orfani-di-femminicidio\/"]}]},{"@type":"BreadcrumbList","@id":"https:\/\/terredeshommes.it\/eng\/comunicati\/respiro-podcast-le-storie-degli-orfani-di-femminicidio\/#breadcrumb","itemListElement":[{"@type":"ListItem","position":1,"name":"Home","item":"https:\/\/terredeshommes.it\/eng\/"},{"@type":"ListItem","position":2,"name":"Respiro le storie degli orfani di femminicidio diventano un podcast"}]},{"@type":"WebSite","@id":"https:\/\/terredeshommes.it\/eng\/#website","url":"https:\/\/terredeshommes.it\/eng\/","name":"Terre des Hommes Italia","description":"Proteggiamo i bambini insieme","potentialAction":[{"@type":"SearchAction","target":{"@type":"EntryPoint","urlTemplate":"https:\/\/terredeshommes.it\/eng\/?s={search_term_string}"},"query-input":"required name=search_term_string"}],"inLanguage":"en-US"},{"@type":"Person","@id":"https:\/\/terredeshommes.it\/eng\/#\/schema\/person\/dbba823406adc60a974a3434150e38d5","name":"Anna Bianchi","url":"https:\/\/terredeshommes.it\/eng\/author\/a-bianchitdhitaly-org\/"}]}},"_links":{"self":[{"href":"https:\/\/terredeshommes.it\/eng\/wp-json\/wp\/v2\/posts\/3234","targetHints":{"allow":["GET"]}}],"collection":[{"href":"https:\/\/terredeshommes.it\/eng\/wp-json\/wp\/v2\/posts"}],"about":[{"href":"https:\/\/terredeshommes.it\/eng\/wp-json\/wp\/v2\/types\/post"}],"author":[{"embeddable":true,"href":"https:\/\/terredeshommes.it\/eng\/wp-json\/wp\/v2\/users\/6"}],"replies":[{"embeddable":true,"href":"https:\/\/terredeshommes.it\/eng\/wp-json\/wp\/v2\/comments?post=3234"}],"version-history":[{"count":6,"href":"https:\/\/terredeshommes.it\/eng\/wp-json\/wp\/v2\/posts\/3234\/revisions"}],"predecessor-version":[{"id":3245,"href":"https:\/\/terredeshommes.it\/eng\/wp-json\/wp\/v2\/posts\/3234\/revisions\/3245"}],"wp:featuredmedia":[{"embeddable":true,"href":"https:\/\/terredeshommes.it\/eng\/wp-json\/wp\/v2\/media\/3237"}],"wp:attachment":[{"href":"https:\/\/terredeshommes.it\/eng\/wp-json\/wp\/v2\/media?parent=3234"}],"wp:term":[{"taxonomy":"category","embeddable":true,"href":"https:\/\/terredeshommes.it\/eng\/wp-json\/wp\/v2\/categories?post=3234"},{"taxonomy":"post_tag","embeddable":true,"href":"https:\/\/terredeshommes.it\/eng\/wp-json\/wp\/v2\/tags?post=3234"}],"curies":[{"name":"wp","href":"https:\/\/api.w.org\/{rel}","templated":true}]}}