{"id":3269,"date":"2022-11-22T09:55:31","date_gmt":"2022-11-22T08:55:31","guid":{"rendered":"https:\/\/terredeshommes.it\/?p=3269"},"modified":"2022-11-22T09:56:19","modified_gmt":"2022-11-22T08:56:19","slug":"giovani-e-violenza-di-genere-gli-adulti-non-ci-ascoltano","status":"publish","type":"post","link":"https:\/\/terredeshommes.it\/eng\/comunicati\/giovani-e-violenza-di-genere-gli-adulti-non-ci-ascoltano\/","title":{"rendered":"Giovani e violenza di genere: &#8220;Gli Adulti non ci ascoltano&#8221;"},"content":{"rendered":"<p>[et_pb_section fb_built=&#8221;1&#8243; _builder_version=&#8221;4.16&#8243; global_colors_info=&#8221;{}&#8221;][et_pb_row column_structure=&#8221;1_5,3_5,1_5&#8243; _builder_version=&#8221;4.16&#8243; background_size=&#8221;initial&#8221; background_position=&#8221;top_left&#8221; background_repeat=&#8221;repeat&#8221; global_colors_info=&#8221;{}&#8221;][et_pb_column type=&#8221;1_5&#8243; _builder_version=&#8221;4.16&#8243; custom_padding=&#8221;|||&#8221; global_colors_info=&#8221;{}&#8221; custom_padding__hover=&#8221;|||&#8221;][\/et_pb_column][et_pb_column type=&#8221;3_5&#8243; _builder_version=&#8221;4.16&#8243; custom_padding=&#8221;|||&#8221; global_colors_info=&#8221;{}&#8221; custom_padding__hover=&#8221;|||&#8221;][et_pb_text admin_label=&#8221;Testo&#8221; _builder_version=&#8221;4.18.0&#8243; background_size=&#8221;initial&#8221; background_position=&#8221;top_left&#8221; background_repeat=&#8221;repeat&#8221; width=&#8221;100%&#8221; custom_margin=&#8221;|151px||-2px||&#8221; custom_padding=&#8221;|0px||||&#8221; global_colors_info=&#8221;{}&#8221;]<\/p>\n<p>&nbsp;<\/p>\n<h3 style=\"text-align: center;\"><span style=\"color: #ff6600;\"><strong>GIOVANI E VIOLENZA DI GENERE: \u201cgli adulti non ci ascoltano\u201d<\/strong><\/span><\/h3>\n<h3 style=\"text-align: center;\"><span style=\"color: #ff6600;\">\u00a0<\/span><\/h3>\n<p>&nbsp;<\/p>\n<p><span><em>Milano, 21 Novembre 2022 \u2013\u00a0<\/em><\/span>Generazione Z inascoltata<strong>. Il 74% dei giovani<\/strong> crede che studenti e studentesse <strong>vittime di violenza<\/strong> <strong>non vengano presi sul serio dagli adulti<\/strong>. A denunciarlo \u00e8 l\u2019Osservatorio indifesa realizzato da <strong>Terre des Hommes<\/strong> e <strong>OneDay Group<\/strong> che ha coinvolto pi\u00f9 di <strong>10.000 ragazze e ragazzi<\/strong> delle community di<strong> ScuolaZoo<\/strong> di cui fanno parte ragazze e ragazzi tra i <strong>15 e i 19 anni di tutta Italia.<\/strong><\/p>\n<p>Un vero e proprio <strong>atto di accusa<\/strong> al mondo degli adulti visto lo scenario in cui si muovono le nuove generazioni: <strong>ben tre giovani su dieci<\/strong> ha infatti dichiarato di aver assistito a un episodio di violenza di genere. <strong>Il 46%<\/strong> a violenza psicologica, <strong>il 24%<\/strong> a violenza fisica, <strong>il 20%<\/strong> a violenza in rete, <strong>il 10%<\/strong> a episodi di violenza sessuale.<\/p>\n<p>Un dato preoccupante emerge anche dalle risposte sul contesto in cui si \u00e8 assistito a episodi di violenza: al primo posto, con il 44% delle risposte, c\u2019\u00e8 <strong>la scuola, <\/strong>luogo che dovrebbe essere deputato alla crescita e alla sicurezza personale. In seconda battuta seguono i <strong>social <\/strong>(28%): gli spazi virtuali continuano a essere luoghi pressocch\u00e9 privi di controllo, pieni di pericoli reali. Al terzo posto ci sono <strong>la famiglia o la coppia<\/strong> (22%) e infine <strong>lo sport <\/strong>(6%).<\/p>\n<p>Nonostante emerga dal sondaggio che le ragazze e i ragazzi siano circondati da diverse forme di violenza dimostrano comunque una grande sensibilit\u00e0 al tema e una forte volont\u00e0 di cambiamento. <strong>Quasi 9 giovani su 10<\/strong> ritengono che in Italia ci sia discriminazione di genere. Tra questi <strong>il 90%<\/strong> ritiene che il <strong>contributo dei maschi nella <\/strong>risoluzione del problema sia <strong>fondamentale (57%) o importante (30%)<\/strong>.<\/p>\n<h5><span style=\"color: #ff6600;\"><strong>VIOLENZA DENTRO E FUORI DAL WEB<\/strong><\/span><\/h5>\n<p>D\u2019altra parte, parlano chiaro anche i dati del <a href=\"https:\/\/terredeshommes.it\/eng\/indifesa\/pdf\/Dossier_indifesa_tdh_2022.pdf\">Dossier <strong>indifesa<\/strong> 2022<\/a> di Terre des Hommes: sono <strong>15 milioni<\/strong> le ragazze di et\u00e0 compresa <strong>tra i 15 e i 19 anni<\/strong> che hanno sub\u00ecto rapporti sessuali contro la loro volont\u00e0 da parte del proprio partner o fidanzato.<\/p>\n<p>Nel report emerge il dramma della <strong>violenza in rete<\/strong>: \u201c<strong>l\u201980% delle immagini<\/strong> che riguardano casi di <strong>abusi sessuali<\/strong> su minori ritraggono <strong>ragazzine tra gli 11 e i 13 anni. Il 58% delle giovani donne e adolescenti sono state molestate online<\/strong> subendo diverse forme di violenza come violenza verbale, body shaming, minacce di stupro e violenze fisiche\u201d avverte Unfpa (United Nations Population Fund).<\/p>\n<p>Sebbene queste <strong>forme di violenza inizino solitamente tra i 14 e i 16 anni <\/strong>alcune ragazze hanno denunciato i primi episodi di questa forma di violenza gi\u00e0 a partire dagli 8 anni: la situazione si aggrava ancora di pi\u00f9 per le ragazze che appartengono a minoranze etniche, alla comunit\u00e0 LGBTQIA+, per coloro che hanno una disabilit\u00e0.<\/p>\n<p>Infine, riguardo all\u2019esistenza di discriminazione di genere nel nostro Paese, secondo <strong>i dati del Global Gender Gap Index del World Economic Forum<\/strong> che misura in 146 Paesi il divario di genere in termini di partecipazione economica e politica, salute e livello di istruzione, <strong>l&#8217;Italia risulta\u00a0quest\u2019anno 63esima,<\/strong> dietro a Paesi come Zambia e Uganda.<\/p>\n<p><em>\u201cC\u2019\u00e8 uno scollamento sempre pi\u00f9 grande tra mondo dei giovani e mondo adulto, che sembra essersi completamente dimenticato degli adolescenti. Ed \u00e8 impressionante vedere come la scuola, il luogo dove i nostri figli e le nostre figlie passano gran parte del loro tempo, non sia considerato un luogo sicuro per i pi\u00f9 giovani. Terre des Hommes continua a mettere al centro l\u2019ascolto dei ragazzi e delle ragazze<\/em> &#8211; afferma <strong>Paolo Ferrara, Direttore Generale Terre des Hommes Italia.\u00a0<\/strong><\/p>\n<p><em>&#8220;Il <strong>Network indifesa<\/strong>, che abbiamo creato nel 2018, \u00e8 <strong>la prima rete di webradio e giovani ambasciatori contro la discriminazione e la violenza di genere<\/strong>, bullismo, cyber-bullismo e sexting. Un esperimento di successo che continua oggi a promuovere la partecipazione\u00a0dei ragazzi\u00a0e delle ragazze, affinch\u00e9 possano sempre di pi\u00f9 esprimere le loro idee, sviluppare i loro talenti e diventare protagonisti di questa societ\u00e0, che troppo spesso si dimentica di loro. Noi crediamo in loro.\u201d<\/em><\/p>\n<p><em>\u201cSe i pi\u00f9 giovani hanno timore di non essere creduti nel denunciare atti di violenza significa che il mondo degli adulti sta sbagliando qualcosa nel modo in cui ascolta e interagisce con loro. Un conto \u00e8 non capire il significato di un meme o di una parola del vocabolario GenZ, un altro \u00e8 non mettersi nelle condizioni di saper ascoltare una richiesta d&#8217;aiuto: non possiamo permettercelo.&#8221;<\/em><\/p>\n<p>Ad affermarlo \u00e8\u00a0<strong>Gaia Marzo, Corporate Communication Director e Equity partner di OneDay Group, <\/strong>che prosegue: &#8220;<em>\u00e8 per questo che da anni insieme a Terre des Hommes lavoriamo per scoprire e rendere noti gli scenari e i problemi delle nuove generazioni in materia di discriminazioni e violenze, nella speranza che istituzioni, aziende e famiglie possano recepire e mettere in atto azioni concrete&#8221;<\/em><\/p>\n<p><em><br \/>\u201cLa partnership con Terre des Hommes Italia nel supportare il Network Indifesa \u00e8 molto importante per la BIC Corporate Foundation e per Bic Italia perch\u00e9 d\u00e0 l\u2019opportunit\u00e0 ai ragazzi e alle ragazze di far sentire la loro voce utilizzando la loro forza e sviluppando le loro skill creative per affrontare i grandi problemi con i quali si confrontano oggi, emersi chiaramente dall\u2019osservatorio Indifesa.\u201d <\/em><\/p>\n<p><em>Afferma <\/em><strong>Alicia Ruiz Huidobro BIC Corporate Foundation Project Manager<\/strong><em> \u201cCrediamo che le webradio siano uno strumento potente in grado di aumentare la consapevolezza, l\u2019ascolto e il dialogo con la scuola e gli adulti. Vogliamo dare la parola ai giovani affinch\u00e9 siano i protagonisti di un importante cambiamento che assicuri loro pari opportunit\u00e0 e diritti e crei un ambiente libero dalla violenza e dagli stereotipi.\u201d<\/em><\/p>\n<p><strong>\u00a0<\/strong><\/p>\n<h5><span style=\"color: #ff6600;\"><strong>SPAZI IN<\/strong><strong>DIFESA, PUNTI D\u2019ASCOLTO<\/strong><\/span><\/h5>\n<p>Ascolto, protezione e riattivazione delle risorse di donne e ragazze vittime o a rischio di violenza: sono questi gli obiettivi dei <strong>due Spazi indifesa<\/strong> di Terres des Hommes in Italia. Quello di <strong>Parma,<\/strong> creato insieme all\u2019associazione di promozione sociale <a href=\"https:\/\/www.intesasanmartino.it\/\" target=\"_blank\" rel=\"noopener\">Intesa San Martino<\/a>, \u00e8 nato nel 2020: qui una squadra multidisciplinare garantisce supporto a chi \u00e8 <strong>vittima di violenza e stalking, o si sente in pericolo<\/strong>. Lo spazio si chiama <strong>\u201cConsultami\u201d<\/strong> ed \u00e8 un punto di ascolto e supporto a servizio del territorio, delle famiglie, delle donne e dei minori.<\/p>\n<p>A <strong>Milano<\/strong>, nel quartiere Gallaratese, grazie al contributo di Fondazione Milan, \u00e8 stato creato uno spazio multifunzionale. A beneficiarne fino ad oggi sono <strong>262 donne, 479 famiglie e 82 bambini<\/strong>. Donne e ragazze vulnerabili in questo hub possono trovare <strong>attivit\u00e0 educative per i loro figli, consulenze psicologiche e legali, corsi di educazione finanziaria<\/strong>. Ricevono cos\u00ec strumenti e competenze per acquisire maggiore autonomia, oltre all\u2019accesso a un market solidale: lo <strong>Spazio indifesa<\/strong> di Milano \u00e8 inserito nel sistema degli Hub di quartiere <strong>contro lo spreco alimentare<\/strong>.<\/p>\n<p><em>\u201cPer molte donne la fragilit\u00e0 economica \u00e8 un ulteriore ostacolo per l\u2019allontanamento da relazioni abusanti. Gli spazi Indifesa sono luoghi in cui offriamo ascolto e protezione a donne e ragazze vittime di abusi fisici, psicologici ed economici grazie ad un forte lavoro di rete con associazioni radicate sul territorio, che ci permette fornire servizi con un approccio multidisciplinare <\/em>\u2013 aggiunge<strong> Paolo Ferrara Direttore Generale di Terre des Hommes Italia <\/strong><em>&#8211; Ci auguriamo che quelli di Parma e Milano siano solo i primi due di tanti altri spazi indifesa, su tutto il territorio nazionale\u201d<\/em><\/p>\n<h5><span style=\"color: #ff6600;\">OSSERVATORIO SUGLI ADOLESCENTI ITALIANI E IL NETWORK INDIFESA<\/span><\/h5>\n<p>Dal 2014 Terre des Hommes, in collaborazione con OneDay e ScuolaZoo, porta avanti l\u2019Osservatorio indifesa, uno strumento per ascoltare la voce dei ragazzi e delle ragazze italiane su violenza di genere, discriminazioni, bullismo, cyberbullismo e sexting. Dal suo avvio a oggi pi\u00f9 di 50.000 ragazzi e ragazze di tutta Italia sono stati coinvolti tramite i canali social di OneDay Group e ScuolaZoo, per un totale di pi\u00f9 di 10 milioni di contatti online in quello che rappresenta, a oggi, l\u2019unico punto d\u2019osservazione permanente su questi temi. Uno strumento fondamentale per orientare le politiche delle istituzioni e della comunit\u00e0 educante italiana.<\/p>\n<p>&nbsp;<\/p>\n<p><strong>L\u2019Osservatorio indifesa 2022<\/strong> \u00e8 stato realizzato grazie al prezioso supporto di <strong>BIC\u00ae <\/strong>che \u00e8 a fianco di Terre des Hommes e rinnova la sua collaborazione con la Fondazione per la <strong>Campagna indifesa<\/strong>\u00a0 e il progetto <strong>Network indifesa<\/strong> <strong>la prima rete italiana di WebRadio e giovani ambasciatori contro la discriminazione, gli stereotipi e la violenza di genere, bullismo, cyber-bullismo e sexting<\/strong> per promuovere la partecipazione\u00a0e il protagonismo dei ragazzi\u00a0e delle ragazze attraverso il loro coinvolgimento attivo in tutte le fasi del progetto per realizzare programmi radio mirati alla conoscenza e alla riflessione su violenza, discriminazioni e stereotipi di genere.<\/p>\n<p>La <a href=\"https:\/\/terredeshommes.it\/eng\/indifesa\/\" target=\"_blank\" rel=\"noopener\">campagna <strong><span style=\"color: #ff6600;\">in<\/span>difesa<\/strong><\/a> di Terre des Hommes \u00e8 nata per garantire alle bambine di tutto il mondo istruzione, salute, protezione da violenza, discriminazioni e abusi. Con questa grande campagna di sensibilizzazione Terre des Hommes ha messo al centro del proprio intervento la <strong>promozione dei diritti delle bambine nel mondo<\/strong> a partire da interventi sul campo volti a dare risultati concreti per rompere il ciclo della povert\u00e0 e offrire migliori opportunit\u00e0 di vita a migliaia di bambine e ragazze nel mondo.<\/p>\n<p>Sostengono la campagna <strong>indifesa<\/strong>: <strong>Bata<\/strong>, <strong>Benefit Cosmetics,<\/strong> <strong>BIC\u00ae, BIC Foundation, C&amp;A, Douglas, Esserbella, catena di profumerie del Gruppo Esselunga, Fondazione Milan, Fondazione Zanetti, Tangoo, Sorgenia, RGI Group, Valvorobica<\/strong>.<\/p>\n<p>[\/et_pb_text][\/et_pb_column][et_pb_column type=&#8221;1_5&#8243; _builder_version=&#8221;4.16&#8243; custom_padding=&#8221;|||&#8221; global_colors_info=&#8221;{}&#8221; custom_padding__hover=&#8221;|||&#8221;][\/et_pb_column][\/et_pb_row][\/et_pb_section]<\/p>\n","protected":false},"excerpt":{"rendered":"<p>&nbsp; GIOVANI E VIOLENZA DI GENERE: \u201cgli adulti non ci ascoltano\u201d \u00a0 &nbsp; Milano, 21 Novembre 2022 \u2013\u00a0Generazione Z inascoltata. Il 74% dei giovani crede che studenti e studentesse vittime di violenza non vengano presi sul serio dagli adulti. A denunciarlo \u00e8 l\u2019Osservatorio indifesa realizzato da Terre des Hommes e OneDay Group che ha coinvolto [&hellip;]<\/p>\n","protected":false},"author":6,"featured_media":3282,"comment_status":"open","ping_status":"open","sticky":false,"template":"","format":"standard","meta":{"_et_pb_use_builder":"on","_et_pb_old_content":"Cras mattis consectetur purus sit amet fermentum. Aenean lacinia bibendum nulla sed consectetur. Donec ullamcorper nulla non metus auctor fringilla. Donec ullamcorper nulla non metus auctor fringilla.","_et_gb_content_width":"","footnotes":""},"categories":[16],"tags":[],"class_list":["post-3269","post","type-post","status-publish","format-standard","has-post-thumbnail","hentry","category-comunicati"],"yoast_head":"<!-- This site is optimized with the Yoast SEO plugin v21.1 - https:\/\/yoast.com\/wordpress\/plugins\/seo\/ -->\n<title>Giovani e violenza di genere: &quot;Gli Adulti non ci ascoltano&quot;<\/title>\n<meta name=\"description\" content=\"Il 74% dei partecipanti all&#039;Osservatorio indifesa crede che le giovani vittime di violenza non vengano prese sul serio dagli adulti\" \/>\n<meta name=\"robots\" content=\"index, follow, max-snippet:-1, max-image-preview:large, max-video-preview:-1\" \/>\n<link rel=\"canonical\" href=\"https:\/\/terredeshommes.it\/eng\/comunicati\/giovani-e-violenza-di-genere-gli-adulti-non-ci-ascoltano\/\" \/>\n<meta property=\"og:locale\" content=\"en_US\" \/>\n<meta property=\"og:type\" content=\"article\" \/>\n<meta property=\"og:title\" content=\"Giovani e violenza di genere: &quot;Gli Adulti non ci ascoltano&quot;\" \/>\n<meta property=\"og:description\" content=\"Il 74% dei partecipanti all&#039;Osservatorio indifesa crede che le giovani vittime di violenza non vengano prese sul serio dagli adulti\" \/>\n<meta property=\"og:url\" content=\"https:\/\/terredeshommes.it\/eng\/comunicati\/giovani-e-violenza-di-genere-gli-adulti-non-ci-ascoltano\/\" \/>\n<meta property=\"og:site_name\" content=\"Terre des Hommes Italia\" \/>\n<meta property=\"article:published_time\" content=\"2022-11-22T08:55:31+00:00\" \/>\n<meta property=\"article:modified_time\" content=\"2022-11-22T08:56:19+00:00\" \/>\n<meta property=\"og:image\" content=\"https:\/\/terredeshommes.it\/eng\/wp-content\/uploads\/shutterstock_1095397952-scaled.jpg\" \/>\n\t<meta property=\"og:image:width\" content=\"2560\" \/>\n\t<meta property=\"og:image:height\" content=\"1760\" \/>\n\t<meta property=\"og:image:type\" content=\"image\/jpeg\" \/>\n<meta name=\"author\" content=\"Anna Bianchi\" \/>\n<meta name=\"twitter:card\" content=\"summary_large_image\" \/>\n<meta name=\"twitter:label1\" content=\"Written by\" \/>\n\t<meta name=\"twitter:data1\" content=\"Anna Bianchi\" \/>\n\t<meta name=\"twitter:label2\" content=\"Est. reading time\" \/>\n\t<meta name=\"twitter:data2\" content=\"9 minutes\" \/>\n<script type=\"application\/ld+json\" class=\"yoast-schema-graph\">{\"@context\":\"https:\/\/schema.org\",\"@graph\":[{\"@type\":\"WebPage\",\"@id\":\"https:\/\/terredeshommes.it\/eng\/comunicati\/giovani-e-violenza-di-genere-gli-adulti-non-ci-ascoltano\/\",\"url\":\"https:\/\/terredeshommes.it\/eng\/comunicati\/giovani-e-violenza-di-genere-gli-adulti-non-ci-ascoltano\/\",\"name\":\"Giovani e violenza di genere: \\\"Gli Adulti non ci ascoltano\\\"\",\"isPartOf\":{\"@id\":\"https:\/\/terredeshommes.it\/eng\/#website\"},\"datePublished\":\"2022-11-22T08:55:31+00:00\",\"dateModified\":\"2022-11-22T08:56:19+00:00\",\"author\":{\"@id\":\"https:\/\/terredeshommes.it\/eng\/#\/schema\/person\/dbba823406adc60a974a3434150e38d5\"},\"description\":\"Il 74% dei partecipanti all'Osservatorio indifesa crede che le giovani vittime di violenza non vengano prese sul serio dagli adulti\",\"breadcrumb\":{\"@id\":\"https:\/\/terredeshommes.it\/eng\/comunicati\/giovani-e-violenza-di-genere-gli-adulti-non-ci-ascoltano\/#breadcrumb\"},\"inLanguage\":\"en-US\",\"potentialAction\":[{\"@type\":\"ReadAction\",\"target\":[\"https:\/\/terredeshommes.it\/eng\/comunicati\/giovani-e-violenza-di-genere-gli-adulti-non-ci-ascoltano\/\"]}]},{\"@type\":\"BreadcrumbList\",\"@id\":\"https:\/\/terredeshommes.it\/eng\/comunicati\/giovani-e-violenza-di-genere-gli-adulti-non-ci-ascoltano\/#breadcrumb\",\"itemListElement\":[{\"@type\":\"ListItem\",\"position\":1,\"name\":\"Home\",\"item\":\"https:\/\/terredeshommes.it\/eng\/\"},{\"@type\":\"ListItem\",\"position\":2,\"name\":\"Giovani e violenza di genere: &#8220;Gli Adulti non ci ascoltano&#8221;\"}]},{\"@type\":\"WebSite\",\"@id\":\"https:\/\/terredeshommes.it\/eng\/#website\",\"url\":\"https:\/\/terredeshommes.it\/eng\/\",\"name\":\"Terre des Hommes Italia\",\"description\":\"Proteggiamo i bambini insieme\",\"potentialAction\":[{\"@type\":\"SearchAction\",\"target\":{\"@type\":\"EntryPoint\",\"urlTemplate\":\"https:\/\/terredeshommes.it\/eng\/?s={search_term_string}\"},\"query-input\":\"required name=search_term_string\"}],\"inLanguage\":\"en-US\"},{\"@type\":\"Person\",\"@id\":\"https:\/\/terredeshommes.it\/eng\/#\/schema\/person\/dbba823406adc60a974a3434150e38d5\",\"name\":\"Anna Bianchi\",\"url\":\"https:\/\/terredeshommes.it\/eng\/author\/a-bianchitdhitaly-org\/\"}]}<\/script>\n<!-- \/ Yoast SEO plugin. -->","yoast_head_json":{"title":"Giovani e violenza di genere: \"Gli Adulti non ci ascoltano\"","description":"Il 74% dei partecipanti all'Osservatorio indifesa crede che le giovani vittime di violenza non vengano prese sul serio dagli adulti","robots":{"index":"index","follow":"follow","max-snippet":"max-snippet:-1","max-image-preview":"max-image-preview:large","max-video-preview":"max-video-preview:-1"},"canonical":"https:\/\/terredeshommes.it\/eng\/comunicati\/giovani-e-violenza-di-genere-gli-adulti-non-ci-ascoltano\/","og_locale":"en_US","og_type":"article","og_title":"Giovani e violenza di genere: \"Gli Adulti non ci ascoltano\"","og_description":"Il 74% dei partecipanti all'Osservatorio indifesa crede che le giovani vittime di violenza non vengano prese sul serio dagli adulti","og_url":"https:\/\/terredeshommes.it\/eng\/comunicati\/giovani-e-violenza-di-genere-gli-adulti-non-ci-ascoltano\/","og_site_name":"Terre des Hommes Italia","article_published_time":"2022-11-22T08:55:31+00:00","article_modified_time":"2022-11-22T08:56:19+00:00","og_image":[{"width":2560,"height":1760,"url":"https:\/\/terredeshommes.it\/eng\/wp-content\/uploads\/shutterstock_1095397952-scaled.jpg","type":"image\/jpeg"}],"author":"Anna Bianchi","twitter_card":"summary_large_image","twitter_misc":{"Written by":"Anna Bianchi","Est. reading time":"9 minutes"},"schema":{"@context":"https:\/\/schema.org","@graph":[{"@type":"WebPage","@id":"https:\/\/terredeshommes.it\/eng\/comunicati\/giovani-e-violenza-di-genere-gli-adulti-non-ci-ascoltano\/","url":"https:\/\/terredeshommes.it\/eng\/comunicati\/giovani-e-violenza-di-genere-gli-adulti-non-ci-ascoltano\/","name":"Giovani e violenza di genere: \"Gli Adulti non ci ascoltano\"","isPartOf":{"@id":"https:\/\/terredeshommes.it\/eng\/#website"},"datePublished":"2022-11-22T08:55:31+00:00","dateModified":"2022-11-22T08:56:19+00:00","author":{"@id":"https:\/\/terredeshommes.it\/eng\/#\/schema\/person\/dbba823406adc60a974a3434150e38d5"},"description":"Il 74% dei partecipanti all'Osservatorio indifesa crede che le giovani vittime di violenza non vengano prese sul serio dagli adulti","breadcrumb":{"@id":"https:\/\/terredeshommes.it\/eng\/comunicati\/giovani-e-violenza-di-genere-gli-adulti-non-ci-ascoltano\/#breadcrumb"},"inLanguage":"en-US","potentialAction":[{"@type":"ReadAction","target":["https:\/\/terredeshommes.it\/eng\/comunicati\/giovani-e-violenza-di-genere-gli-adulti-non-ci-ascoltano\/"]}]},{"@type":"BreadcrumbList","@id":"https:\/\/terredeshommes.it\/eng\/comunicati\/giovani-e-violenza-di-genere-gli-adulti-non-ci-ascoltano\/#breadcrumb","itemListElement":[{"@type":"ListItem","position":1,"name":"Home","item":"https:\/\/terredeshommes.it\/eng\/"},{"@type":"ListItem","position":2,"name":"Giovani e violenza di genere: &#8220;Gli Adulti non ci ascoltano&#8221;"}]},{"@type":"WebSite","@id":"https:\/\/terredeshommes.it\/eng\/#website","url":"https:\/\/terredeshommes.it\/eng\/","name":"Terre des Hommes Italia","description":"Proteggiamo i bambini insieme","potentialAction":[{"@type":"SearchAction","target":{"@type":"EntryPoint","urlTemplate":"https:\/\/terredeshommes.it\/eng\/?s={search_term_string}"},"query-input":"required name=search_term_string"}],"inLanguage":"en-US"},{"@type":"Person","@id":"https:\/\/terredeshommes.it\/eng\/#\/schema\/person\/dbba823406adc60a974a3434150e38d5","name":"Anna Bianchi","url":"https:\/\/terredeshommes.it\/eng\/author\/a-bianchitdhitaly-org\/"}]}},"_links":{"self":[{"href":"https:\/\/terredeshommes.it\/eng\/wp-json\/wp\/v2\/posts\/3269","targetHints":{"allow":["GET"]}}],"collection":[{"href":"https:\/\/terredeshommes.it\/eng\/wp-json\/wp\/v2\/posts"}],"about":[{"href":"https:\/\/terredeshommes.it\/eng\/wp-json\/wp\/v2\/types\/post"}],"author":[{"embeddable":true,"href":"https:\/\/terredeshommes.it\/eng\/wp-json\/wp\/v2\/users\/6"}],"replies":[{"embeddable":true,"href":"https:\/\/terredeshommes.it\/eng\/wp-json\/wp\/v2\/comments?post=3269"}],"version-history":[{"count":6,"href":"https:\/\/terredeshommes.it\/eng\/wp-json\/wp\/v2\/posts\/3269\/revisions"}],"predecessor-version":[{"id":3285,"href":"https:\/\/terredeshommes.it\/eng\/wp-json\/wp\/v2\/posts\/3269\/revisions\/3285"}],"wp:featuredmedia":[{"embeddable":true,"href":"https:\/\/terredeshommes.it\/eng\/wp-json\/wp\/v2\/media\/3282"}],"wp:attachment":[{"href":"https:\/\/terredeshommes.it\/eng\/wp-json\/wp\/v2\/media?parent=3269"}],"wp:term":[{"taxonomy":"category","embeddable":true,"href":"https:\/\/terredeshommes.it\/eng\/wp-json\/wp\/v2\/categories?post=3269"},{"taxonomy":"post_tag","embeddable":true,"href":"https:\/\/terredeshommes.it\/eng\/wp-json\/wp\/v2\/tags?post=3269"}],"curies":[{"name":"wp","href":"https:\/\/api.w.org\/{rel}","templated":true}]}}