{"id":3286,"date":"2022-11-22T10:57:01","date_gmt":"2022-11-22T09:57:01","guid":{"rendered":"https:\/\/terredeshommes.it\/?p=3286"},"modified":"2022-11-29T20:03:06","modified_gmt":"2022-11-29T19:03:06","slug":"lancio-della-campagna-nazionale-di-sensibilizzazione-contro-gli-abusi-sui-minori","status":"publish","type":"post","link":"https:\/\/terredeshommes.it\/eng\/comunicati\/lancio-della-campagna-nazionale-di-sensibilizzazione-contro-gli-abusi-sui-minori\/","title":{"rendered":"Lancio della campagna nazionale di sensibilizzazione contro gli abusi sui minori"},"content":{"rendered":"<p>[et_pb_section fb_built=&#8221;1&#8243; _builder_version=&#8221;4.16&#8243; global_colors_info=&#8221;{}&#8221;][et_pb_row column_structure=&#8221;1_5,3_5,1_5&#8243; _builder_version=&#8221;4.16&#8243; background_size=&#8221;initial&#8221; background_position=&#8221;top_left&#8221; background_repeat=&#8221;repeat&#8221; global_colors_info=&#8221;{}&#8221;][et_pb_column type=&#8221;1_5&#8243; _builder_version=&#8221;4.16&#8243; custom_padding=&#8221;|||&#8221; global_colors_info=&#8221;{}&#8221; custom_padding__hover=&#8221;|||&#8221;][\/et_pb_column][et_pb_column type=&#8221;3_5&#8243; _builder_version=&#8221;4.16&#8243; custom_padding=&#8221;|||&#8221; global_colors_info=&#8221;{}&#8221; custom_padding__hover=&#8221;|||&#8221;][et_pb_text admin_label=&#8221;Testo&#8221; _builder_version=&#8221;4.18.0&#8243; background_size=&#8221;initial&#8221; background_position=&#8221;top_left&#8221; background_repeat=&#8221;repeat&#8221; width=&#8221;100%&#8221; custom_margin=&#8221;|151px||-2px||&#8221; custom_padding=&#8221;|0px||||&#8221; hover_enabled=&#8221;0&#8243; global_colors_info=&#8221;{}&#8221; sticky_enabled=&#8221;0&#8243;]<\/p>\n<p>&nbsp;<\/p>\n<h3 style=\"text-align: center;\"><span style=\"color: #ff6600;\"><strong>Invisibile Agli Occhi\u00a0<\/strong><\/span><\/h3>\n<h4 style=\"text-align: center;\"><span style=\"color: #ff6600;\"><strong>Terre des Hommes insieme a CNR IRIB Catania e la Societ\u00e0 Italiana Pediatria lancia una nuova campagna di sensibilizzazione contro gli abusi sui minori\u00a0<\/strong><\/span><\/h4>\n<h3 style=\"text-align: center;\"><span style=\"color: #ff6600;\">\u00a0<\/span><\/h3>\n<p><span>La prevenzione e il contrasto alla violenza sui minori sono parte intrinseca della <em>mission<\/em> di Terre des Hommes che fin dalla sua nascita ha lavorato a stretto contatto con le Istituzioni per promuovere leggi in favore della tutela dell\u2019infanzia attraverso iniziative di sensibilizzazione di portata nazionale e internazionale. <\/span><\/p>\n<p>La Fondazione presenter\u00e0 una nuova campagna di sensibilizzazione realizzata insieme al CNR IRIB Catania e alla Societ\u00e0 Italiana di Pediatria, durante una conferenza che si terr\u00e0<\/p>\n<p style=\"text-align: center;\"><span style=\"color: #ff6600;\">Gioved\u00ec 1 dicembre alle ore 11:00<\/span><br \/><span style=\"color: #ff6600;\">presso la Sala del Cenacolo della Camera dei Deputati<\/span><br \/><span style=\"color: #ff6600;\">Piazza in Campo Marzio 42 &#8211; Roma<\/span><\/p>\n<p>Questo il programma provvisorio dell&#8217;evento:<\/p>\n<p><em>Modera<\/em>: <strong>Pier Damiani D\u2019Agata<\/strong>, giornalista TG3<\/p>\n<p><span style=\"color: #ff6600;\"><em>Saluti Istituzionali<\/em><\/span><\/p>\n<p><strong>On. Maria Teresa Bellucci, <\/strong>Vice Ministro del Lavoro e delle Politiche Sociali<\/p>\n<p><strong>Prof.ssa Mariangela Di Gneo, <\/strong>in rappresentanza del Ministero dell\u2019Istruzione e del Merito<\/p>\n<p><span style=\"color: #ff6600;\"><em>Prima Parte<\/em><\/span><\/p>\n<p><strong>Dott.ssa Carla Garlatti,\u00a0<\/strong>Autorit\u00e0 Garante per l\u2019Infanzia e l\u2019Adolescenza<\/p>\n<p><strong>Prof. Antonio Mistretta, <\/strong>Comunicazione Scientifica Istituto Superiore di Sanit\u00e0<\/p>\n<p><strong>Prof.ssa Maria Chiara Carrozza,\u00a0<\/strong>Presidente del Consiglio Nazionale delle Ricerche, CNR<\/p>\n<p><span style=\"color: #ff6600;\">S<em>econda Parte<\/em><\/span><\/p>\n<p><strong>Prof.ssa Annamaria Staiano, <\/strong>Presidente della Societ\u00e0 Italiana di Pediatria<\/p>\n<p><strong>Prof. Martino Ruggieri, <\/strong>Presidente della Societ\u00e0 Italiana di Neurologia Pediatrica<\/p>\n<p><strong>Prof. Enrico Parano,\u00a0<\/strong>Pediatra, Responsabile IRIB, CNR, Catania<\/p>\n<p><strong>Presentazione del video campagna<\/strong><\/p>\n<p><strong>Dott. Stefano Delfini,\u00a0<\/strong>Direttore del servizio di analisi criminale della direzione centrale Polizia Criminale<\/p>\n<p><strong>Prof. Vito Pavone,\u00a0<\/strong>Direttore Scuola di Specializzazione in Ortopedia, Universit\u00e0 di Catania<\/p>\n<p><strong>Dott.ssa Federica Giannotta,\u00a0<\/strong>Responsabile Advocacy e Programmi Terre des Hommes Italia<\/p>\n<p><span style=\"color: #ff6600;\">La Campagna ha ricevuto il patrocinio di:<\/span><strong><br \/><\/strong>Ministero della Salute, Istituto Superiore di Sanit\u00e0, Autorit\u00e0 Garante per l&#8217;Infanzia e l&#8217;Adolescenza, Assessorato alla Famiglia Regione Siciliana, Coce Rossa Italiana, Ordine dei Medici Catania, Scuola di Specializzazione in Ortopedia Universit\u00e0 di Catania, Societ\u00e0 Italiana di Neurologia Pediatrica, Fondazione Sport City, Sport e Salute, Confindustria Sicilia Giovani Imprenditori, Confindustria Catania Imprenditoria Femminile, Fondazione Etica e Valori Maril\u00f9 Tregua.<br \/>Media Partner: il Quotidiano di Sicilia<\/p>\n<p><strong>N.B. Si ricorda che agli uomini \u00e8 richiesto di indossare la giacca per accedere alla sala. <\/strong><\/p>\n<p>Giornalisti, fotografi e operatori radio e tv che vogliono partecipare devono accreditarsi presso l\u2019Ufficio Stampa della Camera inviando un\u2019e-mail a <a href=\"mailto:a.bianchi@tdhitaly.org\">a.bianchi@tdhitaly.org<\/a> \u00a0specificando i dati anagrafici (nome, cognome, luogo e data di nascita), n. di tessera d&#8217;iscrizione all&#8217;Ordine dei Giornalisti e la testata di riferimento, attrezzatura foto e video.<\/p>\n<p>[\/et_pb_text][\/et_pb_column][et_pb_column type=&#8221;1_5&#8243; _builder_version=&#8221;4.16&#8243; custom_padding=&#8221;|||&#8221; global_colors_info=&#8221;{}&#8221; custom_padding__hover=&#8221;|||&#8221;][\/et_pb_column][\/et_pb_row][\/et_pb_section]<\/p>\n","protected":false},"excerpt":{"rendered":"<p>&nbsp; Invisibile Agli Occhi\u00a0 Terre des Hommes insieme a CNR IRIB Catania e la Societ\u00e0 Italiana Pediatria lancia una nuova campagna di sensibilizzazione contro gli abusi sui minori\u00a0 \u00a0 La prevenzione e il contrasto alla violenza sui minori sono parte intrinseca della mission di Terre des Hommes che fin dalla sua nascita ha lavorato a [&hellip;]<\/p>\n","protected":false},"author":6,"featured_media":2361,"comment_status":"open","ping_status":"open","sticky":false,"template":"","format":"standard","meta":{"_et_pb_use_builder":"on","_et_pb_old_content":"Cras mattis consectetur purus sit amet fermentum. Aenean lacinia bibendum nulla sed consectetur. Donec ullamcorper nulla non metus auctor fringilla. Donec ullamcorper nulla non metus auctor fringilla.","_et_gb_content_width":"","footnotes":""},"categories":[16],"tags":[],"class_list":["post-3286","post","type-post","status-publish","format-standard","has-post-thumbnail","hentry","category-comunicati"],"yoast_head":"<!-- This site is optimized with the Yoast SEO plugin v21.1 - https:\/\/yoast.com\/wordpress\/plugins\/seo\/ -->\n<title>Lancio della campagna nazionale di sensibilizzazione contro gli abusi sui minori<\/title>\n<meta name=\"description\" content=\"Terre des Hommes insieme a CNR IRIB e Societ\u00e0 Italiana di Pediatria lancia una nuova campagna contro gli abusi sui minori\" \/>\n<meta name=\"robots\" content=\"index, follow, max-snippet:-1, max-image-preview:large, max-video-preview:-1\" \/>\n<link rel=\"canonical\" href=\"https:\/\/terredeshommes.it\/eng\/comunicati\/lancio-della-campagna-nazionale-di-sensibilizzazione-contro-gli-abusi-sui-minori\/\" \/>\n<meta property=\"og:locale\" content=\"en_US\" \/>\n<meta property=\"og:type\" content=\"article\" \/>\n<meta property=\"og:title\" content=\"Lancio della campagna nazionale di sensibilizzazione contro gli abusi sui minori\" \/>\n<meta property=\"og:description\" content=\"Terre des Hommes insieme a CNR IRIB e Societ\u00e0 Italiana di Pediatria lancia una nuova campagna contro gli abusi sui minori\" \/>\n<meta property=\"og:url\" content=\"https:\/\/terredeshommes.it\/eng\/comunicati\/lancio-della-campagna-nazionale-di-sensibilizzazione-contro-gli-abusi-sui-minori\/\" \/>\n<meta property=\"og:site_name\" content=\"Terre des Hommes Italia\" \/>\n<meta property=\"article:published_time\" content=\"2022-11-22T09:57:01+00:00\" \/>\n<meta property=\"article:modified_time\" content=\"2022-11-29T19:03:06+00:00\" \/>\n<meta property=\"og:image\" content=\"https:\/\/terredeshommes.it\/eng\/wp-content\/uploads\/\u00a9-Anna-Maria-Bruni.png\" \/>\n\t<meta property=\"og:image:width\" content=\"940\" \/>\n\t<meta property=\"og:image:height\" content=\"449\" \/>\n\t<meta property=\"og:image:type\" content=\"image\/png\" \/>\n<meta name=\"author\" content=\"Anna Bianchi\" \/>\n<meta name=\"twitter:card\" content=\"summary_large_image\" \/>\n<meta name=\"twitter:label1\" content=\"Written by\" \/>\n\t<meta name=\"twitter:data1\" content=\"Anna Bianchi\" \/>\n\t<meta name=\"twitter:label2\" content=\"Est. reading time\" \/>\n\t<meta name=\"twitter:data2\" content=\"3 minutes\" \/>\n<script type=\"application\/ld+json\" class=\"yoast-schema-graph\">{\"@context\":\"https:\/\/schema.org\",\"@graph\":[{\"@type\":\"WebPage\",\"@id\":\"https:\/\/terredeshommes.it\/eng\/comunicati\/lancio-della-campagna-nazionale-di-sensibilizzazione-contro-gli-abusi-sui-minori\/\",\"url\":\"https:\/\/terredeshommes.it\/eng\/comunicati\/lancio-della-campagna-nazionale-di-sensibilizzazione-contro-gli-abusi-sui-minori\/\",\"name\":\"Lancio della campagna nazionale di sensibilizzazione contro gli abusi sui minori\",\"isPartOf\":{\"@id\":\"https:\/\/terredeshommes.it\/eng\/#website\"},\"datePublished\":\"2022-11-22T09:57:01+00:00\",\"dateModified\":\"2022-11-29T19:03:06+00:00\",\"author\":{\"@id\":\"https:\/\/terredeshommes.it\/eng\/#\/schema\/person\/dbba823406adc60a974a3434150e38d5\"},\"description\":\"Terre des Hommes insieme a CNR IRIB e Societ\u00e0 Italiana di Pediatria lancia una nuova campagna contro gli abusi sui minori\",\"breadcrumb\":{\"@id\":\"https:\/\/terredeshommes.it\/eng\/comunicati\/lancio-della-campagna-nazionale-di-sensibilizzazione-contro-gli-abusi-sui-minori\/#breadcrumb\"},\"inLanguage\":\"en-US\",\"potentialAction\":[{\"@type\":\"ReadAction\",\"target\":[\"https:\/\/terredeshommes.it\/eng\/comunicati\/lancio-della-campagna-nazionale-di-sensibilizzazione-contro-gli-abusi-sui-minori\/\"]}]},{\"@type\":\"BreadcrumbList\",\"@id\":\"https:\/\/terredeshommes.it\/eng\/comunicati\/lancio-della-campagna-nazionale-di-sensibilizzazione-contro-gli-abusi-sui-minori\/#breadcrumb\",\"itemListElement\":[{\"@type\":\"ListItem\",\"position\":1,\"name\":\"Home\",\"item\":\"https:\/\/terredeshommes.it\/eng\/\"},{\"@type\":\"ListItem\",\"position\":2,\"name\":\"Lancio della campagna nazionale di sensibilizzazione contro gli abusi sui minori\"}]},{\"@type\":\"WebSite\",\"@id\":\"https:\/\/terredeshommes.it\/eng\/#website\",\"url\":\"https:\/\/terredeshommes.it\/eng\/\",\"name\":\"Terre des Hommes Italia\",\"description\":\"Proteggiamo i bambini insieme\",\"potentialAction\":[{\"@type\":\"SearchAction\",\"target\":{\"@type\":\"EntryPoint\",\"urlTemplate\":\"https:\/\/terredeshommes.it\/eng\/?s={search_term_string}\"},\"query-input\":\"required name=search_term_string\"}],\"inLanguage\":\"en-US\"},{\"@type\":\"Person\",\"@id\":\"https:\/\/terredeshommes.it\/eng\/#\/schema\/person\/dbba823406adc60a974a3434150e38d5\",\"name\":\"Anna Bianchi\",\"url\":\"https:\/\/terredeshommes.it\/eng\/author\/a-bianchitdhitaly-org\/\"}]}<\/script>\n<!-- \/ Yoast SEO plugin. -->","yoast_head_json":{"title":"Lancio della campagna nazionale di sensibilizzazione contro gli abusi sui minori","description":"Terre des Hommes insieme a CNR IRIB e Societ\u00e0 Italiana di Pediatria lancia una nuova campagna contro gli abusi sui minori","robots":{"index":"index","follow":"follow","max-snippet":"max-snippet:-1","max-image-preview":"max-image-preview:large","max-video-preview":"max-video-preview:-1"},"canonical":"https:\/\/terredeshommes.it\/eng\/comunicati\/lancio-della-campagna-nazionale-di-sensibilizzazione-contro-gli-abusi-sui-minori\/","og_locale":"en_US","og_type":"article","og_title":"Lancio della campagna nazionale di sensibilizzazione contro gli abusi sui minori","og_description":"Terre des Hommes insieme a CNR IRIB e Societ\u00e0 Italiana di Pediatria lancia una nuova campagna contro gli abusi sui minori","og_url":"https:\/\/terredeshommes.it\/eng\/comunicati\/lancio-della-campagna-nazionale-di-sensibilizzazione-contro-gli-abusi-sui-minori\/","og_site_name":"Terre des Hommes Italia","article_published_time":"2022-11-22T09:57:01+00:00","article_modified_time":"2022-11-29T19:03:06+00:00","og_image":[{"width":940,"height":449,"url":"https:\/\/terredeshommes.it\/eng\/wp-content\/uploads\/\u00a9-Anna-Maria-Bruni.png","type":"image\/png"}],"author":"Anna Bianchi","twitter_card":"summary_large_image","twitter_misc":{"Written by":"Anna Bianchi","Est. reading time":"3 minutes"},"schema":{"@context":"https:\/\/schema.org","@graph":[{"@type":"WebPage","@id":"https:\/\/terredeshommes.it\/eng\/comunicati\/lancio-della-campagna-nazionale-di-sensibilizzazione-contro-gli-abusi-sui-minori\/","url":"https:\/\/terredeshommes.it\/eng\/comunicati\/lancio-della-campagna-nazionale-di-sensibilizzazione-contro-gli-abusi-sui-minori\/","name":"Lancio della campagna nazionale di sensibilizzazione contro gli abusi sui minori","isPartOf":{"@id":"https:\/\/terredeshommes.it\/eng\/#website"},"datePublished":"2022-11-22T09:57:01+00:00","dateModified":"2022-11-29T19:03:06+00:00","author":{"@id":"https:\/\/terredeshommes.it\/eng\/#\/schema\/person\/dbba823406adc60a974a3434150e38d5"},"description":"Terre des Hommes insieme a CNR IRIB e Societ\u00e0 Italiana di Pediatria lancia una nuova campagna contro gli abusi sui minori","breadcrumb":{"@id":"https:\/\/terredeshommes.it\/eng\/comunicati\/lancio-della-campagna-nazionale-di-sensibilizzazione-contro-gli-abusi-sui-minori\/#breadcrumb"},"inLanguage":"en-US","potentialAction":[{"@type":"ReadAction","target":["https:\/\/terredeshommes.it\/eng\/comunicati\/lancio-della-campagna-nazionale-di-sensibilizzazione-contro-gli-abusi-sui-minori\/"]}]},{"@type":"BreadcrumbList","@id":"https:\/\/terredeshommes.it\/eng\/comunicati\/lancio-della-campagna-nazionale-di-sensibilizzazione-contro-gli-abusi-sui-minori\/#breadcrumb","itemListElement":[{"@type":"ListItem","position":1,"name":"Home","item":"https:\/\/terredeshommes.it\/eng\/"},{"@type":"ListItem","position":2,"name":"Lancio della campagna nazionale di sensibilizzazione contro gli abusi sui minori"}]},{"@type":"WebSite","@id":"https:\/\/terredeshommes.it\/eng\/#website","url":"https:\/\/terredeshommes.it\/eng\/","name":"Terre des Hommes Italia","description":"Proteggiamo i bambini insieme","potentialAction":[{"@type":"SearchAction","target":{"@type":"EntryPoint","urlTemplate":"https:\/\/terredeshommes.it\/eng\/?s={search_term_string}"},"query-input":"required name=search_term_string"}],"inLanguage":"en-US"},{"@type":"Person","@id":"https:\/\/terredeshommes.it\/eng\/#\/schema\/person\/dbba823406adc60a974a3434150e38d5","name":"Anna Bianchi","url":"https:\/\/terredeshommes.it\/eng\/author\/a-bianchitdhitaly-org\/"}]}},"_links":{"self":[{"href":"https:\/\/terredeshommes.it\/eng\/wp-json\/wp\/v2\/posts\/3286","targetHints":{"allow":["GET"]}}],"collection":[{"href":"https:\/\/terredeshommes.it\/eng\/wp-json\/wp\/v2\/posts"}],"about":[{"href":"https:\/\/terredeshommes.it\/eng\/wp-json\/wp\/v2\/types\/post"}],"author":[{"embeddable":true,"href":"https:\/\/terredeshommes.it\/eng\/wp-json\/wp\/v2\/users\/6"}],"replies":[{"embeddable":true,"href":"https:\/\/terredeshommes.it\/eng\/wp-json\/wp\/v2\/comments?post=3286"}],"version-history":[{"count":10,"href":"https:\/\/terredeshommes.it\/eng\/wp-json\/wp\/v2\/posts\/3286\/revisions"}],"predecessor-version":[{"id":3355,"href":"https:\/\/terredeshommes.it\/eng\/wp-json\/wp\/v2\/posts\/3286\/revisions\/3355"}],"wp:featuredmedia":[{"embeddable":true,"href":"https:\/\/terredeshommes.it\/eng\/wp-json\/wp\/v2\/media\/2361"}],"wp:attachment":[{"href":"https:\/\/terredeshommes.it\/eng\/wp-json\/wp\/v2\/media?parent=3286"}],"wp:term":[{"taxonomy":"category","embeddable":true,"href":"https:\/\/terredeshommes.it\/eng\/wp-json\/wp\/v2\/categories?post=3286"},{"taxonomy":"post_tag","embeddable":true,"href":"https:\/\/terredeshommes.it\/eng\/wp-json\/wp\/v2\/tags?post=3286"}],"curies":[{"name":"wp","href":"https:\/\/api.w.org\/{rel}","templated":true}]}}