{"id":3793,"date":"2023-01-10T09:30:31","date_gmt":"2023-01-10T08:30:31","guid":{"rendered":"https:\/\/terredeshommes.it\/?p=3793"},"modified":"2023-01-10T09:30:34","modified_gmt":"2023-01-10T08:30:34","slug":"nuovo-decreto-migranti-lappello-di-terre-des-hommes","status":"publish","type":"post","link":"https:\/\/terredeshommes.it\/eng\/comunicati\/nuovo-decreto-migranti-lappello-di-terre-des-hommes\/","title":{"rendered":"Nuovo decreto migranti: L&#8217;appello di Terre des Hommes"},"content":{"rendered":"<p>[et_pb_section fb_built=&#8221;1&#8243; _builder_version=&#8221;4.16&#8243; global_colors_info=&#8221;{}&#8221;][et_pb_row column_structure=&#8221;1_5,3_5,1_5&#8243; _builder_version=&#8221;4.16&#8243; background_size=&#8221;initial&#8221; background_position=&#8221;top_left&#8221; background_repeat=&#8221;repeat&#8221; global_colors_info=&#8221;{}&#8221;][et_pb_column type=&#8221;1_5&#8243; _builder_version=&#8221;4.16&#8243; custom_padding=&#8221;|||&#8221; global_colors_info=&#8221;{}&#8221; custom_padding__hover=&#8221;|||&#8221;][\/et_pb_column][et_pb_column type=&#8221;3_5&#8243; _builder_version=&#8221;4.16&#8243; custom_padding=&#8221;|||&#8221; global_colors_info=&#8221;{}&#8221; custom_padding__hover=&#8221;|||&#8221;][et_pb_text admin_label=&#8221;Testo&#8221; _builder_version=&#8221;4.18.0&#8243; background_size=&#8221;initial&#8221; background_position=&#8221;top_left&#8221; background_repeat=&#8221;repeat&#8221; width=&#8221;100%&#8221; custom_margin=&#8221;|151px||-2px||&#8221; custom_padding=&#8221;|0px||||&#8221; global_colors_info=&#8221;{}&#8221;]<\/p>\n<p>&nbsp;<\/p>\n<h3 style=\"text-align: center;\"><span style=\"color: #ff6600;\">NUOVO DECRETO MIGRANTI<\/span><\/h3>\n<h3 style=\"text-align: center;\"><span style=\"color: #ff6600;\">L\u2019APPELLO DI TERRE DES HOMMES: \u201cGARANTIRE PROTEZIONE e diritti A chi si trova in condizioni di estrema vulnerabilit\u00e0&#8221;<\/span><\/h3>\n<p><em>\u201cEsprimiamo forte<\/em><em> preoccupazione per l\u2019impatto che il recente Decreto 2\/1\/2023 n.1 recante disposizioni urgenti per la gestione dei flussi migratori sta gi\u00e0 avendo sulle operazioni di salvataggio, con particolare riferimento alla condizione dei minori non accompagnati e, pi\u00f9 in generale di persone che presentano una condizione fisica o psichica di estrema fragilit\u00e0.\u201d<\/em> Dichiara <strong>Federica Giannotta, Responsabile Advocacy e programmi Italia di Terre des Hommes<\/strong>, l\u2019ONG che dal 2011 \u00e8 presente nei luoghi di sbarco con il <strong>progetto FARO<\/strong>, per garantire assistenza, protezione e supporto psicosociale ai minori migranti e alle loro famiglie.<\/p>\n<p>La disposizione secondo cui la nave \u00e8 tenuta a raggiungere \u2018senza ritardo\u2019 il porto sicuro assegnato, con divieto di potersi dedicare a ulteriori salvataggi di persone in condizioni di bisogno di cui \u00e8 a conoscenza, \u00e8 un primo punto che fa riflettere.<\/p>\n<p>A ci\u00f2 si aggiunge il tema dell\u2019assegnazione del porto sicuro, prontamente comunicato alla nave di salvataggio in <strong>citt\u00e0 lontane che implicano anche giorni di navigazione per poter essere raggiunte.<\/strong><\/p>\n<p>Quattro sono i giorni di mare che separano le due navi Geo Barents di MSF (con <strong>73 migranti a bordo<\/strong> di cui <strong>16 minori<\/strong>) e Ocean Viking di SOS Mediterran\u00e9e (con <strong>37 migranti a bordo<\/strong>), dal porto sicuro di Ancona, citt\u00e0 indicata per l\u2019approdo della nave.<\/p>\n<p><strong>Il nuovo quadro regolamentare che disciplina l\u2019attivit\u00e0 di search and rescue non sembra volere tenere in conto della fragilit\u00e0 e dei bisogni umani delle persone salvate, costrette ad affrontare interminabili ore in condizioni di vulnerabilit\u00e0 non solo fisica ma anche giuridica<\/strong>, dal momento che le neo-procedure costringono a rimandare di giorni l\u2019assegnazione di un l\u2019assenza di un tutore per i minori e l\u2019accesso alle opportune cure ed assistenza per chi \u00e8 pi\u00f9 fragile.<\/p>\n<p><strong>Alessandra Ballerini<\/strong>, <strong>Avvocata, consulente legale di Terre des Hommes<\/strong> <em>\u201cSiamo solidali con i colleghi che ogni giorno si dedicano al salvataggio di vite umane nel Mediterraneo e riteniamo che l\u2019impegno comune dovrebbe essere indirizzato a garantire ai pi\u00f9 fragili e alle persone in difficolt\u00e0 un accesso a cure, protezione ed assistenza, tempestivo ed efficace, soprattutto quando si tratta di minori\u201d.<\/em><\/p>\n<p>&nbsp;<\/p>\n<p><span>\u00a0<\/span><\/p>\n<p><span>\u00a0<\/span><\/p>\n<p><span>\u00a0<\/span><\/p>\n<p><span>\u00a0<\/span><\/p>\n<h3 style=\"text-align: center;\"><\/h3>\n<p>[\/et_pb_text][\/et_pb_column][et_pb_column type=&#8221;1_5&#8243; _builder_version=&#8221;4.16&#8243; custom_padding=&#8221;|||&#8221; global_colors_info=&#8221;{}&#8221; custom_padding__hover=&#8221;|||&#8221;][\/et_pb_column][\/et_pb_row][\/et_pb_section]<\/p>\n","protected":false},"excerpt":{"rendered":"<p>&nbsp; NUOVO DECRETO MIGRANTI L\u2019APPELLO DI TERRE DES HOMMES: \u201cGARANTIRE PROTEZIONE e diritti A chi si trova in condizioni di estrema vulnerabilit\u00e0&#8221; \u201cEsprimiamo forte preoccupazione per l\u2019impatto che il recente Decreto 2\/1\/2023 n.1 recante disposizioni urgenti per la gestione dei flussi migratori sta gi\u00e0 avendo sulle operazioni di salvataggio, con particolare riferimento alla condizione dei [&hellip;]<\/p>\n","protected":false},"author":6,"featured_media":3796,"comment_status":"open","ping_status":"open","sticky":false,"template":"","format":"standard","meta":{"_et_pb_use_builder":"on","_et_pb_old_content":"Cras mattis consectetur purus sit amet fermentum. Aenean lacinia bibendum nulla sed consectetur. Donec ullamcorper nulla non metus auctor fringilla. Donec ullamcorper nulla non metus auctor fringilla.","_et_gb_content_width":"","footnotes":""},"categories":[16],"tags":[],"class_list":["post-3793","post","type-post","status-publish","format-standard","has-post-thumbnail","hentry","category-comunicati"],"yoast_head":"<!-- This site is optimized with the Yoast SEO plugin v21.1 - https:\/\/yoast.com\/wordpress\/plugins\/seo\/ -->\n<title>Nuovo decreto migranti: L&#039;appello di Terre des Hommes<\/title>\n<meta name=\"description\" content=\"\u00e8 forte la preoccupazione per l&#039;impatto che il nuovo decreto migranti sta avendo sulle operazioni di salvataggio in mare.\" \/>\n<meta name=\"robots\" content=\"index, follow, max-snippet:-1, max-image-preview:large, max-video-preview:-1\" \/>\n<link rel=\"canonical\" href=\"https:\/\/terredeshommes.it\/eng\/comunicati\/nuovo-decreto-migranti-lappello-di-terre-des-hommes\/\" \/>\n<meta property=\"og:locale\" content=\"en_US\" \/>\n<meta property=\"og:type\" content=\"article\" \/>\n<meta property=\"og:title\" content=\"Nuovo decreto migranti: L&#039;appello di Terre des Hommes\" \/>\n<meta property=\"og:description\" content=\"\u00e8 forte la preoccupazione per l&#039;impatto che il nuovo decreto migranti sta avendo sulle operazioni di salvataggio in mare.\" \/>\n<meta property=\"og:url\" content=\"https:\/\/terredeshommes.it\/eng\/comunicati\/nuovo-decreto-migranti-lappello-di-terre-des-hommes\/\" \/>\n<meta property=\"og:site_name\" content=\"Terre des Hommes Italia\" \/>\n<meta property=\"article:published_time\" content=\"2023-01-10T08:30:31+00:00\" \/>\n<meta property=\"article:modified_time\" content=\"2023-01-10T08:30:34+00:00\" \/>\n<meta property=\"og:image\" content=\"https:\/\/terredeshommes.it\/eng\/wp-content\/uploads\/BANCHINA-POZZALLO-TERRE-DES-HOMMES-1141-scaled.jpg\" \/>\n\t<meta property=\"og:image:width\" content=\"2560\" \/>\n\t<meta property=\"og:image:height\" content=\"1707\" \/>\n\t<meta property=\"og:image:type\" content=\"image\/jpeg\" \/>\n<meta name=\"author\" content=\"Anna Bianchi\" \/>\n<meta name=\"twitter:card\" content=\"summary_large_image\" \/>\n<meta name=\"twitter:label1\" content=\"Written by\" \/>\n\t<meta name=\"twitter:data1\" content=\"Anna Bianchi\" \/>\n\t<meta name=\"twitter:label2\" content=\"Est. reading time\" \/>\n\t<meta name=\"twitter:data2\" content=\"3 minutes\" \/>\n<script type=\"application\/ld+json\" class=\"yoast-schema-graph\">{\"@context\":\"https:\/\/schema.org\",\"@graph\":[{\"@type\":\"WebPage\",\"@id\":\"https:\/\/terredeshommes.it\/eng\/comunicati\/nuovo-decreto-migranti-lappello-di-terre-des-hommes\/\",\"url\":\"https:\/\/terredeshommes.it\/eng\/comunicati\/nuovo-decreto-migranti-lappello-di-terre-des-hommes\/\",\"name\":\"Nuovo decreto migranti: L'appello di Terre des Hommes\",\"isPartOf\":{\"@id\":\"https:\/\/terredeshommes.it\/eng\/#website\"},\"datePublished\":\"2023-01-10T08:30:31+00:00\",\"dateModified\":\"2023-01-10T08:30:34+00:00\",\"author\":{\"@id\":\"https:\/\/terredeshommes.it\/eng\/#\/schema\/person\/dbba823406adc60a974a3434150e38d5\"},\"description\":\"\u00e8 forte la preoccupazione per l'impatto che il nuovo decreto migranti sta avendo sulle operazioni di salvataggio in mare.\",\"breadcrumb\":{\"@id\":\"https:\/\/terredeshommes.it\/eng\/comunicati\/nuovo-decreto-migranti-lappello-di-terre-des-hommes\/#breadcrumb\"},\"inLanguage\":\"en-US\",\"potentialAction\":[{\"@type\":\"ReadAction\",\"target\":[\"https:\/\/terredeshommes.it\/eng\/comunicati\/nuovo-decreto-migranti-lappello-di-terre-des-hommes\/\"]}]},{\"@type\":\"BreadcrumbList\",\"@id\":\"https:\/\/terredeshommes.it\/eng\/comunicati\/nuovo-decreto-migranti-lappello-di-terre-des-hommes\/#breadcrumb\",\"itemListElement\":[{\"@type\":\"ListItem\",\"position\":1,\"name\":\"Home\",\"item\":\"https:\/\/terredeshommes.it\/eng\/\"},{\"@type\":\"ListItem\",\"position\":2,\"name\":\"Nuovo decreto migranti: L&#8217;appello di Terre des Hommes\"}]},{\"@type\":\"WebSite\",\"@id\":\"https:\/\/terredeshommes.it\/eng\/#website\",\"url\":\"https:\/\/terredeshommes.it\/eng\/\",\"name\":\"Terre des Hommes Italia\",\"description\":\"Proteggiamo i bambini insieme\",\"potentialAction\":[{\"@type\":\"SearchAction\",\"target\":{\"@type\":\"EntryPoint\",\"urlTemplate\":\"https:\/\/terredeshommes.it\/eng\/?s={search_term_string}\"},\"query-input\":\"required name=search_term_string\"}],\"inLanguage\":\"en-US\"},{\"@type\":\"Person\",\"@id\":\"https:\/\/terredeshommes.it\/eng\/#\/schema\/person\/dbba823406adc60a974a3434150e38d5\",\"name\":\"Anna Bianchi\",\"url\":\"https:\/\/terredeshommes.it\/eng\/author\/a-bianchitdhitaly-org\/\"}]}<\/script>\n<!-- \/ Yoast SEO plugin. -->","yoast_head_json":{"title":"Nuovo decreto migranti: L'appello di Terre des Hommes","description":"\u00e8 forte la preoccupazione per l'impatto che il nuovo decreto migranti sta avendo sulle operazioni di salvataggio in mare.","robots":{"index":"index","follow":"follow","max-snippet":"max-snippet:-1","max-image-preview":"max-image-preview:large","max-video-preview":"max-video-preview:-1"},"canonical":"https:\/\/terredeshommes.it\/eng\/comunicati\/nuovo-decreto-migranti-lappello-di-terre-des-hommes\/","og_locale":"en_US","og_type":"article","og_title":"Nuovo decreto migranti: L'appello di Terre des Hommes","og_description":"\u00e8 forte la preoccupazione per l'impatto che il nuovo decreto migranti sta avendo sulle operazioni di salvataggio in mare.","og_url":"https:\/\/terredeshommes.it\/eng\/comunicati\/nuovo-decreto-migranti-lappello-di-terre-des-hommes\/","og_site_name":"Terre des Hommes Italia","article_published_time":"2023-01-10T08:30:31+00:00","article_modified_time":"2023-01-10T08:30:34+00:00","og_image":[{"width":2560,"height":1707,"url":"https:\/\/terredeshommes.it\/eng\/wp-content\/uploads\/BANCHINA-POZZALLO-TERRE-DES-HOMMES-1141-scaled.jpg","type":"image\/jpeg"}],"author":"Anna Bianchi","twitter_card":"summary_large_image","twitter_misc":{"Written by":"Anna Bianchi","Est. reading time":"3 minutes"},"schema":{"@context":"https:\/\/schema.org","@graph":[{"@type":"WebPage","@id":"https:\/\/terredeshommes.it\/eng\/comunicati\/nuovo-decreto-migranti-lappello-di-terre-des-hommes\/","url":"https:\/\/terredeshommes.it\/eng\/comunicati\/nuovo-decreto-migranti-lappello-di-terre-des-hommes\/","name":"Nuovo decreto migranti: L'appello di Terre des Hommes","isPartOf":{"@id":"https:\/\/terredeshommes.it\/eng\/#website"},"datePublished":"2023-01-10T08:30:31+00:00","dateModified":"2023-01-10T08:30:34+00:00","author":{"@id":"https:\/\/terredeshommes.it\/eng\/#\/schema\/person\/dbba823406adc60a974a3434150e38d5"},"description":"\u00e8 forte la preoccupazione per l'impatto che il nuovo decreto migranti sta avendo sulle operazioni di salvataggio in mare.","breadcrumb":{"@id":"https:\/\/terredeshommes.it\/eng\/comunicati\/nuovo-decreto-migranti-lappello-di-terre-des-hommes\/#breadcrumb"},"inLanguage":"en-US","potentialAction":[{"@type":"ReadAction","target":["https:\/\/terredeshommes.it\/eng\/comunicati\/nuovo-decreto-migranti-lappello-di-terre-des-hommes\/"]}]},{"@type":"BreadcrumbList","@id":"https:\/\/terredeshommes.it\/eng\/comunicati\/nuovo-decreto-migranti-lappello-di-terre-des-hommes\/#breadcrumb","itemListElement":[{"@type":"ListItem","position":1,"name":"Home","item":"https:\/\/terredeshommes.it\/eng\/"},{"@type":"ListItem","position":2,"name":"Nuovo decreto migranti: L&#8217;appello di Terre des Hommes"}]},{"@type":"WebSite","@id":"https:\/\/terredeshommes.it\/eng\/#website","url":"https:\/\/terredeshommes.it\/eng\/","name":"Terre des Hommes Italia","description":"Proteggiamo i bambini insieme","potentialAction":[{"@type":"SearchAction","target":{"@type":"EntryPoint","urlTemplate":"https:\/\/terredeshommes.it\/eng\/?s={search_term_string}"},"query-input":"required name=search_term_string"}],"inLanguage":"en-US"},{"@type":"Person","@id":"https:\/\/terredeshommes.it\/eng\/#\/schema\/person\/dbba823406adc60a974a3434150e38d5","name":"Anna Bianchi","url":"https:\/\/terredeshommes.it\/eng\/author\/a-bianchitdhitaly-org\/"}]}},"_links":{"self":[{"href":"https:\/\/terredeshommes.it\/eng\/wp-json\/wp\/v2\/posts\/3793","targetHints":{"allow":["GET"]}}],"collection":[{"href":"https:\/\/terredeshommes.it\/eng\/wp-json\/wp\/v2\/posts"}],"about":[{"href":"https:\/\/terredeshommes.it\/eng\/wp-json\/wp\/v2\/types\/post"}],"author":[{"embeddable":true,"href":"https:\/\/terredeshommes.it\/eng\/wp-json\/wp\/v2\/users\/6"}],"replies":[{"embeddable":true,"href":"https:\/\/terredeshommes.it\/eng\/wp-json\/wp\/v2\/comments?post=3793"}],"version-history":[{"count":4,"href":"https:\/\/terredeshommes.it\/eng\/wp-json\/wp\/v2\/posts\/3793\/revisions"}],"predecessor-version":[{"id":3798,"href":"https:\/\/terredeshommes.it\/eng\/wp-json\/wp\/v2\/posts\/3793\/revisions\/3798"}],"wp:featuredmedia":[{"embeddable":true,"href":"https:\/\/terredeshommes.it\/eng\/wp-json\/wp\/v2\/media\/3796"}],"wp:attachment":[{"href":"https:\/\/terredeshommes.it\/eng\/wp-json\/wp\/v2\/media?parent=3793"}],"wp:term":[{"taxonomy":"category","embeddable":true,"href":"https:\/\/terredeshommes.it\/eng\/wp-json\/wp\/v2\/categories?post=3793"},{"taxonomy":"post_tag","embeddable":true,"href":"https:\/\/terredeshommes.it\/eng\/wp-json\/wp\/v2\/tags?post=3793"}],"curies":[{"name":"wp","href":"https:\/\/api.w.org\/{rel}","templated":true}]}}