{"id":4072,"date":"2023-02-02T11:47:06","date_gmt":"2023-02-02T10:47:06","guid":{"rendered":"https:\/\/terredeshommes.it\/?p=4072"},"modified":"2023-02-02T11:47:06","modified_gmt":"2023-02-02T10:47:06","slug":"1-adolescente-su-2-vittima-di-bullismo-o-cyberbullismo","status":"publish","type":"post","link":"https:\/\/terredeshommes.it\/eng\/comunicati\/1-adolescente-su-2-vittima-di-bullismo-o-cyberbullismo\/","title":{"rendered":"Osservatorio indifesa 2023: 1 adolescente su 2 vittima di bullismo o cyberbullismo"},"content":{"rendered":"<p>[et_pb_section fb_built=&#8221;1&#8243; _builder_version=&#8221;4.16&#8243; global_colors_info=&#8221;{}&#8221;][et_pb_row column_structure=&#8221;1_5,3_5,1_5&#8243; _builder_version=&#8221;4.16&#8243; background_size=&#8221;initial&#8221; background_position=&#8221;top_left&#8221; background_repeat=&#8221;repeat&#8221; global_colors_info=&#8221;{}&#8221;][et_pb_column type=&#8221;1_5&#8243; _builder_version=&#8221;4.16&#8243; custom_padding=&#8221;|||&#8221; global_colors_info=&#8221;{}&#8221; custom_padding__hover=&#8221;|||&#8221;][\/et_pb_column][et_pb_column type=&#8221;3_5&#8243; _builder_version=&#8221;4.16&#8243; custom_padding=&#8221;|||&#8221; global_colors_info=&#8221;{}&#8221; custom_padding__hover=&#8221;|||&#8221;][et_pb_text admin_label=&#8221;Testo&#8221; _builder_version=&#8221;4.18.0&#8243; background_size=&#8221;initial&#8221; background_position=&#8221;top_left&#8221; background_repeat=&#8221;repeat&#8221; width=&#8221;100%&#8221; custom_margin=&#8221;|151px||-2px||&#8221; custom_padding=&#8221;|0px||||&#8221; hover_enabled=&#8221;0&#8243; global_colors_info=&#8221;{}&#8221; sticky_enabled=&#8221;0&#8243;]<\/p>\n<p>&nbsp;<\/p>\n<h3 style=\"text-align: center;\"><span style=\"color: #ff6600;\">1 adolescente su 2 \u00e8 vittima di bullismo o cyberbullismo<\/span><\/h3>\n<p>Sono <strong>3.405<\/strong> i ragazzi e le ragazze di <strong>tutta Italia<\/strong> tra i <strong>14 e i 26 anni<\/strong> che hanno preso parte all\u2019Osservatorio <strong><span style=\"color: #ff6600;\">in<\/span>difesa<\/strong>2022-23 realizzato da Terre des Hommes, insieme a <strong>OneDay<\/strong> e alla community di <strong>ScuolaZoo<\/strong>.<\/p>\n<p><strong><br \/>BULLISMO E CYBERBULLISMO<\/strong> sono due fenomeni sempre molto presenti tra i giovani. Fra loro il <strong>47,7% \u00e8 vittima di bullismo o cyberbullismo<\/strong> e il pretesto principale per il quale vengono attaccati \u00e8 <strong>l\u2019aspetto fisico<\/strong> (ce lo dice il <strong>37%<\/strong> dei partecipanti). Seguono, ma con ampio distacco, origine etnica <strong>7%; <\/strong>orientamento sessuale <strong>5%<\/strong>; condizione economica <strong>3,5%;<\/strong> religione <strong>3,3%;<\/strong> identit\u00e0 di genere <strong>1,9%;<\/strong> disabilit\u00e0 <strong>1,3%.<\/strong><\/p>\n<p><strong>5 giovani su 10<\/strong> hanno <strong>assistito<\/strong> a\u00a0<strong>violenze fisiche<\/strong> &#8211; specie scherzi pesanti <strong>(38%)<\/strong> e aggressioni <strong>(19%)<\/strong>.\u00a0Tra le violenze <strong>psicologiche<\/strong> invece spiccano episodi di\u00a0<strong>emarginazione ed esclusione<\/strong> <strong>(48%)<\/strong>\u00a0e le umiliazioni pubbliche <strong>(38%).<\/strong><\/p>\n<p><strong>Gli effetti <\/strong>di questo tipo di violenza tra pari generano\u00a0<strong>perdita di autostima e\u00a0di fiducia negli altri\u00a0<\/strong>nel <strong>38%<\/strong> dei rispondenti, oltre a <span><strong>isolamento<\/strong><\/span>\u00a0e allontanamento dal resto dei coetanei (<strong>21%<\/strong>). Il <strong>21%<\/strong> nota un <strong>peggioramento del rendimento scolastico<\/strong> o addirittura il <strong>rifiuto della scuola<\/strong>. Il <strong>19%<\/strong> tra ragazzi e ragazze dice di aver sofferto di\u00a0<strong>ansia\u00a0<span>sociale<\/span>\u00a0e attacchi di panico, <\/strong>e tra gli effetti subiti dalle vittime di bullismo ci sono anche <strong>disturbi alimentari<\/strong> (<strong>12%<\/strong>) <strong>depressione<\/strong> (<strong>11%<\/strong>) e <strong>autolesionismo<\/strong> (<strong>8%<\/strong>).<\/p>\n<h5><span style=\"color: #ff6600;\"><strong>I RAGAZZI NON CHIEDONO AIUTO AGLI ADULTI<\/strong><\/span><\/h5>\n<p><strong> <\/strong>Solo il <strong>5%<\/strong> tra loro si rivolge ad un <strong>adulto<\/strong> o a uno <strong>sportello<\/strong> se assiste a episodi di bullismo o cyberbullismo. Il <strong>14% non fa nulla<\/strong>, la maggioranza tra loro cerca di dare <strong>un supporto diretto alla vittima e non lasciarla sola 29,5%.<\/strong><\/p>\n<p>D\u2019altra parte, sia che ne siano vittime o meno, il <strong>31,5%<\/strong> dei ragazzi e delle ragazze <strong>non parlano con nessuno di bullismo e cyberbullismo<\/strong>. Il <strong>24%<\/strong> ne parla con <strong>amici<\/strong>, il <strong>21%<\/strong> con la <strong>mamma<\/strong> (mentre solo il <strong>3%<\/strong> ne parlerebbe col <strong>pap\u00e0<\/strong>!) \u00a0solo il <strong>6%<\/strong> con gli insegnanti, solo l\u2019<strong>1,42% <\/strong>ne parla con lo psicologo a scuola, nonostante <a href=\"https:\/\/terredeshommes.it\/eng\/comunicati\/osservatorio-indifesa-1-adolescente-2-vittima-bullismo\/\">i ragazzi chiedano a gran voce il supporto psicologico.<\/a><\/p>\n<p>A tal proposito per il <strong>70%<\/strong> tra i partecipanti al sondaggio <strong>la scuola non fa abbastanza<\/strong> per prevenire questi due fenomeni.<\/p>\n<h5><span style=\"color: #ff6600;\"><strong>UNA PETIZIONE PER UN WEB PI\u00d9 SICURO<\/strong><\/span><\/h5>\n<p><strong> <\/strong><strong>Quasi 8 ragazzi su 10<\/strong> hanno paura del web e il <strong>cyberbullismo \u00e8 la minaccia pi\u00f9 temuta<\/strong> dagli adolescenti quando sono online, lo afferma il <strong>23%<\/strong> tra loro, ma sono percepite come minacce anche il furto di identit\u00e0 (<strong>18%<\/strong>) e l\u2019alienazione dalla vita reale (<strong>18%<\/strong>). Il <strong>55%<\/strong> tra i ragazzi ci dice che i propri genitori non controllano la loro attivit\u00e0 online.<\/p>\n<p><strong>Terre des Hommes,<\/strong> che negli anni ha realizzato campagne di sensibilizzazione per la sicurezza dei minori online, anche a livello internazionale, lo scorso maggio ha presentato una <a href=\"https:\/\/terredeshommes.it\/eng\/comunicati\/terre-des-hommes-presenta-le-proposte-riforma-la-protezione-dei-minori-dalla-violenza-online\/\"><strong>proposta di riforma legislativa<\/strong><\/a> per rendere il web un ambiente pi\u00f9 protetto.<\/p>\n<p>In occasione del Safer Internet Day Terre des Hommes chiede ai ragazzi e alle ragazze di firmare e condividere <a href=\"https:\/\/petizioni.terredeshommes.it\/petitions\/stop-alla-violenza-online\/\"><strong>la petizione lanciata a sostegno di questa proposta di riforma<\/strong>:<\/a> vogliamo fare arrivare chiaramente alle Istituzioni la richiesta di una maggiore attenzione nei confronti del benessere e della sicurezza dei minori, anche quando si parla di internet.<\/p>\n<h5><span style=\"color: #ff6600;\"><strong>I RAGAZZI E LE RAGAZZE TEMONO LA SOLITUDINE<\/strong><\/span><\/h5>\n<p><strong> <\/strong>Lo afferma il <strong>22% tra i partecipanti al sondaggio<\/strong> e la risposta trova ulteriore conferma nelle <strong>domande rivolte agli adolescenti attraverso i profili Instagram di OneDay e ScuolaZoo<\/strong>.<\/p>\n<p>In una sorta di estensione dell\u2019Osservatorio <strong><span style=\"color: #ff6600;\">in<\/span>difesa <\/strong>sui canali social, i ragazzi hanno confermato il <strong>forte senso di solitudine<\/strong> che percepiscono, un segnale che l\u2019Osservatorio rileva da tre anni, ovvero dalla pandemia. Su <strong>11.333 risposte<\/strong>, <strong>l\u201984%<\/strong> degli adolescenti della community ha confermato di sentirsi solo.<\/p>\n<p>Anche le altre domande sui social confermano il trend dell\u2019indagine: la <strong>GenZ<\/strong> vede chiaramente il bullismo come un problema tra i banchi di scuola e, purtroppo, <strong>pi\u00f9 della met\u00e0<\/strong> (il 60%) degli studenti \u00e8 stata <strong>vittima di bullismo<\/strong> almeno una volta nella propria carriera scolastica. Ma solo il <strong>39%<\/strong> si sente preso sul serio dagli adulti (scuola o famiglia) se denuncia.<\/p>\n<p><em>\u201cMai come quest\u2019anno le risposte dei tanti ragazzi e ragazze che hanno partecipato all\u2019Osservatorio <\/em><strong><span style=\"color: #ff6600;\">in<\/span>difesa <\/strong><em>ci fanno riflettere sulla difficolt\u00e0 di dialogo tra generazioni. Parlando di un tema cos\u00ec delicato e purtroppo ancora molto pervasivo, come il bullismo e cyberbullismo, i ragazzi e le ragazze non vogliono, o non riescono a chiedere aiuto alle figure adulte.\u201d <\/em>Afferma <strong>Paolo Ferrara<\/strong>, <strong>Direttore Generale Terre des Hommes Italia<\/strong> <em>\u201cTutto ci\u00f2 non pu\u00f2 che farci soffermare sulla necessit\u00e0 di ascoltare le loro richieste, le loro domande e le loro opinioni, nonch\u00e9 stimolarci a continuare il nostro percorso di partecipazione giovanile, che ormai vede nell\u2019Osservatorio un momento fisso di confronto con i ragazzi, ma che si articola nelle attivit\u00e0 del Network<\/em> <strong><span style=\"color: #ff6600;\">in<\/span>difesa<\/strong>,<em> nel coinvolgimento del mondo dello sport, nella creazione di spazi, come l\u2019Hub Spazio <\/em><strong><span style=\"color: #ff6600;\">in<\/span>difesa<\/strong><em>, in cui i giovani possano aggregarsi, non isolarsi e coltivare i loro talenti e le loro passioni, renderli sempre pi\u00f9 consapevoli dei loro diritti, e favorire la loro partecipazione nelle decisioni che li riguardano.<\/em><\/p>\n<p><em>&#8220;Il Progetto Indifesa \u00e8 uno strumento fondamentale di osservazione sui temi che riguardano bullismo e cyberbullismo. Anche quest&#8217;anno abbiamo contribuito a restituire uno scenario sul target nuove generazioni grazie al sondaggio che ha visto coinvolta la community di giovani di ScuolaZoo e OneDay. Dal sondaggio emerge una costante: i giovani hanno difficolt\u00e0 a costruire relazioni tra loro e con il mondo adulto, questo provoca una chiusura verso l&#8217;altro che li porta a rifugiarsi nel mondo del web che ritengono per\u00f2 poco sicuro. Come responsabili del futuro delle nuove generazioni emerge chiaramente la necessit\u00e0 di intervenire creando occasioni di dialogo affinch\u00e9 i giovani possano affiancare alla vita online una vita offline fatta di esperienze e di incontri reali e positivi.&#8221; <\/em>Commenta <strong>Gaia Marzo, Corporate Communication Director, Equity partner di OneDay Group e membro del Comitato Scientifico di <span style=\"color: #ff6600;\">in<\/span>difesa<\/strong><em>.\u00a0<\/em><\/p>\n<h5><span style=\"color: #ff6600;\"><strong>L\u2019OSSERVATORIO SUGLI ADOLESCENTI ITALIANI <\/strong><\/span><\/h5>\n<p>Dal 2014 Terre des Hommes, in collaborazione con OneDay e ScuolaZoo, porta avanti l\u2019<strong>Osservatorio <span style=\"color: #ff6600;\">in<\/span>difesa<\/strong>, uno strumento per ascoltare la voce dei ragazzi e delle ragazze italiane su violenza di genere, discriminazioni, bullismo, cyberbullismo e sexting. <strong>Dal suo avvio a oggi pi\u00f9 di 64.000 ragazzi e ragazze di tutta Italia sono stati coinvolti<\/strong> tramite i canali social di OneDay e ScuolaZoo, per un totale di pi\u00f9 di 10 milioni di contatti online in quello che rappresenta, a oggi, l\u2019<strong>unico punto d\u2019osservazione permanente su questi temi<\/strong>. Uno strumento fondamentale per orientare le politiche delle istituzioni e della comunit\u00e0 educante italiana.<\/p>\n<p>L\u2019Osservatorio <strong><span style=\"color: #ff6600;\">in<\/span>difesa<\/strong> 2022-23 e le attivit\u00e0 di coinvolgimento dei ragazzi e delle ragazze sono stati realizzati grazie al prezioso supporto di <strong>RAI per la Sostenibilit\u00e0 ESG<\/strong> e di <strong>BIC\u00ae <\/strong>che \u00e8 a fianco di Terre des Hommes attraverso il progetto <strong>Network <span style=\"color: #ff6600;\">in<\/span>difesa<\/strong><strong>la prima rete italiana di WebRadio e giovani ambasciatori contro la discriminazione, gli stereotipi e la violenza di genere, bullismo, cyber-bullismo e sexting<\/strong> per promuovere la partecipazione\u00a0e il protagonismo dei ragazzi\u00a0e delle ragazze attraverso il loro coinvolgimento attivo in tutte le fasi del progetto per realizzare programmi radio mirati alla conoscenza e alla riflessione su violenza, discriminazioni e stereotipi di genere.<\/p>\n<p><em>\u00a0<\/em><\/p>\n<p>La <a href=\"http:\/\/www.indifesa.org\/\"><span>Campagna <\/span><span>in<\/span><span>difesa<\/span><\/a> di Terre des Hommes \u00e8 nata per garantire alle bambine di tutto il mondo istruzione, salute, protezione da violenza, discriminazioni e abusi. Con questa grande campagna di sensibilizzazione Terre des Hommes ha messo al centro del proprio intervento la <strong>promozione dei diritti delle bambine nel mondo<\/strong> a partire da interventi sul campo volti a dare risultati concreti per rompere il ciclo della povert\u00e0 e offrire migliori opportunit\u00e0 di vita a migliaia di bambine e ragazze nel mondo.<\/p>\n<p>Sostengono la campagna <strong>indifesa<\/strong>: <strong>Benefit Cosmetics,<\/strong> <strong>BIC\u00ae, BIC Foundation, C&amp;A, Douglas, Esserbella, catena di profumerie del Gruppo Esselunga<\/strong><strong>, <\/strong><strong>Fondazione Milan, Fondazione Zanetti, MainAD, RAI per la Sostenibilit\u00e0 ESG, Sorgenia, RGI Group, Valvorobica<\/strong>.<\/p>\n<p>&nbsp;<\/p>\n<p>&nbsp;<\/p>\n<p>[\/et_pb_text][\/et_pb_column][et_pb_column type=&#8221;1_5&#8243; _builder_version=&#8221;4.16&#8243; custom_padding=&#8221;|||&#8221; global_colors_info=&#8221;{}&#8221; custom_padding__hover=&#8221;|||&#8221;][\/et_pb_column][\/et_pb_row][\/et_pb_section]<\/p>\n","protected":false},"excerpt":{"rendered":"<p>&nbsp; 1 adolescente su 2 \u00e8 vittima di bullismo o cyberbullismo Sono 3.405 i ragazzi e le ragazze di tutta Italia tra i 14 e i 26 anni che hanno preso parte all\u2019Osservatorio indifesa2022-23 realizzato da Terre des Hommes, insieme a OneDay e alla community di ScuolaZoo. BULLISMO E CYBERBULLISMO sono due fenomeni sempre molto [&hellip;]<\/p>\n","protected":false},"author":6,"featured_media":4075,"comment_status":"open","ping_status":"open","sticky":false,"template":"","format":"standard","meta":{"_et_pb_use_builder":"on","_et_pb_old_content":"Cras mattis consectetur purus sit amet fermentum. Aenean lacinia bibendum nulla sed consectetur. Donec ullamcorper nulla non metus auctor fringilla. Donec ullamcorper nulla non metus auctor fringilla.","_et_gb_content_width":"","footnotes":""},"categories":[16],"tags":[],"class_list":["post-4072","post","type-post","status-publish","format-standard","has-post-thumbnail","hentry","category-comunicati"],"yoast_head":"<!-- This site is optimized with the Yoast SEO plugin v21.1 - https:\/\/yoast.com\/wordpress\/plugins\/seo\/ -->\n<title>Osservatorio indifesa 2023: 1 adolescente su 2 vittima di bullismo o cyberbullismo<\/title>\n<meta name=\"description\" content=\"Lo rivela l&#039;Osservatorio indifesa di Terre des Hommes, realizzato in collaborazione con OneDayGroup e la community di ScuolaZoo\" \/>\n<meta name=\"robots\" content=\"index, follow, max-snippet:-1, max-image-preview:large, max-video-preview:-1\" \/>\n<link rel=\"canonical\" href=\"https:\/\/terredeshommes.it\/eng\/comunicati\/1-adolescente-su-2-vittima-di-bullismo-o-cyberbullismo\/\" \/>\n<meta property=\"og:locale\" content=\"en_US\" \/>\n<meta property=\"og:type\" content=\"article\" \/>\n<meta property=\"og:title\" content=\"Osservatorio indifesa 2023: 1 adolescente su 2 vittima di bullismo o cyberbullismo\" \/>\n<meta property=\"og:description\" content=\"Lo rivela l&#039;Osservatorio indifesa di Terre des Hommes, realizzato in collaborazione con OneDayGroup e la community di ScuolaZoo\" \/>\n<meta property=\"og:url\" content=\"https:\/\/terredeshommes.it\/eng\/comunicati\/1-adolescente-su-2-vittima-di-bullismo-o-cyberbullismo\/\" \/>\n<meta property=\"og:site_name\" content=\"Terre des Hommes Italia\" \/>\n<meta property=\"article:published_time\" content=\"2023-02-02T10:47:06+00:00\" \/>\n<meta property=\"og:image\" content=\"https:\/\/terredeshommes.it\/eng\/wp-content\/uploads\/cyberbullismo_safer.jpg\" \/>\n\t<meta property=\"og:image:width\" content=\"1920\" \/>\n\t<meta property=\"og:image:height\" content=\"1080\" \/>\n\t<meta property=\"og:image:type\" content=\"image\/jpeg\" \/>\n<meta name=\"author\" content=\"Anna Bianchi\" \/>\n<meta name=\"twitter:card\" content=\"summary_large_image\" \/>\n<meta name=\"twitter:label1\" content=\"Written by\" \/>\n\t<meta name=\"twitter:data1\" content=\"Anna Bianchi\" \/>\n\t<meta name=\"twitter:label2\" content=\"Est. reading time\" \/>\n\t<meta name=\"twitter:data2\" content=\"4 minutes\" \/>\n<script type=\"application\/ld+json\" class=\"yoast-schema-graph\">{\"@context\":\"https:\/\/schema.org\",\"@graph\":[{\"@type\":\"WebPage\",\"@id\":\"https:\/\/terredeshommes.it\/eng\/comunicati\/1-adolescente-su-2-vittima-di-bullismo-o-cyberbullismo\/\",\"url\":\"https:\/\/terredeshommes.it\/eng\/comunicati\/1-adolescente-su-2-vittima-di-bullismo-o-cyberbullismo\/\",\"name\":\"Osservatorio indifesa 2023: 1 adolescente su 2 vittima di bullismo o cyberbullismo\",\"isPartOf\":{\"@id\":\"https:\/\/terredeshommes.it\/eng\/#website\"},\"datePublished\":\"2023-02-02T10:47:06+00:00\",\"dateModified\":\"2023-02-02T10:47:06+00:00\",\"author\":{\"@id\":\"https:\/\/terredeshommes.it\/eng\/#\/schema\/person\/dbba823406adc60a974a3434150e38d5\"},\"description\":\"Lo rivela l'Osservatorio indifesa di Terre des Hommes, realizzato in collaborazione con OneDayGroup e la community di ScuolaZoo\",\"breadcrumb\":{\"@id\":\"https:\/\/terredeshommes.it\/eng\/comunicati\/1-adolescente-su-2-vittima-di-bullismo-o-cyberbullismo\/#breadcrumb\"},\"inLanguage\":\"en-US\",\"potentialAction\":[{\"@type\":\"ReadAction\",\"target\":[\"https:\/\/terredeshommes.it\/eng\/comunicati\/1-adolescente-su-2-vittima-di-bullismo-o-cyberbullismo\/\"]}]},{\"@type\":\"BreadcrumbList\",\"@id\":\"https:\/\/terredeshommes.it\/eng\/comunicati\/1-adolescente-su-2-vittima-di-bullismo-o-cyberbullismo\/#breadcrumb\",\"itemListElement\":[{\"@type\":\"ListItem\",\"position\":1,\"name\":\"Home\",\"item\":\"https:\/\/terredeshommes.it\/eng\/\"},{\"@type\":\"ListItem\",\"position\":2,\"name\":\"Osservatorio indifesa 2023: 1 adolescente su 2 vittima di bullismo o cyberbullismo\"}]},{\"@type\":\"WebSite\",\"@id\":\"https:\/\/terredeshommes.it\/eng\/#website\",\"url\":\"https:\/\/terredeshommes.it\/eng\/\",\"name\":\"Terre des Hommes Italia\",\"description\":\"Proteggiamo i bambini insieme\",\"potentialAction\":[{\"@type\":\"SearchAction\",\"target\":{\"@type\":\"EntryPoint\",\"urlTemplate\":\"https:\/\/terredeshommes.it\/eng\/?s={search_term_string}\"},\"query-input\":\"required name=search_term_string\"}],\"inLanguage\":\"en-US\"},{\"@type\":\"Person\",\"@id\":\"https:\/\/terredeshommes.it\/eng\/#\/schema\/person\/dbba823406adc60a974a3434150e38d5\",\"name\":\"Anna Bianchi\",\"url\":\"https:\/\/terredeshommes.it\/eng\/author\/a-bianchitdhitaly-org\/\"}]}<\/script>\n<!-- \/ Yoast SEO plugin. -->","yoast_head_json":{"title":"Osservatorio indifesa 2023: 1 adolescente su 2 vittima di bullismo o cyberbullismo","description":"Lo rivela l'Osservatorio indifesa di Terre des Hommes, realizzato in collaborazione con OneDayGroup e la community di ScuolaZoo","robots":{"index":"index","follow":"follow","max-snippet":"max-snippet:-1","max-image-preview":"max-image-preview:large","max-video-preview":"max-video-preview:-1"},"canonical":"https:\/\/terredeshommes.it\/eng\/comunicati\/1-adolescente-su-2-vittima-di-bullismo-o-cyberbullismo\/","og_locale":"en_US","og_type":"article","og_title":"Osservatorio indifesa 2023: 1 adolescente su 2 vittima di bullismo o cyberbullismo","og_description":"Lo rivela l'Osservatorio indifesa di Terre des Hommes, realizzato in collaborazione con OneDayGroup e la community di ScuolaZoo","og_url":"https:\/\/terredeshommes.it\/eng\/comunicati\/1-adolescente-su-2-vittima-di-bullismo-o-cyberbullismo\/","og_site_name":"Terre des Hommes Italia","article_published_time":"2023-02-02T10:47:06+00:00","og_image":[{"width":1920,"height":1080,"url":"https:\/\/terredeshommes.it\/eng\/wp-content\/uploads\/cyberbullismo_safer.jpg","type":"image\/jpeg"}],"author":"Anna Bianchi","twitter_card":"summary_large_image","twitter_misc":{"Written by":"Anna Bianchi","Est. reading time":"4 minutes"},"schema":{"@context":"https:\/\/schema.org","@graph":[{"@type":"WebPage","@id":"https:\/\/terredeshommes.it\/eng\/comunicati\/1-adolescente-su-2-vittima-di-bullismo-o-cyberbullismo\/","url":"https:\/\/terredeshommes.it\/eng\/comunicati\/1-adolescente-su-2-vittima-di-bullismo-o-cyberbullismo\/","name":"Osservatorio indifesa 2023: 1 adolescente su 2 vittima di bullismo o cyberbullismo","isPartOf":{"@id":"https:\/\/terredeshommes.it\/eng\/#website"},"datePublished":"2023-02-02T10:47:06+00:00","dateModified":"2023-02-02T10:47:06+00:00","author":{"@id":"https:\/\/terredeshommes.it\/eng\/#\/schema\/person\/dbba823406adc60a974a3434150e38d5"},"description":"Lo rivela l'Osservatorio indifesa di Terre des Hommes, realizzato in collaborazione con OneDayGroup e la community di ScuolaZoo","breadcrumb":{"@id":"https:\/\/terredeshommes.it\/eng\/comunicati\/1-adolescente-su-2-vittima-di-bullismo-o-cyberbullismo\/#breadcrumb"},"inLanguage":"en-US","potentialAction":[{"@type":"ReadAction","target":["https:\/\/terredeshommes.it\/eng\/comunicati\/1-adolescente-su-2-vittima-di-bullismo-o-cyberbullismo\/"]}]},{"@type":"BreadcrumbList","@id":"https:\/\/terredeshommes.it\/eng\/comunicati\/1-adolescente-su-2-vittima-di-bullismo-o-cyberbullismo\/#breadcrumb","itemListElement":[{"@type":"ListItem","position":1,"name":"Home","item":"https:\/\/terredeshommes.it\/eng\/"},{"@type":"ListItem","position":2,"name":"Osservatorio indifesa 2023: 1 adolescente su 2 vittima di bullismo o cyberbullismo"}]},{"@type":"WebSite","@id":"https:\/\/terredeshommes.it\/eng\/#website","url":"https:\/\/terredeshommes.it\/eng\/","name":"Terre des Hommes Italia","description":"Proteggiamo i bambini insieme","potentialAction":[{"@type":"SearchAction","target":{"@type":"EntryPoint","urlTemplate":"https:\/\/terredeshommes.it\/eng\/?s={search_term_string}"},"query-input":"required name=search_term_string"}],"inLanguage":"en-US"},{"@type":"Person","@id":"https:\/\/terredeshommes.it\/eng\/#\/schema\/person\/dbba823406adc60a974a3434150e38d5","name":"Anna Bianchi","url":"https:\/\/terredeshommes.it\/eng\/author\/a-bianchitdhitaly-org\/"}]}},"_links":{"self":[{"href":"https:\/\/terredeshommes.it\/eng\/wp-json\/wp\/v2\/posts\/4072","targetHints":{"allow":["GET"]}}],"collection":[{"href":"https:\/\/terredeshommes.it\/eng\/wp-json\/wp\/v2\/posts"}],"about":[{"href":"https:\/\/terredeshommes.it\/eng\/wp-json\/wp\/v2\/types\/post"}],"author":[{"embeddable":true,"href":"https:\/\/terredeshommes.it\/eng\/wp-json\/wp\/v2\/users\/6"}],"replies":[{"embeddable":true,"href":"https:\/\/terredeshommes.it\/eng\/wp-json\/wp\/v2\/comments?post=4072"}],"version-history":[{"count":3,"href":"https:\/\/terredeshommes.it\/eng\/wp-json\/wp\/v2\/posts\/4072\/revisions"}],"predecessor-version":[{"id":4077,"href":"https:\/\/terredeshommes.it\/eng\/wp-json\/wp\/v2\/posts\/4072\/revisions\/4077"}],"wp:featuredmedia":[{"embeddable":true,"href":"https:\/\/terredeshommes.it\/eng\/wp-json\/wp\/v2\/media\/4075"}],"wp:attachment":[{"href":"https:\/\/terredeshommes.it\/eng\/wp-json\/wp\/v2\/media?parent=4072"}],"wp:term":[{"taxonomy":"category","embeddable":true,"href":"https:\/\/terredeshommes.it\/eng\/wp-json\/wp\/v2\/categories?post=4072"},{"taxonomy":"post_tag","embeddable":true,"href":"https:\/\/terredeshommes.it\/eng\/wp-json\/wp\/v2\/tags?post=4072"}],"curies":[{"name":"wp","href":"https:\/\/api.w.org\/{rel}","templated":true}]}}