{"id":4271,"date":"2023-02-06T16:10:51","date_gmt":"2023-02-06T15:10:51","guid":{"rendered":"https:\/\/terredeshommes.it\/?p=4271"},"modified":"2023-02-06T16:10:52","modified_gmt":"2023-02-06T15:10:52","slug":"emergenza-siria-terre-des-hommes-e-presente-sui-luoghi-devastati-dal-terremoto","status":"publish","type":"post","link":"https:\/\/terredeshommes.it\/eng\/comunicati\/emergenza-siria-terre-des-hommes-e-presente-sui-luoghi-devastati-dal-terremoto\/","title":{"rendered":"Emergenza Siria: Terre des Hommes \u00e8 presente sui luoghi devastati dal terremoto"},"content":{"rendered":"<p>[et_pb_section fb_built=&#8221;1&#8243; _builder_version=&#8221;4.16&#8243; global_colors_info=&#8221;{}&#8221;][et_pb_row column_structure=&#8221;1_5,3_5,1_5&#8243; _builder_version=&#8221;4.16&#8243; background_size=&#8221;initial&#8221; background_position=&#8221;top_left&#8221; background_repeat=&#8221;repeat&#8221; global_colors_info=&#8221;{}&#8221;][et_pb_column type=&#8221;1_5&#8243; _builder_version=&#8221;4.16&#8243; custom_padding=&#8221;|||&#8221; global_colors_info=&#8221;{}&#8221; custom_padding__hover=&#8221;|||&#8221;][\/et_pb_column][et_pb_column type=&#8221;3_5&#8243; _builder_version=&#8221;4.16&#8243; custom_padding=&#8221;|||&#8221; global_colors_info=&#8221;{}&#8221; custom_padding__hover=&#8221;|||&#8221;][et_pb_text admin_label=&#8221;Testo&#8221; _builder_version=&#8221;4.18.0&#8243; background_size=&#8221;initial&#8221; background_position=&#8221;top_left&#8221; background_repeat=&#8221;repeat&#8221; width=&#8221;100%&#8221; custom_margin=&#8221;|151px||-2px||&#8221; custom_padding=&#8221;|0px||||&#8221; hover_enabled=&#8221;0&#8243; global_colors_info=&#8221;{}&#8221; sticky_enabled=&#8221;0&#8243;]<\/p>\n<p>&nbsp;<\/p>\n<h3 style=\"text-align: center;\"><span style=\"color: #ff6600;\"><strong>Siria: dichiarato stato di emergenza a seguito del catastrofico terremoto avvenuto nella notte<\/strong><\/span><\/h3>\n<h3 style=\"text-align: center;\"><span style=\"color: #ff6600;\"><strong>Terre des Hommes \u00e8 presente sul posto e attiva una raccolta fondi per portare aiuto immediato alla popolazione con distribuzione di kit igienici, cibo e coperte<\/strong><\/span><\/h3>\n<h3 style=\"text-align: center;\"><span style=\"color: #ff6600;\">\u00a0<\/span><\/h3>\n<p>Alle 03:39, un terribile terremoto di magnitudo 7.7 ha colpito la Turchia e la Siria, causando distruzione, devastazione e innumerevoli crolli delle abitazioni nelle zone residenziali.<\/p>\n<p>In Siria, il terremoto ha colpito diverse regioni, con epicentro vicino ad Aleppo, Latakia ed Aleppo.<\/p>\n<p><strong>Il terremoto va a colpire ulteriormente la popolazione siriana gi\u00e0 allo stremo dopo 12 anni di incessante guerra, nel pieno del rigore dell\u2019inverno.<\/strong><\/p>\n<p>I vigili del fuoco, la protezione civile e i volontari del primo soccorso, si sono mobilitati immediatamente per prestare assistenza alla popolazione colpita.\u00a0 Al momento sono gi\u00e0 confermati 237 morti e 639 feriti nelle regioni di Aleppo Lattakia, Hama e Tartous, ma <strong>le cifre continuano a salire.<\/strong><\/p>\n<p><em>\u201cIl terremoto \u00e8 un ulteriore colpo su una popolazione stremata, dalla guerra, dalla povert\u00e0 e dal freddo che colpisce questi giorni il Paese. Noi di Terre des Hommes che siamo presenti in Siria per supportare la popolazione e in particolare i bambini e le bambine colpiti dalla guerra. Al momento ci stiamo coordinando con la SARC (Syrian Arab Red Crescent) e prevediamo di iniziare al pi\u00f9 presto una distribuzione di kit igienici, coperte e cibo.\u201d <\/em><strong>Aziz Ali, Referente di Terre des Hommes in Siria<\/strong><\/p>\n<p>Autorit\u00e0 locali, organizzazioni civili e organizzazioni umanitarie stanno unendo le proprie forze per poter fornire un aiuto immediato alla popolazione siriana.<\/p>\n<p>Terre des Hommes Italia fa un appello affinch\u00e9 la comunit\u00e0 internazionale intervenga prontamente in risposta a questa ulteriore drammatica catastrofe che si \u00e8 \u00a0abbattuta sulla Siria.\u00a0<\/p>\n<p>Il nostro cordoglio va a tutte le persone, inclusi i nostri cari colleghi, che hanno perso i loro cari e le loro case la scorsa notte.\u00a0\u00a0<\/p>\n<p><strong>La popolazione \u00e8 allo stremo ed \u00e8 vitale portare aiuti in tempi rapidissimi. Stiamo mobilitando tutte le nostre risorse per fornire aiuti immediati. \u00c8 attiva una raccolta fondi per portare un aiuto subito, con distribuzione di kit igienici, coperte e cibo.<\/strong><\/p>\n<p>Per contribuire \u00e8 possibile donare tramite bonifico o carta di credito a:<\/p>\n<p><strong>Terre des Hommes Italia onlus<br \/>IBAN: <span>IT37E0103001633000063232384<\/span> <br \/>Causale: EMERGENZA TERREMOTO SIRIA E TURCHIA <\/strong><\/p>\n<p>O sulla pagina <a href=\"https:\/\/terredeshommes.it\/eng\/terremoto-in-turchia-e-siria\/\" target=\"_blank\" rel=\"noopener\">TERREMOTO IN SIRIA E TURCHIA<\/a><\/p>\n<p>&nbsp;<\/p>\n<p>&nbsp;<\/p>\n<p>&nbsp;<\/p>\n<p>&nbsp;<\/p>\n<p>&nbsp;<\/p>\n<p>&nbsp;<\/p>\n<p>&nbsp;<\/p>\n<p>&nbsp;<\/p>\n<p>&nbsp;<\/p>\n<p>[\/et_pb_text][\/et_pb_column][et_pb_column type=&#8221;1_5&#8243; _builder_version=&#8221;4.16&#8243; custom_padding=&#8221;|||&#8221; global_colors_info=&#8221;{}&#8221; custom_padding__hover=&#8221;|||&#8221;][\/et_pb_column][\/et_pb_row][\/et_pb_section]<\/p>\n","protected":false},"excerpt":{"rendered":"<p>&nbsp; Siria: dichiarato stato di emergenza a seguito del catastrofico terremoto avvenuto nella notte Terre des Hommes \u00e8 presente sul posto e attiva una raccolta fondi per portare aiuto immediato alla popolazione con distribuzione di kit igienici, cibo e coperte \u00a0 Alle 03:39, un terribile terremoto di magnitudo 7.7 ha colpito la Turchia e la [&hellip;]<\/p>\n","protected":false},"author":6,"featured_media":4265,"comment_status":"open","ping_status":"open","sticky":false,"template":"","format":"standard","meta":{"_et_pb_use_builder":"on","_et_pb_old_content":"Cras mattis consectetur purus sit amet fermentum. Aenean lacinia bibendum nulla sed consectetur. Donec ullamcorper nulla non metus auctor fringilla. Donec ullamcorper nulla non metus auctor fringilla.","_et_gb_content_width":"","footnotes":""},"categories":[16],"tags":[],"class_list":["post-4271","post","type-post","status-publish","format-standard","has-post-thumbnail","hentry","category-comunicati"],"yoast_head":"<!-- This site is optimized with the Yoast SEO plugin v21.1 - https:\/\/yoast.com\/wordpress\/plugins\/seo\/ -->\n<title>Emergenza Siria: Terre des Hommes \u00e8 presente sui luoghi devastati dal terremoto<\/title>\n<meta name=\"description\" content=\"Terre des Hommes attiva una raccolta fondi per portare aiuto immediato alla popolazione con distribuzione di kit igienici, cibo e coperte\" \/>\n<meta name=\"robots\" content=\"index, follow, max-snippet:-1, max-image-preview:large, max-video-preview:-1\" \/>\n<link rel=\"canonical\" href=\"https:\/\/terredeshommes.it\/eng\/comunicati\/emergenza-siria-terre-des-hommes-e-presente-sui-luoghi-devastati-dal-terremoto\/\" \/>\n<meta property=\"og:locale\" content=\"en_US\" \/>\n<meta property=\"og:type\" content=\"article\" \/>\n<meta property=\"og:title\" content=\"Emergenza Siria: Terre des Hommes \u00e8 presente sui luoghi devastati dal terremoto\" \/>\n<meta property=\"og:description\" content=\"Terre des Hommes attiva una raccolta fondi per portare aiuto immediato alla popolazione con distribuzione di kit igienici, cibo e coperte\" \/>\n<meta property=\"og:url\" content=\"https:\/\/terredeshommes.it\/eng\/comunicati\/emergenza-siria-terre-des-hommes-e-presente-sui-luoghi-devastati-dal-terremoto\/\" \/>\n<meta property=\"og:site_name\" content=\"Terre des Hommes Italia\" \/>\n<meta property=\"article:published_time\" content=\"2023-02-06T15:10:51+00:00\" \/>\n<meta property=\"article:modified_time\" content=\"2023-02-06T15:10:52+00:00\" \/>\n<meta property=\"og:image\" content=\"https:\/\/terredeshommes.it\/eng\/wp-content\/uploads\/terremoto_siria_2023.jpg\" \/>\n\t<meta property=\"og:image:width\" content=\"1280\" \/>\n\t<meta property=\"og:image:height\" content=\"960\" \/>\n\t<meta property=\"og:image:type\" content=\"image\/jpeg\" \/>\n<meta name=\"author\" content=\"Anna Bianchi\" \/>\n<meta name=\"twitter:card\" content=\"summary_large_image\" \/>\n<meta name=\"twitter:label1\" content=\"Written by\" \/>\n\t<meta name=\"twitter:data1\" content=\"Anna Bianchi\" \/>\n\t<meta name=\"twitter:label2\" content=\"Est. reading time\" \/>\n\t<meta name=\"twitter:data2\" content=\"8 minutes\" \/>\n<script type=\"application\/ld+json\" class=\"yoast-schema-graph\">{\"@context\":\"https:\/\/schema.org\",\"@graph\":[{\"@type\":\"WebPage\",\"@id\":\"https:\/\/terredeshommes.it\/eng\/comunicati\/emergenza-siria-terre-des-hommes-e-presente-sui-luoghi-devastati-dal-terremoto\/\",\"url\":\"https:\/\/terredeshommes.it\/eng\/comunicati\/emergenza-siria-terre-des-hommes-e-presente-sui-luoghi-devastati-dal-terremoto\/\",\"name\":\"Emergenza Siria: Terre des Hommes \u00e8 presente sui luoghi devastati dal terremoto\",\"isPartOf\":{\"@id\":\"https:\/\/terredeshommes.it\/eng\/#website\"},\"datePublished\":\"2023-02-06T15:10:51+00:00\",\"dateModified\":\"2023-02-06T15:10:52+00:00\",\"author\":{\"@id\":\"https:\/\/terredeshommes.it\/eng\/#\/schema\/person\/dbba823406adc60a974a3434150e38d5\"},\"description\":\"Terre des Hommes attiva una raccolta fondi per portare aiuto immediato alla popolazione con distribuzione di kit igienici, cibo e coperte\",\"breadcrumb\":{\"@id\":\"https:\/\/terredeshommes.it\/eng\/comunicati\/emergenza-siria-terre-des-hommes-e-presente-sui-luoghi-devastati-dal-terremoto\/#breadcrumb\"},\"inLanguage\":\"en-US\",\"potentialAction\":[{\"@type\":\"ReadAction\",\"target\":[\"https:\/\/terredeshommes.it\/eng\/comunicati\/emergenza-siria-terre-des-hommes-e-presente-sui-luoghi-devastati-dal-terremoto\/\"]}]},{\"@type\":\"BreadcrumbList\",\"@id\":\"https:\/\/terredeshommes.it\/eng\/comunicati\/emergenza-siria-terre-des-hommes-e-presente-sui-luoghi-devastati-dal-terremoto\/#breadcrumb\",\"itemListElement\":[{\"@type\":\"ListItem\",\"position\":1,\"name\":\"Home\",\"item\":\"https:\/\/terredeshommes.it\/eng\/\"},{\"@type\":\"ListItem\",\"position\":2,\"name\":\"Emergenza Siria: Terre des Hommes \u00e8 presente sui luoghi devastati dal terremoto\"}]},{\"@type\":\"WebSite\",\"@id\":\"https:\/\/terredeshommes.it\/eng\/#website\",\"url\":\"https:\/\/terredeshommes.it\/eng\/\",\"name\":\"Terre des Hommes Italia\",\"description\":\"Proteggiamo i bambini insieme\",\"potentialAction\":[{\"@type\":\"SearchAction\",\"target\":{\"@type\":\"EntryPoint\",\"urlTemplate\":\"https:\/\/terredeshommes.it\/eng\/?s={search_term_string}\"},\"query-input\":\"required name=search_term_string\"}],\"inLanguage\":\"en-US\"},{\"@type\":\"Person\",\"@id\":\"https:\/\/terredeshommes.it\/eng\/#\/schema\/person\/dbba823406adc60a974a3434150e38d5\",\"name\":\"Anna Bianchi\",\"url\":\"https:\/\/terredeshommes.it\/eng\/author\/a-bianchitdhitaly-org\/\"}]}<\/script>\n<!-- \/ Yoast SEO plugin. -->","yoast_head_json":{"title":"Emergenza Siria: Terre des Hommes \u00e8 presente sui luoghi devastati dal terremoto","description":"Terre des Hommes attiva una raccolta fondi per portare aiuto immediato alla popolazione con distribuzione di kit igienici, cibo e coperte","robots":{"index":"index","follow":"follow","max-snippet":"max-snippet:-1","max-image-preview":"max-image-preview:large","max-video-preview":"max-video-preview:-1"},"canonical":"https:\/\/terredeshommes.it\/eng\/comunicati\/emergenza-siria-terre-des-hommes-e-presente-sui-luoghi-devastati-dal-terremoto\/","og_locale":"en_US","og_type":"article","og_title":"Emergenza Siria: Terre des Hommes \u00e8 presente sui luoghi devastati dal terremoto","og_description":"Terre des Hommes attiva una raccolta fondi per portare aiuto immediato alla popolazione con distribuzione di kit igienici, cibo e coperte","og_url":"https:\/\/terredeshommes.it\/eng\/comunicati\/emergenza-siria-terre-des-hommes-e-presente-sui-luoghi-devastati-dal-terremoto\/","og_site_name":"Terre des Hommes Italia","article_published_time":"2023-02-06T15:10:51+00:00","article_modified_time":"2023-02-06T15:10:52+00:00","og_image":[{"width":1280,"height":960,"url":"https:\/\/terredeshommes.it\/eng\/wp-content\/uploads\/terremoto_siria_2023.jpg","type":"image\/jpeg"}],"author":"Anna Bianchi","twitter_card":"summary_large_image","twitter_misc":{"Written by":"Anna Bianchi","Est. reading time":"8 minutes"},"schema":{"@context":"https:\/\/schema.org","@graph":[{"@type":"WebPage","@id":"https:\/\/terredeshommes.it\/eng\/comunicati\/emergenza-siria-terre-des-hommes-e-presente-sui-luoghi-devastati-dal-terremoto\/","url":"https:\/\/terredeshommes.it\/eng\/comunicati\/emergenza-siria-terre-des-hommes-e-presente-sui-luoghi-devastati-dal-terremoto\/","name":"Emergenza Siria: Terre des Hommes \u00e8 presente sui luoghi devastati dal terremoto","isPartOf":{"@id":"https:\/\/terredeshommes.it\/eng\/#website"},"datePublished":"2023-02-06T15:10:51+00:00","dateModified":"2023-02-06T15:10:52+00:00","author":{"@id":"https:\/\/terredeshommes.it\/eng\/#\/schema\/person\/dbba823406adc60a974a3434150e38d5"},"description":"Terre des Hommes attiva una raccolta fondi per portare aiuto immediato alla popolazione con distribuzione di kit igienici, cibo e coperte","breadcrumb":{"@id":"https:\/\/terredeshommes.it\/eng\/comunicati\/emergenza-siria-terre-des-hommes-e-presente-sui-luoghi-devastati-dal-terremoto\/#breadcrumb"},"inLanguage":"en-US","potentialAction":[{"@type":"ReadAction","target":["https:\/\/terredeshommes.it\/eng\/comunicati\/emergenza-siria-terre-des-hommes-e-presente-sui-luoghi-devastati-dal-terremoto\/"]}]},{"@type":"BreadcrumbList","@id":"https:\/\/terredeshommes.it\/eng\/comunicati\/emergenza-siria-terre-des-hommes-e-presente-sui-luoghi-devastati-dal-terremoto\/#breadcrumb","itemListElement":[{"@type":"ListItem","position":1,"name":"Home","item":"https:\/\/terredeshommes.it\/eng\/"},{"@type":"ListItem","position":2,"name":"Emergenza Siria: Terre des Hommes \u00e8 presente sui luoghi devastati dal terremoto"}]},{"@type":"WebSite","@id":"https:\/\/terredeshommes.it\/eng\/#website","url":"https:\/\/terredeshommes.it\/eng\/","name":"Terre des Hommes Italia","description":"Proteggiamo i bambini insieme","potentialAction":[{"@type":"SearchAction","target":{"@type":"EntryPoint","urlTemplate":"https:\/\/terredeshommes.it\/eng\/?s={search_term_string}"},"query-input":"required name=search_term_string"}],"inLanguage":"en-US"},{"@type":"Person","@id":"https:\/\/terredeshommes.it\/eng\/#\/schema\/person\/dbba823406adc60a974a3434150e38d5","name":"Anna Bianchi","url":"https:\/\/terredeshommes.it\/eng\/author\/a-bianchitdhitaly-org\/"}]}},"_links":{"self":[{"href":"https:\/\/terredeshommes.it\/eng\/wp-json\/wp\/v2\/posts\/4271","targetHints":{"allow":["GET"]}}],"collection":[{"href":"https:\/\/terredeshommes.it\/eng\/wp-json\/wp\/v2\/posts"}],"about":[{"href":"https:\/\/terredeshommes.it\/eng\/wp-json\/wp\/v2\/types\/post"}],"author":[{"embeddable":true,"href":"https:\/\/terredeshommes.it\/eng\/wp-json\/wp\/v2\/users\/6"}],"replies":[{"embeddable":true,"href":"https:\/\/terredeshommes.it\/eng\/wp-json\/wp\/v2\/comments?post=4271"}],"version-history":[{"count":3,"href":"https:\/\/terredeshommes.it\/eng\/wp-json\/wp\/v2\/posts\/4271\/revisions"}],"predecessor-version":[{"id":4281,"href":"https:\/\/terredeshommes.it\/eng\/wp-json\/wp\/v2\/posts\/4271\/revisions\/4281"}],"wp:featuredmedia":[{"embeddable":true,"href":"https:\/\/terredeshommes.it\/eng\/wp-json\/wp\/v2\/media\/4265"}],"wp:attachment":[{"href":"https:\/\/terredeshommes.it\/eng\/wp-json\/wp\/v2\/media?parent=4271"}],"wp:term":[{"taxonomy":"category","embeddable":true,"href":"https:\/\/terredeshommes.it\/eng\/wp-json\/wp\/v2\/categories?post=4271"},{"taxonomy":"post_tag","embeddable":true,"href":"https:\/\/terredeshommes.it\/eng\/wp-json\/wp\/v2\/tags?post=4271"}],"curies":[{"name":"wp","href":"https:\/\/api.w.org\/{rel}","templated":true}]}}