{"id":4835,"date":"2023-02-22T16:25:32","date_gmt":"2023-02-22T15:25:32","guid":{"rendered":"https:\/\/terredeshommes.it\/?p=4835"},"modified":"2023-02-23T17:04:58","modified_gmt":"2023-02-23T16:04:58","slug":"crisi-ucraina-da-un-anno-terre-des-hommes-e-a-fianco-della-popolazione-colpita-dalla-guerra","status":"publish","type":"post","link":"https:\/\/terredeshommes.it\/eng\/comunicati\/crisi-ucraina-da-un-anno-terre-des-hommes-e-a-fianco-della-popolazione-colpita-dalla-guerra\/","title":{"rendered":"Crisi Ucraina da un anno Terre des Hommes \u00e8 a fianco della popolazione colpita dalla guerra"},"content":{"rendered":"<p>[et_pb_section fb_built=&#8221;1&#8243; _builder_version=&#8221;4.16&#8243; global_colors_info=&#8221;{}&#8221;][et_pb_row column_structure=&#8221;1_5,3_5,1_5&#8243; _builder_version=&#8221;4.16&#8243; background_size=&#8221;initial&#8221; background_position=&#8221;top_left&#8221; background_repeat=&#8221;repeat&#8221; global_colors_info=&#8221;{}&#8221;][et_pb_column type=&#8221;1_5&#8243; _builder_version=&#8221;4.16&#8243; custom_padding=&#8221;|||&#8221; global_colors_info=&#8221;{}&#8221; custom_padding__hover=&#8221;|||&#8221;][\/et_pb_column][et_pb_column type=&#8221;3_5&#8243; _builder_version=&#8221;4.16&#8243; custom_padding=&#8221;|||&#8221; global_colors_info=&#8221;{}&#8221; custom_padding__hover=&#8221;|||&#8221;][et_pb_text admin_label=&#8221;Testo&#8221; _builder_version=&#8221;4.18.0&#8243; background_size=&#8221;initial&#8221; background_position=&#8221;top_left&#8221; background_repeat=&#8221;repeat&#8221; width=&#8221;100%&#8221; custom_margin=&#8221;|151px||-2px||&#8221; custom_padding=&#8221;|0px||||&#8221; global_colors_info=&#8221;{}&#8221;]<\/p>\n<h3 style=\"text-align: center;\"><span style=\"color: #ff6600;\">1 anno di guerra in Ucraina<\/span><\/h3>\n<h3 style=\"text-align: center;\"><span style=\"color: #ff6600;\">L\u2019impegno di Terre des Hommes per proteggere i pi\u00f9 vulnerabili<\/span><\/h3>\n<p>&nbsp;<\/p>\n<p>Dal 24 febbraio 2022 in Ucraina sono stati <strong>uccisi o feriti 1280 bambini e bambine<\/strong> a causa della guerra.<a href=\"#_ftn1\" name=\"_ftnref1\"><span>[1]<\/span><\/a> Sono quasi <strong>un milione<\/strong> i minori <strong>sfollati interni<a href=\"#_ftn2\" name=\"_ftnref2\"><span>[2]<\/span><\/a><\/strong> e oltre <strong>3 milioni i rifugiati<a href=\"#_ftn3\" name=\"_ftnref3\"><span>[3]<\/span><\/a><\/strong>. Si stima che nel 2023, nel Paese, <strong>17,6 milioni<\/strong> <strong>di persone<\/strong> avranno bisogno di <strong>assistenza umanitaria<\/strong>, di cui il <strong>23% sono bambini<\/strong>.<a href=\"#_ftn4\" name=\"_ftnref4\"><span>[4]<\/span><\/a><\/p>\n<p><em>\u201cCome ci insegna l\u2019esperienza in diversi teatri di guerra &#8211; penso alla Siria che in questi giorni sta affrontando la tragedia del terremoto \u2013 nelle crisi umanitarie bambini e bambine sono tra i soggetti pi\u00f9 vulnerabili, perch\u00e9 pi\u00f9 esposti al rischio di violenze, di sfruttamento, di discriminazioni, molto spesso non riescono ad accedere a diritti fondamentali quali la salute, lo studio e il gioco, e sempre sperimentano un trauma indelebile.\u201d<\/em> Afferma <strong>Paolo Ferrara, Direttore Generale di Terre des Hommes Italia<\/strong> <em>\u201cTerre des Hommes Italia in questo anno ha dedicato grandissimo impegno per assistere le famiglie in fuga dalla guerra e per garantire protezione a chi \u00e8 rimasto in Ucraina. Questa guerra non vede la fine e noi continuiamo ad essere a fianco della popolazione ucraina.\u201d<\/em><\/p>\n<p>&nbsp;<\/p>\n<p>La Fondazione ha messo da subito a disposizione le competenze acquisite in anni di attivit\u00e0 nelle emergenze umanitarie per garantire protezione, accesso a medicinali e cure mediche, case sicure in <strong>Ucraina<\/strong> e accoglienza, supporto psicosociale e mediazione culturale in <strong>Polonia<\/strong> e <strong>Italia<\/strong> a <strong>10.929 persone<\/strong>.<\/p>\n<h5><span style=\"color: #ff6600;\">GLI INTERVENTI SUL CAMPO\u00a0<\/span><\/h5>\n<ul>\n<li>Da marzo in collaborazione con lo storico partner <strong>Polish Medical Mission<\/strong>, sono stati raccolti medicinali e materiale medico, e distribuiti a ospedali e cliniche pediatriche nelle regioni di <strong>Odessa<\/strong>, <strong>Leopoli<\/strong>, <strong>Ivano-Frankivsk<\/strong> e <strong>Lutsk<\/strong>; le distribuzioni proseguono anche oggi, a <strong>Arbuzinka<\/strong>, negli ospedali regionali di <strong>Kazanka<\/strong> e <strong>Cherkassy<\/strong>, negli ospedali pediatrici di <strong>Mykolayiv<\/strong> e <strong>Kharkiv<\/strong>, il Yalinka Sanatorium for children e l\u2019ospedale n. 7 di <strong>Kiev<\/strong>.<\/li>\n<\/ul>\n<p>&nbsp;<\/p>\n<ul>\n<li>A partire da ottobre 2022 abbiamo ristrutturato <strong>4 edifici<\/strong> residenziali con <strong>450 appartamenti di Irpin<\/strong>, che \u00e8 stata designata \u201ccitt\u00e0 eroe\u201d in quanto \u00e8 stata distrutta per il <strong>76%<\/strong> a causa dell\u2019invasione militare russa e del conseguente conflitto. Con questo intervento abbiamo garantito a <strong>1192 persone<\/strong> case sicure, calde e dignitose in cui tornare.<\/li>\n<li>Grazie al supporto di Terre des Hommes Olanda e in collaborazione con Polish Medical Mission e Jewish Community Center sono stati aperti <strong>due child friendly spaces<\/strong> in <strong>Polonia<\/strong>, rispettivamente a <strong>Kobylka e a Cracovia<\/strong>, per offrire a oltre 4000 persone, (bambini e alle bambine ucraini e ai loro familiari) il sostegno psicosociale di cui hanno bisogno per esprimere le loro emozioni ed elaborare i traumi subiti a causa della guerra.<\/li>\n<li>Inoltre, Terre des Hommes \u00e8 presente in <strong>Italia<\/strong> con attivit\u00e0 di prima accoglienza alla frontiera di <strong>Tarvisio e Udine,<\/strong> dove ad oggi abbiamo accolto e assistito <strong>5000<\/strong> persone e a <strong>Milano<\/strong>, nello <strong>spazio Indifesa<\/strong> dove 400 famiglie arrivate nel nostro paese hanno avuto accesso a servizi di supporto legale e psicologico, distribuzione di cibo e beni di prima necessit\u00e0, corsi di italiano per adulti e bambini, orientamento lavorativo, accompagnamento e mediazione culturale, e attivit\u00e0 ludico ricreative per i pi\u00f9 piccoli.<\/li>\n<li>Infine, <strong>due appartamenti a Besana Brianza<\/strong> oggi ospitano 5 nuclei famigliari (7 donne e 5 minori)<\/li>\n<\/ul>\n<p style=\"text-align: center;\"><span style=\"color: #ff6600;\"><strong><a href=\"https:\/\/emergenzabambini.terredeshommes.it\/emergenza-ucraina\/\" target=\"_blank\" rel=\"noopener\" style=\"color: #ff6600;\">Ascolta le storie dei beneficiari\u00a0<\/a><\/strong><\/span><\/p>\n<p>&nbsp;<\/p>\n<p>I bisogni della popolazione sono ancora immensi e <strong>Terre des Hommes continuer\u00e0 ad essere presente<\/strong> con interventi di <strong>ricostruzione<\/strong>, con attivit\u00e0 di <strong>supporto psicosociale<\/strong> e <strong>tutela della salute mentale<\/strong> di bambini e ragazzi, e anche in <strong>Italia<\/strong> prosegue <strong>l\u2019accoglienza delle famiglie<\/strong> e l\u2019integrazione di bambini e adolescenti e con tante attivit\u00e0 di sensibilizzazione per tenere alta l\u2019attenzione dell\u2019opinione pubblica su questo conflitto. Tra queste anche la mostra <strong>CHILDHOOD<\/strong> \u2013 1 anno di guerra nelle opere d\u2019arte degli artisti ucraini, che si apre con un incontro <strong>venerd\u00ec 24 febbraio<\/strong> alle <strong>ore 10.00<\/strong> a <strong>Milano<\/strong>, presso lo <strong>Spazio Seicentro<\/strong> in via Savona, 99.<\/p>\n<p>A un anno dall\u2019inizio della guerra, insieme alla <strong>Federazione Internazionale di Terre des Hommes<\/strong> anche Terre des Hommes Italia esorta la comunit\u00e0 internazionale a compiere ogni sforzo per contribuire a <strong>garantire la pace<\/strong> e a lavorare con i bambini e i giovani per realizzare interventi di aiuto efficaci e con una visione di lungo termine.<\/p>\n<p>In particolare, la Fondazione chiede di:<\/p>\n<ul>\n<li>Garantire <strong>l&#8217;accesso a sistemi di protezione dell&#8217;infanzia<\/strong>, in grado di rispondere ai bisogni dei bambini colpiti dalla guerra;<\/li>\n<li>Aumentare i <strong>finanziamenti destinati all&#8217;istruzione<\/strong>, alla <strong>salute mentale<\/strong> e al <strong>sostegno psicosociale<\/strong> per i bambini e le bambine, ma anche per le loro famiglie.<\/li>\n<li>Sostenere <strong>l&#8217;inclusione delle famiglie rifugiate<\/strong> nei sistemi nazionali dei paesi ospitanti e contrastare ogni forma di discriminazione;<\/li>\n<li>Garantire un <strong>sostegno personalizzato<\/strong> in considerazione dell&#8217;et\u00e0, del genere e di altre forme di diversit\u00e0.<\/li>\n<li>Stabilire meccanismi per garantire la <strong>partecipazione dei bambini e dei giovani<\/strong> alla progettazione, all&#8217;attuazione e al monitoraggio del sostegno di cui hanno bisogno.<\/li>\n<\/ul>\n<p>Gli interventi a sostegno della popolazione ucraina realizzati da Terre des Hommes sono stati possibili grazie al prezioso aiuto di <strong>Fondazione EOS \u2013 Edison Orizzonte Sociale ETS, Carrefour GS, Fondazione Cassa Depositi e Prestiti, Istituto Buddhisti Sokka Gakkai, Ukrainian Humanitarian Fund, UNICEF, Chiesa di Ges\u00f9 Cristo dei Santi degli Ultimi Giorni, Sorgenia, <\/strong>e anche di<strong> COOP Lombardia, Fondazione Lab00, Eletech srl, Euro polveri, ICS Milan International School, IKEA, Ria Grant Thornton, Pay Ray Bank, Perfetti Van Melle, Unione Buddhisti Italiana. \u00a0<\/strong><\/p>\n<p>&nbsp;<\/p>\n<p><a href=\"#_ftnref1\" name=\"_ftn1\"><span>[1]<\/span><\/a> <a href=\"https:\/\/ukraine.un.org\/sites\/default\/files\/2023-01\/Ukraine%20-%20civilian%20casualty%20update%20as%20of%2029%20January%202023%20ENG.pdf\">Office of the United Nations High Commissioner for Human Rights (OHCHR), Ukraine: Civilian casualty<\/a><u>, Jan 2023<\/u><\/p>\n<p><a href=\"#_ftnref2\" name=\"_ftn2\"><span>[2]<\/span><\/a> <a href=\"https:\/\/reports.unocha.org\/en\/country\/ukraine\/?_gl=1%2a5ups1n%2a_ga%2aMTA0NTEwMTMyMS4xNjc1MTYxNzQ2%2a_ga_E60ZNX2F68%2aMTY3NTE2MTc0NS4xLjEuMTY3NTE2MTc1Ni40OS4wLjA.\">OCHA, Ukraine Situation Report, 19 December 2022<\/a><\/p>\n<p><a href=\"#_ftnref3\" name=\"_ftn3\"><span>[3]<\/span><\/a> <a href=\"https:\/\/data.unhcr.org\/en\/situations\/ukraine\">Ukraine Refugee Situation<\/a><\/p>\n<p><a href=\"#_ftnref4\" name=\"_ftn4\"><span>[4]<\/span><\/a> <a href=\"https:\/\/reliefweb.int\/report\/ukraine\/ukraine-humanitarian-needs-overview-2023-december-2022-enuk\">2022 Report OHCA<\/a><\/p>\n<p>[\/et_pb_text][\/et_pb_column][et_pb_column type=&#8221;1_5&#8243; _builder_version=&#8221;4.16&#8243; custom_padding=&#8221;|||&#8221; global_colors_info=&#8221;{}&#8221; custom_padding__hover=&#8221;|||&#8221;][\/et_pb_column][\/et_pb_row][\/et_pb_section]<\/p>\n","protected":false},"excerpt":{"rendered":"<p>1 anno di guerra in Ucraina L\u2019impegno di Terre des Hommes per proteggere i pi\u00f9 vulnerabili &nbsp; Dal 24 febbraio 2022 in Ucraina sono stati uccisi o feriti 1280 bambini e bambine a causa della guerra.[1] Sono quasi un milione i minori sfollati interni[2] e oltre 3 milioni i rifugiati[3]. Si stima che nel 2023, [&hellip;]<\/p>\n","protected":false},"author":6,"featured_media":4841,"comment_status":"open","ping_status":"open","sticky":false,"template":"","format":"standard","meta":{"_et_pb_use_builder":"on","_et_pb_old_content":"Cras mattis consectetur purus sit amet fermentum. Aenean lacinia bibendum nulla sed consectetur. Donec ullamcorper nulla non metus auctor fringilla. Donec ullamcorper nulla non metus auctor fringilla.","_et_gb_content_width":"","footnotes":""},"categories":[16],"tags":[],"class_list":["post-4835","post","type-post","status-publish","format-standard","has-post-thumbnail","hentry","category-comunicati"],"yoast_head":"<!-- This site is optimized with the Yoast SEO plugin v21.1 - https:\/\/yoast.com\/wordpress\/plugins\/seo\/ -->\n<title>Crisi Ucraina da un anno Terre des Hommes \u00e8 a fianco della popolazione colpita dalla guerra<\/title>\n<meta name=\"description\" content=\"Quasi 11.000 persone hanno aiuto dalla Fondazione che accoglie e offre supporto psicosociale a bambini e famiglie in fuga dalla guerra\" \/>\n<meta name=\"robots\" content=\"index, follow, max-snippet:-1, max-image-preview:large, max-video-preview:-1\" \/>\n<link rel=\"canonical\" href=\"https:\/\/terredeshommes.it\/eng\/comunicati\/crisi-ucraina-da-un-anno-terre-des-hommes-e-a-fianco-della-popolazione-colpita-dalla-guerra\/\" \/>\n<meta property=\"og:locale\" content=\"en_US\" \/>\n<meta property=\"og:type\" content=\"article\" \/>\n<meta property=\"og:title\" content=\"Crisi Ucraina da un anno Terre des Hommes \u00e8 a fianco della popolazione colpita dalla guerra\" \/>\n<meta property=\"og:description\" content=\"Quasi 11.000 persone hanno aiuto dalla Fondazione che accoglie e offre supporto psicosociale a bambini e famiglie in fuga dalla guerra\" \/>\n<meta property=\"og:url\" content=\"https:\/\/terredeshommes.it\/eng\/comunicati\/crisi-ucraina-da-un-anno-terre-des-hommes-e-a-fianco-della-popolazione-colpita-dalla-guerra\/\" \/>\n<meta property=\"og:site_name\" content=\"Terre des Hommes Italia\" \/>\n<meta property=\"article:published_time\" content=\"2023-02-22T15:25:32+00:00\" \/>\n<meta property=\"article:modified_time\" content=\"2023-02-23T16:04:58+00:00\" \/>\n<meta property=\"og:image\" content=\"https:\/\/terredeshommes.it\/eng\/wp-content\/uploads\/23.08.22_Youth-in-action_event-for-children-3.jpg_95910-scaled.jpg\" \/>\n\t<meta property=\"og:image:width\" content=\"2560\" \/>\n\t<meta property=\"og:image:height\" content=\"1707\" \/>\n\t<meta property=\"og:image:type\" content=\"image\/jpeg\" \/>\n<meta name=\"author\" content=\"Anna Bianchi\" \/>\n<meta name=\"twitter:card\" content=\"summary_large_image\" \/>\n<meta name=\"twitter:label1\" content=\"Written by\" \/>\n\t<meta name=\"twitter:data1\" content=\"Anna Bianchi\" \/>\n\t<meta name=\"twitter:label2\" content=\"Est. reading time\" \/>\n\t<meta name=\"twitter:data2\" content=\"6 minutes\" \/>\n<script type=\"application\/ld+json\" class=\"yoast-schema-graph\">{\"@context\":\"https:\/\/schema.org\",\"@graph\":[{\"@type\":\"WebPage\",\"@id\":\"https:\/\/terredeshommes.it\/eng\/comunicati\/crisi-ucraina-da-un-anno-terre-des-hommes-e-a-fianco-della-popolazione-colpita-dalla-guerra\/\",\"url\":\"https:\/\/terredeshommes.it\/eng\/comunicati\/crisi-ucraina-da-un-anno-terre-des-hommes-e-a-fianco-della-popolazione-colpita-dalla-guerra\/\",\"name\":\"Crisi Ucraina da un anno Terre des Hommes \u00e8 a fianco della popolazione colpita dalla guerra\",\"isPartOf\":{\"@id\":\"https:\/\/terredeshommes.it\/eng\/#website\"},\"datePublished\":\"2023-02-22T15:25:32+00:00\",\"dateModified\":\"2023-02-23T16:04:58+00:00\",\"author\":{\"@id\":\"https:\/\/terredeshommes.it\/eng\/#\/schema\/person\/dbba823406adc60a974a3434150e38d5\"},\"description\":\"Quasi 11.000 persone hanno aiuto dalla Fondazione che accoglie e offre supporto psicosociale a bambini e famiglie in fuga dalla guerra\",\"breadcrumb\":{\"@id\":\"https:\/\/terredeshommes.it\/eng\/comunicati\/crisi-ucraina-da-un-anno-terre-des-hommes-e-a-fianco-della-popolazione-colpita-dalla-guerra\/#breadcrumb\"},\"inLanguage\":\"en-US\",\"potentialAction\":[{\"@type\":\"ReadAction\",\"target\":[\"https:\/\/terredeshommes.it\/eng\/comunicati\/crisi-ucraina-da-un-anno-terre-des-hommes-e-a-fianco-della-popolazione-colpita-dalla-guerra\/\"]}]},{\"@type\":\"BreadcrumbList\",\"@id\":\"https:\/\/terredeshommes.it\/eng\/comunicati\/crisi-ucraina-da-un-anno-terre-des-hommes-e-a-fianco-della-popolazione-colpita-dalla-guerra\/#breadcrumb\",\"itemListElement\":[{\"@type\":\"ListItem\",\"position\":1,\"name\":\"Home\",\"item\":\"https:\/\/terredeshommes.it\/eng\/\"},{\"@type\":\"ListItem\",\"position\":2,\"name\":\"Crisi Ucraina da un anno Terre des Hommes \u00e8 a fianco della popolazione colpita dalla guerra\"}]},{\"@type\":\"WebSite\",\"@id\":\"https:\/\/terredeshommes.it\/eng\/#website\",\"url\":\"https:\/\/terredeshommes.it\/eng\/\",\"name\":\"Terre des Hommes Italia\",\"description\":\"Proteggiamo i bambini insieme\",\"potentialAction\":[{\"@type\":\"SearchAction\",\"target\":{\"@type\":\"EntryPoint\",\"urlTemplate\":\"https:\/\/terredeshommes.it\/eng\/?s={search_term_string}\"},\"query-input\":\"required name=search_term_string\"}],\"inLanguage\":\"en-US\"},{\"@type\":\"Person\",\"@id\":\"https:\/\/terredeshommes.it\/eng\/#\/schema\/person\/dbba823406adc60a974a3434150e38d5\",\"name\":\"Anna Bianchi\",\"url\":\"https:\/\/terredeshommes.it\/eng\/author\/a-bianchitdhitaly-org\/\"}]}<\/script>\n<!-- \/ Yoast SEO plugin. -->","yoast_head_json":{"title":"Crisi Ucraina da un anno Terre des Hommes \u00e8 a fianco della popolazione colpita dalla guerra","description":"Quasi 11.000 persone hanno aiuto dalla Fondazione che accoglie e offre supporto psicosociale a bambini e famiglie in fuga dalla guerra","robots":{"index":"index","follow":"follow","max-snippet":"max-snippet:-1","max-image-preview":"max-image-preview:large","max-video-preview":"max-video-preview:-1"},"canonical":"https:\/\/terredeshommes.it\/eng\/comunicati\/crisi-ucraina-da-un-anno-terre-des-hommes-e-a-fianco-della-popolazione-colpita-dalla-guerra\/","og_locale":"en_US","og_type":"article","og_title":"Crisi Ucraina da un anno Terre des Hommes \u00e8 a fianco della popolazione colpita dalla guerra","og_description":"Quasi 11.000 persone hanno aiuto dalla Fondazione che accoglie e offre supporto psicosociale a bambini e famiglie in fuga dalla guerra","og_url":"https:\/\/terredeshommes.it\/eng\/comunicati\/crisi-ucraina-da-un-anno-terre-des-hommes-e-a-fianco-della-popolazione-colpita-dalla-guerra\/","og_site_name":"Terre des Hommes Italia","article_published_time":"2023-02-22T15:25:32+00:00","article_modified_time":"2023-02-23T16:04:58+00:00","og_image":[{"width":2560,"height":1707,"url":"https:\/\/terredeshommes.it\/eng\/wp-content\/uploads\/23.08.22_Youth-in-action_event-for-children-3.jpg_95910-scaled.jpg","type":"image\/jpeg"}],"author":"Anna Bianchi","twitter_card":"summary_large_image","twitter_misc":{"Written by":"Anna Bianchi","Est. reading time":"6 minutes"},"schema":{"@context":"https:\/\/schema.org","@graph":[{"@type":"WebPage","@id":"https:\/\/terredeshommes.it\/eng\/comunicati\/crisi-ucraina-da-un-anno-terre-des-hommes-e-a-fianco-della-popolazione-colpita-dalla-guerra\/","url":"https:\/\/terredeshommes.it\/eng\/comunicati\/crisi-ucraina-da-un-anno-terre-des-hommes-e-a-fianco-della-popolazione-colpita-dalla-guerra\/","name":"Crisi Ucraina da un anno Terre des Hommes \u00e8 a fianco della popolazione colpita dalla guerra","isPartOf":{"@id":"https:\/\/terredeshommes.it\/eng\/#website"},"datePublished":"2023-02-22T15:25:32+00:00","dateModified":"2023-02-23T16:04:58+00:00","author":{"@id":"https:\/\/terredeshommes.it\/eng\/#\/schema\/person\/dbba823406adc60a974a3434150e38d5"},"description":"Quasi 11.000 persone hanno aiuto dalla Fondazione che accoglie e offre supporto psicosociale a bambini e famiglie in fuga dalla guerra","breadcrumb":{"@id":"https:\/\/terredeshommes.it\/eng\/comunicati\/crisi-ucraina-da-un-anno-terre-des-hommes-e-a-fianco-della-popolazione-colpita-dalla-guerra\/#breadcrumb"},"inLanguage":"en-US","potentialAction":[{"@type":"ReadAction","target":["https:\/\/terredeshommes.it\/eng\/comunicati\/crisi-ucraina-da-un-anno-terre-des-hommes-e-a-fianco-della-popolazione-colpita-dalla-guerra\/"]}]},{"@type":"BreadcrumbList","@id":"https:\/\/terredeshommes.it\/eng\/comunicati\/crisi-ucraina-da-un-anno-terre-des-hommes-e-a-fianco-della-popolazione-colpita-dalla-guerra\/#breadcrumb","itemListElement":[{"@type":"ListItem","position":1,"name":"Home","item":"https:\/\/terredeshommes.it\/eng\/"},{"@type":"ListItem","position":2,"name":"Crisi Ucraina da un anno Terre des Hommes \u00e8 a fianco della popolazione colpita dalla guerra"}]},{"@type":"WebSite","@id":"https:\/\/terredeshommes.it\/eng\/#website","url":"https:\/\/terredeshommes.it\/eng\/","name":"Terre des Hommes Italia","description":"Proteggiamo i bambini insieme","potentialAction":[{"@type":"SearchAction","target":{"@type":"EntryPoint","urlTemplate":"https:\/\/terredeshommes.it\/eng\/?s={search_term_string}"},"query-input":"required name=search_term_string"}],"inLanguage":"en-US"},{"@type":"Person","@id":"https:\/\/terredeshommes.it\/eng\/#\/schema\/person\/dbba823406adc60a974a3434150e38d5","name":"Anna Bianchi","url":"https:\/\/terredeshommes.it\/eng\/author\/a-bianchitdhitaly-org\/"}]}},"_links":{"self":[{"href":"https:\/\/terredeshommes.it\/eng\/wp-json\/wp\/v2\/posts\/4835","targetHints":{"allow":["GET"]}}],"collection":[{"href":"https:\/\/terredeshommes.it\/eng\/wp-json\/wp\/v2\/posts"}],"about":[{"href":"https:\/\/terredeshommes.it\/eng\/wp-json\/wp\/v2\/types\/post"}],"author":[{"embeddable":true,"href":"https:\/\/terredeshommes.it\/eng\/wp-json\/wp\/v2\/users\/6"}],"replies":[{"embeddable":true,"href":"https:\/\/terredeshommes.it\/eng\/wp-json\/wp\/v2\/comments?post=4835"}],"version-history":[{"count":6,"href":"https:\/\/terredeshommes.it\/eng\/wp-json\/wp\/v2\/posts\/4835\/revisions"}],"predecessor-version":[{"id":4866,"href":"https:\/\/terredeshommes.it\/eng\/wp-json\/wp\/v2\/posts\/4835\/revisions\/4866"}],"wp:featuredmedia":[{"embeddable":true,"href":"https:\/\/terredeshommes.it\/eng\/wp-json\/wp\/v2\/media\/4841"}],"wp:attachment":[{"href":"https:\/\/terredeshommes.it\/eng\/wp-json\/wp\/v2\/media?parent=4835"}],"wp:term":[{"taxonomy":"category","embeddable":true,"href":"https:\/\/terredeshommes.it\/eng\/wp-json\/wp\/v2\/categories?post=4835"},{"taxonomy":"post_tag","embeddable":true,"href":"https:\/\/terredeshommes.it\/eng\/wp-json\/wp\/v2\/tags?post=4835"}],"curies":[{"name":"wp","href":"https:\/\/api.w.org\/{rel}","templated":true}]}}