{"id":4956,"date":"2023-03-02T14:31:55","date_gmt":"2023-03-02T13:31:55","guid":{"rendered":"https:\/\/terredeshommes.it\/?p=4956"},"modified":"2023-03-02T14:37:30","modified_gmt":"2023-03-02T13:37:30","slug":"discriminazioni-di-genere-i-nuovi-dati-dellosservatorio-indifesa","status":"publish","type":"post","link":"https:\/\/terredeshommes.it\/eng\/comunicati\/discriminazioni-di-genere-i-nuovi-dati-dellosservatorio-indifesa\/","title":{"rendered":"Discriminazioni di genere: i nuovi dati dell&#8217;Osservatorio indifesa"},"content":{"rendered":"<p>[et_pb_section fb_built=&#8221;1&#8243; _builder_version=&#8221;4.16&#8243; global_colors_info=&#8221;{}&#8221;][et_pb_row column_structure=&#8221;1_5,3_5,1_5&#8243; _builder_version=&#8221;4.16&#8243; background_size=&#8221;initial&#8221; background_position=&#8221;top_left&#8221; background_repeat=&#8221;repeat&#8221; global_colors_info=&#8221;{}&#8221;][et_pb_column type=&#8221;1_5&#8243; _builder_version=&#8221;4.16&#8243; custom_padding=&#8221;|||&#8221; global_colors_info=&#8221;{}&#8221; custom_padding__hover=&#8221;|||&#8221;][\/et_pb_column][et_pb_column type=&#8221;3_5&#8243; _builder_version=&#8221;4.16&#8243; custom_padding=&#8221;|||&#8221; global_colors_info=&#8221;{}&#8221; custom_padding__hover=&#8221;|||&#8221;][et_pb_text admin_label=&#8221;Testo&#8221; _builder_version=&#8221;4.18.0&#8243; background_size=&#8221;initial&#8221; background_position=&#8221;top_left&#8221; background_repeat=&#8221;repeat&#8221; width=&#8221;100%&#8221; custom_margin=&#8221;|151px||-2px||&#8221; custom_padding=&#8221;|0px||||&#8221; global_colors_info=&#8221;{}&#8221;]<\/p>\n<h3 style=\"text-align: center;\"><span style=\"color: #ff6600;\">Lavoro: Non \u00e8 un paese per ragazze<\/span><\/h3>\n<h3 style=\"text-align: center;\"><span style=\"color: #ff6600;\">Gli stereotipi pesano sul futuro di 1 ragazza su 2<\/span><\/h3>\n<p><strong><br \/>1 ragazza su 2 si sente limitata<\/strong>, nelle scelte sul futuro, <strong>da stereotipi e retaggi maschilisti<\/strong> e il lavoro \u00e8 percepito come il luogo pi\u00f9 a rischio discriminazione. \u00c8 quanto emerge dall\u2019<strong>Osservatorio <span style=\"color: #ff6600;\">in<\/span>difesa<\/strong> realizzato da <strong>Terre des Hommes e OneDay Group<\/strong>, che quest\u2019anno ha coinvolto oltre 2000 ragazze adolescenti dai 14 ai 26 anni.<br \/><span style=\"color: #ff6600;\"><\/span><\/p>\n<p>Se il presente \u00e8 complesso, <strong>le giovani <\/strong>sono consapevoli che, in futuro, da adulte, dovranno lottare anche di pi\u00f9. Ritengono, infatti, che il luogo in cui si assiste a <strong>pi\u00f9 discriminazione o violenza di genere sia il lavoro: \u00e8 al primo posto nelle loro risposte seguito dal web e dai mass media<\/strong>.<\/p>\n<p>Le ragazze di oggi fanno fatica a sognare, ma neanche progettano \u201cin grande\u201d il loro futuro. <strong>Pi\u00f9 della met\u00e0 delle intervistate<\/strong>, il 53,96%, ritiene che <strong>le scelte riguardo agli studi futuri o alla carriera lavorativa<\/strong>, le ambizioni e le passioni vengano <strong>limitate dagli stereotipi e retaggi maschilisti<\/strong>. Al secondo posto viene indicata <strong>l\u2019assenza di una rete di sostegno<\/strong>, al terzo <strong>la mancanza di modelli a cui ispirarsi<\/strong>.<\/p>\n<p>Una mancanza sottolineata anche dal fatto che <strong>per il 20% di loro \u201cnon c\u2019\u00e8 nessun modello di riferimento\u201d<\/strong> e per il 30% il principale modello \u00e8 la propria mamma. In sostanza una su 2 non ha modelli esterni alla famiglia a cui riferirsi \u201cidealmente\u201d per progettare il proprio futuro.<\/p>\n<p><em>\u201c<\/em><em>C\u2019\u00e8 molto da fare per il futuro delle giovani donne nel nostro Paese- <\/em>dichiara <strong>Paolo Ferrara<\/strong>, direttore generale di Terre des Hommes<em> \u2013 \u00e8 urgente un cambiamento culturale che non pu\u00f2 che partire dalla scuola. <\/em><em>Occorre lavorare affinch\u00e9 <strong>genitori e insegnanti incoraggino le ragazze a seguire percorsi di studio<\/strong> che permettono carriere vicine ai loro reali desideri, al netto dei condizionamenti esterni, che arrivano persino dai libri di testo che ancora troppo spesso raffigurano gli uomini come scienziati e ingegneri e le donne come maestre e infermiere. <\/em><em>Ogni anno con la nostra campagna indifesa ci impegniamo a diffondere i dati della violenza e delle discriminazioni, ma cerchiamo anche di offrire a ragazze e ragazzi percorsi che possano accrescere la loro consapevolezza su queste tematiche e proporre nuovi modelli per essere davvero leader del cambiamento per una societ\u00e0 pi\u00f9 equa e inclusiva\u201d<\/em><\/p>\n<h5><span style=\"color: #ff6600;\">\u00a0<strong>NEET TRA STEREOTIPI E ASSENZA DI SOGNI<\/strong><\/span><\/h5>\n<p><strong>\u00a0<\/strong>La <strong>mancanza di modelli di riferimento<\/strong> e <strong>gli stereotipi<\/strong> non aiutano le giovani Neet (Not in Education, Employment or Training), per cui l\u2019Italia detiene il record europeo negativo: <strong>le italiane tra i 15 e i 29 anni che non studiano e non lavorano sono ben il 25%.<\/strong><\/p>\n<p>Come racconta <strong>il <a href=\"https:\/\/terredeshommes.it\/eng\/indifesa\/dossier\/\" target=\"_blank\" rel=\"noopener\">dossier<\/a><\/strong><a href=\"https:\/\/terredeshommes.it\/eng\/indifesa\/dossier\/\" target=\"_blank\" rel=\"noopener\"> <strong><span style=\"color: #ff6600;\">in<\/span>difesa<\/strong> <strong>2022 <\/strong><\/a>di Terre des Hommes<strong>, <\/strong>La situazione \u00e8 determinata da un lato, da <strong>convenzioni o vere e proprie pressioni sociali<\/strong> che tendono a dare una maggiore importanza al ruolo delle donne all\u2019interno della famiglia; dall\u2019altro da un <strong>mercato del lavoro<\/strong> che privilegia l\u2019assunzione di giovani uomini rispetto alle giovani donne, e rende difficile conciliare l\u2019attivit\u00e0 lavorativa con la cura dei figli.<\/p>\n<h5><span style=\"color: #ff6600;\">DISCIPLINE STEM: UNA CHIMERA<\/span><\/h5>\n<p>Il divario di genere nell\u2019educazione non finisce qui, denuncia <strong>il dossier<\/strong> <strong><span style=\"color: #ff6600;\">in<\/span>difesa<\/strong> <strong>2022<\/strong>.<\/p>\n<p>Sebbene <strong>le ragazze rappresentino quasi il 60% dei laureati in Italia<\/strong> \u2013 una quota stabile da dieci anni a questa parte \u2013 la loro presenza all\u2019interno dei <strong>corsi di laurea Stem<\/strong> (<strong>Science, Technology, Engineering e Mathematics<\/strong>) \u00e8 decisamente pi\u00f9 ridotta a vantaggio di percorsi di studio in ambito linguistico, medico e umanistico. Secondo il Ministero della Pubblica Istruzione, nell\u2019anno accademico 2020\/2021 le studentesse immatricolate nei corsi di laurea Stem <strong>sono il 21%, la met\u00e0 rispetto agli uomini<\/strong>. Eppure, la laurea in una disciplina Ict, come ingegneria o pi\u00f9 in generale nelle materie scientifiche, permette di avere <strong>migliori sbocchi occupazionali<\/strong> e <strong>maggiori possibilit\u00e0 di guadagno<\/strong>.<\/p>\n<h5><span style=\"color: #ff6600;\">L\u2019EDUCAZIONE FINANZIARIA: \u201cLA CONOSCENZA RENDE LIBERI\u201d<\/span><\/h5>\n<p>Un altro gender gap \u00e8 quello legato a ci\u00f2 che viene definita \u201c<strong>educazione finanziaria<\/strong>\u201d: dal gestire un conto corrente o calcolare il tasso di interesse di un prestito a capire un investimento finanziario. I pi\u00f9 recenti test Pisa-Ocse evidenziano come, in media, i livelli di alfabetizzazione finanziaria dei maschi 15enni siano superiori di due punti percentuali rispetto a quelli delle coetanee. <strong>Il gap in Italia \u00e8 addirittura di 15 punti<\/strong>. <em>\u00ab<\/em><em>Proprio per questo Terre des Hommes nel suo Hub Spazio <strong><span style=\"color: #ff6600;\">in<\/span>difesa<\/strong> <\/em><em>di Milano, ha promosso la nascita di corsi di educazione finanziaria per donne in situazione di vulnerabilit\u00e0 grazie alla collaborazione con Global Thinking foundation.<\/em><em>\u00bb<\/em><em>,<\/em> aggiunge il <strong>direttore generale di Terre des Hommes Italia. <\/strong><\/p>\n<h5><span style=\"color: #ff6600;\">GLI ALTRI DATI DELL\u2019OSSERVATORIO in<span style=\"color: #000000;\">difesa<\/span><\/span><\/h5>\n<p>Se il futuro \u00e8 in pericolo, il presente \u00e8 gi\u00e0 compromesso. Basti pensare che <strong>il 47,78% delle giovani ha dichiarato all\u2019Osservatorio <\/strong><strong>in<\/strong><strong>difesa <\/strong><strong>di aver assistito a una violenza fisica<\/strong>. Non va meglio con la <strong>violenza psicologica<\/strong>: <strong>7 ragazze su 10 <\/strong>ha assistito ad episodi di questo tipo. La realt\u00e0 <strong>non \u00e8 rassicurante<\/strong> per le nuove generazioni: le giovani percepiscono il rischio della <strong>solitudine e dell\u2019isolamento sociale<\/strong> (23,14%), il pericolo della <strong>violenza psicologica<\/strong> (19,72%), del <strong>bullismo <\/strong>(17,90%) e della <strong>violenza sessuale<\/strong> (17,39%). Per <strong>l\u201982,90% il web non \u00e8 un ambiente sano e sicuro<\/strong><strong>. <\/strong>Tra i rischi mettono al primo posto il <strong>cyberbullismo<\/strong>.<\/p>\n<p>Non migliora la situazione nella vita <strong>offline<\/strong>: il 23,14% sente il pericolo della <strong>solitudine e dell\u2019isolamento sociale<\/strong> il 19,72% quello della <strong>violenza psicologica<\/strong>, il 17,70% del <strong>bullismo<\/strong> e il 17,39% della <strong>violenza sessuale<\/strong>. Per quasi <strong>il 34% delle intervistate<\/strong>, d\u2019altra parte, non si stanno facendo passi avanti nella parit\u00e0 di genere.<\/p>\n<p>&nbsp;<\/p>\n<h2><strong>\u00a0<\/strong><\/h2>\n<p><strong>LA CAMPAGNA <span style=\"color: #ff6600;\">in<\/span>difesa <\/strong><\/p>\n<p><strong><span style=\"color: #ff6600;\">in<\/span>difesa<\/strong> \u00e8 una grande campagna di sensibilizzazione con cui <strong>Terre des Hommes<\/strong> ha messo al centro del proprio intervento la <strong>promozione dei diritti delle bambine nel mondo<\/strong> a partire da interventi sul campo volti a dare risultati concreti per rompere il ciclo della povert\u00e0 e offrire migliori opportunit\u00e0 di vita a migliaia di bambine e ragazze nel mondo.<\/p>\n<p>&nbsp;<\/p>\n<p>All\u2019interno di questa cornice, dal 2014 Terre des Hommes, in collaborazione con OneDay e ScuolaZoo, porta avanti l\u2019<strong>Osservatorio <span style=\"color: #ff6600;\">in<\/span>difesa <\/strong>, con cui ad oggi ha coinvolto pi\u00f9 di 64.000 ragazzi e ragazze di tutta Italia, per un totale di pi\u00f9 di 10 milioni di contatti. L\u2019Osservatorio \u00e8 uno strumento per ascoltare la voce dei ragazzi e delle ragazze italiane su violenza di genere, discriminazioni, bullismo, cyberbullismo e sexting ed \u00e8 a oggi, l\u2019<strong>unico punto d\u2019osservazione permanente su questi temi<\/strong>.<\/p>\n<p>&nbsp;<\/p>\n<p>L\u2019Osservatorio <strong><span style=\"color: #ff6600;\">in<\/span>difesa<\/strong> 2022-23 e le attivit\u00e0 di coinvolgimento dei ragazzi e delle ragazze sono stati realizzati grazie al prezioso supporto di <strong>RAI per la Sostenibilit\u00e0 ESG<\/strong> e di <strong>BIC\u00ae <\/strong>che \u00e8 a fianco di Terre des Hommes attraverso il progetto <strong>Network <span style=\"color: #ff6600;\">in<\/span>difesa <\/strong><strong>la prima rete italiana di WebRadio e giovani ambasciatori contro la discriminazione, gli stereotipi e la violenza di genere, bullismo, cyber-bullismo e sexting<\/strong> per promuovere la partecipazione\u00a0e il protagonismo dei ragazzi\u00a0e delle ragazze attraverso il loro coinvolgimento attivo in tutte le fasi del progetto per realizzare programmi radio mirati alla conoscenza e alla riflessione su violenza, discriminazioni e stereotipi di genere.<\/p>\n<p>&nbsp;<\/p>\n<p>Inoltre, nel 2020 Terre des Hommes insieme a Junior Achievement Italia ha avviato <strong>#IoGiocoAllaPari \u2013 Palestra di Diritti e Competenze<\/strong>, un percorso di empowerment generazionale e parit\u00e0 di genere rivolto a\u00a0<strong>ragazze e ragazzi di scuola secondaria di II grado<\/strong>. Un progetto che unisce la consapevolezza dei diritti con quella delle competenze grazie a un percorso di formazione innovativo e basato sul\u00a0<em>role modeling<\/em>, articolato in <strong>15 workshop online<\/strong>, tenuti da altrettante \u00abDream Coach\u00bb, esperte e professioniste, voci sono di riferimento nei rispettivi settori professionali.<\/p>\n<p>&nbsp;<\/p>\n<p>Sostengono la campagna <strong><span style=\"color: #ff6600;\">in<\/span>difesa<\/strong> : <strong>Benefit Cosmetics, BIC\u00ae, BIC Foundation, C&amp;A, Douglas, Esserbella, catena di profumerie del Gruppo Esselunga, Fondazione Milan, Fondazione Zanetti, Tangoo, RAI per la Sostenibilit\u00e0 ESG, Sorgenia, RGI Group, Valvorobica.<\/strong><\/p>\n<p>&nbsp;<\/p>\n<p>[\/et_pb_text][\/et_pb_column][et_pb_column type=&#8221;1_5&#8243; _builder_version=&#8221;4.16&#8243; custom_padding=&#8221;|||&#8221; global_colors_info=&#8221;{}&#8221; custom_padding__hover=&#8221;|||&#8221;][\/et_pb_column][\/et_pb_row][\/et_pb_section]<\/p>\n","protected":false},"excerpt":{"rendered":"<p>Lavoro: Non \u00e8 un paese per ragazze Gli stereotipi pesano sul futuro di 1 ragazza su 2 1 ragazza su 2 si sente limitata, nelle scelte sul futuro, da stereotipi e retaggi maschilisti e il lavoro \u00e8 percepito come il luogo pi\u00f9 a rischio discriminazione. \u00c8 quanto emerge dall\u2019Osservatorio indifesa realizzato da Terre des Hommes [&hellip;]<\/p>\n","protected":false},"author":6,"featured_media":4959,"comment_status":"open","ping_status":"open","sticky":false,"template":"","format":"standard","meta":{"_et_pb_use_builder":"on","_et_pb_old_content":"Cras mattis consectetur purus sit amet fermentum. Aenean lacinia bibendum nulla sed consectetur. Donec ullamcorper nulla non metus auctor fringilla. Donec ullamcorper nulla non metus auctor fringilla.","_et_gb_content_width":"","footnotes":""},"categories":[16],"tags":[],"class_list":["post-4956","post","type-post","status-publish","format-standard","has-post-thumbnail","hentry","category-comunicati"],"yoast_head":"<!-- This site is optimized with the Yoast SEO plugin v21.1 - https:\/\/yoast.com\/wordpress\/plugins\/seo\/ -->\n<title>Discriminazioni di genere: i nuovi dati dell&#039;Osservatorio indifesa<\/title>\n<meta name=\"description\" content=\"1 ragazza su 2 si sente ostacolata da stereotipi e pregiudizi nelle scelte per il proprio futuro lavorativo\" \/>\n<meta name=\"robots\" content=\"index, follow, max-snippet:-1, max-image-preview:large, max-video-preview:-1\" \/>\n<link rel=\"canonical\" href=\"https:\/\/terredeshommes.it\/eng\/comunicati\/discriminazioni-di-genere-i-nuovi-dati-dellosservatorio-indifesa\/\" \/>\n<meta property=\"og:locale\" content=\"en_US\" \/>\n<meta property=\"og:type\" content=\"article\" \/>\n<meta property=\"og:title\" content=\"Discriminazioni di genere: i nuovi dati dell&#039;Osservatorio indifesa\" \/>\n<meta property=\"og:description\" content=\"1 ragazza su 2 si sente ostacolata da stereotipi e pregiudizi nelle scelte per il proprio futuro lavorativo\" \/>\n<meta property=\"og:url\" content=\"https:\/\/terredeshommes.it\/eng\/comunicati\/discriminazioni-di-genere-i-nuovi-dati-dellosservatorio-indifesa\/\" \/>\n<meta property=\"og:site_name\" content=\"Terre des Hommes Italia\" \/>\n<meta property=\"article:published_time\" content=\"2023-03-02T13:31:55+00:00\" \/>\n<meta property=\"article:modified_time\" content=\"2023-03-02T13:37:30+00:00\" \/>\n<meta property=\"og:image\" content=\"https:\/\/terredeshommes.it\/eng\/wp-content\/uploads\/IMG_2442-Large.jpg\" \/>\n\t<meta property=\"og:image:width\" content=\"2500\" \/>\n\t<meta property=\"og:image:height\" content=\"1667\" \/>\n\t<meta property=\"og:image:type\" content=\"image\/jpeg\" \/>\n<meta name=\"author\" content=\"Anna Bianchi\" \/>\n<meta name=\"twitter:card\" content=\"summary_large_image\" \/>\n<meta name=\"twitter:label1\" content=\"Written by\" \/>\n\t<meta name=\"twitter:data1\" content=\"Anna Bianchi\" \/>\n\t<meta name=\"twitter:label2\" content=\"Est. reading time\" \/>\n\t<meta name=\"twitter:data2\" content=\"7 minutes\" \/>\n<script type=\"application\/ld+json\" class=\"yoast-schema-graph\">{\"@context\":\"https:\/\/schema.org\",\"@graph\":[{\"@type\":\"WebPage\",\"@id\":\"https:\/\/terredeshommes.it\/eng\/comunicati\/discriminazioni-di-genere-i-nuovi-dati-dellosservatorio-indifesa\/\",\"url\":\"https:\/\/terredeshommes.it\/eng\/comunicati\/discriminazioni-di-genere-i-nuovi-dati-dellosservatorio-indifesa\/\",\"name\":\"Discriminazioni di genere: i nuovi dati dell'Osservatorio indifesa\",\"isPartOf\":{\"@id\":\"https:\/\/terredeshommes.it\/eng\/#website\"},\"datePublished\":\"2023-03-02T13:31:55+00:00\",\"dateModified\":\"2023-03-02T13:37:30+00:00\",\"author\":{\"@id\":\"https:\/\/terredeshommes.it\/eng\/#\/schema\/person\/dbba823406adc60a974a3434150e38d5\"},\"description\":\"1 ragazza su 2 si sente ostacolata da stereotipi e pregiudizi nelle scelte per il proprio futuro lavorativo\",\"breadcrumb\":{\"@id\":\"https:\/\/terredeshommes.it\/eng\/comunicati\/discriminazioni-di-genere-i-nuovi-dati-dellosservatorio-indifesa\/#breadcrumb\"},\"inLanguage\":\"en-US\",\"potentialAction\":[{\"@type\":\"ReadAction\",\"target\":[\"https:\/\/terredeshommes.it\/eng\/comunicati\/discriminazioni-di-genere-i-nuovi-dati-dellosservatorio-indifesa\/\"]}]},{\"@type\":\"BreadcrumbList\",\"@id\":\"https:\/\/terredeshommes.it\/eng\/comunicati\/discriminazioni-di-genere-i-nuovi-dati-dellosservatorio-indifesa\/#breadcrumb\",\"itemListElement\":[{\"@type\":\"ListItem\",\"position\":1,\"name\":\"Home\",\"item\":\"https:\/\/terredeshommes.it\/eng\/\"},{\"@type\":\"ListItem\",\"position\":2,\"name\":\"Discriminazioni di genere: i nuovi dati dell&#8217;Osservatorio indifesa\"}]},{\"@type\":\"WebSite\",\"@id\":\"https:\/\/terredeshommes.it\/eng\/#website\",\"url\":\"https:\/\/terredeshommes.it\/eng\/\",\"name\":\"Terre des Hommes Italia\",\"description\":\"Proteggiamo i bambini insieme\",\"potentialAction\":[{\"@type\":\"SearchAction\",\"target\":{\"@type\":\"EntryPoint\",\"urlTemplate\":\"https:\/\/terredeshommes.it\/eng\/?s={search_term_string}\"},\"query-input\":\"required name=search_term_string\"}],\"inLanguage\":\"en-US\"},{\"@type\":\"Person\",\"@id\":\"https:\/\/terredeshommes.it\/eng\/#\/schema\/person\/dbba823406adc60a974a3434150e38d5\",\"name\":\"Anna Bianchi\",\"url\":\"https:\/\/terredeshommes.it\/eng\/author\/a-bianchitdhitaly-org\/\"}]}<\/script>\n<!-- \/ Yoast SEO plugin. -->","yoast_head_json":{"title":"Discriminazioni di genere: i nuovi dati dell'Osservatorio indifesa","description":"1 ragazza su 2 si sente ostacolata da stereotipi e pregiudizi nelle scelte per il proprio futuro lavorativo","robots":{"index":"index","follow":"follow","max-snippet":"max-snippet:-1","max-image-preview":"max-image-preview:large","max-video-preview":"max-video-preview:-1"},"canonical":"https:\/\/terredeshommes.it\/eng\/comunicati\/discriminazioni-di-genere-i-nuovi-dati-dellosservatorio-indifesa\/","og_locale":"en_US","og_type":"article","og_title":"Discriminazioni di genere: i nuovi dati dell'Osservatorio indifesa","og_description":"1 ragazza su 2 si sente ostacolata da stereotipi e pregiudizi nelle scelte per il proprio futuro lavorativo","og_url":"https:\/\/terredeshommes.it\/eng\/comunicati\/discriminazioni-di-genere-i-nuovi-dati-dellosservatorio-indifesa\/","og_site_name":"Terre des Hommes Italia","article_published_time":"2023-03-02T13:31:55+00:00","article_modified_time":"2023-03-02T13:37:30+00:00","og_image":[{"width":2500,"height":1667,"url":"https:\/\/terredeshommes.it\/eng\/wp-content\/uploads\/IMG_2442-Large.jpg","type":"image\/jpeg"}],"author":"Anna Bianchi","twitter_card":"summary_large_image","twitter_misc":{"Written by":"Anna Bianchi","Est. reading time":"7 minutes"},"schema":{"@context":"https:\/\/schema.org","@graph":[{"@type":"WebPage","@id":"https:\/\/terredeshommes.it\/eng\/comunicati\/discriminazioni-di-genere-i-nuovi-dati-dellosservatorio-indifesa\/","url":"https:\/\/terredeshommes.it\/eng\/comunicati\/discriminazioni-di-genere-i-nuovi-dati-dellosservatorio-indifesa\/","name":"Discriminazioni di genere: i nuovi dati dell'Osservatorio indifesa","isPartOf":{"@id":"https:\/\/terredeshommes.it\/eng\/#website"},"datePublished":"2023-03-02T13:31:55+00:00","dateModified":"2023-03-02T13:37:30+00:00","author":{"@id":"https:\/\/terredeshommes.it\/eng\/#\/schema\/person\/dbba823406adc60a974a3434150e38d5"},"description":"1 ragazza su 2 si sente ostacolata da stereotipi e pregiudizi nelle scelte per il proprio futuro lavorativo","breadcrumb":{"@id":"https:\/\/terredeshommes.it\/eng\/comunicati\/discriminazioni-di-genere-i-nuovi-dati-dellosservatorio-indifesa\/#breadcrumb"},"inLanguage":"en-US","potentialAction":[{"@type":"ReadAction","target":["https:\/\/terredeshommes.it\/eng\/comunicati\/discriminazioni-di-genere-i-nuovi-dati-dellosservatorio-indifesa\/"]}]},{"@type":"BreadcrumbList","@id":"https:\/\/terredeshommes.it\/eng\/comunicati\/discriminazioni-di-genere-i-nuovi-dati-dellosservatorio-indifesa\/#breadcrumb","itemListElement":[{"@type":"ListItem","position":1,"name":"Home","item":"https:\/\/terredeshommes.it\/eng\/"},{"@type":"ListItem","position":2,"name":"Discriminazioni di genere: i nuovi dati dell&#8217;Osservatorio indifesa"}]},{"@type":"WebSite","@id":"https:\/\/terredeshommes.it\/eng\/#website","url":"https:\/\/terredeshommes.it\/eng\/","name":"Terre des Hommes Italia","description":"Proteggiamo i bambini insieme","potentialAction":[{"@type":"SearchAction","target":{"@type":"EntryPoint","urlTemplate":"https:\/\/terredeshommes.it\/eng\/?s={search_term_string}"},"query-input":"required name=search_term_string"}],"inLanguage":"en-US"},{"@type":"Person","@id":"https:\/\/terredeshommes.it\/eng\/#\/schema\/person\/dbba823406adc60a974a3434150e38d5","name":"Anna Bianchi","url":"https:\/\/terredeshommes.it\/eng\/author\/a-bianchitdhitaly-org\/"}]}},"_links":{"self":[{"href":"https:\/\/terredeshommes.it\/eng\/wp-json\/wp\/v2\/posts\/4956","targetHints":{"allow":["GET"]}}],"collection":[{"href":"https:\/\/terredeshommes.it\/eng\/wp-json\/wp\/v2\/posts"}],"about":[{"href":"https:\/\/terredeshommes.it\/eng\/wp-json\/wp\/v2\/types\/post"}],"author":[{"embeddable":true,"href":"https:\/\/terredeshommes.it\/eng\/wp-json\/wp\/v2\/users\/6"}],"replies":[{"embeddable":true,"href":"https:\/\/terredeshommes.it\/eng\/wp-json\/wp\/v2\/comments?post=4956"}],"version-history":[{"count":5,"href":"https:\/\/terredeshommes.it\/eng\/wp-json\/wp\/v2\/posts\/4956\/revisions"}],"predecessor-version":[{"id":4965,"href":"https:\/\/terredeshommes.it\/eng\/wp-json\/wp\/v2\/posts\/4956\/revisions\/4965"}],"wp:featuredmedia":[{"embeddable":true,"href":"https:\/\/terredeshommes.it\/eng\/wp-json\/wp\/v2\/media\/4959"}],"wp:attachment":[{"href":"https:\/\/terredeshommes.it\/eng\/wp-json\/wp\/v2\/media?parent=4956"}],"wp:term":[{"taxonomy":"category","embeddable":true,"href":"https:\/\/terredeshommes.it\/eng\/wp-json\/wp\/v2\/categories?post=4956"},{"taxonomy":"post_tag","embeddable":true,"href":"https:\/\/terredeshommes.it\/eng\/wp-json\/wp\/v2\/tags?post=4956"}],"curies":[{"name":"wp","href":"https:\/\/api.w.org\/{rel}","templated":true}]}}