{"id":5851,"date":"2023-04-05T15:32:02","date_gmt":"2023-04-05T13:32:02","guid":{"rendered":"https:\/\/terredeshommes.it\/?p=5851"},"modified":"2023-04-05T15:32:05","modified_gmt":"2023-04-05T13:32:05","slug":"emergenza-adolescenti-in-ritiro-sociale","status":"publish","type":"post","link":"https:\/\/terredeshommes.it\/eng\/comunicati\/emergenza-adolescenti-in-ritiro-sociale\/","title":{"rendered":"Emergenza Adolescenti in ritiro sociale"},"content":{"rendered":"<p>[et_pb_section fb_built=&#8221;1&#8243; _builder_version=&#8221;4.16&#8243; global_colors_info=&#8221;{}&#8221;][et_pb_row _builder_version=&#8221;4.16&#8243; background_size=&#8221;initial&#8221; background_position=&#8221;top_left&#8221; background_repeat=&#8221;repeat&#8221; global_colors_info=&#8221;{}&#8221;][et_pb_column type=&#8221;4_4&#8243; _builder_version=&#8221;4.16&#8243; custom_padding=&#8221;|||&#8221; global_colors_info=&#8221;{}&#8221; custom_padding__hover=&#8221;|||&#8221;][et_pb_text _builder_version=&#8221;4.18.0&#8243; background_size=&#8221;initial&#8221; background_position=&#8221;top_left&#8221; background_repeat=&#8221;repeat&#8221; global_colors_info=&#8221;{}&#8221;]<\/p>\n<p><strong>Re.<\/strong><strong>Stars<\/strong> \u00e8 l\u2019acronimo di <strong>Rete Territoriale per gli Adolescenti in Ritiro Sociale<\/strong> ed \u00e8 il titolo del nuovo progetto di <strong>Terre des Hommes<\/strong>, insieme a <strong>Comunit\u00e0 Nuova, Il Girasole, Zero5 Coop Soc <\/strong>e le <strong>UONPIA dell\u2019ASST Santi Paolo e Carlo<\/strong> finanziato da Fondazione Cariplo. Partito a febbraio 2023, l\u2019intervento intende contrastare il disagio sociale tra gli adolescenti attraverso <strong>un approccio multidisciplinare<\/strong>, <strong>innovativo<\/strong> e <strong>complementare all\u2019intervento sanitario <\/strong>pubblico.<strong> \u00a0<\/strong><\/p>\n<p><strong> <\/strong><\/p>\n<p><strong><\/strong><\/p>\n<h3>La sindrome di Hikikomori<\/h3>\n<p>Dalle stime pi\u00f9 aggiornate, sarebbero <strong>50.000 gli adolescenti in Italia<\/strong> che manifestano questa forma particolare di disagio, il ritiro sociale, conosciuto anche, nella sua forma pi\u00f9 grave, come sindrome di Hikikomori.<a href=\"#_ftn1\" name=\"_ftnref1\"><span>[1]<\/span><\/a><\/p>\n<p>Il ritiro sociale consiste nel <strong>sottrarsi gradualmente alle opportunit\u00e0 di interazione sociale<\/strong> fino alla chiusura totale al mondo ed \u00e8 una condizione clinica sempre pi\u00f9 diffusa tra gli <strong>adolescenti<\/strong> ed emersa soprattutto durante i lockdown del 2020 e 21<strong>.<\/strong> Lo confermano i servizi di Neuropsichiatria Infantile che osservano una maggior diffusione e maggiori richieste di intervento.<\/p>\n<p><em>\u201cIl progetto Re.Stars nasce da un\u2019attenta valutazione del fenomeno del disagio sociale e della fragilit\u00e0 psicologica degli adolescenti che noi dell\u2019ASST Santi Paolo e Carlo incontriamo ogni giorno. Grazie a questo intervento innovativo possiamo offrire, insieme a Terre des Hommes e ai partner, una risposta funzionale a supportare l\u2019utenza, con una metodologia innovativa, flessibile e che crediamo porter\u00e0 a dei successi.<\/em>\u201dAfferma <strong>Marco Siviero, Neuropsichiatra infantile ASST Santi Paolo e Carlo. <\/strong><\/p>\n<p>\u201c<em>A Milano, nelle UONPIA dell\u2019Azienda Socio-Sanitaria Territoriale <strong>\u201cSanti Paolo e Carlo\u201d<\/strong> che partecipano al progetto Re.Stars (che si concentra sul Municipio 6,7,8) ogni anno si effettuano interventi di tipo terapeutico e riabilitativo su una media di circa 100 adolescenti (12-17 anni).\u00a0 Di questi <strong>sono circa il 20% i ragazzi che presentano condizioni di ritiro sociale, a diversi livelli di gravit\u00e0<\/strong>: da un <strong>totale isolamento<\/strong> a difficolt\u00e0 nel mantenere relazioni stabili e significative; tutti con interruzione o <strong>discontinuit\u00e0 del percorso scolastico<\/strong>.\u201d<\/em><\/p>\n<p>Se ospedalizzati per condizioni cliniche acute, una volta rientrati a casa hanno assoluta necessit\u00e0 di essere delicatamente affiancati e supportati, nella ricostruzione di un s\u00e9 e nell\u2019individuazione di risorse personali che possano aiutarlo riappropriarsi di una dimensione di socialit\u00e0 serena con gli altri.<\/p>\n<p>L\u2019intervento clinico \/ sanitario da solo non pu\u00f2 bastare: occorrono supporto psicologico, educativo, accompagnamento lento verso una ripresa difficile di una quotidianit\u00e0 equilibrata.<\/p>\n<h3>La proposta del progetto Re.Stars<\/h3>\n<p>Re.Stars propone un modello di intervento in grado di rispondere ai diversi livelli di fragilit\u00e0 che gli adolescenti in carico o dimessi dalle UONPIA presentano.<\/p>\n<p>A seconda della gravit\u00e0 del caso, il dispositivo Re.Stars mette in campo interventi che rispondono ad una scala di intensit\u00e0 relazionale differente, nel rispetto delle condizioni del ragazzo\/a.<\/p>\n<p>Oltre a <strong>una formazione specifica<\/strong> per gli operatori dell\u2019ambito socioeducativo e psicologico, impegnati nel supporto agli adolescenti in ritiro sociale o a rischio di ritiro, il progetto prevede quindi delle <strong>attivit\u00e0 che si articolano su 4 livelli<\/strong> per rispondere nel modo pi\u00f9 adeguato alle necessit\u00e0 di ogni singolo ragazzo o ragazza coinvolta.<\/p>\n<p>Per coloro che presentano forme pi\u00f9 lievi di ritiro sociale saranno proposte <strong>attivit\u00e0 ricreative e sportive con i loro pari<\/strong>, o in casi leggermente pi\u00f9 complessi piccole <strong>attivit\u00e0 laboratoriali di tipo psicosociale<\/strong>, fuori dal proprio domicilio.<\/p>\n<p>Gli adolescenti con maggior fragilit\u00e0 riceveranno <strong>un supporto individuale multidisciplinare, lasciando spazio per\u00f2, che, nei casi pi\u00f9 gravi di forte rituro sociale, ad interventi specializzati di Pet therapy.<\/strong><\/p>\n<p><strong> <\/strong><\/p>\n<p><strong><\/strong><\/p>\n<h3>Supporto anche per gli adulti di riferimento<\/h3>\n<p>Oltre alle azioni di diretto supporto agli adolescenti, Re.Stars prevede la sensibilizzazione e l\u2019accompagnamento dei genitori e degli adulti di riferimento per questi ragazzi e ragazze.<\/p>\n<p><strong>Federica Giannotta Responsabile Advocacy e Programmi Italia di Terre des Hommes<\/strong>: <em>\u201cIl disagio sociale tra gli adolescenti sta emergendo sempre di pi\u00f9 come una vera emergenza, soprattutto dopo la pandemia. Siamo grati a Fondazione Cariplo che ha compreso pienamente la nostra proposta progettuale innovativa, perch\u00e9 nata da una attenta valutazione del bisogno, fatta insieme agli esperti dell\u2019Ospedale San Carlo, e ha deciso di finanziarla permettendoci di creare un forte partenariato con le competenze specifiche necessarie a fornire una risposta integrata e un supporto tempestivo ai ragazzi e alle ragazze che vivono questa forma di disagio.\u201d<\/em><\/p>\n<p><em>\u201cIl benessere psicologico dei minori \u00e8 anche per il 2023 uno dei temi prioritari di Fondazione Cariplo che infatti prevede gi\u00e0 un nuovo bando a inizio primavera, con un budget di 3,5 milioni di euro. Davanti al crescente malessere dei giovani, la Fondazione ha messo in campo risorse per favorire progetti di ricomposizione sul territorio, capaci di connettere diverse competenze e diversi soggetti attorno al problema.&#8221;<\/em><\/p>\n<p><em>&#8220;La risposta del territorio ha superato le aspettative, sia in termini di quantit\u00e0 che di qualit\u00e0 dei progetti proposti, e per questo abbiamo deciso di aumentare nel 2022 il budget a disposizione portandolo da 2,5 a 5,2 milioni di euro. Sostenere i ragazzi e le loro famiglie nell\u2019affrontare il malessere emotivo e psicologico \u00e8 una sfida cruciale e complessa che possiamo affrontare solamente unendo le forze.\u201d <\/em><strong>Giovanni Fosti, Presidente Fondazione Cariplo<\/strong><\/p>\n<p>&nbsp;<\/p>\n<p><a href=\"#_ftnref1\" name=\"_ftn1\"><span>[1]<\/span><\/a> <a href=\"https:\/\/www.gruppoabele.org\/it-schede-1579-vite_in_disparte\">https:\/\/www.gruppoabele.org\/it-schede-1579-vite_in_disparte<\/a><\/p>\n<p>&nbsp;<\/p>\n<p>&nbsp;<\/p>\n<p>[\/et_pb_text][\/et_pb_column][\/et_pb_row][\/et_pb_section]<\/p>\n","protected":false},"excerpt":{"rendered":"<p>Re.Stars \u00e8 l\u2019acronimo di Rete Territoriale per gli Adolescenti in Ritiro Sociale ed \u00e8 il titolo del nuovo progetto di Terre des Hommes, insieme a Comunit\u00e0 Nuova, Il Girasole, Zero5 Coop Soc e le UONPIA dell\u2019ASST Santi Paolo e Carlo finanziato da Fondazione Cariplo. Partito a febbraio 2023, l\u2019intervento intende contrastare il disagio sociale tra [&hellip;]<\/p>\n","protected":false},"author":6,"featured_media":3282,"comment_status":"closed","ping_status":"closed","sticky":false,"template":"","format":"standard","meta":{"_et_pb_use_builder":"on","_et_pb_old_content":"L'invasione russa dell'Ucraina ha aumentato in modo considerevole i rischi di violenza contro le donne e le ragazze di questo Paese. \r\n<strong>L\u2019insicurezza nella quale si trova a vivere la popolazione civile a causa dei combattimenti si riflette infatti in maniera particolarmente drammatica sulle donne ucraine<\/strong>, che costituiscono la maggioranza dei rifugiati in Europa e degli sfollati nelle zone del Paese meno colpite dal conflitto. \r\n\r\nLo ha ricordato anche <strong>Amnesty International<\/strong> in occasione dell\u2019ultima Giornata Internazionale della Donna dichiarando che <a href=\"https:\/\/www.amnesty.it\/donne-in-ucraina-in-grave-pericolo-a-causa-dellaggressione-russa\/\" rel=\"noopener\" target=\"_blank\">le donne in Ucraina sono in grave pericolo<\/a> per il <strong>forte impatto che il conflitto sta avendo sulla loro sicurezza, salute e  benessere<\/strong>.\r\n\r\nIn questo primo anno di guerra infatti sono state segnalate <strong>molte forme di violenza di genere, con rischi particolarmente elevati per le donne e le ragazze che si spostano per fuggire ai bombardamenti<\/strong>, sia nell\u2019attraversamento delle frontiere che nei centri di transito e nei rifugi. \r\n\r\nSono stati segnalati episodi di <strong>violenza da parte del partner, violenza economica, molestie sessuali, violenze sessuali anche come arma di guerra<\/strong>. \r\nParticolarmente alto \u00e8 poi il <strong>rischio di tratta a scopo di sfruttamento sessuale<\/strong> ad opera di organizzazioni criminali a volte presenti alle frontiere, dove il controllo dei documenti \u00e8 scarso e le giovani donne non sono accompagnate da altri membri della famiglia.\r\n\r\n<h2>I dati e le statistiche della situazione delle donne ucraine dall'inizio della guerra<\/h2>\r\nA un anno dall\u2019entrata delle truppe russe in territorio ucraino <strong>sono quasi 8 milioni le persone che sono fuggite in Europa. Per la maggior parte si tratta di donne e bambini<\/strong> perch\u00e9 la legge marziale proibisce agli uomini dai 18 ai 60 anni di lasciare il Paese. \r\n\r\nLe nazioni che hanno accolto pi\u00f9 rifugiati ucraini sono la <strong>Polonia<\/strong> (1,5 milioni) e la <strong>Germania<\/strong> (pi\u00f9 di un milione). \r\nIn <strong>Italia<\/strong>, secondo i <a href=\"https:\/\/mappe.protezionecivile.gov.it\/it\/mappe-e-dashboards-emergenze\/mappe-e-dashboards-ucraina\/ingressi-alle-frontiere\" rel=\"noopener\" target=\"_blank\">dati del ministero dell\u2019Interno<\/a> dall\u2019inizio del conflitto a fine dicembre 2022 <strong>sono arrivati 173.000 ucraini, di cui oltre 92mila donne (53%) e quasi 50.000 minori<\/strong>.\r\n\r\nAll\u2019interno dell\u2019Ucraina a fine 2022 <strong>gli sfollati erano 13,4 milioni<\/strong>, persone che avevano visto la loro casa bombardata o che si sono dovuti spostare dal luogo di residenza perch\u00e9 era a rischio la loro vita. \r\nAnche <strong>tra gli sfollati la maggioranza sono donne, bambini e anziani<\/strong>, le cui condizioni economiche sono molto precarie accrescendo il rischio di violenza e abusi.\r\n\r\n<strong>Circostanze come queste sono il terreno di coltura di fenomeni come la tratta<\/strong>, nel quale delle organizzazioni criminali approfittano della crisi per <strong>reclutare con l\u2019inganno soprattutto donne e ragazze, offrendo loro il miraggio di un lavoro<\/strong>, per trasferirle in altri Paesi e <strong>sfruttarle nella prostituzione o in occupazioni usuranti<\/strong>, senza alcuna tutela e senza la possibilit\u00e0 di sottrarsi al compito che hanno assegnato loro i trafficanti.\r\n\r\n<h2>Le iniziative per tutelarle<\/h2>\r\nLe donne ucraine in fuga dalla guerra hanno quindi <strong>estremo bisogno di assistenza e protezione<\/strong>, non potendo contare su alcun reddito n\u00e9 sulla consueta rete di relazioni.\r\nPer questo l'<strong>Unione Europea, gi\u00e0 all\u2019inizio di marzo del 2022, ha deciso di concedere alle rifugiate e ai rifugiati provenienti dall'Ucraina una Protezione Temporanea<\/strong>, che garantisce l'accesso all'alloggio, al welfare e all'assistenza sanitaria. \r\n<strong>Con un permesso di soggiorno nell'UE, le donne ucraine possono lavorare e iscrivere i bambini a scuola<\/strong>. \r\nL\u20198 marzo 2023 la Commissione Europea ha comunicato che <a href=\"https:\/\/integrazionemigranti.gov.it\/it-it\/Ricerca-news\/Dettaglio-news\/id\/3101\/Emergenza-Ucraina-Commissione-Ue-protezione-temporanea-prorogabile-fino-al-2025\" rel=\"noopener\" target=\"_blank\">questa protezione temporanea \u00e8 prorogabile fino al 2025<\/a> e oltre, se necessario. \r\n\r\n<strong>Contro la tratta di esseri umani<\/strong> l\u2019Unione Europea ha messo in atto sin dallo scorso maggio un <a href=\"https:\/\/home-affairs.ec.europa.eu\/system\/files\/2022-05\/Anti-Trafficking%20Plan_en.pdf\" rel=\"noopener\" target=\"_blank\">piano comune<\/a> per sensibilizzare sui rischi e <strong>sostenere le potenziali vittime tra le donne e le ragazze<\/strong> che fuggono dalla guerra in Ucraina.\r\n\r\n<h2>L'impegno di Terre des Hommes a favore delle donne ucraine<\/h2>\r\nLa nostra organizzazione si \u00e8 attivata sin dai primi giorni del conflitto per portare soccorso alla popolazione civile ucraina, in particolar modo donne, ragazze e bambini. Ecco come:\r\n\r\n- Abbiamo inviato importanti forniture di <strong>farmaci, articoli medicali e attrezzature mediche agli ospedali pediatrici<\/strong> del Paese\r\n\r\n- abbiamo offerto <strong>supporto psicologico e materiale alle mamme con bambini in fuga dalla guerra in Polonia<\/strong>, a Cracovia e Kobylka, contribuendo alla nascita di due spazi protetti per donne e minori che hanno aiutato in vario modo oltre 4.000 persone nel 2022. \r\n\r\n- <strong>In Italia<\/strong>, al valico di Ugovizza a Tarvisio, a Udine e in altri luoghi del <strong>Friuli Venezia Giulia<\/strong> dove arrivano la maggior parte dei rifugiati ucraini, abbiamo aperto dei <strong>presidi d\u2019accoglienza, supporto psicologico e orientamento<\/strong> ai servizi del territorio con la presenza di una mediatrice e una psicologa madrelingua ucraina di cui hanno usufruito oltre 5.000 persone. \r\n<strong>Molte donne ucraine sono rimaste in contatto con la psicologa anche dopo aver lasciato la regione<\/strong>, grazie a un servizio molto apprezzato di consultazioni on line e telefoniche. \r\nNegli spazi di un\u2019associazione locale abbiamo offerto <strong>lezioni d\u2019italiano per donne e bambini e attivit\u00e0 ricreative<\/strong> per integrarli nel tessuto sociale delle comunit\u00e0 d\u2019accoglienza. \r\n\r\n- A <strong>Milano<\/strong> il nostro <a href=\"https:\/\/terredeshommes.it\/eng\/comunicati\/lhub-lo-spreco-alimentare-spazio-indifesa-presenta-nuovi-servizi-ampliati-rispondere-allemergenza-ucraina\/\" rel=\"noopener\" target=\"_blank\">Spazio Indifesa<\/a> presso l\u2019hub alimentare del Gallaratese del Comune di Milano Food Policy \u00e8 diventato il fulcro del sistema di accoglienza di questa citt\u00e0, <strong>offrendo a 400 famiglie di rifugiati cibo, beni essenziali, mediazione linguistica, assistenza psicologica, attivit\u00e0 psicosociali e ricreative per bambini, lezioni di italiano, servizi di orientamento al lavoro, educazione finanziaria e visite mediche alle donne ucraine e ai loro figli<\/strong>. \r\n\r\n- In una cittadina vicina a Milano abbiamo messo a disposizione <strong>due appartamenti a 7 donne ucraine con bambini<\/strong>. \r\n[caption id=\"attachment_5115\" align=\"alignnone\" width=\"1024\"]<img src=\"https:\/\/terredeshommes.it\/eng\/wp-content\/uploads\/mappa-interventi-ucraina-1024x655.png\" alt=\"interventi di Terre des Hommes in favore delle donne e dei bambini ucraini\" width=\"1024\" height=\"655\" class=\"size-large wp-image-5115\" \/> interventi di Terre des Hommes in favore delle donne e dei bambini ucraini[\/caption]\r\n\r\n<h2>Come aiutare le donne ucraine<\/h2>\r\nL\u2019ondata di solidariet\u00e0 verso le rifugiate e i rifugiati ucraini che si \u00e8 manifestata subito dopo l\u2019aggressione russa a distanza di un anno si \u00e8 notevolmente ridimensionata, ma <strong>i bisogni delle donne ucraine e dei loro bambini sono ancora tanti<\/strong>. \r\nIn particolare <strong>l\u2019assistenza psicologica \u00e8 cruciale, perch\u00e9 la prolungata lontananza da casa sta facendo emergere nuove problematiche<\/strong> di relazione con la parte della famiglia rimasta in patria e con i figli, stati depressivi, disturbi alimentari, ecc. \r\n\r\nTerre des Hommes intende <strong>continuare a supportare e proteggere le donne e le ragazze ucraine fino a quando ce ne sar\u00e0 bisogno<\/strong>. \r\nSe anche tu vuoi contribuire alla loro assistenza visita <a href=\"https:\/\/emergenzabambini.terredeshommes.it\/emergenza-ucraina\/\" rel=\"noopener\" target=\"_blank\">questa pagina<\/a> per donare.","_et_gb_content_width":"","footnotes":""},"categories":[16],"tags":[],"class_list":["post-5851","post","type-post","status-publish","format-standard","has-post-thumbnail","hentry","category-comunicati"],"yoast_head":"<!-- This site is optimized with the Yoast SEO plugin v21.1 - https:\/\/yoast.com\/wordpress\/plugins\/seo\/ -->\n<title>Emergenza adolescenti in ritiro sociale<\/title>\n<meta name=\"description\" content=\"Terre des Hommes lancia un nuovo progetto per il supporto alla salute mentale degli adolescenti in ritiro sociale\" \/>\n<meta name=\"robots\" content=\"index, follow, max-snippet:-1, max-image-preview:large, max-video-preview:-1\" \/>\n<link rel=\"canonical\" href=\"https:\/\/terredeshommes.it\/eng\/comunicati\/emergenza-adolescenti-in-ritiro-sociale\/\" \/>\n<meta property=\"og:locale\" content=\"en_US\" \/>\n<meta property=\"og:type\" content=\"article\" \/>\n<meta property=\"og:title\" content=\"Emergenza adolescenti in ritiro sociale\" \/>\n<meta property=\"og:description\" content=\"Terre des Hommes lancia un nuovo progetto per il supporto alla salute mentale degli adolescenti in ritiro sociale\" \/>\n<meta property=\"og:url\" content=\"https:\/\/terredeshommes.it\/eng\/comunicati\/emergenza-adolescenti-in-ritiro-sociale\/\" \/>\n<meta property=\"og:site_name\" content=\"Terre des Hommes Italia\" \/>\n<meta property=\"article:published_time\" content=\"2023-04-05T13:32:02+00:00\" \/>\n<meta property=\"article:modified_time\" content=\"2023-04-05T13:32:05+00:00\" \/>\n<meta property=\"og:image\" content=\"https:\/\/terredeshommes.it\/eng\/wp-content\/uploads\/shutterstock_1095397952-scaled.jpg\" \/>\n\t<meta property=\"og:image:width\" content=\"2560\" \/>\n\t<meta property=\"og:image:height\" content=\"1760\" \/>\n\t<meta property=\"og:image:type\" content=\"image\/jpeg\" \/>\n<meta name=\"author\" content=\"Anna Bianchi\" \/>\n<meta name=\"twitter:card\" content=\"summary_large_image\" \/>\n<meta name=\"twitter:label1\" content=\"Written by\" \/>\n\t<meta name=\"twitter:data1\" content=\"Anna Bianchi\" \/>\n\t<meta name=\"twitter:label2\" content=\"Est. reading time\" \/>\n\t<meta name=\"twitter:data2\" content=\"5 minutes\" \/>\n<script type=\"application\/ld+json\" class=\"yoast-schema-graph\">{\"@context\":\"https:\/\/schema.org\",\"@graph\":[{\"@type\":\"WebPage\",\"@id\":\"https:\/\/terredeshommes.it\/eng\/comunicati\/emergenza-adolescenti-in-ritiro-sociale\/\",\"url\":\"https:\/\/terredeshommes.it\/eng\/comunicati\/emergenza-adolescenti-in-ritiro-sociale\/\",\"name\":\"Emergenza adolescenti in ritiro sociale\",\"isPartOf\":{\"@id\":\"https:\/\/terredeshommes.it\/eng\/#website\"},\"datePublished\":\"2023-04-05T13:32:02+00:00\",\"dateModified\":\"2023-04-05T13:32:05+00:00\",\"author\":{\"@id\":\"https:\/\/terredeshommes.it\/eng\/#\/schema\/person\/dbba823406adc60a974a3434150e38d5\"},\"description\":\"Terre des Hommes lancia un nuovo progetto per il supporto alla salute mentale degli adolescenti in ritiro sociale\",\"breadcrumb\":{\"@id\":\"https:\/\/terredeshommes.it\/eng\/comunicati\/emergenza-adolescenti-in-ritiro-sociale\/#breadcrumb\"},\"inLanguage\":\"en-US\",\"potentialAction\":[{\"@type\":\"ReadAction\",\"target\":[\"https:\/\/terredeshommes.it\/eng\/comunicati\/emergenza-adolescenti-in-ritiro-sociale\/\"]}]},{\"@type\":\"BreadcrumbList\",\"@id\":\"https:\/\/terredeshommes.it\/eng\/comunicati\/emergenza-adolescenti-in-ritiro-sociale\/#breadcrumb\",\"itemListElement\":[{\"@type\":\"ListItem\",\"position\":1,\"name\":\"Home\",\"item\":\"https:\/\/terredeshommes.it\/eng\/\"},{\"@type\":\"ListItem\",\"position\":2,\"name\":\"Emergenza Adolescenti in ritiro sociale\"}]},{\"@type\":\"WebSite\",\"@id\":\"https:\/\/terredeshommes.it\/eng\/#website\",\"url\":\"https:\/\/terredeshommes.it\/eng\/\",\"name\":\"Terre des Hommes Italia\",\"description\":\"Proteggiamo i bambini insieme\",\"potentialAction\":[{\"@type\":\"SearchAction\",\"target\":{\"@type\":\"EntryPoint\",\"urlTemplate\":\"https:\/\/terredeshommes.it\/eng\/?s={search_term_string}\"},\"query-input\":\"required name=search_term_string\"}],\"inLanguage\":\"en-US\"},{\"@type\":\"Person\",\"@id\":\"https:\/\/terredeshommes.it\/eng\/#\/schema\/person\/dbba823406adc60a974a3434150e38d5\",\"name\":\"Anna Bianchi\",\"url\":\"https:\/\/terredeshommes.it\/eng\/author\/a-bianchitdhitaly-org\/\"}]}<\/script>\n<!-- \/ Yoast SEO plugin. -->","yoast_head_json":{"title":"Emergenza adolescenti in ritiro sociale","description":"Terre des Hommes lancia un nuovo progetto per il supporto alla salute mentale degli adolescenti in ritiro sociale","robots":{"index":"index","follow":"follow","max-snippet":"max-snippet:-1","max-image-preview":"max-image-preview:large","max-video-preview":"max-video-preview:-1"},"canonical":"https:\/\/terredeshommes.it\/eng\/comunicati\/emergenza-adolescenti-in-ritiro-sociale\/","og_locale":"en_US","og_type":"article","og_title":"Emergenza adolescenti in ritiro sociale","og_description":"Terre des Hommes lancia un nuovo progetto per il supporto alla salute mentale degli adolescenti in ritiro sociale","og_url":"https:\/\/terredeshommes.it\/eng\/comunicati\/emergenza-adolescenti-in-ritiro-sociale\/","og_site_name":"Terre des Hommes Italia","article_published_time":"2023-04-05T13:32:02+00:00","article_modified_time":"2023-04-05T13:32:05+00:00","og_image":[{"width":2560,"height":1760,"url":"https:\/\/terredeshommes.it\/eng\/wp-content\/uploads\/shutterstock_1095397952-scaled.jpg","type":"image\/jpeg"}],"author":"Anna Bianchi","twitter_card":"summary_large_image","twitter_misc":{"Written by":"Anna Bianchi","Est. reading time":"5 minutes"},"schema":{"@context":"https:\/\/schema.org","@graph":[{"@type":"WebPage","@id":"https:\/\/terredeshommes.it\/eng\/comunicati\/emergenza-adolescenti-in-ritiro-sociale\/","url":"https:\/\/terredeshommes.it\/eng\/comunicati\/emergenza-adolescenti-in-ritiro-sociale\/","name":"Emergenza adolescenti in ritiro sociale","isPartOf":{"@id":"https:\/\/terredeshommes.it\/eng\/#website"},"datePublished":"2023-04-05T13:32:02+00:00","dateModified":"2023-04-05T13:32:05+00:00","author":{"@id":"https:\/\/terredeshommes.it\/eng\/#\/schema\/person\/dbba823406adc60a974a3434150e38d5"},"description":"Terre des Hommes lancia un nuovo progetto per il supporto alla salute mentale degli adolescenti in ritiro sociale","breadcrumb":{"@id":"https:\/\/terredeshommes.it\/eng\/comunicati\/emergenza-adolescenti-in-ritiro-sociale\/#breadcrumb"},"inLanguage":"en-US","potentialAction":[{"@type":"ReadAction","target":["https:\/\/terredeshommes.it\/eng\/comunicati\/emergenza-adolescenti-in-ritiro-sociale\/"]}]},{"@type":"BreadcrumbList","@id":"https:\/\/terredeshommes.it\/eng\/comunicati\/emergenza-adolescenti-in-ritiro-sociale\/#breadcrumb","itemListElement":[{"@type":"ListItem","position":1,"name":"Home","item":"https:\/\/terredeshommes.it\/eng\/"},{"@type":"ListItem","position":2,"name":"Emergenza Adolescenti in ritiro sociale"}]},{"@type":"WebSite","@id":"https:\/\/terredeshommes.it\/eng\/#website","url":"https:\/\/terredeshommes.it\/eng\/","name":"Terre des Hommes Italia","description":"Proteggiamo i bambini insieme","potentialAction":[{"@type":"SearchAction","target":{"@type":"EntryPoint","urlTemplate":"https:\/\/terredeshommes.it\/eng\/?s={search_term_string}"},"query-input":"required name=search_term_string"}],"inLanguage":"en-US"},{"@type":"Person","@id":"https:\/\/terredeshommes.it\/eng\/#\/schema\/person\/dbba823406adc60a974a3434150e38d5","name":"Anna Bianchi","url":"https:\/\/terredeshommes.it\/eng\/author\/a-bianchitdhitaly-org\/"}]}},"_links":{"self":[{"href":"https:\/\/terredeshommes.it\/eng\/wp-json\/wp\/v2\/posts\/5851","targetHints":{"allow":["GET"]}}],"collection":[{"href":"https:\/\/terredeshommes.it\/eng\/wp-json\/wp\/v2\/posts"}],"about":[{"href":"https:\/\/terredeshommes.it\/eng\/wp-json\/wp\/v2\/types\/post"}],"author":[{"embeddable":true,"href":"https:\/\/terredeshommes.it\/eng\/wp-json\/wp\/v2\/users\/6"}],"replies":[{"embeddable":true,"href":"https:\/\/terredeshommes.it\/eng\/wp-json\/wp\/v2\/comments?post=5851"}],"version-history":[{"count":12,"href":"https:\/\/terredeshommes.it\/eng\/wp-json\/wp\/v2\/posts\/5851\/revisions"}],"predecessor-version":[{"id":5879,"href":"https:\/\/terredeshommes.it\/eng\/wp-json\/wp\/v2\/posts\/5851\/revisions\/5879"}],"wp:featuredmedia":[{"embeddable":true,"href":"https:\/\/terredeshommes.it\/eng\/wp-json\/wp\/v2\/media\/3282"}],"wp:attachment":[{"href":"https:\/\/terredeshommes.it\/eng\/wp-json\/wp\/v2\/media?parent=5851"}],"wp:term":[{"taxonomy":"category","embeddable":true,"href":"https:\/\/terredeshommes.it\/eng\/wp-json\/wp\/v2\/categories?post=5851"},{"taxonomy":"post_tag","embeddable":true,"href":"https:\/\/terredeshommes.it\/eng\/wp-json\/wp\/v2\/tags?post=5851"}],"curies":[{"name":"wp","href":"https:\/\/api.w.org\/{rel}","templated":true}]}}