{"id":642,"date":"2020-02-27T12:26:13","date_gmt":"2020-02-27T11:26:13","guid":{"rendered":"https:\/\/terredeshommes.it\/?p=642"},"modified":"2021-09-23T17:57:50","modified_gmt":"2021-09-23T15:57:50","slug":"burkina-faso-15-milioni-di-persone-a-rischio","status":"publish","type":"post","link":"https:\/\/terredeshommes.it\/eng\/comunicati\/burkina-faso-15-milioni-di-persone-a-rischio\/","title":{"rendered":"Burkina Faso, 1,5 milioni di persone a rischio"},"content":{"rendered":"<p>[et_pb_section fb_built=&#8221;1&#8243; _builder_version=&#8221;3.22&#8243;][et_pb_row column_structure=&#8221;1_5,3_5,1_5&#8243; _builder_version=&#8221;3.25&#8243; background_size=&#8221;initial&#8221; background_position=&#8221;top_left&#8221; background_repeat=&#8221;repeat&#8221;][et_pb_column type=&#8221;1_5&#8243; _builder_version=&#8221;3.25&#8243; custom_padding=&#8221;|||&#8221; custom_padding__hover=&#8221;|||&#8221;][\/et_pb_column][et_pb_column type=&#8221;3_5&#8243; _builder_version=&#8221;3.25&#8243; custom_padding=&#8221;|||&#8221; custom_padding__hover=&#8221;|||&#8221;][et_pb_text admin_label=&#8221;Testo&#8221; _builder_version=&#8221;4.5.6&#8243; background_size=&#8221;initial&#8221; background_position=&#8221;top_left&#8221; background_repeat=&#8221;repeat&#8221; hover_enabled=&#8221;0&#8243;]<\/p>\n<p><strong>Il nord del Burkina Faso sta attraversando una grave crisi umanitaria<\/strong>, per lo pi\u00f9 passata sotto silenzio. Lo denuncia l\u2019associazione\u00a0<a href=\"https:\/\/lvia.it\/\" target=\"_blank\" rel=\"noopener noreferrer\">LVIA<\/a>\u00a0\u2013 Servizio di Pace attiva nell\u2019area di crisi insieme alle ong italiane AIDOS, CISV, Progetto Mondo MLAL,\u00a0<strong>Terre des Hommes<\/strong>, Reach Italia, World Friends-GVC e alle ong euroopee IRC e CEAS e, con le associazioni locali CRUS e FNGN.<\/p>\n<p>Molti sono i fattori che hanno determinato\u00a0<strong>questa critica situazione<\/strong>\u00a0che\u00a0<strong>coinvolge<\/strong>,\u00a0<strong>nelle regioni settentrionali del Paese<\/strong>\u00a0<strong>circa un milione e mezzo di persone<\/strong>, secondo i\u00a0<a href=\"https:\/\/www.humanitarianresponse.info\/en\/op%C3%A9rations\/burkina-faso\/infographic\/burkina-faso-aper%C3%A7u-de-la-situation-humanitaire-au-17-f%C3%A9vrier\" target=\"_blank\" rel=\"noopener noreferrer\">dati ONU aggiornati al 17 febbraio 2020<\/a>,\u00a0<strong>molte delle quali donne e bambini<\/strong>.<\/p>\n<p>Lo scorso anno si calcolava che 20.000 persone al mese si spostavano dalla regione verso altre aree del paese considerate pi\u00f9 sicure.\u00a0<strong>A febbraio 2020 il numero complessivo degli sfollati \u00e8 di 765.500 persone<\/strong>, molti dei quali sono rifugiati presso familiari. Da sottolineare tuttavia che le famiglie di accoglienza sono a loro volta povere e con nuclei numerosi (6-10 persone) e a stento potranno sostenere una famiglia altrettanto numerosa a cui dare almeno acqua e cibo.<\/p>\n<p><strong>Molto di quanto sta accadendo \u00e8 determinato dalla forte insicurezza causata dalle continue incursioni dei gruppi armati radicali in questa area del Paese<\/strong>, tanto da portare alla chiusura dei centri sanitari e delle scuole.\u00a0<strong>Si calcola che siano state chiuse 2.410 scuole e che siano 318.000 i bambini ed i giovani privati dell\u2019istruzione scolastica<\/strong>. I centri sanitari chiusi o in funzionamento minimo sono 273, in un\u2019area che gi\u00e0 scarseggia di servizi di base.<\/p>\n<p>\u00ab<em>Un grande problema che avr\u00e0 delle ulteriori conseguenze per il futuro \u00e8 inoltre la frattura sociale che gli attacchi dei gruppi estremisti stanno provocando nella popolazione. Tutto questo accade in un paese, il Burkina Faso, dove le diverse religioni ed etnie hanno sempre convissuto pacificamente<\/em>\u00bb, denuncia il presidente di LVIA\u00a0<strong>Alessandro Bobba<\/strong>. A questo si aggiunge un\u00a0<strong>rischio molto elevato di radicalismo<\/strong>\u00a0da parte della popolazione, soprattutto i pi\u00f9 giovani che, in assenza di lavoro, rischiano di arruolarsi nei gruppi armati.<\/p>\n<p>A questa crisi di sicurezza si aggiunge la\u00a0<strong>grave siccit\u00e0, causata dall\u2019impatto dei cambiamenti climatici sempre pi\u00f9 grave nell\u2019Africa subsahariana<\/strong>\u00a0dove il fenomeno della desertificazione si amplia ogni anno di pi\u00f9. Per la popolazione di queste regioni, che nell\u201980% dei casi vive grazie all\u2019agricoltura ed all\u2019allevamento del bestiame,\u00a0<strong>questa situazione provoca povert\u00e0, insicurezza alimentare e malnutrizione, sia acuta che cronica, soprattutto nei bambini<\/strong>.<\/p>\n<p>In questo contesto, e di fronte alla crisi delle regioni del nord le Ong hanno attivato il\u00a0<strong>Programma di rafforzamento della resilienza delle comunit\u00e0 vulnerabili nelle province di Soum e Loroum<\/strong>, realizzato con il contributo del\u00a0<strong>Fondo Fiduciario d\u2019Emergenza per l\u2019Africa dell\u2019Unione Europea<\/strong>. L\u2019intervento, condiviso tra ONG e associazioni locali, si svolge nelle provincie del Soum e del Loroum in Burkina Faso, al confine col Mali.<\/p>\n<p>Si \u00e8 impegnati nelle zone dove vi \u00e8 il maggior numero di sfollati, rispondendo ai bisogni primari della popolazione: con la\u00a0<strong>prevenzione della malnutrizione e delle malattie materno-infantili, sessuali e riproduttive<\/strong>; con la promozione della\u00a0<strong>coltivazione e del consumo della moringa come integratore alimentare<\/strong>, e con il\u00a0<strong>miglioramento dell\u2019accesso all\u2019acqua potabile e all\u2019igiene nei centri di salute<\/strong>.<\/p>\n<p><strong>Al programma hanno avuto accesso quasi 3.000 famiglie tra le pi\u00f9 povere<\/strong>, le quali grazie al meccanismo del \u201ccash transfer\u201d hanno ricevuto mensilmente e per 16 mesi, una somma compresa tra 15 e 30 euro con cui acquistare cibo e far fronte alle spese pi\u00f9 urgenti e necessarie.<\/p>\n<p>Le famiglie sono state inoltre sostenute e seguite per avviare o rafforzare\u00a0<strong>attivit\u00e0 generatrici di reddito<\/strong>\u00a0e per migliorare le capacit\u00e0 di produzione agropastorale, in modo che possano diventare fonti di sussistenza sicure. Inoltre, si \u00e8 impegnati con le autorit\u00e0 locali, sostenendole con percorsi per il rafforzamento delle loro capacit\u00e0 di gestione delle crisi.<\/p>\n<p>Le attivit\u00e0 previste dal Programma sono rivolte, soprattutto, ad\u00a0<strong>aumentare le capacit\u00e0 di resilienza della popolazione<\/strong>\u00a0che vive in questa area,\u00a0<strong>coinvolgendo direttamente 160.00 persone, pari al 43,4% degli abitanti di questa zona del Paese, delle quali 70.000 sono le donne ed i bambini sotto i 5 anni<\/strong>. Pi\u00f9 in generale ne sono beneficiari indirettamente, con un\u00a0<strong>programma per un migliore accesso ai servizi di base come acqua e igiene<\/strong>, 368.000 persone presenti in 6 comuni delle provincie coinvolte. A fianco al sostegno delle famiglie si aggiungono attivit\u00e0 per la costruzione delle infrastrutture volte a migliorare le condizioni di vita di tutte le comunit\u00e0.<\/p>\n<p>A met\u00e0 febbraio LVIA insieme alla federazione nazionale FOCSIV ha lanciato la campagna \u201c<strong>The African Dreams<\/strong>\u201d prodotta da Simonetta Blasi, Edgardo Lagan\u00e0 e Carlo Sgambato. Una Campagna con l\u2019hashtag\u00a0<em>#AfricaTrustFund<\/em>\u00a0che pone il destinatario del messaggio pubblicitario dal punto di vista di chi in questo momento vive una situazione di grave crisi umanitaria, una persona che non intende andar via dal proprio paese ma, anzi, sogna di poter continuare a viverci in modo dignitoso, pacifico e con l\u2019accesso alle pi\u00f9 normali condizioni di sopravvivenza.<\/p>\n<p>[\/et_pb_text][\/et_pb_column][et_pb_column type=&#8221;1_5&#8243; _builder_version=&#8221;3.25&#8243; custom_padding=&#8221;|||&#8221; custom_padding__hover=&#8221;|||&#8221;][\/et_pb_column][\/et_pb_row][\/et_pb_section]<\/p>\n","protected":false},"excerpt":{"rendered":"<p>Il nord del Burkina Faso sta attraversando una grave crisi umanitaria, per lo pi\u00f9 passata sotto silenzio. Lo denuncia l\u2019associazione\u00a0LVIA\u00a0\u2013 Servizio di Pace attiva nell\u2019area di crisi insieme alle ong italiane AIDOS, CISV, Progetto Mondo MLAL,\u00a0Terre des Hommes, Reach Italia, World Friends-GVC e alle ong euroopee IRC e CEAS e, con le associazioni locali CRUS [&hellip;]<\/p>\n","protected":false},"author":2,"featured_media":643,"comment_status":"open","ping_status":"open","sticky":false,"template":"","format":"standard","meta":{"_et_pb_use_builder":"on","_et_pb_old_content":"Cras mattis consectetur purus sit amet fermentum. Aenean lacinia bibendum nulla sed consectetur. Donec ullamcorper nulla non metus auctor fringilla. Donec ullamcorper nulla non metus auctor fringilla.","_et_gb_content_width":"","footnotes":""},"categories":[59,16],"tags":[],"class_list":["post-642","post","type-post","status-publish","format-standard","has-post-thumbnail","hentry","category-burkina-faso","category-comunicati"],"yoast_head":"<!-- This site is optimized with the Yoast SEO plugin v21.1 - https:\/\/yoast.com\/wordpress\/plugins\/seo\/ -->\n<title>Burkina Faso, 1,5 milioni di persone a rischio - Terre des Hommes Italia<\/title>\n<meta name=\"robots\" content=\"index, follow, max-snippet:-1, max-image-preview:large, max-video-preview:-1\" \/>\n<link rel=\"canonical\" href=\"https:\/\/terredeshommes.it\/eng\/comunicati\/burkina-faso-15-milioni-di-persone-a-rischio\/\" \/>\n<meta property=\"og:locale\" content=\"en_US\" \/>\n<meta property=\"og:type\" content=\"article\" \/>\n<meta property=\"og:title\" content=\"Burkina Faso, 1,5 milioni di persone a rischio - Terre des Hommes Italia\" \/>\n<meta property=\"og:description\" content=\"Il nord del Burkina Faso sta attraversando una grave crisi umanitaria, per lo pi\u00f9 passata sotto silenzio. Lo denuncia l\u2019associazione\u00a0LVIA\u00a0\u2013 Servizio di Pace attiva nell\u2019area di crisi insieme alle ong italiane AIDOS, CISV, Progetto Mondo MLAL,\u00a0Terre des Hommes, Reach Italia, World Friends-GVC e alle ong euroopee IRC e CEAS e, con le associazioni locali CRUS [&hellip;]\" \/>\n<meta property=\"og:url\" content=\"https:\/\/terredeshommes.it\/eng\/comunicati\/burkina-faso-15-milioni-di-persone-a-rischio\/\" \/>\n<meta property=\"og:site_name\" content=\"Terre des Hommes Italia\" \/>\n<meta property=\"article:published_time\" content=\"2020-02-27T11:26:13+00:00\" \/>\n<meta property=\"article:modified_time\" content=\"2021-09-23T15:57:50+00:00\" \/>\n<meta property=\"og:image\" content=\"https:\/\/terredeshommes.it\/eng\/wp-content\/uploads\/lavoro-minorile-940x446-1.jpg\" \/>\n\t<meta property=\"og:image:width\" content=\"940\" \/>\n\t<meta property=\"og:image:height\" content=\"446\" \/>\n\t<meta property=\"og:image:type\" content=\"image\/jpeg\" \/>\n<meta name=\"author\" content=\"Kudu\" \/>\n<meta name=\"twitter:card\" content=\"summary_large_image\" \/>\n<meta name=\"twitter:label1\" content=\"Written by\" \/>\n\t<meta name=\"twitter:data1\" content=\"Kudu\" \/>\n\t<meta name=\"twitter:label2\" content=\"Est. reading time\" \/>\n\t<meta name=\"twitter:data2\" content=\"4 minutes\" \/>\n<script type=\"application\/ld+json\" class=\"yoast-schema-graph\">{\"@context\":\"https:\/\/schema.org\",\"@graph\":[{\"@type\":\"WebPage\",\"@id\":\"https:\/\/terredeshommes.it\/eng\/comunicati\/burkina-faso-15-milioni-di-persone-a-rischio\/\",\"url\":\"https:\/\/terredeshommes.it\/eng\/comunicati\/burkina-faso-15-milioni-di-persone-a-rischio\/\",\"name\":\"Burkina Faso, 1,5 milioni di persone a rischio - Terre des Hommes Italia\",\"isPartOf\":{\"@id\":\"https:\/\/terredeshommes.it\/eng\/#website\"},\"datePublished\":\"2020-02-27T11:26:13+00:00\",\"dateModified\":\"2021-09-23T15:57:50+00:00\",\"author\":{\"@id\":\"https:\/\/terredeshommes.it\/eng\/#\/schema\/person\/13d0b12f506640308153ca01a803730f\"},\"breadcrumb\":{\"@id\":\"https:\/\/terredeshommes.it\/eng\/comunicati\/burkina-faso-15-milioni-di-persone-a-rischio\/#breadcrumb\"},\"inLanguage\":\"en-US\",\"potentialAction\":[{\"@type\":\"ReadAction\",\"target\":[\"https:\/\/terredeshommes.it\/eng\/comunicati\/burkina-faso-15-milioni-di-persone-a-rischio\/\"]}]},{\"@type\":\"BreadcrumbList\",\"@id\":\"https:\/\/terredeshommes.it\/eng\/comunicati\/burkina-faso-15-milioni-di-persone-a-rischio\/#breadcrumb\",\"itemListElement\":[{\"@type\":\"ListItem\",\"position\":1,\"name\":\"Home\",\"item\":\"https:\/\/terredeshommes.it\/eng\/\"},{\"@type\":\"ListItem\",\"position\":2,\"name\":\"Burkina Faso, 1,5 milioni di persone a rischio\"}]},{\"@type\":\"WebSite\",\"@id\":\"https:\/\/terredeshommes.it\/eng\/#website\",\"url\":\"https:\/\/terredeshommes.it\/eng\/\",\"name\":\"Terre des Hommes Italia\",\"description\":\"Proteggiamo i bambini insieme\",\"potentialAction\":[{\"@type\":\"SearchAction\",\"target\":{\"@type\":\"EntryPoint\",\"urlTemplate\":\"https:\/\/terredeshommes.it\/eng\/?s={search_term_string}\"},\"query-input\":\"required name=search_term_string\"}],\"inLanguage\":\"en-US\"},{\"@type\":\"Person\",\"@id\":\"https:\/\/terredeshommes.it\/eng\/#\/schema\/person\/13d0b12f506640308153ca01a803730f\",\"name\":\"Kudu\",\"url\":\"https:\/\/terredeshommes.it\/eng\/author\/altea\/\"}]}<\/script>\n<!-- \/ Yoast SEO plugin. -->","yoast_head_json":{"title":"Burkina Faso, 1,5 milioni di persone a rischio - Terre des Hommes Italia","robots":{"index":"index","follow":"follow","max-snippet":"max-snippet:-1","max-image-preview":"max-image-preview:large","max-video-preview":"max-video-preview:-1"},"canonical":"https:\/\/terredeshommes.it\/eng\/comunicati\/burkina-faso-15-milioni-di-persone-a-rischio\/","og_locale":"en_US","og_type":"article","og_title":"Burkina Faso, 1,5 milioni di persone a rischio - Terre des Hommes Italia","og_description":"Il nord del Burkina Faso sta attraversando una grave crisi umanitaria, per lo pi\u00f9 passata sotto silenzio. Lo denuncia l\u2019associazione\u00a0LVIA\u00a0\u2013 Servizio di Pace attiva nell\u2019area di crisi insieme alle ong italiane AIDOS, CISV, Progetto Mondo MLAL,\u00a0Terre des Hommes, Reach Italia, World Friends-GVC e alle ong euroopee IRC e CEAS e, con le associazioni locali CRUS [&hellip;]","og_url":"https:\/\/terredeshommes.it\/eng\/comunicati\/burkina-faso-15-milioni-di-persone-a-rischio\/","og_site_name":"Terre des Hommes Italia","article_published_time":"2020-02-27T11:26:13+00:00","article_modified_time":"2021-09-23T15:57:50+00:00","og_image":[{"width":940,"height":446,"url":"https:\/\/terredeshommes.it\/eng\/wp-content\/uploads\/lavoro-minorile-940x446-1.jpg","type":"image\/jpeg"}],"author":"Kudu","twitter_card":"summary_large_image","twitter_misc":{"Written by":"Kudu","Est. reading time":"4 minutes"},"schema":{"@context":"https:\/\/schema.org","@graph":[{"@type":"WebPage","@id":"https:\/\/terredeshommes.it\/eng\/comunicati\/burkina-faso-15-milioni-di-persone-a-rischio\/","url":"https:\/\/terredeshommes.it\/eng\/comunicati\/burkina-faso-15-milioni-di-persone-a-rischio\/","name":"Burkina Faso, 1,5 milioni di persone a rischio - Terre des Hommes Italia","isPartOf":{"@id":"https:\/\/terredeshommes.it\/eng\/#website"},"datePublished":"2020-02-27T11:26:13+00:00","dateModified":"2021-09-23T15:57:50+00:00","author":{"@id":"https:\/\/terredeshommes.it\/eng\/#\/schema\/person\/13d0b12f506640308153ca01a803730f"},"breadcrumb":{"@id":"https:\/\/terredeshommes.it\/eng\/comunicati\/burkina-faso-15-milioni-di-persone-a-rischio\/#breadcrumb"},"inLanguage":"en-US","potentialAction":[{"@type":"ReadAction","target":["https:\/\/terredeshommes.it\/eng\/comunicati\/burkina-faso-15-milioni-di-persone-a-rischio\/"]}]},{"@type":"BreadcrumbList","@id":"https:\/\/terredeshommes.it\/eng\/comunicati\/burkina-faso-15-milioni-di-persone-a-rischio\/#breadcrumb","itemListElement":[{"@type":"ListItem","position":1,"name":"Home","item":"https:\/\/terredeshommes.it\/eng\/"},{"@type":"ListItem","position":2,"name":"Burkina Faso, 1,5 milioni di persone a rischio"}]},{"@type":"WebSite","@id":"https:\/\/terredeshommes.it\/eng\/#website","url":"https:\/\/terredeshommes.it\/eng\/","name":"Terre des Hommes Italia","description":"Proteggiamo i bambini insieme","potentialAction":[{"@type":"SearchAction","target":{"@type":"EntryPoint","urlTemplate":"https:\/\/terredeshommes.it\/eng\/?s={search_term_string}"},"query-input":"required name=search_term_string"}],"inLanguage":"en-US"},{"@type":"Person","@id":"https:\/\/terredeshommes.it\/eng\/#\/schema\/person\/13d0b12f506640308153ca01a803730f","name":"Kudu","url":"https:\/\/terredeshommes.it\/eng\/author\/altea\/"}]}},"_links":{"self":[{"href":"https:\/\/terredeshommes.it\/eng\/wp-json\/wp\/v2\/posts\/642","targetHints":{"allow":["GET"]}}],"collection":[{"href":"https:\/\/terredeshommes.it\/eng\/wp-json\/wp\/v2\/posts"}],"about":[{"href":"https:\/\/terredeshommes.it\/eng\/wp-json\/wp\/v2\/types\/post"}],"author":[{"embeddable":true,"href":"https:\/\/terredeshommes.it\/eng\/wp-json\/wp\/v2\/users\/2"}],"replies":[{"embeddable":true,"href":"https:\/\/terredeshommes.it\/eng\/wp-json\/wp\/v2\/comments?post=642"}],"version-history":[{"count":0,"href":"https:\/\/terredeshommes.it\/eng\/wp-json\/wp\/v2\/posts\/642\/revisions"}],"wp:featuredmedia":[{"embeddable":true,"href":"https:\/\/terredeshommes.it\/eng\/wp-json\/wp\/v2\/media\/643"}],"wp:attachment":[{"href":"https:\/\/terredeshommes.it\/eng\/wp-json\/wp\/v2\/media?parent=642"}],"wp:term":[{"taxonomy":"category","embeddable":true,"href":"https:\/\/terredeshommes.it\/eng\/wp-json\/wp\/v2\/categories?post=642"},{"taxonomy":"post_tag","embeddable":true,"href":"https:\/\/terredeshommes.it\/eng\/wp-json\/wp\/v2\/tags?post=642"}],"curies":[{"name":"wp","href":"https:\/\/api.w.org\/{rel}","templated":true}]}}