{"id":649,"date":"2020-03-06T12:34:43","date_gmt":"2020-03-06T11:34:43","guid":{"rendered":"https:\/\/terredeshommes.it\/?p=649"},"modified":"2020-08-19T12:36:34","modified_gmt":"2020-08-19T10:36:34","slug":"anche-per-i-millennials-la-parita-e-un-traguardo-lontano","status":"publish","type":"post","link":"https:\/\/terredeshommes.it\/eng\/comunicati\/anche-per-i-millennials-la-parita-e-un-traguardo-lontano\/","title":{"rendered":"Anche per i millennials la parit\u00e0 \u00e8 un traguardo lontano"},"content":{"rendered":"<p>[et_pb_section fb_built=&#8221;1&#8243; _builder_version=&#8221;3.22&#8243;][et_pb_row column_structure=&#8221;1_5,3_5,1_5&#8243; _builder_version=&#8221;3.25&#8243; background_size=&#8221;initial&#8221; background_position=&#8221;top_left&#8221; background_repeat=&#8221;repeat&#8221;][et_pb_column type=&#8221;1_5&#8243; _builder_version=&#8221;3.25&#8243; custom_padding=&#8221;|||&#8221; custom_padding__hover=&#8221;|||&#8221;][\/et_pb_column][et_pb_column type=&#8221;3_5&#8243; _builder_version=&#8221;3.25&#8243; custom_padding=&#8221;|||&#8221; custom_padding__hover=&#8221;|||&#8221;][et_pb_text admin_label=&#8221;Testo&#8221; _builder_version=&#8221;4.5.6&#8243; background_size=&#8221;initial&#8221; background_position=&#8221;top_left&#8221; background_repeat=&#8221;repeat&#8221; hover_enabled=&#8221;0&#8243;]<\/p>\n<p><strong>Parit\u00e0 di genere? \u00c8 un traguardo ancora molto lontano<\/strong>\u00a0nel nostro Paese\u00a0<strong>per 6 giovani<\/strong>\u00a0su 10 tra i 20 e i 30 anni. E tra le\u00a0<strong>forme di discriminazione peggiori che subiscono le donne<\/strong>, 4 giovani su 10 hanno indicato le\u00a0<strong>molestie sessuali<\/strong>, seguite dal\u00a0<strong>mancato riconoscimento delle capacit\u00e0 delle donne<\/strong>\u00a0(per il 22% delle ragazze e il 17% dei maschi) e dalla\u00a0<strong>discriminazione economica<\/strong>\u00a0(per il 18% delle ragazze e il 15% dei ragazzi). Una presa di coscienza sorprendente emerge dal 16% dei ragazzi, che indica il lavoro domestico non retribuito come un\u2019importante discriminazione delle donne, contro il 6,5% delle ragazze. Andando poi ad approfondire\u00a0<strong>dove<\/strong>, secondo gli intervistati,\u00a0<strong>le donne sono pi\u00f9 a rischio di subire discriminazioni<\/strong>, in vetta emerge il\u00a0<strong>posto di lavoro<\/strong>\u00a0(per il 64% delle ragazze e il 42% dei ragazzi), seguito dal\u00a0<strong>web<\/strong>\u00a0(che viene percepito pi\u00f9 pericoloso dai maschi 41% che dalle femmine 36%) e dalla\u00a0<strong>politica<\/strong>\u00a0(per il 27% delle femmine rispetto al 14% dei maschi). Ma gli stereotipi di genere persistono anche tra i millennials stessi. Infatti, secondo il 46% dei ragazzi e il 26% delle ragazze, le donne dovrebbero anteporre il proprio ruolo di madre alla carriera professionale.<\/p>\n<p>\u00c8 la fotografia scattata da\u00a0<strong>Terre des Hommes<\/strong>\u00a0che, in occasione della\u00a0<strong>Giornata Internazionale della Donna<\/strong>, ha dato voce ai millennials dei\u00a0<a href=\"https:\/\/www.rotary.org\/it\/get-involved\/rotaract-clubs\" target=\"_blank\" rel=\"noopener noreferrer\">club Rotaract<\/a>\u00a0per indagare la loro percezione su disparit\u00e0 fra generi e temi cruciali come violenza, discriminazioni e stereotipi di genere, bullismo, cyberbullismo e sexting attraverso l\u2019<strong>Osservatorio indifesa<\/strong>. L\u2019Indagine, che nel 2019 ha coinvolto 8mila adolescenti delle scuole secondarie in tutta Italia grazie alla collaborazione con ScuolaZoo, ha esteso il proprio raggio di rilevazione raccogliendo le\u00a0<strong>opinioni di 1500 giovani tra i 20 e i 30 anni<\/strong>\u00a0dei club\u00a0<strong>Rotaract<\/strong>\u00a0con l\u2019obiettivo di mettere a confronto pi\u00f9 generazioni sulle principali tematiche legate alla questione di genere.<\/p>\n<p>\u201c<em>La collaborazione del\u00a0<strong>Rotaract Distretto 2100<\/strong>\u00a0ci permette di conoscere anche l\u2019opinione di giovani impegnati in progetti sociali su tematiche inerenti alle questioni di genere, estendendo quindi l\u2019indagine a pi\u00f9 generazioni<\/em>\u201d, dichiara\u00a0<strong>Paolo Ferrara<\/strong>, Direttore Generale di Terre des Hommes. \u201c<em>In questo modo sar\u00e0 possibile raccogliere dati, divisi per genere ed et\u00e0, su cui potranno basarsi decisioni anche politiche per il contrasto e la prevenzione della violenza e le discriminazioni di genere<\/em>\u201c.<\/p>\n<p>Tornando ai luoghi in cui le donne corrono maggiormente il rischio di subire discriminazioni \u2013 dopo il posto di lavoro, il web e la politica \u2013 i millennials italiani indicano il\u00a0<strong>mondo dello spettacolo<\/strong>\u00a0(per il 21% delle femmine e il 24% dei maschi). Netto, invece, lo scarto riguardante la\u00a0<strong>scuola<\/strong>\u00a0come luogo di discriminazione: il 9% per le giovani donne, rispetto al 17% dei maschi. In ultima posizione si colloca il\u00a0<strong>mondo dello sport<\/strong>, percepito come luogo discriminatorio dall\u20198% delle ragazze e dal 12% dei ragazzi.<\/p>\n<p>Ma\u00a0<strong>sulla parit\u00e0 di genere i millennials si dividono<\/strong>: \u201ctroppo poca\u201d per 7 ragazze su 10 contro l\u2019opinione di un ragazzo su 2. Il 14% delle ragazze ritiene che non ci sia affatto parit\u00e0 di genere nel nostro Paese, contro il 7% dei ragazzi. Mentre\u00a0<strong>solo il 5% delle ragazze dichiarano che in Italia la donna goda di piena parit\u00e0 di genere<\/strong>, contro il 13% dei ragazzi.<\/p>\n<p>Guardando a come la donna viene raccontata dai media e dalla pubblicit\u00e0, per il 35% delle ragazze e il 25% dei ragazzi emerge l\u2019immagine di una\u00a0<strong>donna oggetto<\/strong>. In particolare, per una ragazza su 4 e un ragazzo su 5 domina l\u2019idea secondo cui in tv il\u00a0<strong>successo femminile sia legato prevalentemente alla bellezza fisica<\/strong>. Secondo il 16% delle ragazze e il 14% dei ragazzi, invece, i media mostrano troppo spesso gli stereotipi pi\u00f9 radicati legati all\u2019immagine della donna vista solo come mamma e casalinga, contro il 13% delle ragazze e ben il 28% dei ragazzi che dichiarano di vedere in prevalenza sugli schermi l\u2019immagine di una donna emancipata.<\/p>\n<p>Infine, quando si chiede al campione intervistato\u00a0<strong>se le donne che sono madri siano messe nelle condizioni di svolgere contemporaneamente il ruolo di mamma e di lavoratrice<\/strong>, una ragazza su 2 e 4 ragazzi su 10 dichiarano che questo avviene ancora poco nel nostro Paese. Solo una minoranza (poco pi\u00f9 di 2 su 10) crede invece che ci siano le condizioni per svolgere entrambi i ruoli.<\/p>\n<h2>Il Network Indifesa e l\u2019osservatorio sugli adolescenti italiani<\/h2>\n<p>Da due anni Terre des Hommes, assieme all\u2019associazione\u00a0<strong>Kreattiva<\/strong>, ha dato vita al\u00a0<a href=\"https:\/\/networkindifesa.terredeshommes.it\/\" target=\"_blank\" rel=\"noopener noreferrer\">Network indifesa<\/a>, la\u00a0<strong>prima rete italiana di WebRadio e giovani ambasciatori contro la discriminazione, gli stereotipi e la violenza di genere, bullismo, cyber-bullismo e sexting<\/strong>. La rete, fondata sulla partecipazione e il protagonismo dei ragazzi e delle ragazze attraverso il coinvolgimento attivo in tutte le fasi del progetto, \u00e8 nata da un progetto pilota che nel 2018 ha visto la partecipazione di diverse web radio scolastiche pugliesi stimolando gli studenti degli istituti secondari di secondo grado a realizzare programmi radio mirati alla conoscenza e alla riflessione su violenza, discriminazioni e stereotipi di genere. Dopo essere stata ospite dell\u2019ultimo Radio City Milano, adesso\u00a0<strong>Radio indifesa<\/strong>\u00a0si sta estendendo a tutto il territorio nazionale grazie anche al finanziamento del\u00a0<strong>Dipartimento Pari Opportunit\u00e0 della Presidenza del Consiglio dei Ministri<\/strong>, di\u00a0<strong>BIC\u00ae<\/strong>\u00a0e\u00a0<strong>BIC Foundation<\/strong>. Al network hanno gi\u00e0 aderito\u00a0<strong>12 WebRadio di tutto il territorio nazionale<\/strong>. Per info:\u00a0<a href=\"https:\/\/networkindifesa.terredeshommes.it\/\" target=\"_blank\" rel=\"noopener noreferrer\">www.networkindifesa.org<\/a><\/p>\n<p>Dal 2014 Terre des Hommes, in collaborazione con ScuolaZoo, porta avanti l\u2019<strong>Osservatorio indifesa<\/strong>, uno strumento per ascoltare la voce dei ragazzi e delle ragazze italiane su violenza di genere, discriminazioni, bullismo, cyberbullismo e sexting.\u00a0<strong>Dal suo avvio a oggi pi\u00f9 di 20.000 ragazzi e ragazze di tutta Italia sono stati coinvolti tramite il sito e il canale instagram di ScuolaZoo<\/strong>\u00a0(4 milioni di follower) in quello che rappresenta, a oggi, l\u2019unico punto d\u2019osservazione permanente su questi temi.\u00a0<strong>Uno strumento fondamentale per orientare le politiche delle istituzioni e della comunit\u00e0 educante italiana<\/strong>.<br \/>La\u00a0<strong>Campagna Indifesa<\/strong>\u00a0di Terre des Hommes\u00a0<strong>\u00e8 nata per garantire alle bambine di tutto il mondo istruzione, salute, protezione da violenza, discriminazioni e abusi.<\/strong>\u00a0Con questa grande campagna di sensibilizzazione Terre des Hommes ha messo al centro del proprio intervento la promozione dei diritti delle bambine nel mondo, impegnandosi a difendere il loro diritto alla vita, alla libert\u00e0, all\u2019istruzione, all\u2019uguaglianza e alla protezione. Tutto ci\u00f2 a partire da\u00a0<strong>interventi sul campo volti a dare risultati concreti<\/strong>\u00a0per rompere il ciclo della povert\u00e0 e offrire migliori opportunit\u00e0 di vita a migliaia di bambine e ragazze nel mondo.<\/p>\n<p>I club\u00a0<strong>Rotaract<\/strong>\u00a0riuniscono i giovani tra i 18 e 30 anni aderenti al\u00a0<a href=\"https:\/\/www.rotary.org\/it\" target=\"_blank\" rel=\"noopener noreferrer\">Rotary International<\/a>\u00a0per scambiare idee con altri leader della comunit\u00e0, sviluppare doti di leadership e competenze professionali e svolgere progetti sociali. Il Rotary \u00e8 una rete globale di 1,2 milioni di volontari al servizio delle comunit\u00e0. I soci sono uomini e donne ai vertici delle rispettive attivit\u00e0 imprenditoriali e professionali, che dedicano tempo ed energie a iniziative umanitarie e attivit\u00e0 volte a promuovere i pi\u00f9 alti valori morali, la tolleranza e la pace nel mondo.<\/p>\n<p>[\/et_pb_text][\/et_pb_column][et_pb_column type=&#8221;1_5&#8243; _builder_version=&#8221;3.25&#8243; custom_padding=&#8221;|||&#8221; custom_padding__hover=&#8221;|||&#8221;][\/et_pb_column][\/et_pb_row][\/et_pb_section]<\/p>\n","protected":false},"excerpt":{"rendered":"<p>Parit\u00e0 di genere? \u00c8 un traguardo ancora molto lontano\u00a0nel nostro Paese\u00a0per 6 giovani\u00a0su 10 tra i 20 e i 30 anni. E tra le\u00a0forme di discriminazione peggiori che subiscono le donne, 4 giovani su 10 hanno indicato le\u00a0molestie sessuali, seguite dal\u00a0mancato riconoscimento delle capacit\u00e0 delle donne\u00a0(per il 22% delle ragazze e il 17% dei maschi) [&hellip;]<\/p>\n","protected":false},"author":2,"featured_media":650,"comment_status":"open","ping_status":"open","sticky":false,"template":"","format":"standard","meta":{"_et_pb_use_builder":"on","_et_pb_old_content":"Cras mattis consectetur purus sit amet fermentum. Aenean lacinia bibendum nulla sed consectetur. Donec ullamcorper nulla non metus auctor fringilla. Donec ullamcorper nulla non metus auctor fringilla.","_et_gb_content_width":"","footnotes":""},"categories":[16],"tags":[],"class_list":["post-649","post","type-post","status-publish","format-standard","has-post-thumbnail","hentry","category-comunicati"],"yoast_head":"<!-- This site is optimized with the Yoast SEO plugin v21.1 - https:\/\/yoast.com\/wordpress\/plugins\/seo\/ -->\n<title>Anche per i millennials la parit\u00e0 \u00e8 un traguardo lontano - Terre des Hommes Italia<\/title>\n<meta name=\"robots\" content=\"index, follow, max-snippet:-1, max-image-preview:large, max-video-preview:-1\" \/>\n<link rel=\"canonical\" href=\"https:\/\/terredeshommes.it\/eng\/comunicati\/anche-per-i-millennials-la-parita-e-un-traguardo-lontano\/\" \/>\n<meta property=\"og:locale\" content=\"en_US\" \/>\n<meta property=\"og:type\" content=\"article\" \/>\n<meta property=\"og:title\" content=\"Anche per i millennials la parit\u00e0 \u00e8 un traguardo lontano - Terre des Hommes Italia\" \/>\n<meta property=\"og:description\" content=\"Parit\u00e0 di genere? \u00c8 un traguardo ancora molto lontano\u00a0nel nostro Paese\u00a0per 6 giovani\u00a0su 10 tra i 20 e i 30 anni. E tra le\u00a0forme di discriminazione peggiori che subiscono le donne, 4 giovani su 10 hanno indicato le\u00a0molestie sessuali, seguite dal\u00a0mancato riconoscimento delle capacit\u00e0 delle donne\u00a0(per il 22% delle ragazze e il 17% dei maschi) [&hellip;]\" \/>\n<meta property=\"og:url\" content=\"https:\/\/terredeshommes.it\/eng\/comunicati\/anche-per-i-millennials-la-parita-e-un-traguardo-lontano\/\" \/>\n<meta property=\"og:site_name\" content=\"Terre des Hommes Italia\" \/>\n<meta property=\"article:published_time\" content=\"2020-03-06T11:34:43+00:00\" \/>\n<meta property=\"article:modified_time\" content=\"2020-08-19T10:36:34+00:00\" \/>\n<meta property=\"og:image\" content=\"https:\/\/terredeshommes.it\/eng\/wp-content\/uploads\/millennials.jpg\" \/>\n\t<meta property=\"og:image:width\" content=\"940\" \/>\n\t<meta property=\"og:image:height\" content=\"507\" \/>\n\t<meta property=\"og:image:type\" content=\"image\/jpeg\" \/>\n<meta name=\"author\" content=\"Kudu\" \/>\n<meta name=\"twitter:card\" content=\"summary_large_image\" \/>\n<meta name=\"twitter:label1\" content=\"Written by\" \/>\n\t<meta name=\"twitter:data1\" content=\"Kudu\" \/>\n\t<meta name=\"twitter:label2\" content=\"Est. reading time\" \/>\n\t<meta name=\"twitter:data2\" content=\"6 minutes\" \/>\n<script type=\"application\/ld+json\" class=\"yoast-schema-graph\">{\"@context\":\"https:\/\/schema.org\",\"@graph\":[{\"@type\":\"WebPage\",\"@id\":\"https:\/\/terredeshommes.it\/eng\/comunicati\/anche-per-i-millennials-la-parita-e-un-traguardo-lontano\/\",\"url\":\"https:\/\/terredeshommes.it\/eng\/comunicati\/anche-per-i-millennials-la-parita-e-un-traguardo-lontano\/\",\"name\":\"Anche per i millennials la parit\u00e0 \u00e8 un traguardo lontano - Terre des Hommes Italia\",\"isPartOf\":{\"@id\":\"https:\/\/terredeshommes.it\/eng\/#website\"},\"datePublished\":\"2020-03-06T11:34:43+00:00\",\"dateModified\":\"2020-08-19T10:36:34+00:00\",\"author\":{\"@id\":\"https:\/\/terredeshommes.it\/eng\/#\/schema\/person\/13d0b12f506640308153ca01a803730f\"},\"breadcrumb\":{\"@id\":\"https:\/\/terredeshommes.it\/eng\/comunicati\/anche-per-i-millennials-la-parita-e-un-traguardo-lontano\/#breadcrumb\"},\"inLanguage\":\"en-US\",\"potentialAction\":[{\"@type\":\"ReadAction\",\"target\":[\"https:\/\/terredeshommes.it\/eng\/comunicati\/anche-per-i-millennials-la-parita-e-un-traguardo-lontano\/\"]}]},{\"@type\":\"BreadcrumbList\",\"@id\":\"https:\/\/terredeshommes.it\/eng\/comunicati\/anche-per-i-millennials-la-parita-e-un-traguardo-lontano\/#breadcrumb\",\"itemListElement\":[{\"@type\":\"ListItem\",\"position\":1,\"name\":\"Home\",\"item\":\"https:\/\/terredeshommes.it\/eng\/\"},{\"@type\":\"ListItem\",\"position\":2,\"name\":\"Anche per i millennials la parit\u00e0 \u00e8 un traguardo lontano\"}]},{\"@type\":\"WebSite\",\"@id\":\"https:\/\/terredeshommes.it\/eng\/#website\",\"url\":\"https:\/\/terredeshommes.it\/eng\/\",\"name\":\"Terre des Hommes Italia\",\"description\":\"Proteggiamo i bambini insieme\",\"potentialAction\":[{\"@type\":\"SearchAction\",\"target\":{\"@type\":\"EntryPoint\",\"urlTemplate\":\"https:\/\/terredeshommes.it\/eng\/?s={search_term_string}\"},\"query-input\":\"required name=search_term_string\"}],\"inLanguage\":\"en-US\"},{\"@type\":\"Person\",\"@id\":\"https:\/\/terredeshommes.it\/eng\/#\/schema\/person\/13d0b12f506640308153ca01a803730f\",\"name\":\"Kudu\",\"url\":\"https:\/\/terredeshommes.it\/eng\/author\/altea\/\"}]}<\/script>\n<!-- \/ Yoast SEO plugin. -->","yoast_head_json":{"title":"Anche per i millennials la parit\u00e0 \u00e8 un traguardo lontano - Terre des Hommes Italia","robots":{"index":"index","follow":"follow","max-snippet":"max-snippet:-1","max-image-preview":"max-image-preview:large","max-video-preview":"max-video-preview:-1"},"canonical":"https:\/\/terredeshommes.it\/eng\/comunicati\/anche-per-i-millennials-la-parita-e-un-traguardo-lontano\/","og_locale":"en_US","og_type":"article","og_title":"Anche per i millennials la parit\u00e0 \u00e8 un traguardo lontano - Terre des Hommes Italia","og_description":"Parit\u00e0 di genere? \u00c8 un traguardo ancora molto lontano\u00a0nel nostro Paese\u00a0per 6 giovani\u00a0su 10 tra i 20 e i 30 anni. E tra le\u00a0forme di discriminazione peggiori che subiscono le donne, 4 giovani su 10 hanno indicato le\u00a0molestie sessuali, seguite dal\u00a0mancato riconoscimento delle capacit\u00e0 delle donne\u00a0(per il 22% delle ragazze e il 17% dei maschi) [&hellip;]","og_url":"https:\/\/terredeshommes.it\/eng\/comunicati\/anche-per-i-millennials-la-parita-e-un-traguardo-lontano\/","og_site_name":"Terre des Hommes Italia","article_published_time":"2020-03-06T11:34:43+00:00","article_modified_time":"2020-08-19T10:36:34+00:00","og_image":[{"width":940,"height":507,"url":"https:\/\/terredeshommes.it\/eng\/wp-content\/uploads\/millennials.jpg","type":"image\/jpeg"}],"author":"Kudu","twitter_card":"summary_large_image","twitter_misc":{"Written by":"Kudu","Est. reading time":"6 minutes"},"schema":{"@context":"https:\/\/schema.org","@graph":[{"@type":"WebPage","@id":"https:\/\/terredeshommes.it\/eng\/comunicati\/anche-per-i-millennials-la-parita-e-un-traguardo-lontano\/","url":"https:\/\/terredeshommes.it\/eng\/comunicati\/anche-per-i-millennials-la-parita-e-un-traguardo-lontano\/","name":"Anche per i millennials la parit\u00e0 \u00e8 un traguardo lontano - Terre des Hommes Italia","isPartOf":{"@id":"https:\/\/terredeshommes.it\/eng\/#website"},"datePublished":"2020-03-06T11:34:43+00:00","dateModified":"2020-08-19T10:36:34+00:00","author":{"@id":"https:\/\/terredeshommes.it\/eng\/#\/schema\/person\/13d0b12f506640308153ca01a803730f"},"breadcrumb":{"@id":"https:\/\/terredeshommes.it\/eng\/comunicati\/anche-per-i-millennials-la-parita-e-un-traguardo-lontano\/#breadcrumb"},"inLanguage":"en-US","potentialAction":[{"@type":"ReadAction","target":["https:\/\/terredeshommes.it\/eng\/comunicati\/anche-per-i-millennials-la-parita-e-un-traguardo-lontano\/"]}]},{"@type":"BreadcrumbList","@id":"https:\/\/terredeshommes.it\/eng\/comunicati\/anche-per-i-millennials-la-parita-e-un-traguardo-lontano\/#breadcrumb","itemListElement":[{"@type":"ListItem","position":1,"name":"Home","item":"https:\/\/terredeshommes.it\/eng\/"},{"@type":"ListItem","position":2,"name":"Anche per i millennials la parit\u00e0 \u00e8 un traguardo lontano"}]},{"@type":"WebSite","@id":"https:\/\/terredeshommes.it\/eng\/#website","url":"https:\/\/terredeshommes.it\/eng\/","name":"Terre des Hommes Italia","description":"Proteggiamo i bambini insieme","potentialAction":[{"@type":"SearchAction","target":{"@type":"EntryPoint","urlTemplate":"https:\/\/terredeshommes.it\/eng\/?s={search_term_string}"},"query-input":"required name=search_term_string"}],"inLanguage":"en-US"},{"@type":"Person","@id":"https:\/\/terredeshommes.it\/eng\/#\/schema\/person\/13d0b12f506640308153ca01a803730f","name":"Kudu","url":"https:\/\/terredeshommes.it\/eng\/author\/altea\/"}]}},"_links":{"self":[{"href":"https:\/\/terredeshommes.it\/eng\/wp-json\/wp\/v2\/posts\/649","targetHints":{"allow":["GET"]}}],"collection":[{"href":"https:\/\/terredeshommes.it\/eng\/wp-json\/wp\/v2\/posts"}],"about":[{"href":"https:\/\/terredeshommes.it\/eng\/wp-json\/wp\/v2\/types\/post"}],"author":[{"embeddable":true,"href":"https:\/\/terredeshommes.it\/eng\/wp-json\/wp\/v2\/users\/2"}],"replies":[{"embeddable":true,"href":"https:\/\/terredeshommes.it\/eng\/wp-json\/wp\/v2\/comments?post=649"}],"version-history":[{"count":0,"href":"https:\/\/terredeshommes.it\/eng\/wp-json\/wp\/v2\/posts\/649\/revisions"}],"wp:featuredmedia":[{"embeddable":true,"href":"https:\/\/terredeshommes.it\/eng\/wp-json\/wp\/v2\/media\/650"}],"wp:attachment":[{"href":"https:\/\/terredeshommes.it\/eng\/wp-json\/wp\/v2\/media?parent=649"}],"wp:term":[{"taxonomy":"category","embeddable":true,"href":"https:\/\/terredeshommes.it\/eng\/wp-json\/wp\/v2\/categories?post=649"},{"taxonomy":"post_tag","embeddable":true,"href":"https:\/\/terredeshommes.it\/eng\/wp-json\/wp\/v2\/tags?post=649"}],"curies":[{"name":"wp","href":"https:\/\/api.w.org\/{rel}","templated":true}]}}