{"id":6536,"date":"2023-06-13T16:22:47","date_gmt":"2023-06-13T14:22:47","guid":{"rendered":"https:\/\/terredeshommes.it\/?p=6536"},"modified":"2023-06-13T16:22:47","modified_gmt":"2023-06-13T14:22:47","slug":"la-campagna-invisibile-agli-occhi-approda-negli-usa","status":"publish","type":"post","link":"https:\/\/terredeshommes.it\/eng\/comunicati\/la-campagna-invisibile-agli-occhi-approda-negli-usa\/","title":{"rendered":"La campagna Invisibile agli occhi approda negli USA"},"content":{"rendered":"<p>[et_pb_section fb_built=&#8221;1&#8243; _builder_version=&#8221;4.16&#8243; global_colors_info=&#8221;{}&#8221;][et_pb_row _builder_version=&#8221;4.16&#8243; background_size=&#8221;initial&#8221; background_position=&#8221;top_left&#8221; background_repeat=&#8221;repeat&#8221; global_colors_info=&#8221;{}&#8221;][et_pb_column type=&#8221;4_4&#8243; _builder_version=&#8221;4.16&#8243; custom_padding=&#8221;|||&#8221; global_colors_info=&#8221;{}&#8221; custom_padding__hover=&#8221;|||&#8221;][et_pb_text _builder_version=&#8221;4.18.0&#8243; background_size=&#8221;initial&#8221; background_position=&#8221;top_left&#8221; background_repeat=&#8221;repeat&#8221; hover_enabled=&#8221;0&#8243; global_colors_info=&#8221;{}&#8221; sticky_enabled=&#8221;0&#8243;]<\/p>\n<p><em>Dopo il successo ottenuto in Italia, la campagna di informazione e sensibilizzazione contro l\u2019abuso sui minori verr\u00e0 \u2018trasferita\u2019 negli Stati Uniti. Il 14 giugno, alle ore 10.30, presso l\u2019Istituto Italiano di Cultura di New York, <\/em><em>sar\u00e0 presentato il progetto del Cnr-Irib, Societ\u00e0 Italiana di Pediatria e della Fondazione Terre des Hommes Italia. L\u2019iniziativa \u00e8 sostenuta e co-organizzata dall\u2019Istituto Italiano di Cultura di New York<\/em><\/p>\n<h3>Violenza sui minori, un&#8217;emergenza umanitaria<\/h3>\n<p>Il problema della violenza sui minori \u00e8 una tra le pi\u00f9 gravi emergenze umanitarie degli ultimi decenni, anche nei paesi pi\u00f9 industrializzati. I danni del minore che viene abusato sono devastanti, con conseguenze a breve e a lungo termine sia per la salute fisica e sia per quella mentale.<\/p>\n<p>Per contrastare questo fenomeno l\u2019<strong>Istituto per la ricerca e l\u2019innovazione biomedica del Cnr<\/strong>, la <strong>Societ\u00e0 Italiana di Pediatria<\/strong> e <strong>Fondazione Terre des Hommes Italia<\/strong> nel 2022 hanno avviato in Italia la campagna di informazione e sensibilizzazione dal titolo <a href=\"https:\/\/www.invisibileagliocchi.org\/\" target=\"_blank\" rel=\"noopener\"><strong>\u2018Invisibile agli occhi\u2019<\/strong><\/a>, per rendere partecipe l\u2019opinione pubblica della gravit\u00e0 del problema.<\/p>\n<h3>La campagna Invisibile agli occhi<\/h3>\n<p>La campagna nazionale veicola un messaggio sociale tramite <a href=\"https:\/\/www.youtube.com\/watch?v=pgiAq0IYODo&amp;t=3s\" target=\"_blank\" rel=\"noopener\">uno spot video<\/a> e un manifesto associato ad un\u2019immagine realizzata con la tecnica della fotografia lenticolare (un particolare tipo di stampa che permette di mostrare immagini diverse cambiando il punto di osservazione).<\/p>\n<p>L\u2019immagine mostra il volto di una ragazza insieme alla frase: \u201cgli abusi sui minori sono invisibili solo a chi non li vuole vedere\u201d; poi, grazie all\u2019effetto lenticolare, il volto della ragazza cambia di aspetto, mostrando i segni della violenza, insieme alla frase <strong>\u201cse vedi qualcosa non girarti dall\u2019altra parte\u201d.<\/strong><\/p>\n<p>L\u2019iniziativa, intrapresa in <strong>Italia<\/strong>, presentata per la prima volta il <strong>1\u00b0 dicembre 2022<\/strong>, presso la <strong>Sala del Cenacolo della Camera dei Deputati<\/strong>, ha ricevuto ampi apprezzamenti, con ottimi riscontri e il patrocinio di prestigiose istituzioni e realt\u00e0 imprenditoriali sensibili ai temi sociali, uniti nella forza di un messaggio di impatto sociale e culturale verso la collettivit\u00e0.<\/p>\n<h3>La presentazione negli USA<\/h3>\n<p>Dopo il successo registrato in Italia, la campagna \u201cInvisibile agli occhi\u201d <strong>approda negli USA,<\/strong> il <strong>14 giugn<\/strong>o, dalle <strong>ore 10. 30 alle 13.00. <\/strong><\/p>\n<p>L\u2019iniziativa, che si svolge presso <strong>l\u2019Istituto Italiano di Cultura di New York,<\/strong> co-organizzatore dell\u2019evento, verr\u00e0 illustrata alla presenza di diverse autorit\u00e0 istituzionali, accademiche e scientifiche. Lo spot video, nella versione in inglese, verr\u00e0 trasmesso tramite alcuni <strong>maxischermi della citt\u00e0 di New York<\/strong> (Times Square) e tramite schermi digitali all\u2019interno di alcune <strong>strutture ospedaliere americane.<\/strong><\/p>\n<p>Il trasferimento all\u2019estero (USA) di questa azione di sensibilizzazione contro gli abusi, \u00e8 l\u2019espressione di una proficua <strong>collaborazione tra enti pubblici di ricerca<\/strong>, <strong>universit\u00e0<\/strong> e <strong>fondazioni<\/strong> e rappresenta un ulteriore motivo di riconoscimento delle attivit\u00e0 di terza missione del nostro Paese.<\/p>\n<p><strong>L\u2019evento potr\u00e0 essere seguito in diretta dalle ore 16.00 sul <a href=\"https:\/\/www.youtube.com\/watch?v=6KnTap896nU\" target=\"_blank\" rel=\"noopener\">canale YouTube<\/a> dell\u2019Istituto Italiano di Cultura a New York.\u00a0<\/strong><\/p>\n<p>&nbsp;<\/p>\n<p>[\/et_pb_text][\/et_pb_column][\/et_pb_row][\/et_pb_section]<\/p>\n","protected":false},"excerpt":{"rendered":"<p>Dopo il successo ottenuto in Italia, la campagna di informazione e sensibilizzazione contro l\u2019abuso sui minori verr\u00e0 \u2018trasferita\u2019 negli Stati Uniti. Il 14 giugno, alle ore 10.30, presso l\u2019Istituto Italiano di Cultura di New York, sar\u00e0 presentato il progetto del Cnr-Irib, Societ\u00e0 Italiana di Pediatria e della Fondazione Terre des Hommes Italia. L\u2019iniziativa \u00e8 sostenuta [&hellip;]<\/p>\n","protected":false},"author":6,"featured_media":6539,"comment_status":"closed","ping_status":"closed","sticky":false,"template":"","format":"standard","meta":{"_et_pb_use_builder":"on","_et_pb_old_content":"<p>\u201c<i>Presto <strong>le nostre bambine non dovranno pi\u00f9 percorrere lunghe distanze per portare l\u2019acqua a casa<\/strong> e la nostra comunit\u00e0 potr\u00e0 addirittura vendere gli ortaggi che cresceranno vicino casa!<\/i>\u201d<\/p><p>\u00c8 ottimista <strong>Pearson Chinuwe<\/strong>, presidente della comunit\u00e0 di <strong>Mubagwashe<\/strong>, un villaggio rurale del Sud-Est dello Zimbabwe, <strong>dove gli effetti della desertificazione a causa dei cambiamenti climatici sono sotto gli occhi di tutti<\/strong>.<\/p><p>Questa nazione infatti \u00e8 <a href=\"https:\/\/www.ibanet.org\/climate-change-cop26-and-the-impact-in-zimbabwe\" target=\"_blank\" rel=\"noopener\">estremamente vulnerabile al riscaldamento globale<\/a>:<\/p><ul><li>nell'ultimo secolo <strong>le temperature sono<\/strong> <strong>aumentate di circa due gradi<\/strong><\/li><li><strong>le precipitazioni annuali sono diminuite del 20-30%<\/strong>, con conseguente riduzione dell\u2019acqua dolce<\/li><li><strong>l'80% della produzione agricola<\/strong> <strong>dipende<\/strong> esclusivamente <strong>dalle piogge<\/strong><\/li><li>Il periodo delle precipitazioni si \u00e8 spostato dall'inizio di novembre alla <strong>fine di dicembre<\/strong><\/li><li>negli ultimi 20 anni ci sono stati <strong>10 periodi di siccit\u00e0 grave<\/strong>, oltre a numerosi <strong>cicloni e tempeste<\/strong>.<\/li><\/ul><p>Ci\u00f2 ha aggravato la desertificazione di diverse regioni e l'insicurezza alimentare di gran parte della popolazione, soprattutto quella che vive nelle <strong>aree rurali, dove i prezzi delle derrate alimentari sono molto alti e<\/strong> <strong>il 76% dei bambini vive in condizione di povert\u00e0<\/strong>.<\/p>[caption id=\"attachment_6511\" align=\"alignnone\" width=\"1024\"]<img class=\"size-large wp-image-6511\" src=\"https:\/\/terredeshommes.it\/eng\/wp-content\/uploads\/Drought-in-the-rain-season-A-Climate-change-issue-Stefano-Stranges-54-Medium-1024x683.jpg\" alt=\"(c)Stefano Stranges\" width=\"1024\" height=\"683\" \/> (c)Stefano Stranges[\/caption]<p>Nella provincia di Masvingo, <strong>la comunit\u00e0 di Mubagwashe deve affrontare da molto tempo i problemi idrici causati dalla desertificazione<\/strong>, soprattutto per l'agricoltura e l\u2019allevamento del bestiame.<\/p><ul><li>I pi\u00f9 vicini abbeveratoi si sono ormai prosciugati <strong>costringendo gli abitanti del villaggio a camminare per pi\u00f9 di 7 km<\/strong> fino al punto d'acqua pi\u00f9 vicino per il loro bestiame.<\/li><li>Questa situazione fa s\u00ec che <strong>alcune famiglie non siano nemmeno in grado di avere piccoli orti<\/strong>\u00a0per il consumo familiare a causa della scarsit\u00e0 d'acqua.<\/li><li>I ragazzi e <strong>le ragazze della comunit\u00e0 non hanno pi\u00f9 tempo per lo studio<\/strong>, le attivit\u00e0 sociali o semplicemente per riposare, dato che devono percorrere lunghe distanze a piedi per portare l'acqua a casa<\/li><li>Tutta <strong>la comunit\u00e0 \u00e8 pi\u00f9 esposta alle<\/strong> <strong>malattie causate dalla scarsit\u00e0 di acqua sicura e igiene personale<\/strong> (colera, dissenteria, dermatosi, ecc.) e alla denutrizione.<\/li><\/ul><p>In passato <strong>la comunit\u00e0 aveva cercato di trovare il modo per mitigare alcune di queste sfide, ma senza molto successo, a causa delle sue limitate conoscenze tecniche e risorse finanziarie<\/strong>. Nella zona si trovano ormai molte cisterne e pozzi fatiscenti e abbandonati e il terreno \u00e8 degradato dalla desertificazione.<\/p><p>Tuttavia, con l'arrivo del progetto <strong>Seeds for the future - <em>Sustainable Agriculture for the Resilience of Rural Communities<\/em><\/strong> (SEFF) i problemi di scarsit\u00e0 d'acqua a Mubagawshe potranno essere mitigati grazie ad alcuni interventi, come la <strong>costruzione di piccole dighe di sbarramento<\/strong> di alcuni corsi d\u2019acqua a regime torrentizio e l\u2019impianto di <strong>sistemi avanzati d\u2019irrigazione<\/strong> per le colture che permettono di non sprecare l\u2019acqua.<\/p><p><img class=\"alignnone size-large wp-image-6512\" src=\"https:\/\/terredeshommes.it\/eng\/wp-content\/uploads\/Weir-Dam-Picture-2-1024x768.jpg\" alt=\"\" width=\"1024\" height=\"768\" \/><\/p><p>Con il progetto SEFF Terre des Hommes Italia ha lavorato a stretto contatto con il governo dello Zimbabwe e la comunit\u00e0 di Mubagawshe. <strong>La costruzione della diga di sbarramento \u00e8 nella fase finale<\/strong> di scavo del nucleo, grazie alla collaborazione dei membri della comunit\u00e0 che forniscono la manodopera. Per <strong>Pearson Chinuwe<\/strong>, la diga li aiuter\u00e0 anche a migliorare la loro qualit\u00e0 di vita potendo intraprendere alcune attivit\u00e0 generatrici di reddito.<\/p>[caption id=\"attachment_6513\" align=\"alignnone\" width=\"1024\"]<img class=\"wp-image-6513 size-large\" src=\"https:\/\/terredeshommes.it\/eng\/wp-content\/uploads\/Pearson-Chinuwe-1024x768.jpg\" alt=\"\" width=\"1024\" height=\"768\" \/> Pearson Chinuwe[\/caption]<p>\"<em><strong>La diga ci aiuter\u00e0 a trasformare la nostra vita<\/strong>, perch\u00e9 in passato abbiamo davvero faticato a procurarci l'acqua. Quando la diga sar\u00e0 completata potremo anche avventurarci nell'allevamento del pesce e sostenere le nostre famiglie. <strong>Il nostro bestiame potr\u00e0 abbeverarsi pi\u00f9 facilmente e l'acqua sar\u00e0 pi\u00f9 vicina alle nostre case<\/strong><\/em>\".<\/p><p>Come strategia per far fronte agli shock climatici e migliorare i mezzi di sostentamento della comunit\u00e0, <strong>Terre des Hommes Italia<\/strong> nell\u2019ambito del progetto SEFF <strong>ha anche realizzato un orto comunitario a 100 metri dalla diga<\/strong>.<\/p><p>\"<i>Grazie a questo orto speriamo di essere in grado di <\/i><i>guadagnare<\/i><i> denaro per il mantenimento delle nostre famiglie. <strong>Saremo in grado di pagare le tasse scolastiche per i nostri figli<\/strong>. In futuro <strong>vorremmo piantare pomodori, ortaggi, patate dolci e patate<\/strong> per poter rifornire i grandi mercati di Harare<\/i>\", dice Patrick Chimasha, un altro membro della comunit\u00e0 di Mubagwashe.<\/p>[caption id=\"attachment_6517\" align=\"alignnone\" width=\"1024\"]<img class=\"size-large wp-image-6517\" src=\"https:\/\/terredeshommes.it\/eng\/wp-content\/uploads\/Patrick-Chimasha-1024x768.jpg\" alt=\"\" width=\"1024\" height=\"768\" \/> Patrick Chimasha[\/caption]<p>Il progetto SEFF, di durata triennale, \u00e8 ora al suo secondo anno e viene attuato in circoscrizioni selezionate dei distretti di Chiredzi, Masvingo Rural e Mwenezi, con un <strong>obiettivo di beneficiare direttamente 5.920 persone<\/strong> con:<\/p><p>- iniziative di <strong>agroecologia comunitaria per la selezione di sementi tradizionali<\/strong> della comunit\u00e0, la loro conservazione, moltiplicazione e uso<\/p><p>- costruzione di <strong>sbarramenti di corsi d\u2019acqua e di pozzi ad energia solare<\/strong><\/p><p>- creazione di <strong>sistemi di microirrigazione<\/strong> per l'alimentazione e la generazione di reddito per le famiglie e le scuole<\/p><p>- realizzazione di <strong>3 orti comunitari e 6 orti nutrizionali<\/strong> a Chiredzi, Mwenezi e Masvingo Rural <strong>per diversificare la dieta e combattere la malnutrizione<\/strong><\/p><p>- incremento della <strong>produzione di colture di alto valore<\/strong> come quella della paprika, che viene anche seccata e imballata per poter essere venduta nelle citt\u00e0 e relativa formazione degli agricoltori.<\/p><p><img class=\"alignnone size-full wp-image-6514\" src=\"https:\/\/terredeshommes.it\/eng\/wp-content\/uploads\/paprika.jpeg\" alt=\"\" width=\"1000\" height=\"750\" \/><\/p><p>Il progetto SEEF contro la desertificazione \u00e8 finanziato con 3,7 milioni di euro dall'<a href=\"https:\/\/www.aics.gov.it\/\" target=\"_blank\" rel=\"noopener\">Agenzia Italiana per la Cooperazione allo Sviluppo<\/a> e attuato da <a href=\"https:\/\/terredeshommes.it\/eng\/progetti\/zimbabwe\/\" target=\"_blank\" rel=\"noopener\">Terre des Hommes Italia<\/a> insieme a <a href=\"https:\/\/www.cospe.org\/\" target=\"_blank\" rel=\"noopener\">COSPE<\/a>, Sustainable Agriculture Technology Zimbabwe, CTDO e Women & Land in Zimbabwe, <a href=\"https:\/\/rsr.bio\/\" target=\"_blank\" rel=\"noopener\">Rete Semi Rurali<\/a> e l\u2019Ambasciata d'Italia ad Harare.<\/p>","_et_gb_content_width":"","footnotes":""},"categories":[16],"tags":[],"class_list":["post-6536","post","type-post","status-publish","format-standard","has-post-thumbnail","hentry","category-comunicati"],"yoast_head":"<!-- This site is optimized with the Yoast SEO plugin v21.1 - https:\/\/yoast.com\/wordpress\/plugins\/seo\/ -->\n<title>La campagna Invisibile agli occhi approda negli USA - Terre des Hommes Italia<\/title>\n<meta name=\"description\" content=\"Il 14 giugno presso l&#039;Istituto Italiano di Cultura di New York sar\u00e0 presentata la campagna di informazione e sensibilizzazione contro la violenza sui minori\" \/>\n<meta name=\"robots\" content=\"index, follow, max-snippet:-1, max-image-preview:large, max-video-preview:-1\" \/>\n<link rel=\"canonical\" href=\"https:\/\/terredeshommes.it\/eng\/comunicati\/la-campagna-invisibile-agli-occhi-approda-negli-usa\/\" \/>\n<meta property=\"og:locale\" content=\"en_US\" \/>\n<meta property=\"og:type\" content=\"article\" \/>\n<meta property=\"og:title\" content=\"La campagna Invisibile agli occhi approda negli USA - Terre des Hommes Italia\" \/>\n<meta property=\"og:description\" content=\"Il 14 giugno presso l&#039;Istituto Italiano di Cultura di New York sar\u00e0 presentata la campagna di informazione e sensibilizzazione contro la violenza sui minori\" \/>\n<meta property=\"og:url\" content=\"https:\/\/terredeshommes.it\/eng\/comunicati\/la-campagna-invisibile-agli-occhi-approda-negli-usa\/\" \/>\n<meta property=\"og:site_name\" content=\"Terre des Hommes Italia\" \/>\n<meta property=\"article:published_time\" content=\"2023-06-13T14:22:47+00:00\" \/>\n<meta property=\"og:image\" content=\"https:\/\/terredeshommes.it\/eng\/wp-content\/uploads\/FOTO-campagna-Invisibile-agli-occhi.jpg\" \/>\n\t<meta property=\"og:image:width\" content=\"1920\" \/>\n\t<meta property=\"og:image:height\" content=\"1092\" \/>\n\t<meta property=\"og:image:type\" content=\"image\/jpeg\" \/>\n<meta name=\"author\" content=\"Anna Bianchi\" \/>\n<meta name=\"twitter:card\" content=\"summary_large_image\" \/>\n<meta name=\"twitter:label1\" content=\"Written by\" \/>\n\t<meta name=\"twitter:data1\" content=\"Anna Bianchi\" \/>\n\t<meta name=\"twitter:label2\" content=\"Est. reading time\" \/>\n\t<meta name=\"twitter:data2\" content=\"6 minutes\" \/>\n<script type=\"application\/ld+json\" class=\"yoast-schema-graph\">{\"@context\":\"https:\/\/schema.org\",\"@graph\":[{\"@type\":\"WebPage\",\"@id\":\"https:\/\/terredeshommes.it\/eng\/comunicati\/la-campagna-invisibile-agli-occhi-approda-negli-usa\/\",\"url\":\"https:\/\/terredeshommes.it\/eng\/comunicati\/la-campagna-invisibile-agli-occhi-approda-negli-usa\/\",\"name\":\"La campagna Invisibile agli occhi approda negli USA - Terre des Hommes Italia\",\"isPartOf\":{\"@id\":\"https:\/\/terredeshommes.it\/eng\/#website\"},\"datePublished\":\"2023-06-13T14:22:47+00:00\",\"dateModified\":\"2023-06-13T14:22:47+00:00\",\"author\":{\"@id\":\"https:\/\/terredeshommes.it\/eng\/#\/schema\/person\/dbba823406adc60a974a3434150e38d5\"},\"description\":\"Il 14 giugno presso l'Istituto Italiano di Cultura di New York sar\u00e0 presentata la campagna di informazione e sensibilizzazione contro la violenza sui minori\",\"breadcrumb\":{\"@id\":\"https:\/\/terredeshommes.it\/eng\/comunicati\/la-campagna-invisibile-agli-occhi-approda-negli-usa\/#breadcrumb\"},\"inLanguage\":\"en-US\",\"potentialAction\":[{\"@type\":\"ReadAction\",\"target\":[\"https:\/\/terredeshommes.it\/eng\/comunicati\/la-campagna-invisibile-agli-occhi-approda-negli-usa\/\"]}]},{\"@type\":\"BreadcrumbList\",\"@id\":\"https:\/\/terredeshommes.it\/eng\/comunicati\/la-campagna-invisibile-agli-occhi-approda-negli-usa\/#breadcrumb\",\"itemListElement\":[{\"@type\":\"ListItem\",\"position\":1,\"name\":\"Home\",\"item\":\"https:\/\/terredeshommes.it\/eng\/\"},{\"@type\":\"ListItem\",\"position\":2,\"name\":\"La campagna Invisibile agli occhi approda negli USA\"}]},{\"@type\":\"WebSite\",\"@id\":\"https:\/\/terredeshommes.it\/eng\/#website\",\"url\":\"https:\/\/terredeshommes.it\/eng\/\",\"name\":\"Terre des Hommes Italia\",\"description\":\"Proteggiamo i bambini insieme\",\"potentialAction\":[{\"@type\":\"SearchAction\",\"target\":{\"@type\":\"EntryPoint\",\"urlTemplate\":\"https:\/\/terredeshommes.it\/eng\/?s={search_term_string}\"},\"query-input\":\"required name=search_term_string\"}],\"inLanguage\":\"en-US\"},{\"@type\":\"Person\",\"@id\":\"https:\/\/terredeshommes.it\/eng\/#\/schema\/person\/dbba823406adc60a974a3434150e38d5\",\"name\":\"Anna Bianchi\",\"url\":\"https:\/\/terredeshommes.it\/eng\/author\/a-bianchitdhitaly-org\/\"}]}<\/script>\n<!-- \/ Yoast SEO plugin. -->","yoast_head_json":{"title":"La campagna Invisibile agli occhi approda negli USA - Terre des Hommes Italia","description":"Il 14 giugno presso l'Istituto Italiano di Cultura di New York sar\u00e0 presentata la campagna di informazione e sensibilizzazione contro la violenza sui minori","robots":{"index":"index","follow":"follow","max-snippet":"max-snippet:-1","max-image-preview":"max-image-preview:large","max-video-preview":"max-video-preview:-1"},"canonical":"https:\/\/terredeshommes.it\/eng\/comunicati\/la-campagna-invisibile-agli-occhi-approda-negli-usa\/","og_locale":"en_US","og_type":"article","og_title":"La campagna Invisibile agli occhi approda negli USA - Terre des Hommes Italia","og_description":"Il 14 giugno presso l'Istituto Italiano di Cultura di New York sar\u00e0 presentata la campagna di informazione e sensibilizzazione contro la violenza sui minori","og_url":"https:\/\/terredeshommes.it\/eng\/comunicati\/la-campagna-invisibile-agli-occhi-approda-negli-usa\/","og_site_name":"Terre des Hommes Italia","article_published_time":"2023-06-13T14:22:47+00:00","og_image":[{"width":1920,"height":1092,"url":"https:\/\/terredeshommes.it\/eng\/wp-content\/uploads\/FOTO-campagna-Invisibile-agli-occhi.jpg","type":"image\/jpeg"}],"author":"Anna Bianchi","twitter_card":"summary_large_image","twitter_misc":{"Written by":"Anna Bianchi","Est. reading time":"6 minutes"},"schema":{"@context":"https:\/\/schema.org","@graph":[{"@type":"WebPage","@id":"https:\/\/terredeshommes.it\/eng\/comunicati\/la-campagna-invisibile-agli-occhi-approda-negli-usa\/","url":"https:\/\/terredeshommes.it\/eng\/comunicati\/la-campagna-invisibile-agli-occhi-approda-negli-usa\/","name":"La campagna Invisibile agli occhi approda negli USA - Terre des Hommes Italia","isPartOf":{"@id":"https:\/\/terredeshommes.it\/eng\/#website"},"datePublished":"2023-06-13T14:22:47+00:00","dateModified":"2023-06-13T14:22:47+00:00","author":{"@id":"https:\/\/terredeshommes.it\/eng\/#\/schema\/person\/dbba823406adc60a974a3434150e38d5"},"description":"Il 14 giugno presso l'Istituto Italiano di Cultura di New York sar\u00e0 presentata la campagna di informazione e sensibilizzazione contro la violenza sui minori","breadcrumb":{"@id":"https:\/\/terredeshommes.it\/eng\/comunicati\/la-campagna-invisibile-agli-occhi-approda-negli-usa\/#breadcrumb"},"inLanguage":"en-US","potentialAction":[{"@type":"ReadAction","target":["https:\/\/terredeshommes.it\/eng\/comunicati\/la-campagna-invisibile-agli-occhi-approda-negli-usa\/"]}]},{"@type":"BreadcrumbList","@id":"https:\/\/terredeshommes.it\/eng\/comunicati\/la-campagna-invisibile-agli-occhi-approda-negli-usa\/#breadcrumb","itemListElement":[{"@type":"ListItem","position":1,"name":"Home","item":"https:\/\/terredeshommes.it\/eng\/"},{"@type":"ListItem","position":2,"name":"La campagna Invisibile agli occhi approda negli USA"}]},{"@type":"WebSite","@id":"https:\/\/terredeshommes.it\/eng\/#website","url":"https:\/\/terredeshommes.it\/eng\/","name":"Terre des Hommes Italia","description":"Proteggiamo i bambini insieme","potentialAction":[{"@type":"SearchAction","target":{"@type":"EntryPoint","urlTemplate":"https:\/\/terredeshommes.it\/eng\/?s={search_term_string}"},"query-input":"required name=search_term_string"}],"inLanguage":"en-US"},{"@type":"Person","@id":"https:\/\/terredeshommes.it\/eng\/#\/schema\/person\/dbba823406adc60a974a3434150e38d5","name":"Anna Bianchi","url":"https:\/\/terredeshommes.it\/eng\/author\/a-bianchitdhitaly-org\/"}]}},"_links":{"self":[{"href":"https:\/\/terredeshommes.it\/eng\/wp-json\/wp\/v2\/posts\/6536","targetHints":{"allow":["GET"]}}],"collection":[{"href":"https:\/\/terredeshommes.it\/eng\/wp-json\/wp\/v2\/posts"}],"about":[{"href":"https:\/\/terredeshommes.it\/eng\/wp-json\/wp\/v2\/types\/post"}],"author":[{"embeddable":true,"href":"https:\/\/terredeshommes.it\/eng\/wp-json\/wp\/v2\/users\/6"}],"replies":[{"embeddable":true,"href":"https:\/\/terredeshommes.it\/eng\/wp-json\/wp\/v2\/comments?post=6536"}],"version-history":[{"count":5,"href":"https:\/\/terredeshommes.it\/eng\/wp-json\/wp\/v2\/posts\/6536\/revisions"}],"predecessor-version":[{"id":6544,"href":"https:\/\/terredeshommes.it\/eng\/wp-json\/wp\/v2\/posts\/6536\/revisions\/6544"}],"wp:featuredmedia":[{"embeddable":true,"href":"https:\/\/terredeshommes.it\/eng\/wp-json\/wp\/v2\/media\/6539"}],"wp:attachment":[{"href":"https:\/\/terredeshommes.it\/eng\/wp-json\/wp\/v2\/media?parent=6536"}],"wp:term":[{"taxonomy":"category","embeddable":true,"href":"https:\/\/terredeshommes.it\/eng\/wp-json\/wp\/v2\/categories?post=6536"},{"taxonomy":"post_tag","embeddable":true,"href":"https:\/\/terredeshommes.it\/eng\/wp-json\/wp\/v2\/tags?post=6536"}],"curies":[{"name":"wp","href":"https:\/\/api.w.org\/{rel}","templated":true}]}}